{"id":281,"date":"2024-03-08T07:43:26","date_gmt":"2024-03-08T06:43:26","guid":{"rendered":"http:\/\/preprodblog.interflora.se\/blog\/?p=281"},"modified":"2025-03-28T12:58:43","modified_gmt":"2025-03-28T11:58:43","slug":"internationella-kvinnodagen-2024","status":"publish","type":"post","link":"https:\/\/www.interflora.se\/inspiration\/internationella-kvinnodagen-2024\/","title":{"rendered":"Internationella kvinnodagen den 8 mars 2024"},"content":{"rendered":"\n<h1 class=\"wp-block-heading\">Kvinnodagen till st\u00f6d f\u00f6r mammor i n\u00f6d<\/h1>\n\n\n\n<p>P\u00e5 Internationella kvinnodagen den 8 mars vill vi rikta ljuset mot blivande och nyblivna mammors utsatta situation i krigsdrabbade omr\u00e5den genom en blomstermanifestation till st\u00f6d f\u00f6r L\u00e4kare Utan Gr\u00e4nser.&nbsp;V\u00e5ra venussymboler blomstrar f\u00f6r dem och alla kvinnor i behov av humanit\u00e4r hj\u00e4lp.&nbsp;<\/p>\n\n\n\n<h1 class=\"wp-block-heading\">Blomstrande kvinnosymboler runt om i landet<\/h1>\n\n\n\n<figure class=\"wp-block-image\"><img decoding=\"async\" src=\"https:\/\/www.interflora.se\/inspiration\/wp-content\/uploads\/2025\/03\/flower-house-bastad_webb.jpg\" alt=\"Flower-house-B\u00e5stad_webb.jpg\"\/><\/figure>\n\n\n\n<p>Flower house, B\u00e5stad<\/p>\n\n\n\n<figure class=\"wp-block-image\"><img decoding=\"async\" src=\"https:\/\/www.interflora.se\/inspiration\/wp-content\/uploads\/2025\/03\/blommor-bland-annat-monsteras_webb.jpg\" alt=\"Blommor-bland-annat-M\u00f6nster\u00e5s_webb.jpg\"\/><\/figure>\n\n\n\n<p>Blommor bland annat, M\u00f6nster\u00e5s<\/p>\n\n\n\n<figure class=\"wp-block-image\"><img decoding=\"async\" src=\"https:\/\/www.interflora.se\/inspiration\/wp-content\/uploads\/2025\/03\/varvsgatan-blomsterhandel-kristinehamn.jpg\" alt=\"Varvsgatan Blomsterhandel, Kristinehamn.jpg\"\/><\/figure>\n\n\n\n<p>Varvsgatan Blomsterhandel, Kristinehamn<\/p>\n\n\n\n<figure class=\"wp-block-image\"><img decoding=\"async\" src=\"https:\/\/www.interflora.se\/inspiration\/wp-content\/uploads\/2025\/03\/hjo-blomster.jpg\" alt=\"Hjo blomster.jpg\"\/><\/figure>\n\n\n\n<p>Hjo Blomster, Hjo<\/p>\n\n\n\n<figure class=\"wp-block-image\"><img decoding=\"async\" src=\"https:\/\/www.interflora.se\/inspiration\/wp-content\/uploads\/2025\/03\/kompassrosen-grebbestad_webb.jpg\" alt=\"KompassRosen-Grebbestad_webb.jpg\"\/><\/figure>\n\n\n\n<p>KompassRosen, Grebbestd<\/p>\n\n\n\n<figure class=\"wp-block-image\"><img decoding=\"async\" src=\"https:\/\/www.interflora.se\/inspiration\/wp-content\/uploads\/2025\/03\/blaklinten-norrkoping-webb.jpg\" alt=\"Bl\u00e5klinten-Norrk\u00f6ping--webb.jpg\"\/><\/figure>\n\n\n\n<p>Bl\u00e5klinten, Norrk\u00f6ping<\/p>\n\n\n\n<figure class=\"wp-block-image\"><img decoding=\"async\" src=\"https:\/\/www.interflora.se\/inspiration\/wp-content\/uploads\/2025\/03\/biblioteksgatans-blommor-ostersund-webb.jpg\" alt=\"_Biblioteksgatans-blommor-\u00d6stersund-webb.jpg\"\/><\/figure>\n\n\n\n<p>Biblioteksgatans blommor, \u00d6stersund<\/p>\n\n\n\n<figure class=\"wp-block-image\"><img decoding=\"async\" src=\"https:\/\/www.interflora.se\/inspiration\/wp-content\/uploads\/2025\/03\/rutbo-handelstradgard2-avesta_webb.jpg\" alt=\"Rutbo-Handelstr\u00e4dg\u00e5rd2-Avesta_webb.jpg\"\/><\/figure>\n\n\n\n<p>Rutbo Handelstr\u00e4dg\u00e5rd, Avesta<\/p>\n\n\n\n<figure class=\"wp-block-image\"><img decoding=\"async\" src=\"https:\/\/www.interflora.se\/inspiration\/wp-content\/uploads\/2025\/03\/bloms-blommor-sollentuna_webb.jpg\" alt=\"Bloms-Blommor-Sollentuna_webb.jpg\"\/><\/figure>\n\n\n\n<p>Bloms Blommor, Sollentuna<\/p>\n\n\n\n<figure class=\"wp-block-image\"><img decoding=\"async\" src=\"https:\/\/www.interflora.se\/inspiration\/wp-content\/uploads\/2025\/03\/soders-blommor-vaxjo_webb.jpg\" alt=\"S\u00f6ders-Blommor-V\u00e4xj\u00f6_webb.jpg\"\/><\/figure>\n\n\n\n<p>S\u00f6ders Blommor, V\u00e4xj\u00f6<\/p>\n\n\n\n<figure class=\"wp-block-image\"><img decoding=\"async\" src=\"https:\/\/www.interflora.se\/inspiration\/wp-content\/uploads\/2025\/03\/asplunds-blomsterhandel-enkoping-webb.jpg\" alt=\"Asplunds-Blomsterhandel-Enk\u00f6ping-webb.jpg\"\/><\/figure>\n\n\n\n<p>Asplunds Blomsterhandel Enk\u00f6ping<\/p>\n\n\n\n<figure class=\"wp-block-image\"><img decoding=\"async\" src=\"https:\/\/www.interflora.se\/inspiration\/wp-content\/uploads\/2025\/03\/gretas-blommor-vetlanda-webb.jpg\" alt=\"Gretas-Blommor-vetlanda-webb.jpg\"\/><\/figure>\n\n\n\n<p>Gretas Blomsterhandel, Vetlanda<\/p>\n\n\n\n<figure class=\"wp-block-image\"><img decoding=\"async\" src=\"https:\/\/www.interflora.se\/inspiration\/wp-content\/uploads\/2025\/03\/maritas-blomstergladje-i-hoganas-webb.jpg\" alt=\"Maritas-Blomstergl\u00e4dje-i-H\u00f6gan\u00e4s-webb.jpg\"\/><\/figure>\n\n\n\n<p>Maritas Blomstergl\u00e4dje H\u00f6gan\u00e4s<\/p>\n\n\n\n<figure class=\"wp-block-image\"><img decoding=\"async\" src=\"https:\/\/www.interflora.se\/inspiration\/wp-content\/uploads\/2025\/03\/flora-by-m-varnamo.jpg\" alt=\"Flora by M V\u00e4rnamo.jpg\"\/><\/figure>\n\n\n\n<p>Flora by M V\u00e4rnamo<\/p>\n\n\n\n<figure class=\"wp-block-image\"><img decoding=\"async\" src=\"https:\/\/www.interflora.se\/inspiration\/wp-content\/uploads\/2025\/03\/dahlia-blommor-farila_webb.jpg\" alt=\"Dahlia-Blommor-F\u00e4rila_webb.jpg\"\/><\/figure>\n\n\n\n<p>Dahlia Blommor, F\u00e4rila<\/p>\n\n\n\n<figure class=\"wp-block-image\"><img decoding=\"async\" src=\"https:\/\/www.interflora.se\/inspiration\/wp-content\/uploads\/2025\/03\/greenroom-blommor-design-vasteras-webb.jpg\" alt=\"Greenroom-Blommor-&amp;-Design-V\u00e4ster\u00e5s-webb.jpg\"\/><\/figure>\n\n\n\n<p>Greenroom Blommor &amp; Design, V\u00e4ster\u00e5s<\/p>\n\n\n\n<figure class=\"wp-block-image\"><img decoding=\"async\" src=\"https:\/\/www.interflora.se\/inspiration\/wp-content\/uploads\/2025\/03\/ringblomman-flen-webb.jpg\" alt=\"Ringblomman-Flen-webb.jpg\"\/><\/figure>\n\n\n\n<p>Ringblomman Flen<\/p>\n\n\n\n<figure class=\"wp-block-image\"><img decoding=\"async\" src=\"https:\/\/www.interflora.se\/inspiration\/wp-content\/uploads\/2025\/03\/elins-blomstergladje-ystad-webb.jpg\" alt=\"Elins-Blomstergl\u00e4dje-Ystad-webb.jpg\"\/><\/figure>\n\n\n\n<p>Elins Blomstergl\u00e4dje, Ystad<\/p>\n\n\n\n<figure class=\"wp-block-image\"><img decoding=\"async\" src=\"https:\/\/www.interflora.se\/inspiration\/wp-content\/uploads\/2025\/03\/interflora-gullvivan-orebro-webb.jpg\" alt=\"Interflora-Gullvivan-\u00d6rebro-webb.jpg\"\/><\/figure>\n\n\n\n<p>Interflora Gullvivan, \u00d6rebro<\/p>\n\n\n\n<figure class=\"wp-block-image\"><img decoding=\"async\" src=\"https:\/\/www.interflora.se\/inspiration\/wp-content\/uploads\/2025\/03\/interflora-blomsterriket-goteborg-webb.jpg\" alt=\"Interflora-Blomsterriket G\u00f6teborg-webb.jpg\"\/><\/figure>\n\n\n\n<p>Interflora Blomsterriket, G\u00f6teborg<\/p>\n\n\n\n<figure class=\"wp-block-image\"><img decoding=\"async\" src=\"https:\/\/www.interflora.se\/inspiration\/wp-content\/uploads\/2025\/03\/karlskronafloristerna-webb.jpg\" alt=\"Karlskronafloristerna-webb.jpg\"\/><\/figure>\n\n\n\n<p>Karlskronafloristerna, Karlskrona<\/p>\n\n\n\n<figure class=\"wp-block-image\"><img decoding=\"async\" src=\"https:\/\/www.interflora.se\/inspiration\/wp-content\/uploads\/2025\/03\/amaryllis-vasteras-webb.jpg\" alt=\"Amaryllis-V\u00e4ster\u00e5s-webb.jpg\"\/><\/figure>\n\n\n\n<p>Amaryllis, V\u00e4ster\u00e5s<\/p>\n","protected":false},"excerpt":{"rendered":"<p>Kvinnodagen till st\u00f6d f\u00f6r mammor i n\u00f6d P\u00e5 Internationella kvinnodagen den 8 mars vill vi rikta ljuset mot blivande och [&hellip;]<\/p>\n","protected":false},"author":1,"featured_media":2466,"comment_status":"open","ping_status":"open","sticky":false,"template":"","format":"standard","meta":{"_uag_custom_page_level_css":"","site-sidebar-layout":"default","site-content-layout":"","ast-site-content-layout":"default","site-content-style":"default","site-sidebar-style":"default","ast-global-header-display":"","ast-banner-title-visibility":"","ast-main-header-display":"","ast-hfb-above-header-display":"","ast-hfb-below-header-display":"","ast-hfb-mobile-header-display":"","site-post-title":"","ast-breadcrumbs-content":"","ast-featured-img":"","footer-sml-layout":"","ast-disable-related-posts":"","theme-transparent-header-meta":"","adv-header-id-meta":"","stick-header-meta":"","header-above-stick-meta":"","header-main-stick-meta":"","header-below-stick-meta":"","astra-migrate-meta-layouts":"default","ast-page-background-enabled":"default","ast-page-background-meta":{"desktop":{"background-color":"var(--ast-global-color-5)","background-image":"","background-repeat":"repeat","background-position":"center center","background-size":"auto","background-attachment":"scroll","background-type":"","background-media":"","overlay-type":"","overlay-color":"","overlay-opacity":"","overlay-gradient":""},"tablet":{"background-color":"","background-image":"","background-repeat":"repeat","background-position":"center center","background-size":"auto","background-attachment":"scroll","background-type":"","background-media":"","overlay-type":"","overlay-color":"","overlay-opacity":"","overlay-gradient":""},"mobile":{"background-color":"","background-image":"","background-repeat":"repeat","background-position":"center center","background-size":"auto","background-attachment":"scroll","background-type":"","background-media":"","overlay-type":"","overlay-color":"","overlay-opacity":"","overlay-gradient":""}},"ast-content-background-meta":{"desktop":{"background-color":"var(--ast-global-color-4)","background-image":"","background-repeat":"repeat","background-position":"center center","background-size":"auto","background-attachment":"scroll","background-type":"","background-media":"","overlay-type":"","overlay-color":"","overlay-opacity":"","overlay-gradient":""},"tablet":{"background-color":"var(--ast-global-color-4)","background-image":"","background-repeat":"repeat","background-position":"center center","background-size":"auto","background-attachment":"scroll","background-type":"","background-media":"","overlay-type":"","overlay-color":"","overlay-opacity":"","overlay-gradient":""},"mobile":{"background-color":"var(--ast-global-color-4)","background-image":"","background-repeat":"repeat","background-position":"center center","background-size":"auto","background-attachment":"scroll","background-type":"","background-media":"","overlay-type":"","overlay-color":"","overlay-opacity":"","overlay-gradient":""}},"footnotes":""},"categories":[9],"tags":[],"class_list":["post-281","post","type-post","status-publish","format-standard","has-post-thumbnail","hentry","category-senaste-nytt"],"yoast_head":"<!-- This site is optimized with the Yoast SEO plugin v27.4 - https:\/\/yoast.com\/product\/yoast-seo-wordpress\/ -->\n<title>Internationella kvinnodagen den 8 mars 2024 | Interflora<\/title>\n<meta name=\"robots\" content=\"index, follow, max-snippet:-1, max-image-preview:large, max-video-preview:-1\" \/>\n<link rel=\"canonical\" href=\"https:\/\/www.interflora.se\/inspiration\/internationella-kvinnodagen-2024\/\" \/>\n<meta property=\"og:locale\" content=\"sv_SE\" \/>\n<meta property=\"og:type\" content=\"article\" \/>\n<meta property=\"og:title\" content=\"Internationella kvinnodagen den 8 mars 2024 | Interflora\" \/>\n<meta property=\"og:description\" content=\"Kvinnodagen till st\u00f6d f\u00f6r mammor i n\u00f6d P\u00e5 Internationella kvinnodagen den 8 mars vill vi rikta ljuset mot blivande och [&hellip;]\" \/>\n<meta property=\"og:url\" content=\"https:\/\/www.interflora.se\/inspiration\/internationella-kvinnodagen-2024\/\" \/>\n<meta property=\"og:site_name\" content=\"Inspiration om blommor, krukv\u00e4xter &amp; trender | Interflora\" \/>\n<meta property=\"article:publisher\" content=\"https:\/\/www.facebook.com\/InterfloraAB\" \/>\n<meta property=\"article:published_time\" content=\"2024-03-08T06:43:26+00:00\" \/>\n<meta property=\"article:modified_time\" content=\"2025-03-28T11:58:43+00:00\" \/>\n<meta property=\"og:image\" content=\"https:\/\/www.interflora.se\/inspiration\/wp-content\/uploads\/2025\/03\/interflora-gullvivan-orebro-webb.jpg\" \/>\n\t<meta property=\"og:image:width\" content=\"800\" \/>\n\t<meta property=\"og:image:height\" content=\"1200\" \/>\n\t<meta property=\"og:image:type\" content=\"image\/jpeg\" \/>\n<meta name=\"author\" content=\"admin\" \/>\n<meta name=\"twitter:card\" content=\"summary_large_image\" \/>\n<meta name=\"twitter:label1\" content=\"Skriven av\" \/>\n\t<meta name=\"twitter:data1\" content=\"admin\" \/>\n\t<meta name=\"twitter:label2\" content=\"Ber\u00e4knad l\u00e4stid\" \/>\n\t<meta name=\"twitter:data2\" content=\"1 minut\" \/>\n<script type=\"application\/ld+json\" class=\"yoast-schema-graph\">{\"@context\":\"https:\\\/\\\/schema.org\",\"@graph\":[{\"@type\":\"Article\",\"@id\":\"https:\\\/\\\/www.interflora.se\\\/inspiration\\\/internationella-kvinnodagen-2024\\\/#article\",\"isPartOf\":{\"@id\":\"https:\\\/\\\/www.interflora.se\\\/inspiration\\\/internationella-kvinnodagen-2024\\\/\"},\"author\":{\"name\":\"admin\",\"@id\":\"https:\\\/\\\/www.interflora.se\\\/inspiration\\\/#\\\/schema\\\/person\\\/dbbd1ad45e05409c356dc639597669f2\"},\"headline\":\"Internationella kvinnodagen den 8 mars 2024\",\"datePublished\":\"2024-03-08T06:43:26+00:00\",\"dateModified\":\"2025-03-28T11:58:43+00:00\",\"mainEntityOfPage\":{\"@id\":\"https:\\\/\\\/www.interflora.se\\\/inspiration\\\/internationella-kvinnodagen-2024\\\/\"},\"wordCount\":158,\"commentCount\":0,\"publisher\":{\"@id\":\"https:\\\/\\\/www.interflora.se\\\/inspiration\\\/#organization\"},\"image\":{\"@id\":\"https:\\\/\\\/www.interflora.se\\\/inspiration\\\/internationella-kvinnodagen-2024\\\/#primaryimage\"},\"thumbnailUrl\":\"https:\\\/\\\/www.interflora.se\\\/inspiration\\\/wp-content\\\/uploads\\\/2025\\\/03\\\/interflora-gullvivan-orebro-webb.jpg\",\"articleSection\":[\"Senaste nytt\"],\"inLanguage\":\"sv-SE\",\"potentialAction\":[{\"@type\":\"CommentAction\",\"name\":\"Comment\",\"target\":[\"https:\\\/\\\/www.interflora.se\\\/inspiration\\\/internationella-kvinnodagen-2024\\\/#respond\"]}]},{\"@type\":\"WebPage\",\"@id\":\"https:\\\/\\\/www.interflora.se\\\/inspiration\\\/internationella-kvinnodagen-2024\\\/\",\"url\":\"https:\\\/\\\/www.interflora.se\\\/inspiration\\\/internationella-kvinnodagen-2024\\\/\",\"name\":\"Internationella kvinnodagen den 8 mars 2024 | Interflora\",\"isPartOf\":{\"@id\":\"https:\\\/\\\/www.interflora.se\\\/inspiration\\\/#website\"},\"primaryImageOfPage\":{\"@id\":\"https:\\\/\\\/www.interflora.se\\\/inspiration\\\/internationella-kvinnodagen-2024\\\/#primaryimage\"},\"image\":{\"@id\":\"https:\\\/\\\/www.interflora.se\\\/inspiration\\\/internationella-kvinnodagen-2024\\\/#primaryimage\"},\"thumbnailUrl\":\"https:\\\/\\\/www.interflora.se\\\/inspiration\\\/wp-content\\\/uploads\\\/2025\\\/03\\\/interflora-gullvivan-orebro-webb.jpg\",\"datePublished\":\"2024-03-08T06:43:26+00:00\",\"dateModified\":\"2025-03-28T11:58:43+00:00\",\"breadcrumb\":{\"@id\":\"https:\\\/\\\/www.interflora.se\\\/inspiration\\\/internationella-kvinnodagen-2024\\\/#breadcrumb\"},\"inLanguage\":\"sv-SE\",\"potentialAction\":[{\"@type\":\"ReadAction\",\"target\":[\"https:\\\/\\\/www.interflora.se\\\/inspiration\\\/internationella-kvinnodagen-2024\\\/\"]}]},{\"@type\":\"ImageObject\",\"inLanguage\":\"sv-SE\",\"@id\":\"https:\\\/\\\/www.interflora.se\\\/inspiration\\\/internationella-kvinnodagen-2024\\\/#primaryimage\",\"url\":\"https:\\\/\\\/www.interflora.se\\\/inspiration\\\/wp-content\\\/uploads\\\/2025\\\/03\\\/interflora-gullvivan-orebro-webb.jpg\",\"contentUrl\":\"https:\\\/\\\/www.interflora.se\\\/inspiration\\\/wp-content\\\/uploads\\\/2025\\\/03\\\/interflora-gullvivan-orebro-webb.jpg\",\"width\":800,\"height\":1200},{\"@type\":\"BreadcrumbList\",\"@id\":\"https:\\\/\\\/www.interflora.se\\\/inspiration\\\/internationella-kvinnodagen-2024\\\/#breadcrumb\",\"itemListElement\":[{\"@type\":\"ListItem\",\"position\":1,\"name\":\"Home\",\"item\":\"https:\\\/\\\/www.interflora.se\\\/inspiration\\\/\"},{\"@type\":\"ListItem\",\"position\":2,\"name\":\"Internationella kvinnodagen den 8 mars 2024\"}]},{\"@type\":\"WebSite\",\"@id\":\"https:\\\/\\\/www.interflora.se\\\/inspiration\\\/#website\",\"url\":\"https:\\\/\\\/www.interflora.se\\\/inspiration\\\/\",\"name\":\"Interflora\",\"description\":\"\",\"publisher\":{\"@id\":\"https:\\\/\\\/www.interflora.se\\\/inspiration\\\/#organization\"},\"potentialAction\":[{\"@type\":\"SearchAction\",\"target\":{\"@type\":\"EntryPoint\",\"urlTemplate\":\"https:\\\/\\\/www.interflora.se\\\/inspiration\\\/?s={search_term_string}\"},\"query-input\":{\"@type\":\"PropertyValueSpecification\",\"valueRequired\":true,\"valueName\":\"search_term_string\"}}],\"inLanguage\":\"sv-SE\"},{\"@type\":\"Organization\",\"@id\":\"https:\\\/\\\/www.interflora.se\\\/inspiration\\\/#organization\",\"name\":\"Interflora\",\"url\":\"https:\\\/\\\/www.interflora.se\\\/inspiration\\\/\",\"logo\":{\"@type\":\"ImageObject\",\"inLanguage\":\"sv-SE\",\"@id\":\"https:\\\/\\\/www.interflora.se\\\/inspiration\\\/#\\\/schema\\\/logo\\\/image\\\/\",\"url\":\"https:\\\/\\\/www.interflora.se\\\/inspiration\\\/wp-content\\\/uploads\\\/2025\\\/09\\\/cropped-220422_INTERFLORA_Logo_rgb_Half_Top_Circle_Main_Color.avif\",\"contentUrl\":\"https:\\\/\\\/www.interflora.se\\\/inspiration\\\/wp-content\\\/uploads\\\/2025\\\/09\\\/cropped-220422_INTERFLORA_Logo_rgb_Half_Top_Circle_Main_Color.avif\",\"width\":1418,\"height\":662,\"caption\":\"Interflora\"},\"image\":{\"@id\":\"https:\\\/\\\/www.interflora.se\\\/inspiration\\\/#\\\/schema\\\/logo\\\/image\\\/\"},\"sameAs\":[\"https:\\\/\\\/www.facebook.com\\\/InterfloraAB\",\"https:\\\/\\\/www.instagram.com\\\/interflora_ab\\\/\",\"https:\\\/\\\/www.linkedin.com\\\/company\\\/1494362\",\"https:\\\/\\\/www.youtube.com\\\/channel\\\/UCZgDzGWB2VRxaoWFUmXnk1w\"]},{\"@type\":\"Person\",\"@id\":\"https:\\\/\\\/www.interflora.se\\\/inspiration\\\/#\\\/schema\\\/person\\\/dbbd1ad45e05409c356dc639597669f2\",\"name\":\"admin\",\"image\":{\"@type\":\"ImageObject\",\"inLanguage\":\"sv-SE\",\"@id\":\"https:\\\/\\\/www.interflora.se\\\/inspiration\\\/wp-content\\\/litespeed\\\/avatar\\\/1fe3cced9e67df62d0a6f995d75823a5.jpg?ver=1777362393\",\"url\":\"https:\\\/\\\/www.interflora.se\\\/inspiration\\\/wp-content\\\/litespeed\\\/avatar\\\/1fe3cced9e67df62d0a6f995d75823a5.jpg?ver=1777362393\",\"contentUrl\":\"https:\\\/\\\/www.interflora.se\\\/inspiration\\\/wp-content\\\/litespeed\\\/avatar\\\/1fe3cced9e67df62d0a6f995d75823a5.jpg?ver=1777362393\",\"caption\":\"admin\"},\"sameAs\":[\"https:\\\/\\\/www.interflora.se\\\/inspiration\"],\"url\":\"https:\\\/\\\/www.interflora.se\\\/inspiration\\\/author\\\/admin\\\/\"}]}<\/script>\n<!-- \/ Yoast SEO plugin. -->","yoast_head_json":{"title":"Internationella kvinnodagen den 8 mars 2024 | Interflora","robots":{"index":"index","follow":"follow","max-snippet":"max-snippet:-1","max-image-preview":"max-image-preview:large","max-video-preview":"max-video-preview:-1"},"canonical":"https:\/\/www.interflora.se\/inspiration\/internationella-kvinnodagen-2024\/","og_locale":"sv_SE","og_type":"article","og_title":"Internationella kvinnodagen den 8 mars 2024 | Interflora","og_description":"Kvinnodagen till st\u00f6d f\u00f6r mammor i n\u00f6d P\u00e5 Internationella kvinnodagen den 8 mars vill vi rikta ljuset mot blivande och [&hellip;]","og_url":"https:\/\/www.interflora.se\/inspiration\/internationella-kvinnodagen-2024\/","og_site_name":"Inspiration om blommor, krukv\u00e4xter &amp; trender | Interflora","article_publisher":"https:\/\/www.facebook.com\/InterfloraAB","article_published_time":"2024-03-08T06:43:26+00:00","article_modified_time":"2025-03-28T11:58:43+00:00","og_image":[{"width":800,"height":1200,"url":"https:\/\/www.interflora.se\/inspiration\/wp-content\/uploads\/2025\/03\/interflora-gullvivan-orebro-webb.jpg","type":"image\/jpeg"}],"author":"admin","twitter_card":"summary_large_image","twitter_misc":{"Skriven av":"admin","Ber\u00e4knad l\u00e4stid":"1 minut"},"schema":{"@context":"https:\/\/schema.org","@graph":[{"@type":"Article","@id":"https:\/\/www.interflora.se\/inspiration\/internationella-kvinnodagen-2024\/#article","isPartOf":{"@id":"https:\/\/www.interflora.se\/inspiration\/internationella-kvinnodagen-2024\/"},"author":{"name":"admin","@id":"https:\/\/www.interflora.se\/inspiration\/#\/schema\/person\/dbbd1ad45e05409c356dc639597669f2"},"headline":"Internationella kvinnodagen den 8 mars 2024","datePublished":"2024-03-08T06:43:26+00:00","dateModified":"2025-03-28T11:58:43+00:00","mainEntityOfPage":{"@id":"https:\/\/www.interflora.se\/inspiration\/internationella-kvinnodagen-2024\/"},"wordCount":158,"commentCount":0,"publisher":{"@id":"https:\/\/www.interflora.se\/inspiration\/#organization"},"image":{"@id":"https:\/\/www.interflora.se\/inspiration\/internationella-kvinnodagen-2024\/#primaryimage"},"thumbnailUrl":"https:\/\/www.interflora.se\/inspiration\/wp-content\/uploads\/2025\/03\/interflora-gullvivan-orebro-webb.jpg","articleSection":["Senaste nytt"],"inLanguage":"sv-SE","potentialAction":[{"@type":"CommentAction","name":"Comment","target":["https:\/\/www.interflora.se\/inspiration\/internationella-kvinnodagen-2024\/#respond"]}]},{"@type":"WebPage","@id":"https:\/\/www.interflora.se\/inspiration\/internationella-kvinnodagen-2024\/","url":"https:\/\/www.interflora.se\/inspiration\/internationella-kvinnodagen-2024\/","name":"Internationella kvinnodagen den 8 mars 2024 | Interflora","isPartOf":{"@id":"https:\/\/www.interflora.se\/inspiration\/#website"},"primaryImageOfPage":{"@id":"https:\/\/www.interflora.se\/inspiration\/internationella-kvinnodagen-2024\/#primaryimage"},"image":{"@id":"https:\/\/www.interflora.se\/inspiration\/internationella-kvinnodagen-2024\/#primaryimage"},"thumbnailUrl":"https:\/\/www.interflora.se\/inspiration\/wp-content\/uploads\/2025\/03\/interflora-gullvivan-orebro-webb.jpg","datePublished":"2024-03-08T06:43:26+00:00","dateModified":"2025-03-28T11:58:43+00:00","breadcrumb":{"@id":"https:\/\/www.interflora.se\/inspiration\/internationella-kvinnodagen-2024\/#breadcrumb"},"inLanguage":"sv-SE","potentialAction":[{"@type":"ReadAction","target":["https:\/\/www.interflora.se\/inspiration\/internationella-kvinnodagen-2024\/"]}]},{"@type":"ImageObject","inLanguage":"sv-SE","@id":"https:\/\/www.interflora.se\/inspiration\/internationella-kvinnodagen-2024\/#primaryimage","url":"https:\/\/www.interflora.se\/inspiration\/wp-content\/uploads\/2025\/03\/interflora-gullvivan-orebro-webb.jpg","contentUrl":"https:\/\/www.interflora.se\/inspiration\/wp-content\/uploads\/2025\/03\/interflora-gullvivan-orebro-webb.jpg","width":800,"height":1200},{"@type":"BreadcrumbList","@id":"https:\/\/www.interflora.se\/inspiration\/internationella-kvinnodagen-2024\/#breadcrumb","itemListElement":[{"@type":"ListItem","position":1,"name":"Home","item":"https:\/\/www.interflora.se\/inspiration\/"},{"@type":"ListItem","position":2,"name":"Internationella kvinnodagen den 8 mars 2024"}]},{"@type":"WebSite","@id":"https:\/\/www.interflora.se\/inspiration\/#website","url":"https:\/\/www.interflora.se\/inspiration\/","name":"Interflora","description":"","publisher":{"@id":"https:\/\/www.interflora.se\/inspiration\/#organization"},"potentialAction":[{"@type":"SearchAction","target":{"@type":"EntryPoint","urlTemplate":"https:\/\/www.interflora.se\/inspiration\/?s={search_term_string}"},"query-input":{"@type":"PropertyValueSpecification","valueRequired":true,"valueName":"search_term_string"}}],"inLanguage":"sv-SE"},{"@type":"Organization","@id":"https:\/\/www.interflora.se\/inspiration\/#organization","name":"Interflora","url":"https:\/\/www.interflora.se\/inspiration\/","logo":{"@type":"ImageObject","inLanguage":"sv-SE","@id":"https:\/\/www.interflora.se\/inspiration\/#\/schema\/logo\/image\/","url":"https:\/\/www.interflora.se\/inspiration\/wp-content\/uploads\/2025\/09\/cropped-220422_INTERFLORA_Logo_rgb_Half_Top_Circle_Main_Color.avif","contentUrl":"https:\/\/www.interflora.se\/inspiration\/wp-content\/uploads\/2025\/09\/cropped-220422_INTERFLORA_Logo_rgb_Half_Top_Circle_Main_Color.avif","width":1418,"height":662,"caption":"Interflora"},"image":{"@id":"https:\/\/www.interflora.se\/inspiration\/#\/schema\/logo\/image\/"},"sameAs":["https:\/\/www.facebook.com\/InterfloraAB","https:\/\/www.instagram.com\/interflora_ab\/","https:\/\/www.linkedin.com\/company\/1494362","https:\/\/www.youtube.com\/channel\/UCZgDzGWB2VRxaoWFUmXnk1w"]},{"@type":"Person","@id":"https:\/\/www.interflora.se\/inspiration\/#\/schema\/person\/dbbd1ad45e05409c356dc639597669f2","name":"admin","image":{"@type":"ImageObject","inLanguage":"sv-SE","@id":"https:\/\/www.interflora.se\/inspiration\/wp-content\/litespeed\/avatar\/1fe3cced9e67df62d0a6f995d75823a5.jpg?ver=1777362393","url":"https:\/\/www.interflora.se\/inspiration\/wp-content\/litespeed\/avatar\/1fe3cced9e67df62d0a6f995d75823a5.jpg?ver=1777362393","contentUrl":"https:\/\/www.interflora.se\/inspiration\/wp-content\/litespeed\/avatar\/1fe3cced9e67df62d0a6f995d75823a5.jpg?ver=1777362393","caption":"admin"},"sameAs":["https:\/\/www.interflora.se\/inspiration"],"url":"https:\/\/www.interflora.se\/inspiration\/author\/admin\/"}]}},"uagb_featured_image_src":{"full":["https:\/\/www.interflora.se\/inspiration\/wp-content\/uploads\/2025\/03\/interflora-gullvivan-orebro-webb.jpg",800,1200,false],"thumbnail":["https:\/\/www.interflora.se\/inspiration\/wp-content\/uploads\/2025\/03\/interflora-gullvivan-orebro-webb-150x150.jpg",150,150,true],"medium":["https:\/\/www.interflora.se\/inspiration\/wp-content\/uploads\/2025\/03\/interflora-gullvivan-orebro-webb-200x300.jpg",200,300,true],"medium_large":["https:\/\/www.interflora.se\/inspiration\/wp-content\/uploads\/2025\/03\/interflora-gullvivan-orebro-webb-768x1152.jpg",768,1152,true],"large":["https:\/\/www.interflora.se\/inspiration\/wp-content\/uploads\/2025\/03\/interflora-gullvivan-orebro-webb-683x1024.jpg",683,1024,true],"1536x1536":["https:\/\/www.interflora.se\/inspiration\/wp-content\/uploads\/2025\/03\/interflora-gullvivan-orebro-webb.jpg",800,1200,false],"2048x2048":["https:\/\/www.interflora.se\/inspiration\/wp-content\/uploads\/2025\/03\/interflora-gullvivan-orebro-webb.jpg",800,1200,false]},"uagb_author_info":{"display_name":"admin","author_link":"https:\/\/www.interflora.se\/inspiration\/author\/admin\/"},"uagb_comment_info":0,"uagb_excerpt":"Kvinnodagen till st\u00f6d f\u00f6r mammor i n\u00f6d P\u00e5 Internationella kvinnodagen den 8 mars vill vi rikta ljuset mot blivande och [&hellip;]","_links":{"self":[{"href":"https:\/\/www.interflora.se\/inspiration\/wp-json\/wp\/v2\/posts\/281","targetHints":{"allow":["GET"]}}],"collection":[{"href":"https:\/\/www.interflora.se\/inspiration\/wp-json\/wp\/v2\/posts"}],"about":[{"href":"https:\/\/www.interflora.se\/inspiration\/wp-json\/wp\/v2\/types\/post"}],"author":[{"embeddable":true,"href":"https:\/\/www.interflora.se\/inspiration\/wp-json\/wp\/v2\/users\/1"}],"replies":[{"embeddable":true,"href":"https:\/\/www.interflora.se\/inspiration\/wp-json\/wp\/v2\/comments?post=281"}],"version-history":[{"count":1,"href":"https:\/\/www.interflora.se\/inspiration\/wp-json\/wp\/v2\/posts\/281\/revisions"}],"predecessor-version":[{"id":2470,"href":"https:\/\/www.interflora.se\/inspiration\/wp-json\/wp\/v2\/posts\/281\/revisions\/2470"}],"wp:featuredmedia":[{"embeddable":true,"href":"https:\/\/www.interflora.se\/inspiration\/wp-json\/wp\/v2\/media\/2466"}],"wp:attachment":[{"href":"https:\/\/www.interflora.se\/inspiration\/wp-json\/wp\/v2\/media?parent=281"}],"wp:term":[{"taxonomy":"category","embeddable":true,"href":"https:\/\/www.interflora.se\/inspiration\/wp-json\/wp\/v2\/categories?post=281"},{"taxonomy":"post_tag","embeddable":true,"href":"https:\/\/www.interflora.se\/inspiration\/wp-json\/wp\/v2\/tags?post=281"}],"curies":[{"name":"wp","href":"https:\/\/api.w.org\/{rel}","templated":true}]}}