{"id":280,"date":"2023-03-08T04:27:00","date_gmt":"2023-03-08T03:27:00","guid":{"rendered":"http:\/\/preprodblog.interflora.se\/blog\/?p=280"},"modified":"2025-03-27T14:10:25","modified_gmt":"2025-03-27T13:10:25","slug":"internationella-kvinnodagen-2023","status":"publish","type":"post","link":"https:\/\/www.interflora.se\/inspiration\/internationella-kvinnodagen-2023\/","title":{"rendered":"Internationella kvinnodagen den 8 mars 2023"},"content":{"rendered":"\n<p>F\u00f6r sj\u00e4tte \u00e5ret i rad hyllar vi och ger kvinnan lyskraft i det offentliga rummet. Tillsammans med v\u00e5ra florister smyckar vi alla namngivna kvinnliga statyer i Sverige med blommor p\u00e5 Internationella kvinnodagen den 8 mars.<\/p>\n\n\n\n<h2 class=\"wp-block-heading\">Se hyllningen och alla blomstrande statyer<\/h2>\n\n\n\n<hr class=\"wp-block-separator has-alpha-channel-opacity\"\/>\n\n\n\n<p>Margaretha Krook \u2013 Dramaten, Stockholm<br>Florist: Floristkompaniet. Konstn\u00e4r: Marie-Louise Ekman<\/p>\n\n\n\n<figure class=\"wp-block-image\"><img decoding=\"async\" src=\"https:\/\/www.interflora.se\/inspiration\/wp-content\/uploads\/2025\/03\/margaretha-krook-floristkompaniet-2023.jpg\" alt=\"margaretha-krook-floristkompaniet-2023.jpg\"\/><\/figure>\n\n\n\n<figure class=\"wp-block-image\"><img decoding=\"async\" src=\"https:\/\/www.interflora.se\/inspiration\/wp-content\/uploads\/2025\/03\/margaretha-krook-floristkompaniet-2023-1.jpg\" alt=\"margaretha-krook-floristkompaniet-2023-1.jpg\"\/><\/figure>\n\n\n\n<hr class=\"wp-block-separator has-alpha-channel-opacity\"\/>\n\n\n\n<p>Jenny Lind \u2013 Djurg\u00e5rdsbrunn, Stockholm&nbsp;<br>Florist: Floristkompaniet. Konstn\u00e4r: Erik Rafael-R\u00e5dberg<\/p>\n\n\n\n<figure class=\"wp-block-image\"><img decoding=\"async\" src=\"https:\/\/www.interflora.se\/inspiration\/wp-content\/uploads\/2025\/03\/jenny-lind-floristkompaniet-2023.jpg\" alt=\"jenny-lind-floristkompaniet-2023.jpg\"\/><\/figure>\n\n\n\n<figure class=\"wp-block-image\"><img decoding=\"async\" src=\"https:\/\/www.interflora.se\/inspiration\/wp-content\/uploads\/2025\/03\/jenny-lind-floristkompaniet-2023-1.jpg\" alt=\"jenny-lind-floristkompaniet-2023-1.jpg\"\/><\/figure>\n\n\n\n<hr class=\"wp-block-separator has-alpha-channel-opacity\"\/>\n\n\n\n<p>Astrid Lindgren \u2013 Junibacken, Stockholm<br>Florist: Interflora Gullvivan Stockholm. Konstn\u00e4r: Hertha Hillfon<\/p>\n\n\n\n<figure class=\"wp-block-image\"><img decoding=\"async\" src=\"https:\/\/www.interflora.se\/inspiration\/wp-content\/uploads\/2025\/03\/astrid-lindgren-gullvivan-2023.jpg\" alt=\"astrid-lindgren-gullvivan-2023.jpg\"\/><\/figure>\n\n\n\n<figure class=\"wp-block-image\"><img decoding=\"async\" src=\"https:\/\/www.interflora.se\/inspiration\/wp-content\/uploads\/2025\/03\/astrid-lindgren-gullvivan-2023-2.jpg\" alt=\"astrid-lindgren-gullvivan-2023-2.jpg\"\/><\/figure>\n\n\n\n<hr class=\"wp-block-separator has-alpha-channel-opacity\"\/>\n\n\n\n<p>Fredrika Bremer \u2013 Humleg\u00e5rden, Stockholm<br>Florister: Interflora Melanders blommor. Konstn\u00e4r: Sigfrid Fridman<\/p>\n\n\n\n<figure class=\"wp-block-image\"><img decoding=\"async\" src=\"https:\/\/www.interflora.se\/inspiration\/wp-content\/uploads\/2025\/03\/fredrika-bremer-melanders-2023-2.jpg\" alt=\"fredrika-bremer-melanders-2023-2.jpg\"\/><\/figure>\n\n\n\n<figure class=\"wp-block-image\"><img decoding=\"async\" src=\"https:\/\/www.interflora.se\/inspiration\/wp-content\/uploads\/2025\/03\/fredrika-bremer-melanders-2023-3.jpg\" alt=\"fredrika-bremer-melanders-2023-3.jpg\"\/><\/figure>\n\n\n\n<hr class=\"wp-block-separator has-alpha-channel-opacity\"\/>\n\n\n\n<p>CHARLOTTE KALLA \u2013 CENTRALSKOLAN, T\u00c4REND\u00d6<br>Florister: Djungelstugan. Konstn\u00e4r: Gunnar Hansson<\/p>\n\n\n\n<figure class=\"wp-block-image\"><img decoding=\"async\" src=\"https:\/\/www.interflora.se\/inspiration\/wp-content\/uploads\/2025\/03\/charlotte-kalla-djungelstugan-2023.jpg\" alt=\"charlotte-kalla-djungelstugan-2023.jpg\"\/><\/figure>\n\n\n\n<figure class=\"wp-block-image\"><img decoding=\"async\" src=\"https:\/\/www.interflora.se\/inspiration\/wp-content\/uploads\/2025\/03\/charlotte-kalla-djungelstugan-2023-1.jpg\" alt=\"charlotte-kalla-djungelstugan-2023-1.jpg\"\/><\/figure>\n\n\n\n<hr class=\"wp-block-separator has-alpha-channel-opacity\"\/>\n\n\n\n<p>INGEBORG SCHENSTR\u00d6M \u2013 SCHENSTR\u00d6MSPARKEN, BOLLN\u00c4S\u200b<br>Florister: Mobackes Tr\u00e4dg\u00e5rdscenter. Konstn\u00e4r: Jerker Andersson<\/p>\n\n\n\n<figure class=\"wp-block-image\"><img decoding=\"async\" src=\"https:\/\/www.interflora.se\/inspiration\/wp-content\/uploads\/2025\/03\/ingeborg-schenstrom-mobackes-floristerna-2023.jpg\" alt=\"ingeborg-schenstr\u00f6m-mobackes-floristerna-2023.jpg\"\/><\/figure>\n\n\n\n<figure class=\"wp-block-image\"><img decoding=\"async\" src=\"https:\/\/www.interflora.se\/inspiration\/wp-content\/uploads\/2025\/03\/ingeborg-schenstrom-mobackes-floristerna-2023-1.jpg\" alt=\"ingeborg-schenstr\u00f6m-mobackes-floristerna-2023-1.jpg\"\/><\/figure>\n\n\n\n<hr class=\"wp-block-separator has-alpha-channel-opacity\"\/>\n\n\n\n<p>TALANDE TECKEN \u2013 FERRUMPARKEN, KIRUNA\u200b<br>Florister:&nbsp;Djungelstugan. Konstn\u00e4r: Asmund Arle.<\/p>\n\n\n\n<figure class=\"wp-block-image\"><img decoding=\"async\" src=\"https:\/\/www.interflora.se\/inspiration\/wp-content\/uploads\/2025\/03\/talande-tecken-djungelstugan-2023.jpg\" alt=\"talande-tecken-djungelstugan-2023.jpg\"\/><\/figure>\n\n\n\n<figure class=\"wp-block-image\"><img decoding=\"async\" src=\"https:\/\/www.interflora.se\/inspiration\/wp-content\/uploads\/2025\/03\/talande-tecken-djungelstugan-2023-1.jpg\" alt=\"talande-tecken-djungelstugan-2023-1.jpg\"\/><\/figure>\n\n\n\n<hr class=\"wp-block-separator has-alpha-channel-opacity\"\/>\n\n\n\n<p>ELSA BORG \u2013 VITABERGSPARKEN, STOCKHOLM\u200b<br>Florister: Vildrosor och tistlar. Konstn\u00e4r: Astri Bergman-Taube.<\/p>\n\n\n\n<figure class=\"wp-block-image\"><img decoding=\"async\" src=\"https:\/\/www.interflora.se\/inspiration\/wp-content\/uploads\/2025\/03\/elsa-borg-vilrosor-tistlar-2023-1.jpg\" alt=\"elsa-borg-vilrosor-tistlar-2023-1.jpg\"\/><\/figure>\n\n\n\n<figure class=\"wp-block-image\"><img decoding=\"async\" src=\"https:\/\/www.interflora.se\/inspiration\/wp-content\/uploads\/2025\/03\/elsa-borg-vilrosor-tistlar-2023.jpg\" alt=\"elsa-borg-vilrosor-tistlar-2023.jpg\"\/><\/figure>\n\n\n\n<hr class=\"wp-block-separator has-alpha-channel-opacity\"\/>\n\n\n\n<p>FLICKAN FR\u00c5N \u00c4LMHULT&nbsp;\u2013 INTERNATIONELLA SKOLAN, \u00c4LMHULT<br>Florister: Interflora Anemonen. Konstn\u00e4r: Peter Linde.<\/p>\n\n\n\n<figure class=\"wp-block-image\"><img decoding=\"async\" src=\"https:\/\/www.interflora.se\/inspiration\/wp-content\/uploads\/2025\/03\/flickan-fran-almhult-anemonen-2023.jpg\" alt=\"flickan-fr\u00e5n-\u00e4lmhult-anemonen-2023.jpg\"\/><\/figure>\n\n\n\n<hr class=\"wp-block-separator has-alpha-channel-opacity\"\/>\n\n\n\n<p>MAGDALENA FORSBERG \u2013 GENERATIONERNAS PARK, ULL\u00c5NGER\u200b<br>Florister: Bj\u00e4sta Handelstr\u00e4dg\u00e5rd. Konstn\u00e4r: J\u00f6rgen Nilsson.&nbsp;<\/p>\n\n\n\n<figure class=\"wp-block-image\"><img decoding=\"async\" src=\"https:\/\/www.interflora.se\/inspiration\/wp-content\/uploads\/2025\/03\/magdalena-forsberg-bjasta-2023.jpg\" alt=\"magdalena-forsberg-bj\u00e4sta-2023.jpg\"\/><\/figure>\n\n\n\n<figure class=\"wp-block-image\"><img decoding=\"async\" src=\"https:\/\/www.interflora.se\/inspiration\/wp-content\/uploads\/2025\/03\/magdalena-forsberg-bjasta-2023-1.jpg\" alt=\"magdalena-forsberg-bj\u00e4sta-2023-1.jpg\"\/><\/figure>\n\n\n\n<hr class=\"wp-block-separator has-alpha-channel-opacity\"\/>\n\n\n\n<p>CHRISTINA SANDBERG \u2013 STORGATAN, S\u00d6DERT\u00c4LJE<br>Florister: Interflora Lindkvistiska Kompaniet. Konstn\u00e4r: Gunilla Wihlborg.<\/p>\n\n\n\n<figure class=\"wp-block-image\"><img decoding=\"async\" src=\"https:\/\/www.interflora.se\/inspiration\/wp-content\/uploads\/2025\/03\/christina-sandberg-lindkvistiska-2023-1.jpg\" alt=\"christina-sandberg-lindkvistiska-2023-1.jpg\"\/><\/figure>\n\n\n\n<figure class=\"wp-block-image\"><img decoding=\"async\" src=\"https:\/\/www.interflora.se\/inspiration\/wp-content\/uploads\/2025\/03\/christina-sandberg-lindkvistiska-2023.jpg\" alt=\"christina-sandberg-lindkvistiska-2023.jpg\"\/><\/figure>\n\n\n\n<hr class=\"wp-block-separator has-alpha-channel-opacity\"\/>\n\n\n\n<p>AMALIA ERIKSON \u2013 S\u00d6DRA PARKEN, GR\u00c4NNA\u200b<br>Florister: EBE Plant. Konstn\u00e4r: Lena Lervik.&nbsp;<\/p>\n\n\n\n<figure class=\"wp-block-image\"><img decoding=\"async\" src=\"https:\/\/www.interflora.se\/inspiration\/wp-content\/uploads\/2025\/03\/amalia-eriksson-ebeplant-2023.jpg\" alt=\"amalia-eriksson-ebeplant-2023.jpg\"\/><\/figure>\n\n\n\n<figure class=\"wp-block-image\"><img decoding=\"async\" src=\"https:\/\/www.interflora.se\/inspiration\/wp-content\/uploads\/2025\/03\/amalia-eriksson-ebeplant-2023-1.jpg\" alt=\"amalia-eriksson-ebeplant-2023-1.jpg\"\/><\/figure>\n\n\n\n<hr class=\"wp-block-separator has-alpha-channel-opacity\"\/>\n\n\n\n<p>CAJSA WARG \u2013 STADSPARKEN, \u00d6REBRO\u200b<br>Florist: Interflora Acacia. Konstn\u00e4r: Kajsa Mattas.<\/p>\n\n\n\n<figure class=\"wp-block-image\"><img decoding=\"async\" src=\"https:\/\/www.interflora.se\/inspiration\/wp-content\/uploads\/2025\/03\/cajsa-warg-acacia-2023.jpg\" alt=\"cajsa-warg-acacia-2023.jpg\"\/><\/figure>\n\n\n\n<figure class=\"wp-block-image\"><img decoding=\"async\" src=\"https:\/\/www.interflora.se\/inspiration\/wp-content\/uploads\/2025\/03\/cajsa-warg-acacia-2023-1.jpg\" alt=\"cajsa-warg-acacia-2023-1.jpg\"\/><\/figure>\n\n\n\n<hr class=\"wp-block-separator has-alpha-channel-opacity\"\/>\n\n\n\n<p>ASTRID LINDGREN \u2013 ASTRID LINDGRENS BARNSJUKHUS, SOLNA<br>Florist: Interflora Nya Elsis Blommor. Konstn\u00e4r: Hertha Hillfon.<\/p>\n\n\n\n<figure class=\"wp-block-image\"><img decoding=\"async\" src=\"https:\/\/www.interflora.se\/inspiration\/wp-content\/uploads\/2025\/03\/astrid-lindgren-solna-nya-elsis-2023.jpg\" alt=\"astrid-lindgren-solna-nya-elsis-2023.jpg\"\/><\/figure>\n\n\n\n<figure class=\"wp-block-image\"><img decoding=\"async\" src=\"https:\/\/www.interflora.se\/inspiration\/wp-content\/uploads\/2025\/03\/astrid-lindgren-solna-nya-elsis-2023-1.jpg\" alt=\"astrid-lindgren-solna-nya-elsis-2023-1.jpg\"\/><\/figure>\n\n\n\n<hr class=\"wp-block-separator has-alpha-channel-opacity\"\/>\n\n\n\n<p>KARIN BOYE \u2013 PARADISTORGET HUDDINGE CENTRUM, STOCKHOLM\u200b<br>Florister: Interflora Huddinge Blomsteraff\u00e4r.&nbsp; Konstn\u00e4r: Peter Linde.<\/p>\n\n\n\n<figure class=\"wp-block-image\"><img decoding=\"async\" src=\"https:\/\/www.interflora.se\/inspiration\/wp-content\/uploads\/2025\/03\/karin-boye-huddinge.jpg\" alt=\"Karin-Boye-huddinge.jpg\"\/><\/figure>\n\n\n\n<figure class=\"wp-block-image\"><img decoding=\"async\" src=\"https:\/\/www.interflora.se\/inspiration\/wp-content\/uploads\/2025\/03\/karin-boye-huddinge-1.jpg\" alt=\"Karin-Boye-huddinge-1.jpg\"\/><\/figure>\n\n\n\n<hr class=\"wp-block-separator has-alpha-channel-opacity\"\/>\n\n\n\n<p>EMILIE FLYGARE CARL\u00c9N \u2013 KULTURHUSET SKAGERACK, STR\u00d6MSTAD<br>Florister: Chattis Blommor. Konstn\u00e4r: Carl Fagerberg.<\/p>\n\n\n\n<figure class=\"wp-block-image\"><img decoding=\"async\" src=\"https:\/\/www.interflora.se\/inspiration\/wp-content\/uploads\/2025\/03\/emelie-flygare-carlen-cchattis.jpg\" alt=\"Emelie-Flygare-Carlen-Cchattis.jpg\"\/><\/figure>\n\n\n\n<figure class=\"wp-block-image\"><img decoding=\"async\" src=\"https:\/\/www.interflora.se\/inspiration\/wp-content\/uploads\/2025\/03\/emelie-flygare-carlen_chattis-1.jpg\" alt=\"Emelie-Flygare-Carlen_Chattis-1.jpg\"\/><\/figure>\n\n\n\n<hr class=\"wp-block-separator has-alpha-channel-opacity\"\/>\n\n\n\n<p>ASTRID LINDGREN \u2013 STORTORGET, VIMMERBY<br>Florist: Hagelins. Konstn\u00e4r: Marie-Louise Ekman.<\/p>\n\n\n\n<figure class=\"wp-block-image\"><img decoding=\"async\" src=\"https:\/\/www.interflora.se\/inspiration\/wp-content\/uploads\/2025\/03\/astrid-lindgren-vimmerby_hagelins-2.jpg\" alt=\"Astrid-Lindgren-Vimmerby_Hagelins-2.jpg\"\/><\/figure>\n\n\n\n<figure class=\"wp-block-image\"><img decoding=\"async\" src=\"https:\/\/www.interflora.se\/inspiration\/wp-content\/uploads\/2025\/03\/astrid-lindgren-vimmerby_hagelins.jpg\" alt=\"Astrid-Lindgren-Vimmerby_Hagelins.jpg\"\/><\/figure>\n\n\n\n<hr class=\"wp-block-separator has-alpha-channel-opacity\"\/>\n\n\n\n<p>BIRGIT NILSSON \u2013 DAHLMANSKA TOMTEN, B\u00c5STAD<br>Florister: Flowerhouse B\u00e5stad. Konstn\u00e4r: Ulla &amp; Gustav Kraitz<\/p>\n\n\n\n<figure class=\"wp-block-image\"><img decoding=\"async\" src=\"https:\/\/www.interflora.se\/inspiration\/wp-content\/uploads\/2025\/03\/birgit-nilsson-2023-flowerhouse-bastad.jpg\" alt=\"birgit-nilsson-2023-flowerhouse-b\u00e5stad.jpg\"\/><\/figure>\n\n\n\n<figure class=\"wp-block-image\"><img decoding=\"async\" src=\"https:\/\/www.interflora.se\/inspiration\/wp-content\/uploads\/2025\/03\/birgit-nilsson-2023-flowerhouse-bastad-1.jpg\" alt=\"birgit-nilsson-2023-flowerhouse-b\u00e5stad-1.jpg\"\/><\/figure>\n\n\n\n<hr class=\"wp-block-separator has-alpha-channel-opacity\"\/>\n\n\n\n<p>MOA MARTINSSON \u2013 GRYTSTORGET, NORRK\u00d6PING\u200b&nbsp;<br>Florister: Interflora Edqvists Blommor. Konstn\u00e4r: Peter Linde.<\/p>\n\n\n\n<figure class=\"wp-block-image\"><img decoding=\"async\" src=\"https:\/\/www.interflora.se\/inspiration\/wp-content\/uploads\/2025\/03\/moa-martinsson-edqvists-2023-3.jpg\" alt=\"moa-martinsson-edqvists-2023-3.jpg\"\/><\/figure>\n\n\n\n<figure class=\"wp-block-image\"><img decoding=\"async\" src=\"https:\/\/www.interflora.se\/inspiration\/wp-content\/uploads\/2025\/03\/moa-martinsson-edqvists-2023-2.jpg\" alt=\"moa-martinsson-edqvists-2023-2.jpg\"\/><\/figure>\n\n\n\n<hr class=\"wp-block-separator has-alpha-channel-opacity\"\/>\n\n\n\n<p>FREDSMONUMENTET \u2013 STORA TORGET, KARLSTAD.&nbsp;<br>Florist: Drakes Blommor. Konstn\u00e4r: Ivar Johnsson.<br><img decoding=\"async\" src=\"https:\/\/www.interflora.se\/inspiration\/wp-content\/uploads\/2025\/03\/fredsmonumentet-drakes-2023.jpg\" alt=\"fredsmonumentet-drakes-2023.jpg\" width=\"49%\" height=\"auto\">&nbsp;&nbsp;<img decoding=\"async\" src=\"https:\/\/www.interflora.se\/inspiration\/wp-content\/uploads\/2025\/03\/fredsmonumentet-drakes-2023-1.jpg\" alt=\"fredsmonumentet-drakes-2023-1.jpg\" width=\"49%\" height=\"auto\"><\/p>\n\n\n\n<hr class=\"wp-block-separator has-alpha-channel-opacity\"\/>\n\n\n\n<p>BORSTAHUSGUMMAN\/FISKEGUMMAN \u2013 STRANDV\u00c4GEN, LANDSKRONA<br>Florister: Knopp och Blad. Konstn\u00e4r: Lena Lervik.<br><img decoding=\"async\" src=\"https:\/\/www.interflora.se\/inspiration\/wp-content\/uploads\/2025\/03\/borstahusgumman-knopp-blad-2023-1.jpg\" alt=\"borstahusgumman-knopp-blad-2023-1.jpg\" width=\"49%\" height=\"auto\">&nbsp;&nbsp;<img decoding=\"async\" src=\"https:\/\/www.interflora.se\/inspiration\/wp-content\/uploads\/2025\/03\/borstahusgumman-knopp-blad-2023-2.jpg\" alt=\"borstahusgumman-knopp-blad-2023-2.jpg\" width=\"49%\" height=\"auto\"><\/p>\n\n\n\n<hr class=\"wp-block-separator has-alpha-channel-opacity\"\/>\n\n\n\n<p>FISKARGUMMAN SARA \u2013 HAMNEN, M\u00d6LLE<br>Florister: Maritas Blomstergl\u00e4dje i H\u00f6gan\u00e4s Konstn\u00e4r: Jonas H\u00f6gstr\u00f6m.<\/p>\n\n\n\n<figure class=\"wp-block-image\"><img decoding=\"async\" src=\"https:\/\/www.interflora.se\/inspiration\/wp-content\/uploads\/2025\/03\/fiskargumman_maritas-blomstergladje-2.jpg\" alt=\"Fiskargumman_Maritas-Blomstergl\u00e4dje-2.jpg\"\/><\/figure>\n\n\n\n<figure class=\"wp-block-image\"><img decoding=\"async\" src=\"https:\/\/www.interflora.se\/inspiration\/wp-content\/uploads\/2025\/03\/fiskargumman_maritas-blomstergladje.jpg\" alt=\"Fiskargumman_Maritas-Blomstergl\u00e4dje.jpg\"\/><\/figure>\n\n\n\n<hr class=\"wp-block-separator has-alpha-channel-opacity\"\/>\n\n\n\n<p>INGRID SEGERSTEDT WIBERG \u2013 SAMMH\u00c4LLSVETENSKAPLIGA BIBLIOTEKET, G\u00d6TEBORG<br>Florister: Blomstermakarna i M\u00f6lndal. Konstn\u00e4r: Johan Malmstr\u00f6m.<\/p>\n\n\n\n<figure class=\"wp-block-image\"><img decoding=\"async\" src=\"https:\/\/www.interflora.se\/inspiration\/wp-content\/uploads\/2025\/03\/ingrid-segerstedt-wiberg_blomstermakarna-2.jpg\" alt=\"Ingrid-Segerstedt-Wiberg_Blomstermakarna-2.jpg\"\/><\/figure>\n\n\n\n<figure class=\"wp-block-image\"><img decoding=\"async\" src=\"https:\/\/www.interflora.se\/inspiration\/wp-content\/uploads\/2025\/03\/ingrid-segerstedt-wiberg_blomstermakarna-3.jpg\" alt=\"Ingrid-Segerstedt-Wiberg_Blomstermakarna-3.jpg\"\/><\/figure>\n\n\n\n<hr class=\"wp-block-separator has-alpha-channel-opacity\"\/>\n\n\n\n<p>AGNETA ANDERSSON \u2013 N\u00c4SET, KARLSKOGA<br>Florister: Amaryllis Blomsterhandel. Konstn\u00e4r: Unni Brekke.<\/p>\n\n\n\n<figure class=\"wp-block-image\"><img decoding=\"async\" src=\"https:\/\/www.interflora.se\/inspiration\/wp-content\/uploads\/2025\/03\/agneta-andersson_amaryllis.jpg\" alt=\"Agneta-Andersson_Amaryllis.jpg\"\/><\/figure>\n\n\n\n<figure class=\"wp-block-image\"><img decoding=\"async\" src=\"https:\/\/www.interflora.se\/inspiration\/wp-content\/uploads\/2025\/03\/agneta-andersson_amaryllis-2.jpg\" alt=\"Agneta-Andersson_Amaryllis-2.jpg\"\/><\/figure>\n\n\n\n<hr class=\"wp-block-separator has-alpha-channel-opacity\"\/>\n\n\n\n<p>MATHILDA SOFIA \u00d6HMAN \u2013 ROSLAGENS SPARBANK, NORRT\u00c4LJE<br>Florister: Flowerfresh. Konstn\u00e4r: Lena Lervik.<\/p>\n\n\n\n<figure class=\"wp-block-image\"><img decoding=\"async\" src=\"https:\/\/www.interflora.se\/inspiration\/wp-content\/uploads\/2025\/03\/matilda-sofia-ohman_flowerfresh.jpg\" alt=\"Matilda-Sofia-\u00d6hman_Flowerfresh.jpg\"\/><\/figure>\n\n\n\n<figure class=\"wp-block-image\"><img decoding=\"async\" src=\"https:\/\/www.interflora.se\/inspiration\/wp-content\/uploads\/2025\/03\/matilda-sofia-ohman_flowerfresh-2.jpg\" alt=\"Matilda-Sofia-\u00d6hman_Flowerfresh-2.jpg\"\/><\/figure>\n\n\n\n<hr class=\"wp-block-separator has-alpha-channel-opacity\"\/>\n\n\n\n<p>MICAELA MOLITOR \u2013 KVILLEB\u00c4CKEN, G\u00d6TEBORG&nbsp;<br>Florist: Blomstermakarna i M\u00f6lndal. Konstn\u00e4r: Martin Hansson.<\/p>\n\n\n\n<figure class=\"wp-block-image\"><img decoding=\"async\" src=\"https:\/\/www.interflora.se\/inspiration\/wp-content\/uploads\/2025\/03\/micaela-molitor_blomstermakarna.jpg\" alt=\"Micaela-Molitor_Blomstermakarna.jpg\"\/><\/figure>\n\n\n\n<figure class=\"wp-block-image\"><img decoding=\"async\" src=\"https:\/\/www.interflora.se\/inspiration\/wp-content\/uploads\/2025\/03\/micaela-molitor_blomstermakarna-2.jpg\" alt=\"Micaela-Molitor_Blomstermakarna-2.jpg\"\/><\/figure>\n\n\n\n<hr class=\"wp-block-separator has-alpha-channel-opacity\"\/>\n\n\n\n<p>VERA SANDBERG \u2013 KAPELLPLATSEN, G\u00d6TEBORG&nbsp;<br>Florister: Interflora Beyers Blommor. Konstn\u00e4r: Jan Cardell.<\/p>\n\n\n\n<figure class=\"wp-block-image\"><img decoding=\"async\" src=\"https:\/\/www.interflora.se\/inspiration\/wp-content\/uploads\/2025\/03\/vera-sandberg_beyers.jpg\" alt=\"Vera-Sandberg_Beyers.jpg\"\/><\/figure>\n\n\n\n<figure class=\"wp-block-image\"><img decoding=\"async\" src=\"https:\/\/www.interflora.se\/inspiration\/wp-content\/uploads\/2025\/03\/vera-sandberg_beyers-2.jpg\" alt=\"Vera-Sandberg_Beyers-2.jpg\"\/><\/figure>\n\n\n\n<hr class=\"wp-block-separator has-alpha-channel-opacity\"\/>\n\n\n\n<p>HJ\u00d6RDIS HALLQVIST-NORDIN \u2013 LANDSKRONA IDROTTSHALL, LANDSKRONA<br>Florister: Interflora Floristgalleriet. Konstn\u00e4r: Lena Lervik.<\/p>\n\n\n\n<figure class=\"wp-block-image\"><img decoding=\"async\" src=\"https:\/\/www.interflora.se\/inspiration\/wp-content\/uploads\/2025\/03\/hjordis_floristgalleriet.jpg\" alt=\"Hj\u00f6rdis_Floristgalleriet.jpg\"\/><\/figure>\n\n\n\n<figure class=\"wp-block-image\"><img decoding=\"async\" src=\"https:\/\/www.interflora.se\/inspiration\/wp-content\/uploads\/2025\/03\/hjordis_floristgalleriet-2.jpg\" alt=\"Hj\u00f6rdis_Floristgalleriet-2.jpg\"\/><\/figure>\n\n\n\n<hr class=\"wp-block-separator has-alpha-channel-opacity\"\/>\n\n\n\n<p>INGRID BERGMAN \u2013 KUNGSKLYFTAN, FJ\u00c4LLBACKA\u200b<br>Florister: Interflora KompassRosen. Konstn\u00e4r: Gunnar Olovson.<\/p>\n\n\n\n<figure class=\"wp-block-image\"><img decoding=\"async\" src=\"https:\/\/www.interflora.se\/inspiration\/wp-content\/uploads\/2025\/03\/ingrid-bergman_kompassrosen.jpg\" alt=\"Ingrid-Bergman_Kompassrosen.jpg\"\/><\/figure>\n\n\n\n<figure class=\"wp-block-image\"><img decoding=\"async\" src=\"https:\/\/www.interflora.se\/inspiration\/wp-content\/uploads\/2025\/03\/ingrid-bergman_kompassrosen-2.jpg\" alt=\"Ingrid-Bergman_Kompassrosen-2.jpg\"\/><\/figure>\n\n\n\n<hr class=\"wp-block-separator has-alpha-channel-opacity\"\/>\n\n\n\n<p>SELMA LAGERL\u00d6F \u2013 NORDKAP, LANDSKRONA\u200b<br>Florister: Interflora Floristgalleriet. Konstn\u00e4r: Jonas H\u00f6gstr\u00f6m.<\/p>\n\n\n\n<figure class=\"wp-block-image\"><img decoding=\"async\" src=\"https:\/\/www.interflora.se\/inspiration\/wp-content\/uploads\/2025\/03\/selma-lagerlof_floristgalleriet.jpg\" alt=\"Selma-Lagerl\u00f6f_Floristgalleriet.jpg\"\/><\/figure>\n\n\n\n<figure class=\"wp-block-image\"><img decoding=\"async\" src=\"https:\/\/www.interflora.se\/inspiration\/wp-content\/uploads\/2025\/03\/selma-lagerlof_floristgalleriet-2.jpg\" alt=\"Selma-Lagerl\u00f6f_Floristgalleriet-2.jpg\"\/><\/figure>\n\n\n\n<hr class=\"wp-block-separator has-alpha-channel-opacity\"\/>\n\n\n\n<p>ARBETARHUSTRUN \u2013 LANDALA TORG, G\u00d6TEBORG<br>Florister: Interflora T\u00f6rnrosa by Fr\u00f6ken Fr\u00f6jd. Konstn\u00e4r: Elma Oijens.<\/p>\n\n\n\n<figure class=\"wp-block-image\"><img decoding=\"async\" src=\"https:\/\/www.interflora.se\/inspiration\/wp-content\/uploads\/2025\/03\/arbetarhustrun_tornrosa.jpg\" alt=\"Arbetarhustrun_T\u00f6rnrosa.jpg\"\/><\/figure>\n\n\n\n<figure class=\"wp-block-image\"><img decoding=\"async\" src=\"https:\/\/www.interflora.se\/inspiration\/wp-content\/uploads\/2025\/03\/arbetarhustrun_tornrosa-2.jpg\" alt=\"Arbetarhustrun_T\u00f6rnrosa-2.jpg\"\/><\/figure>\n\n\n\n<hr class=\"wp-block-separator has-alpha-channel-opacity\"\/>\n\n\n\n<p>ELLEN KEY \u2013 JARLAPLAN, STOCKHOLM<br>Florist: Interflora Floweropen Stockholm. Konstn\u00e4r: Sigrid Fridman.<\/p>\n\n\n\n<figure class=\"wp-block-image\"><img decoding=\"async\" src=\"https:\/\/www.interflora.se\/inspiration\/wp-content\/uploads\/2025\/03\/ellen-key_floweropen-1.jpg\" alt=\"Ellen-Key_Floweropen-1.jpg\"\/><\/figure>\n\n\n\n<figure class=\"wp-block-image\"><img decoding=\"async\" src=\"https:\/\/www.interflora.se\/inspiration\/wp-content\/uploads\/2025\/03\/ellen-key_floweropen-2.jpg\" alt=\"Ellen-Key_Floweropen-2.jpg\"\/><\/figure>\n\n\n\n<hr class=\"wp-block-separator has-alpha-channel-opacity\"\/>\n\n\n\n<p>SELMA LAGERL\u00d6F \u2013 KARLSTAD TEATER, KARLSTAD<br>Florister: Bellis Blommor. Konstn\u00e4r: Arvid Backlund.<\/p>\n\n\n\n<figure class=\"wp-block-image\"><img decoding=\"async\" src=\"https:\/\/www.interflora.se\/inspiration\/wp-content\/uploads\/2025\/03\/selma-lagerlof_bellis.jpg\" alt=\"Selma-Lagerl\u00f6f_Bellis.jpg\"\/><\/figure>\n\n\n\n<figure class=\"wp-block-image\"><img decoding=\"async\" src=\"https:\/\/www.interflora.se\/inspiration\/wp-content\/uploads\/2025\/03\/selma-lagerlof_bellis-2.jpg\" alt=\"Selma-Lagerl\u00f6f_Bellis-2.jpg\"\/><\/figure>\n\n\n\n<hr class=\"wp-block-separator has-alpha-channel-opacity\"\/>\n\n\n\n<p>BIRGIT TH SPARRE \u2013 J\u00c4RNV\u00c4GSPARKEN, ULRICEHEHAMN\u200b<br>Florister: Steinst\u00f6 Tr\u00e4dg\u00e5rd. Konstn\u00e4r: Wanja Nones H\u00e5kansson.<\/p>\n\n\n\n<figure class=\"wp-block-image\"><img decoding=\"async\" src=\"https:\/\/www.interflora.se\/inspiration\/wp-content\/uploads\/2025\/03\/birgit-th-sparre_steinsto-ny.jpg\" alt=\"Birgit-Th-Sparre_Steinst\u00f6-NY.jpg\"\/><\/figure>\n\n\n\n<figure class=\"wp-block-image\"><img decoding=\"async\" src=\"https:\/\/www.interflora.se\/inspiration\/wp-content\/uploads\/2025\/03\/birgit-th-sparre_steinsto-ny-1.jpg\" alt=\"Birgit-Th-Sparre_Steinst\u00f6-NY-1.jpg\"\/><\/figure>\n\n\n\n<hr class=\"wp-block-separator has-alpha-channel-opacity\"\/>\n\n\n\n<p>KRISTINA NILSSON \u2013 KRISTINA NILSSON-G\u00c5RDEN, LJUNGBY<br>Florist: Skinnarnas Blomsterhandel. Konstn\u00e4r: Carl Fagerberg.<\/p>\n\n\n\n<figure class=\"wp-block-image\"><img decoding=\"async\" src=\"https:\/\/www.interflora.se\/inspiration\/wp-content\/uploads\/2025\/03\/kristina-nilsson-_skinnarnas.jpg\" alt=\"Kristina-Nilsson-_Skinnarnas.jpg\"\/><\/figure>\n\n\n\n<figure class=\"wp-block-image\"><img decoding=\"async\" src=\"https:\/\/www.interflora.se\/inspiration\/wp-content\/uploads\/2025\/03\/kristina-nilsson_skinnarnas-3.jpg\" alt=\"Kristina-Nilsson_Skinnarnas-3.jpg\"\/><\/figure>\n\n\n\n<hr class=\"wp-block-separator has-alpha-channel-opacity\"\/>\n\n\n\n<p>ELIN W\u00c4GNER \u2013 ST. ERIKSPLAN, STOCKHOLM<br>Florister: Blomsterjouren. Konstn\u00e4r: Rune Rydelius.<\/p>\n\n\n\n<figure class=\"wp-block-image\"><img decoding=\"async\" src=\"https:\/\/www.interflora.se\/inspiration\/wp-content\/uploads\/2025\/03\/elin-wagner_blomsterjouren.jpg\" alt=\"Elin-W\u00e4gner_Blomsterjouren.jpg\"\/><\/figure>\n\n\n\n<figure class=\"wp-block-image\"><img decoding=\"async\" src=\"https:\/\/www.interflora.se\/inspiration\/wp-content\/uploads\/2025\/03\/elin-wagner_blomsterjouren-2.jpg\" alt=\"Elin-W\u00e4gner_Blomsterjouren-2.jpg\"\/><\/figure>\n\n\n\n<hr class=\"wp-block-separator has-alpha-channel-opacity\"\/>\n\n\n\n<p>EVA LISA HOLTZAT \u2013 STADSHOTELLET, KARLSTAD<br>Florist: Best Flower. Konstn\u00e4r: Herman Reijers.<\/p>\n\n\n\n<figure class=\"wp-block-image\"><img decoding=\"async\" src=\"https:\/\/www.interflora.se\/inspiration\/wp-content\/uploads\/2025\/03\/eva-lisa-holtzat-2023.jpg\" alt=\"eva-lisa-holtzat-2023.jpg\"\/><\/figure>\n\n\n\n<figure class=\"wp-block-image\"><img decoding=\"async\" src=\"https:\/\/www.interflora.se\/inspiration\/wp-content\/uploads\/2025\/03\/eva-lisa-holtzat-2023-1.jpg\" alt=\"eva-lisa-holtzat-2023-1.jpg\"\/><\/figure>\n\n\n\n<hr class=\"wp-block-separator has-alpha-channel-opacity\"\/>\n\n\n\n<p>KAI GULLMAR \u2013 STORGATAN, SUNDSVALL\u200b<br>Florister: Interflora Qvist &amp; Lina. Konstn\u00e4r: J\u00f6rgen Nilsson.<\/p>\n\n\n\n<figure class=\"wp-block-image\"><img decoding=\"async\" src=\"https:\/\/www.interflora.se\/inspiration\/wp-content\/uploads\/2025\/03\/kai-gullmar_qvist-och-lina.jpg\" alt=\"Kai-Gullmar_Qvist-och-Lina.jpg\"\/><\/figure>\n\n\n\n<figure class=\"wp-block-image\"><img decoding=\"async\" src=\"https:\/\/www.interflora.se\/inspiration\/wp-content\/uploads\/2025\/03\/kai-gullmar_qvist-och-lina-1.jpg\" alt=\"Kai-Gullmar_Qvist-och-Lina-1.jpg\"\/><\/figure>\n\n\n\n<hr class=\"wp-block-separator has-alpha-channel-opacity\"\/>\n\n\n\n<p>KARIN BOYE \u2013 STADSBIBLIOTEKET, G\u00d6TEBORG<br>Florister: Interflora Blomsterriket Tuve Blommor. Konstn\u00e4r: Peter Linde.<\/p>\n\n\n\n<figure class=\"wp-block-image\"><img decoding=\"async\" src=\"https:\/\/www.interflora.se\/inspiration\/wp-content\/uploads\/2025\/03\/karin-boye-blomriket-2023.jpg\" alt=\"karin-boye-blomriket-2023.jpg\"\/><\/figure>\n\n\n\n<figure class=\"wp-block-image\"><img decoding=\"async\" src=\"https:\/\/www.interflora.se\/inspiration\/wp-content\/uploads\/2025\/03\/karin-boye-blomriket-2023-1.jpg\" alt=\"karin-boye-blomriket-2023-1.jpg\"\/><\/figure>\n","protected":false},"excerpt":{"rendered":"<p>F\u00f6r sj\u00e4tte \u00e5ret i rad hyllar vi och ger kvinnan lyskraft i det offentliga rummet. Tillsammans med v\u00e5ra florister smyckar [&hellip;]<\/p>\n","protected":false},"author":1,"featured_media":2184,"comment_status":"open","ping_status":"open","sticky":false,"template":"","format":"standard","meta":{"_uag_custom_page_level_css":"","site-sidebar-layout":"default","site-content-layout":"","ast-site-content-layout":"default","site-content-style":"default","site-sidebar-style":"default","ast-global-header-display":"","ast-banner-title-visibility":"","ast-main-header-display":"","ast-hfb-above-header-display":"","ast-hfb-below-header-display":"","ast-hfb-mobile-header-display":"","site-post-title":"","ast-breadcrumbs-content":"","ast-featured-img":"","footer-sml-layout":"","ast-disable-related-posts":"","theme-transparent-header-meta":"","adv-header-id-meta":"","stick-header-meta":"","header-above-stick-meta":"","header-main-stick-meta":"","header-below-stick-meta":"","astra-migrate-meta-layouts":"default","ast-page-background-enabled":"default","ast-page-background-meta":{"desktop":{"background-color":"var(--ast-global-color-5)","background-image":"","background-repeat":"repeat","background-position":"center center","background-size":"auto","background-attachment":"scroll","background-type":"","background-media":"","overlay-type":"","overlay-color":"","overlay-opacity":"","overlay-gradient":""},"tablet":{"background-color":"","background-image":"","background-repeat":"repeat","background-position":"center center","background-size":"auto","background-attachment":"scroll","background-type":"","background-media":"","overlay-type":"","overlay-color":"","overlay-opacity":"","overlay-gradient":""},"mobile":{"background-color":"","background-image":"","background-repeat":"repeat","background-position":"center center","background-size":"auto","background-attachment":"scroll","background-type":"","background-media":"","overlay-type":"","overlay-color":"","overlay-opacity":"","overlay-gradient":""}},"ast-content-background-meta":{"desktop":{"background-color":"var(--ast-global-color-4)","background-image":"","background-repeat":"repeat","background-position":"center center","background-size":"auto","background-attachment":"scroll","background-type":"","background-media":"","overlay-type":"","overlay-color":"","overlay-opacity":"","overlay-gradient":""},"tablet":{"background-color":"var(--ast-global-color-4)","background-image":"","background-repeat":"repeat","background-position":"center center","background-size":"auto","background-attachment":"scroll","background-type":"","background-media":"","overlay-type":"","overlay-color":"","overlay-opacity":"","overlay-gradient":""},"mobile":{"background-color":"var(--ast-global-color-4)","background-image":"","background-repeat":"repeat","background-position":"center center","background-size":"auto","background-attachment":"scroll","background-type":"","background-media":"","overlay-type":"","overlay-color":"","overlay-opacity":"","overlay-gradient":""}},"footnotes":""},"categories":[9],"tags":[],"class_list":["post-280","post","type-post","status-publish","format-standard","has-post-thumbnail","hentry","category-senaste-nytt"],"yoast_head":"<!-- This site is optimized with the Yoast SEO plugin v27.4 - https:\/\/yoast.com\/product\/yoast-seo-wordpress\/ -->\n<title>Internationella kvinnodagen den 8 mars 2023 | Interflora<\/title>\n<meta name=\"robots\" content=\"index, follow, max-snippet:-1, max-image-preview:large, max-video-preview:-1\" \/>\n<link rel=\"canonical\" href=\"https:\/\/www.interflora.se\/inspiration\/internationella-kvinnodagen-2023\/\" \/>\n<meta property=\"og:locale\" content=\"sv_SE\" \/>\n<meta property=\"og:type\" content=\"article\" \/>\n<meta property=\"og:title\" content=\"Internationella kvinnodagen den 8 mars 2023 | Interflora\" \/>\n<meta property=\"og:description\" content=\"F\u00f6r sj\u00e4tte \u00e5ret i rad hyllar vi och ger kvinnan lyskraft i det offentliga rummet. Tillsammans med v\u00e5ra florister smyckar [&hellip;]\" \/>\n<meta property=\"og:url\" content=\"https:\/\/www.interflora.se\/inspiration\/internationella-kvinnodagen-2023\/\" \/>\n<meta property=\"og:site_name\" content=\"Inspiration om blommor, krukv\u00e4xter &amp; trender | Interflora\" \/>\n<meta property=\"article:publisher\" content=\"https:\/\/www.facebook.com\/InterfloraAB\" \/>\n<meta property=\"article:published_time\" content=\"2023-03-08T03:27:00+00:00\" \/>\n<meta property=\"article:modified_time\" content=\"2025-03-27T13:10:25+00:00\" \/>\n<meta property=\"og:image\" content=\"https:\/\/www.interflora.se\/inspiration\/wp-content\/uploads\/2025\/03\/eva-lisa-holtzat-2023.jpg\" \/>\n\t<meta property=\"og:image:width\" content=\"800\" \/>\n\t<meta property=\"og:image:height\" content=\"1000\" \/>\n\t<meta property=\"og:image:type\" content=\"image\/jpeg\" \/>\n<meta name=\"author\" content=\"admin\" \/>\n<meta name=\"twitter:card\" content=\"summary_large_image\" \/>\n<meta name=\"twitter:label1\" content=\"Skriven av\" \/>\n\t<meta name=\"twitter:data1\" content=\"admin\" \/>\n\t<meta name=\"twitter:label2\" content=\"Ber\u00e4knad l\u00e4stid\" \/>\n\t<meta name=\"twitter:data2\" content=\"3 minuter\" \/>\n<script type=\"application\/ld+json\" class=\"yoast-schema-graph\">{\"@context\":\"https:\\\/\\\/schema.org\",\"@graph\":[{\"@type\":\"Article\",\"@id\":\"https:\\\/\\\/www.interflora.se\\\/inspiration\\\/internationella-kvinnodagen-2023\\\/#article\",\"isPartOf\":{\"@id\":\"https:\\\/\\\/www.interflora.se\\\/inspiration\\\/internationella-kvinnodagen-2023\\\/\"},\"author\":{\"name\":\"admin\",\"@id\":\"https:\\\/\\\/www.interflora.se\\\/inspiration\\\/#\\\/schema\\\/person\\\/dbbd1ad45e05409c356dc639597669f2\"},\"headline\":\"Internationella kvinnodagen den 8 mars 2023\",\"datePublished\":\"2023-03-08T03:27:00+00:00\",\"dateModified\":\"2025-03-27T13:10:25+00:00\",\"mainEntityOfPage\":{\"@id\":\"https:\\\/\\\/www.interflora.se\\\/inspiration\\\/internationella-kvinnodagen-2023\\\/\"},\"wordCount\":568,\"commentCount\":0,\"publisher\":{\"@id\":\"https:\\\/\\\/www.interflora.se\\\/inspiration\\\/#organization\"},\"image\":{\"@id\":\"https:\\\/\\\/www.interflora.se\\\/inspiration\\\/internationella-kvinnodagen-2023\\\/#primaryimage\"},\"thumbnailUrl\":\"https:\\\/\\\/www.interflora.se\\\/inspiration\\\/wp-content\\\/uploads\\\/2025\\\/03\\\/eva-lisa-holtzat-2023.jpg\",\"articleSection\":[\"Senaste nytt\"],\"inLanguage\":\"sv-SE\",\"potentialAction\":[{\"@type\":\"CommentAction\",\"name\":\"Comment\",\"target\":[\"https:\\\/\\\/www.interflora.se\\\/inspiration\\\/internationella-kvinnodagen-2023\\\/#respond\"]}]},{\"@type\":\"WebPage\",\"@id\":\"https:\\\/\\\/www.interflora.se\\\/inspiration\\\/internationella-kvinnodagen-2023\\\/\",\"url\":\"https:\\\/\\\/www.interflora.se\\\/inspiration\\\/internationella-kvinnodagen-2023\\\/\",\"name\":\"Internationella kvinnodagen den 8 mars 2023 | Interflora\",\"isPartOf\":{\"@id\":\"https:\\\/\\\/www.interflora.se\\\/inspiration\\\/#website\"},\"primaryImageOfPage\":{\"@id\":\"https:\\\/\\\/www.interflora.se\\\/inspiration\\\/internationella-kvinnodagen-2023\\\/#primaryimage\"},\"image\":{\"@id\":\"https:\\\/\\\/www.interflora.se\\\/inspiration\\\/internationella-kvinnodagen-2023\\\/#primaryimage\"},\"thumbnailUrl\":\"https:\\\/\\\/www.interflora.se\\\/inspiration\\\/wp-content\\\/uploads\\\/2025\\\/03\\\/eva-lisa-holtzat-2023.jpg\",\"datePublished\":\"2023-03-08T03:27:00+00:00\",\"dateModified\":\"2025-03-27T13:10:25+00:00\",\"breadcrumb\":{\"@id\":\"https:\\\/\\\/www.interflora.se\\\/inspiration\\\/internationella-kvinnodagen-2023\\\/#breadcrumb\"},\"inLanguage\":\"sv-SE\",\"potentialAction\":[{\"@type\":\"ReadAction\",\"target\":[\"https:\\\/\\\/www.interflora.se\\\/inspiration\\\/internationella-kvinnodagen-2023\\\/\"]}]},{\"@type\":\"ImageObject\",\"inLanguage\":\"sv-SE\",\"@id\":\"https:\\\/\\\/www.interflora.se\\\/inspiration\\\/internationella-kvinnodagen-2023\\\/#primaryimage\",\"url\":\"https:\\\/\\\/www.interflora.se\\\/inspiration\\\/wp-content\\\/uploads\\\/2025\\\/03\\\/eva-lisa-holtzat-2023.jpg\",\"contentUrl\":\"https:\\\/\\\/www.interflora.se\\\/inspiration\\\/wp-content\\\/uploads\\\/2025\\\/03\\\/eva-lisa-holtzat-2023.jpg\",\"width\":800,\"height\":1000},{\"@type\":\"BreadcrumbList\",\"@id\":\"https:\\\/\\\/www.interflora.se\\\/inspiration\\\/internationella-kvinnodagen-2023\\\/#breadcrumb\",\"itemListElement\":[{\"@type\":\"ListItem\",\"position\":1,\"name\":\"Home\",\"item\":\"https:\\\/\\\/www.interflora.se\\\/inspiration\\\/\"},{\"@type\":\"ListItem\",\"position\":2,\"name\":\"Internationella kvinnodagen den 8 mars 2023\"}]},{\"@type\":\"WebSite\",\"@id\":\"https:\\\/\\\/www.interflora.se\\\/inspiration\\\/#website\",\"url\":\"https:\\\/\\\/www.interflora.se\\\/inspiration\\\/\",\"name\":\"Interflora\",\"description\":\"\",\"publisher\":{\"@id\":\"https:\\\/\\\/www.interflora.se\\\/inspiration\\\/#organization\"},\"potentialAction\":[{\"@type\":\"SearchAction\",\"target\":{\"@type\":\"EntryPoint\",\"urlTemplate\":\"https:\\\/\\\/www.interflora.se\\\/inspiration\\\/?s={search_term_string}\"},\"query-input\":{\"@type\":\"PropertyValueSpecification\",\"valueRequired\":true,\"valueName\":\"search_term_string\"}}],\"inLanguage\":\"sv-SE\"},{\"@type\":\"Organization\",\"@id\":\"https:\\\/\\\/www.interflora.se\\\/inspiration\\\/#organization\",\"name\":\"Interflora\",\"url\":\"https:\\\/\\\/www.interflora.se\\\/inspiration\\\/\",\"logo\":{\"@type\":\"ImageObject\",\"inLanguage\":\"sv-SE\",\"@id\":\"https:\\\/\\\/www.interflora.se\\\/inspiration\\\/#\\\/schema\\\/logo\\\/image\\\/\",\"url\":\"https:\\\/\\\/www.interflora.se\\\/inspiration\\\/wp-content\\\/uploads\\\/2025\\\/09\\\/cropped-220422_INTERFLORA_Logo_rgb_Half_Top_Circle_Main_Color.avif\",\"contentUrl\":\"https:\\\/\\\/www.interflora.se\\\/inspiration\\\/wp-content\\\/uploads\\\/2025\\\/09\\\/cropped-220422_INTERFLORA_Logo_rgb_Half_Top_Circle_Main_Color.avif\",\"width\":1418,\"height\":662,\"caption\":\"Interflora\"},\"image\":{\"@id\":\"https:\\\/\\\/www.interflora.se\\\/inspiration\\\/#\\\/schema\\\/logo\\\/image\\\/\"},\"sameAs\":[\"https:\\\/\\\/www.facebook.com\\\/InterfloraAB\",\"https:\\\/\\\/www.instagram.com\\\/interflora_ab\\\/\",\"https:\\\/\\\/www.linkedin.com\\\/company\\\/1494362\",\"https:\\\/\\\/www.youtube.com\\\/channel\\\/UCZgDzGWB2VRxaoWFUmXnk1w\"]},{\"@type\":\"Person\",\"@id\":\"https:\\\/\\\/www.interflora.se\\\/inspiration\\\/#\\\/schema\\\/person\\\/dbbd1ad45e05409c356dc639597669f2\",\"name\":\"admin\",\"image\":{\"@type\":\"ImageObject\",\"inLanguage\":\"sv-SE\",\"@id\":\"https:\\\/\\\/www.interflora.se\\\/inspiration\\\/wp-content\\\/litespeed\\\/avatar\\\/1fe3cced9e67df62d0a6f995d75823a5.jpg?ver=1777362393\",\"url\":\"https:\\\/\\\/www.interflora.se\\\/inspiration\\\/wp-content\\\/litespeed\\\/avatar\\\/1fe3cced9e67df62d0a6f995d75823a5.jpg?ver=1777362393\",\"contentUrl\":\"https:\\\/\\\/www.interflora.se\\\/inspiration\\\/wp-content\\\/litespeed\\\/avatar\\\/1fe3cced9e67df62d0a6f995d75823a5.jpg?ver=1777362393\",\"caption\":\"admin\"},\"sameAs\":[\"https:\\\/\\\/www.interflora.se\\\/inspiration\"],\"url\":\"https:\\\/\\\/www.interflora.se\\\/inspiration\\\/author\\\/admin\\\/\"}]}<\/script>\n<!-- \/ Yoast SEO plugin. -->","yoast_head_json":{"title":"Internationella kvinnodagen den 8 mars 2023 | Interflora","robots":{"index":"index","follow":"follow","max-snippet":"max-snippet:-1","max-image-preview":"max-image-preview:large","max-video-preview":"max-video-preview:-1"},"canonical":"https:\/\/www.interflora.se\/inspiration\/internationella-kvinnodagen-2023\/","og_locale":"sv_SE","og_type":"article","og_title":"Internationella kvinnodagen den 8 mars 2023 | Interflora","og_description":"F\u00f6r sj\u00e4tte \u00e5ret i rad hyllar vi och ger kvinnan lyskraft i det offentliga rummet. Tillsammans med v\u00e5ra florister smyckar [&hellip;]","og_url":"https:\/\/www.interflora.se\/inspiration\/internationella-kvinnodagen-2023\/","og_site_name":"Inspiration om blommor, krukv\u00e4xter &amp; trender | Interflora","article_publisher":"https:\/\/www.facebook.com\/InterfloraAB","article_published_time":"2023-03-08T03:27:00+00:00","article_modified_time":"2025-03-27T13:10:25+00:00","og_image":[{"width":800,"height":1000,"url":"https:\/\/www.interflora.se\/inspiration\/wp-content\/uploads\/2025\/03\/eva-lisa-holtzat-2023.jpg","type":"image\/jpeg"}],"author":"admin","twitter_card":"summary_large_image","twitter_misc":{"Skriven av":"admin","Ber\u00e4knad l\u00e4stid":"3 minuter"},"schema":{"@context":"https:\/\/schema.org","@graph":[{"@type":"Article","@id":"https:\/\/www.interflora.se\/inspiration\/internationella-kvinnodagen-2023\/#article","isPartOf":{"@id":"https:\/\/www.interflora.se\/inspiration\/internationella-kvinnodagen-2023\/"},"author":{"name":"admin","@id":"https:\/\/www.interflora.se\/inspiration\/#\/schema\/person\/dbbd1ad45e05409c356dc639597669f2"},"headline":"Internationella kvinnodagen den 8 mars 2023","datePublished":"2023-03-08T03:27:00+00:00","dateModified":"2025-03-27T13:10:25+00:00","mainEntityOfPage":{"@id":"https:\/\/www.interflora.se\/inspiration\/internationella-kvinnodagen-2023\/"},"wordCount":568,"commentCount":0,"publisher":{"@id":"https:\/\/www.interflora.se\/inspiration\/#organization"},"image":{"@id":"https:\/\/www.interflora.se\/inspiration\/internationella-kvinnodagen-2023\/#primaryimage"},"thumbnailUrl":"https:\/\/www.interflora.se\/inspiration\/wp-content\/uploads\/2025\/03\/eva-lisa-holtzat-2023.jpg","articleSection":["Senaste nytt"],"inLanguage":"sv-SE","potentialAction":[{"@type":"CommentAction","name":"Comment","target":["https:\/\/www.interflora.se\/inspiration\/internationella-kvinnodagen-2023\/#respond"]}]},{"@type":"WebPage","@id":"https:\/\/www.interflora.se\/inspiration\/internationella-kvinnodagen-2023\/","url":"https:\/\/www.interflora.se\/inspiration\/internationella-kvinnodagen-2023\/","name":"Internationella kvinnodagen den 8 mars 2023 | Interflora","isPartOf":{"@id":"https:\/\/www.interflora.se\/inspiration\/#website"},"primaryImageOfPage":{"@id":"https:\/\/www.interflora.se\/inspiration\/internationella-kvinnodagen-2023\/#primaryimage"},"image":{"@id":"https:\/\/www.interflora.se\/inspiration\/internationella-kvinnodagen-2023\/#primaryimage"},"thumbnailUrl":"https:\/\/www.interflora.se\/inspiration\/wp-content\/uploads\/2025\/03\/eva-lisa-holtzat-2023.jpg","datePublished":"2023-03-08T03:27:00+00:00","dateModified":"2025-03-27T13:10:25+00:00","breadcrumb":{"@id":"https:\/\/www.interflora.se\/inspiration\/internationella-kvinnodagen-2023\/#breadcrumb"},"inLanguage":"sv-SE","potentialAction":[{"@type":"ReadAction","target":["https:\/\/www.interflora.se\/inspiration\/internationella-kvinnodagen-2023\/"]}]},{"@type":"ImageObject","inLanguage":"sv-SE","@id":"https:\/\/www.interflora.se\/inspiration\/internationella-kvinnodagen-2023\/#primaryimage","url":"https:\/\/www.interflora.se\/inspiration\/wp-content\/uploads\/2025\/03\/eva-lisa-holtzat-2023.jpg","contentUrl":"https:\/\/www.interflora.se\/inspiration\/wp-content\/uploads\/2025\/03\/eva-lisa-holtzat-2023.jpg","width":800,"height":1000},{"@type":"BreadcrumbList","@id":"https:\/\/www.interflora.se\/inspiration\/internationella-kvinnodagen-2023\/#breadcrumb","itemListElement":[{"@type":"ListItem","position":1,"name":"Home","item":"https:\/\/www.interflora.se\/inspiration\/"},{"@type":"ListItem","position":2,"name":"Internationella kvinnodagen den 8 mars 2023"}]},{"@type":"WebSite","@id":"https:\/\/www.interflora.se\/inspiration\/#website","url":"https:\/\/www.interflora.se\/inspiration\/","name":"Interflora","description":"","publisher":{"@id":"https:\/\/www.interflora.se\/inspiration\/#organization"},"potentialAction":[{"@type":"SearchAction","target":{"@type":"EntryPoint","urlTemplate":"https:\/\/www.interflora.se\/inspiration\/?s={search_term_string}"},"query-input":{"@type":"PropertyValueSpecification","valueRequired":true,"valueName":"search_term_string"}}],"inLanguage":"sv-SE"},{"@type":"Organization","@id":"https:\/\/www.interflora.se\/inspiration\/#organization","name":"Interflora","url":"https:\/\/www.interflora.se\/inspiration\/","logo":{"@type":"ImageObject","inLanguage":"sv-SE","@id":"https:\/\/www.interflora.se\/inspiration\/#\/schema\/logo\/image\/","url":"https:\/\/www.interflora.se\/inspiration\/wp-content\/uploads\/2025\/09\/cropped-220422_INTERFLORA_Logo_rgb_Half_Top_Circle_Main_Color.avif","contentUrl":"https:\/\/www.interflora.se\/inspiration\/wp-content\/uploads\/2025\/09\/cropped-220422_INTERFLORA_Logo_rgb_Half_Top_Circle_Main_Color.avif","width":1418,"height":662,"caption":"Interflora"},"image":{"@id":"https:\/\/www.interflora.se\/inspiration\/#\/schema\/logo\/image\/"},"sameAs":["https:\/\/www.facebook.com\/InterfloraAB","https:\/\/www.instagram.com\/interflora_ab\/","https:\/\/www.linkedin.com\/company\/1494362","https:\/\/www.youtube.com\/channel\/UCZgDzGWB2VRxaoWFUmXnk1w"]},{"@type":"Person","@id":"https:\/\/www.interflora.se\/inspiration\/#\/schema\/person\/dbbd1ad45e05409c356dc639597669f2","name":"admin","image":{"@type":"ImageObject","inLanguage":"sv-SE","@id":"https:\/\/www.interflora.se\/inspiration\/wp-content\/litespeed\/avatar\/1fe3cced9e67df62d0a6f995d75823a5.jpg?ver=1777362393","url":"https:\/\/www.interflora.se\/inspiration\/wp-content\/litespeed\/avatar\/1fe3cced9e67df62d0a6f995d75823a5.jpg?ver=1777362393","contentUrl":"https:\/\/www.interflora.se\/inspiration\/wp-content\/litespeed\/avatar\/1fe3cced9e67df62d0a6f995d75823a5.jpg?ver=1777362393","caption":"admin"},"sameAs":["https:\/\/www.interflora.se\/inspiration"],"url":"https:\/\/www.interflora.se\/inspiration\/author\/admin\/"}]}},"uagb_featured_image_src":{"full":["https:\/\/www.interflora.se\/inspiration\/wp-content\/uploads\/2025\/03\/eva-lisa-holtzat-2023.jpg",800,1000,false],"thumbnail":["https:\/\/www.interflora.se\/inspiration\/wp-content\/uploads\/2025\/03\/eva-lisa-holtzat-2023-150x150.jpg",150,150,true],"medium":["https:\/\/www.interflora.se\/inspiration\/wp-content\/uploads\/2025\/03\/eva-lisa-holtzat-2023-240x300.jpg",240,300,true],"medium_large":["https:\/\/www.interflora.se\/inspiration\/wp-content\/uploads\/2025\/03\/eva-lisa-holtzat-2023-768x960.jpg",768,960,true],"large":["https:\/\/www.interflora.se\/inspiration\/wp-content\/uploads\/2025\/03\/eva-lisa-holtzat-2023.jpg",800,1000,false],"1536x1536":["https:\/\/www.interflora.se\/inspiration\/wp-content\/uploads\/2025\/03\/eva-lisa-holtzat-2023.jpg",800,1000,false],"2048x2048":["https:\/\/www.interflora.se\/inspiration\/wp-content\/uploads\/2025\/03\/eva-lisa-holtzat-2023.jpg",800,1000,false]},"uagb_author_info":{"display_name":"admin","author_link":"https:\/\/www.interflora.se\/inspiration\/author\/admin\/"},"uagb_comment_info":0,"uagb_excerpt":"F\u00f6r sj\u00e4tte \u00e5ret i rad hyllar vi och ger kvinnan lyskraft i det offentliga rummet. Tillsammans med v\u00e5ra florister smyckar [&hellip;]","_links":{"self":[{"href":"https:\/\/www.interflora.se\/inspiration\/wp-json\/wp\/v2\/posts\/280","targetHints":{"allow":["GET"]}}],"collection":[{"href":"https:\/\/www.interflora.se\/inspiration\/wp-json\/wp\/v2\/posts"}],"about":[{"href":"https:\/\/www.interflora.se\/inspiration\/wp-json\/wp\/v2\/types\/post"}],"author":[{"embeddable":true,"href":"https:\/\/www.interflora.se\/inspiration\/wp-json\/wp\/v2\/users\/1"}],"replies":[{"embeddable":true,"href":"https:\/\/www.interflora.se\/inspiration\/wp-json\/wp\/v2\/comments?post=280"}],"version-history":[{"count":1,"href":"https:\/\/www.interflora.se\/inspiration\/wp-json\/wp\/v2\/posts\/280\/revisions"}],"predecessor-version":[{"id":2190,"href":"https:\/\/www.interflora.se\/inspiration\/wp-json\/wp\/v2\/posts\/280\/revisions\/2190"}],"wp:featuredmedia":[{"embeddable":true,"href":"https:\/\/www.interflora.se\/inspiration\/wp-json\/wp\/v2\/media\/2184"}],"wp:attachment":[{"href":"https:\/\/www.interflora.se\/inspiration\/wp-json\/wp\/v2\/media?parent=280"}],"wp:term":[{"taxonomy":"category","embeddable":true,"href":"https:\/\/www.interflora.se\/inspiration\/wp-json\/wp\/v2\/categories?post=280"},{"taxonomy":"post_tag","embeddable":true,"href":"https:\/\/www.interflora.se\/inspiration\/wp-json\/wp\/v2\/tags?post=280"}],"curies":[{"name":"wp","href":"https:\/\/api.w.org\/{rel}","templated":true}]}}