{"id":273,"date":"2023-11-21T04:06:21","date_gmt":"2023-11-21T03:06:21","guid":{"rendered":"http:\/\/preprodblog.interflora.se\/blog\/?p=273"},"modified":"2025-09-26T14:19:10","modified_gmt":"2025-09-26T12:19:10","slug":"inspiration-till-brudbuketter-efter-sasong","status":"publish","type":"post","link":"https:\/\/www.interflora.se\/inspiration\/inspiration-till-brudbuketter-efter-sasong\/","title":{"rendered":"Inspiration till brudbuketter efter s\u00e4song"},"content":{"rendered":"\n<p><strong>Det \u00e4r mycket att fixa inf\u00f6r ett br\u00f6llop. Festlokal, kl\u00e4nning, mat, inbjudningskort och blommor. S\u00e4tt stilen med en vacker och personlig brudbukett! Interfloras florist Emma Svensk ger sina b\u00e4sta tips!<\/strong><\/p>\n\n\n\n<p>Idag \u00e4r brudbuketten en b\u00e5de viktig och naturlig del av brudens utstyrsel p\u00e5 br\u00f6llopsdagen, men s\u00e5 har det inte alltid varit. F\u00f6rr var blommorna fr\u00e4mst till f\u00f6r att sprida en ljuv doft och storleken p\u00e5 buketten var betydligt mindre \u00e4n idag.<\/p>\n\n\n\n<p>En&nbsp;<a href=\"https:\/\/www.remember.se\/kreditkort\/shoppa-online\/brudbuketter\/\">brudbukett<\/a>&nbsp;var ocks\u00e5 t\u00e4nkt som n\u00e5got brudgummen skulle ge till sin nyblivna hustru, medan de flesta som gifter sig idag v\u00e4ljer sina egna blomsterarrangemang.<\/p>\n\n\n\n<h2 class=\"wp-block-heading\">Vad ska man t\u00e4nka p\u00e5 n\u00e4r man k\u00f6per brudbukett?<\/h2>\n\n\n\n<p>Brudbuketten \u00e4r en personlig och vacker detalj som speglar vem du \u00e4r och d\u00e4rf\u00f6r \u00e4r det viktigt att du v\u00e4ljer n\u00e5got som du verkligen gillar, betonar Emma Svensk, florist hos Interflora.<\/p>\n\n\n\n<p>\u2013 Ni ska alltid utg\u00e5 fr\u00e5n er sj\u00e4lva. Vad vill ni som brudpar ha f\u00f6r k\u00e4nsla? Hur vill ni att det ska se ut p\u00e5 br\u00f6llopet? Det \u00e4r fint om brudbuketten h\u00e4nger ihop med \u00f6vriga arrangemang, som till exempel bordsdekorationer. Skriv ner alla \u00f6nskem\u00e5l och ta med listan till er florist.<\/p>\n\n\n\n<h2 class=\"wp-block-heading\">N\u00e4r b\u00f6r man k\u00f6pa sin bukett?<\/h2>\n\n\n\n<p>Att vara ute i god tid \u00e4r alltid bra, speciellt om man gifter sig under h\u00f6gs\u00e4song. Men mycket beror p\u00e5 vad buketten ska inneh\u00e5lla.<\/p>\n\n\n\n<p>\u2013 Om man har specifika \u00f6nskem\u00e5l n\u00e4r det g\u00e4ller sort av blommor b\u00f6r man vara ute i god tid s\u00e5 att floristen hinner unders\u00f6ka tillg\u00e4nglighet, kvalitet och r\u00e4tt f\u00e4rg. \u00c4r det stora br\u00f6llopshelger och man \u00f6nskar en speciell butik eller florist kan det \u00e4ven d\u00e5 vara bra att vara ute i god tid s\u00e5 att det inte \u00e4r fullbokat.<\/p>\n\n\n\n<h2 class=\"wp-block-heading\">Vad kostar en brudbukett?<\/h2>\n\n\n\n<p>Det finns n\u00e4stan lika m\u00e5nga varianter av buketter som det finns prisniv\u00e5er f\u00f6r blommor. Vissa blommor \u00e4r sv\u00e5rare att f\u00e5 tag p\u00e5 och blir d\u00e4rmed dyrare. Priset \u00e4r dock inte det som b\u00f6r avg\u00f6ra vad du v\u00e4ljer.<\/p>\n\n\n\n<p>\u2013 Absolut inte, \u00e4ven h\u00e4r tycker jag man ska v\u00e4lja det man gillar och det man har f\u00f6ruts\u00e4ttningar f\u00f6r, s\u00e4ger Emma.<\/p>\n\n\n\n<h2 class=\"wp-block-heading\">Popul\u00e4ra blommor<\/h2>\n\n\n\n<p>Det \u00e4r n\u00e4stan bara fantasin som s\u00e4tter stopp n\u00e4r du v\u00e4ljer din brudbukett. Finns det kanske en speciell f\u00e4rgskala du tycker om, eller n\u00e5gra andra blommor som du t\u00e4nkt ha som dekoration? Pioner, rosor och liljekonvalj \u00e4r vanliga blommor i brudbuketter.<\/p>\n\n\n\n<p>\u2013 M\u00e5nga blommor g\u00e5r att f\u00e5 tag p\u00e5 \u00e5ret om numera, men en rekommendation \u00e4r att f\u00f6lja s\u00e4songen n\u00e5gorlunda. Hon po\u00e4ngterar dock att dina egna \u00f6nskem\u00e5l \u00e4r det absolut viktigaste.<\/p>\n\n\n\n<p>\u2013 Det \u00e4r din br\u00f6llopsdag och din bukett, s\u00e5 se till att v\u00e4lja n\u00e5gon du verkligen tycker om, f\u00f6r den kommer bli ett minne f\u00f6r livet, avslutar hon.<\/p>\n","protected":false},"excerpt":{"rendered":"<p>Det \u00e4r mycket att fixa inf\u00f6r ett br\u00f6llop. Festlokal, kl\u00e4nning, mat, inbjudningskort och blommor. S\u00e4tt stilen med en vacker och [&hellip;]<\/p>\n","protected":false},"author":1,"featured_media":509,"comment_status":"open","ping_status":"open","sticky":false,"template":"","format":"standard","meta":{"_uag_custom_page_level_css":"","site-sidebar-layout":"default","site-content-layout":"","ast-site-content-layout":"default","site-content-style":"default","site-sidebar-style":"default","ast-global-header-display":"","ast-banner-title-visibility":"","ast-main-header-display":"","ast-hfb-above-header-display":"","ast-hfb-below-header-display":"","ast-hfb-mobile-header-display":"","site-post-title":"","ast-breadcrumbs-content":"","ast-featured-img":"","footer-sml-layout":"","ast-disable-related-posts":"","theme-transparent-header-meta":"","adv-header-id-meta":"","stick-header-meta":"","header-above-stick-meta":"","header-main-stick-meta":"","header-below-stick-meta":"","astra-migrate-meta-layouts":"default","ast-page-background-enabled":"default","ast-page-background-meta":{"desktop":{"background-color":"var(--ast-global-color-5)","background-image":"","background-repeat":"repeat","background-position":"center center","background-size":"auto","background-attachment":"scroll","background-type":"","background-media":"","overlay-type":"","overlay-color":"","overlay-opacity":"","overlay-gradient":""},"tablet":{"background-color":"","background-image":"","background-repeat":"repeat","background-position":"center center","background-size":"auto","background-attachment":"scroll","background-type":"","background-media":"","overlay-type":"","overlay-color":"","overlay-opacity":"","overlay-gradient":""},"mobile":{"background-color":"","background-image":"","background-repeat":"repeat","background-position":"center center","background-size":"auto","background-attachment":"scroll","background-type":"","background-media":"","overlay-type":"","overlay-color":"","overlay-opacity":"","overlay-gradient":""}},"ast-content-background-meta":{"desktop":{"background-color":"var(--ast-global-color-4)","background-image":"","background-repeat":"repeat","background-position":"center center","background-size":"auto","background-attachment":"scroll","background-type":"","background-media":"","overlay-type":"","overlay-color":"","overlay-opacity":"","overlay-gradient":""},"tablet":{"background-color":"var(--ast-global-color-4)","background-image":"","background-repeat":"repeat","background-position":"center center","background-size":"auto","background-attachment":"scroll","background-type":"","background-media":"","overlay-type":"","overlay-color":"","overlay-opacity":"","overlay-gradient":""},"mobile":{"background-color":"var(--ast-global-color-4)","background-image":"","background-repeat":"repeat","background-position":"center center","background-size":"auto","background-attachment":"scroll","background-type":"","background-media":"","overlay-type":"","overlay-color":"","overlay-opacity":"","overlay-gradient":""}},"footnotes":""},"categories":[6],"tags":[],"class_list":["post-273","post","type-post","status-publish","format-standard","has-post-thumbnail","hentry","category-hogtid-ceremoni"],"yoast_head":"<!-- This site is optimized with the Yoast SEO plugin v27.4 - https:\/\/yoast.com\/product\/yoast-seo-wordpress\/ -->\n<title>Inspiration till brudbuketter efter s\u00e4song | Interflora<\/title>\n<meta name=\"robots\" content=\"index, follow, max-snippet:-1, max-image-preview:large, max-video-preview:-1\" \/>\n<link rel=\"canonical\" href=\"https:\/\/www.interflora.se\/inspiration\/inspiration-till-brudbuketter-efter-sasong\/\" \/>\n<meta property=\"og:locale\" content=\"sv_SE\" \/>\n<meta property=\"og:type\" content=\"article\" \/>\n<meta property=\"og:title\" content=\"Inspiration till brudbuketter efter s\u00e4song | Interflora\" \/>\n<meta property=\"og:description\" content=\"Det \u00e4r mycket att fixa inf\u00f6r ett br\u00f6llop. Festlokal, kl\u00e4nning, mat, inbjudningskort och blommor. S\u00e4tt stilen med en vacker och [&hellip;]\" \/>\n<meta property=\"og:url\" content=\"https:\/\/www.interflora.se\/inspiration\/inspiration-till-brudbuketter-efter-sasong\/\" \/>\n<meta property=\"og:site_name\" content=\"Inspiration om blommor, krukv\u00e4xter &amp; trender | Interflora\" \/>\n<meta property=\"article:publisher\" content=\"https:\/\/www.facebook.com\/InterfloraAB\" \/>\n<meta property=\"article:published_time\" content=\"2023-11-21T03:06:21+00:00\" \/>\n<meta property=\"article:modified_time\" content=\"2025-09-26T12:19:10+00:00\" \/>\n<meta property=\"og:image\" content=\"https:\/\/www.interflora.se\/inspiration\/wp-content\/uploads\/2025\/03\/brollop-brollopsblommor-brudbukett-corsage-sasong-interflora.jpg\" \/>\n\t<meta property=\"og:image:width\" content=\"1200\" \/>\n\t<meta property=\"og:image:height\" content=\"800\" \/>\n\t<meta property=\"og:image:type\" content=\"image\/jpeg\" \/>\n<meta name=\"author\" content=\"admin\" \/>\n<meta name=\"twitter:card\" content=\"summary_large_image\" \/>\n<meta name=\"twitter:label1\" content=\"Skriven av\" \/>\n\t<meta name=\"twitter:data1\" content=\"admin\" \/>\n\t<meta name=\"twitter:label2\" content=\"Ber\u00e4knad l\u00e4stid\" \/>\n\t<meta name=\"twitter:data2\" content=\"3 minuter\" \/>\n<script type=\"application\/ld+json\" class=\"yoast-schema-graph\">{\"@context\":\"https:\\\/\\\/schema.org\",\"@graph\":[{\"@type\":\"Article\",\"@id\":\"https:\\\/\\\/www.interflora.se\\\/inspiration\\\/inspiration-till-brudbuketter-efter-sasong\\\/#article\",\"isPartOf\":{\"@id\":\"https:\\\/\\\/www.interflora.se\\\/inspiration\\\/inspiration-till-brudbuketter-efter-sasong\\\/\"},\"author\":{\"name\":\"admin\",\"@id\":\"https:\\\/\\\/www.interflora.se\\\/inspiration\\\/#\\\/schema\\\/person\\\/dbbd1ad45e05409c356dc639597669f2\"},\"headline\":\"Inspiration till brudbuketter efter s\u00e4song\",\"datePublished\":\"2023-11-21T03:06:21+00:00\",\"dateModified\":\"2025-09-26T12:19:10+00:00\",\"mainEntityOfPage\":{\"@id\":\"https:\\\/\\\/www.interflora.se\\\/inspiration\\\/inspiration-till-brudbuketter-efter-sasong\\\/\"},\"wordCount\":519,\"commentCount\":0,\"publisher\":{\"@id\":\"https:\\\/\\\/www.interflora.se\\\/inspiration\\\/#organization\"},\"image\":{\"@id\":\"https:\\\/\\\/www.interflora.se\\\/inspiration\\\/inspiration-till-brudbuketter-efter-sasong\\\/#primaryimage\"},\"thumbnailUrl\":\"https:\\\/\\\/www.interflora.se\\\/inspiration\\\/wp-content\\\/uploads\\\/2025\\\/03\\\/brollop-brollopsblommor-brudbukett-corsage-sasong-interflora.jpg\",\"articleSection\":[\"H\u00f6gtid &amp; ceremoni\"],\"inLanguage\":\"sv-SE\",\"potentialAction\":[{\"@type\":\"CommentAction\",\"name\":\"Comment\",\"target\":[\"https:\\\/\\\/www.interflora.se\\\/inspiration\\\/inspiration-till-brudbuketter-efter-sasong\\\/#respond\"]}]},{\"@type\":\"WebPage\",\"@id\":\"https:\\\/\\\/www.interflora.se\\\/inspiration\\\/inspiration-till-brudbuketter-efter-sasong\\\/\",\"url\":\"https:\\\/\\\/www.interflora.se\\\/inspiration\\\/inspiration-till-brudbuketter-efter-sasong\\\/\",\"name\":\"Inspiration till brudbuketter efter s\u00e4song | Interflora\",\"isPartOf\":{\"@id\":\"https:\\\/\\\/www.interflora.se\\\/inspiration\\\/#website\"},\"primaryImageOfPage\":{\"@id\":\"https:\\\/\\\/www.interflora.se\\\/inspiration\\\/inspiration-till-brudbuketter-efter-sasong\\\/#primaryimage\"},\"image\":{\"@id\":\"https:\\\/\\\/www.interflora.se\\\/inspiration\\\/inspiration-till-brudbuketter-efter-sasong\\\/#primaryimage\"},\"thumbnailUrl\":\"https:\\\/\\\/www.interflora.se\\\/inspiration\\\/wp-content\\\/uploads\\\/2025\\\/03\\\/brollop-brollopsblommor-brudbukett-corsage-sasong-interflora.jpg\",\"datePublished\":\"2023-11-21T03:06:21+00:00\",\"dateModified\":\"2025-09-26T12:19:10+00:00\",\"breadcrumb\":{\"@id\":\"https:\\\/\\\/www.interflora.se\\\/inspiration\\\/inspiration-till-brudbuketter-efter-sasong\\\/#breadcrumb\"},\"inLanguage\":\"sv-SE\",\"potentialAction\":[{\"@type\":\"ReadAction\",\"target\":[\"https:\\\/\\\/www.interflora.se\\\/inspiration\\\/inspiration-till-brudbuketter-efter-sasong\\\/\"]}]},{\"@type\":\"ImageObject\",\"inLanguage\":\"sv-SE\",\"@id\":\"https:\\\/\\\/www.interflora.se\\\/inspiration\\\/inspiration-till-brudbuketter-efter-sasong\\\/#primaryimage\",\"url\":\"https:\\\/\\\/www.interflora.se\\\/inspiration\\\/wp-content\\\/uploads\\\/2025\\\/03\\\/brollop-brollopsblommor-brudbukett-corsage-sasong-interflora.jpg\",\"contentUrl\":\"https:\\\/\\\/www.interflora.se\\\/inspiration\\\/wp-content\\\/uploads\\\/2025\\\/03\\\/brollop-brollopsblommor-brudbukett-corsage-sasong-interflora.jpg\",\"width\":1200,\"height\":800},{\"@type\":\"BreadcrumbList\",\"@id\":\"https:\\\/\\\/www.interflora.se\\\/inspiration\\\/inspiration-till-brudbuketter-efter-sasong\\\/#breadcrumb\",\"itemListElement\":[{\"@type\":\"ListItem\",\"position\":1,\"name\":\"Home\",\"item\":\"https:\\\/\\\/www.interflora.se\\\/inspiration\\\/\"},{\"@type\":\"ListItem\",\"position\":2,\"name\":\"Inspiration till brudbuketter efter s\u00e4song\"}]},{\"@type\":\"WebSite\",\"@id\":\"https:\\\/\\\/www.interflora.se\\\/inspiration\\\/#website\",\"url\":\"https:\\\/\\\/www.interflora.se\\\/inspiration\\\/\",\"name\":\"Interflora\",\"description\":\"\",\"publisher\":{\"@id\":\"https:\\\/\\\/www.interflora.se\\\/inspiration\\\/#organization\"},\"potentialAction\":[{\"@type\":\"SearchAction\",\"target\":{\"@type\":\"EntryPoint\",\"urlTemplate\":\"https:\\\/\\\/www.interflora.se\\\/inspiration\\\/?s={search_term_string}\"},\"query-input\":{\"@type\":\"PropertyValueSpecification\",\"valueRequired\":true,\"valueName\":\"search_term_string\"}}],\"inLanguage\":\"sv-SE\"},{\"@type\":\"Organization\",\"@id\":\"https:\\\/\\\/www.interflora.se\\\/inspiration\\\/#organization\",\"name\":\"Interflora\",\"url\":\"https:\\\/\\\/www.interflora.se\\\/inspiration\\\/\",\"logo\":{\"@type\":\"ImageObject\",\"inLanguage\":\"sv-SE\",\"@id\":\"https:\\\/\\\/www.interflora.se\\\/inspiration\\\/#\\\/schema\\\/logo\\\/image\\\/\",\"url\":\"https:\\\/\\\/www.interflora.se\\\/inspiration\\\/wp-content\\\/uploads\\\/2025\\\/09\\\/cropped-220422_INTERFLORA_Logo_rgb_Half_Top_Circle_Main_Color.avif\",\"contentUrl\":\"https:\\\/\\\/www.interflora.se\\\/inspiration\\\/wp-content\\\/uploads\\\/2025\\\/09\\\/cropped-220422_INTERFLORA_Logo_rgb_Half_Top_Circle_Main_Color.avif\",\"width\":1418,\"height\":662,\"caption\":\"Interflora\"},\"image\":{\"@id\":\"https:\\\/\\\/www.interflora.se\\\/inspiration\\\/#\\\/schema\\\/logo\\\/image\\\/\"},\"sameAs\":[\"https:\\\/\\\/www.facebook.com\\\/InterfloraAB\",\"https:\\\/\\\/www.instagram.com\\\/interflora_ab\\\/\",\"https:\\\/\\\/www.linkedin.com\\\/company\\\/1494362\",\"https:\\\/\\\/www.youtube.com\\\/channel\\\/UCZgDzGWB2VRxaoWFUmXnk1w\"]},{\"@type\":\"Person\",\"@id\":\"https:\\\/\\\/www.interflora.se\\\/inspiration\\\/#\\\/schema\\\/person\\\/dbbd1ad45e05409c356dc639597669f2\",\"name\":\"admin\",\"image\":{\"@type\":\"ImageObject\",\"inLanguage\":\"sv-SE\",\"@id\":\"https:\\\/\\\/www.interflora.se\\\/inspiration\\\/wp-content\\\/litespeed\\\/avatar\\\/1fe3cced9e67df62d0a6f995d75823a5.jpg?ver=1777362393\",\"url\":\"https:\\\/\\\/www.interflora.se\\\/inspiration\\\/wp-content\\\/litespeed\\\/avatar\\\/1fe3cced9e67df62d0a6f995d75823a5.jpg?ver=1777362393\",\"contentUrl\":\"https:\\\/\\\/www.interflora.se\\\/inspiration\\\/wp-content\\\/litespeed\\\/avatar\\\/1fe3cced9e67df62d0a6f995d75823a5.jpg?ver=1777362393\",\"caption\":\"admin\"},\"sameAs\":[\"https:\\\/\\\/www.interflora.se\\\/inspiration\"],\"url\":\"https:\\\/\\\/www.interflora.se\\\/inspiration\\\/author\\\/admin\\\/\"}]}<\/script>\n<!-- \/ Yoast SEO plugin. -->","yoast_head_json":{"title":"Inspiration till brudbuketter efter s\u00e4song | Interflora","robots":{"index":"index","follow":"follow","max-snippet":"max-snippet:-1","max-image-preview":"max-image-preview:large","max-video-preview":"max-video-preview:-1"},"canonical":"https:\/\/www.interflora.se\/inspiration\/inspiration-till-brudbuketter-efter-sasong\/","og_locale":"sv_SE","og_type":"article","og_title":"Inspiration till brudbuketter efter s\u00e4song | Interflora","og_description":"Det \u00e4r mycket att fixa inf\u00f6r ett br\u00f6llop. Festlokal, kl\u00e4nning, mat, inbjudningskort och blommor. S\u00e4tt stilen med en vacker och [&hellip;]","og_url":"https:\/\/www.interflora.se\/inspiration\/inspiration-till-brudbuketter-efter-sasong\/","og_site_name":"Inspiration om blommor, krukv\u00e4xter &amp; trender | Interflora","article_publisher":"https:\/\/www.facebook.com\/InterfloraAB","article_published_time":"2023-11-21T03:06:21+00:00","article_modified_time":"2025-09-26T12:19:10+00:00","og_image":[{"width":1200,"height":800,"url":"https:\/\/www.interflora.se\/inspiration\/wp-content\/uploads\/2025\/03\/brollop-brollopsblommor-brudbukett-corsage-sasong-interflora.jpg","type":"image\/jpeg"}],"author":"admin","twitter_card":"summary_large_image","twitter_misc":{"Skriven av":"admin","Ber\u00e4knad l\u00e4stid":"3 minuter"},"schema":{"@context":"https:\/\/schema.org","@graph":[{"@type":"Article","@id":"https:\/\/www.interflora.se\/inspiration\/inspiration-till-brudbuketter-efter-sasong\/#article","isPartOf":{"@id":"https:\/\/www.interflora.se\/inspiration\/inspiration-till-brudbuketter-efter-sasong\/"},"author":{"name":"admin","@id":"https:\/\/www.interflora.se\/inspiration\/#\/schema\/person\/dbbd1ad45e05409c356dc639597669f2"},"headline":"Inspiration till brudbuketter efter s\u00e4song","datePublished":"2023-11-21T03:06:21+00:00","dateModified":"2025-09-26T12:19:10+00:00","mainEntityOfPage":{"@id":"https:\/\/www.interflora.se\/inspiration\/inspiration-till-brudbuketter-efter-sasong\/"},"wordCount":519,"commentCount":0,"publisher":{"@id":"https:\/\/www.interflora.se\/inspiration\/#organization"},"image":{"@id":"https:\/\/www.interflora.se\/inspiration\/inspiration-till-brudbuketter-efter-sasong\/#primaryimage"},"thumbnailUrl":"https:\/\/www.interflora.se\/inspiration\/wp-content\/uploads\/2025\/03\/brollop-brollopsblommor-brudbukett-corsage-sasong-interflora.jpg","articleSection":["H\u00f6gtid &amp; ceremoni"],"inLanguage":"sv-SE","potentialAction":[{"@type":"CommentAction","name":"Comment","target":["https:\/\/www.interflora.se\/inspiration\/inspiration-till-brudbuketter-efter-sasong\/#respond"]}]},{"@type":"WebPage","@id":"https:\/\/www.interflora.se\/inspiration\/inspiration-till-brudbuketter-efter-sasong\/","url":"https:\/\/www.interflora.se\/inspiration\/inspiration-till-brudbuketter-efter-sasong\/","name":"Inspiration till brudbuketter efter s\u00e4song | Interflora","isPartOf":{"@id":"https:\/\/www.interflora.se\/inspiration\/#website"},"primaryImageOfPage":{"@id":"https:\/\/www.interflora.se\/inspiration\/inspiration-till-brudbuketter-efter-sasong\/#primaryimage"},"image":{"@id":"https:\/\/www.interflora.se\/inspiration\/inspiration-till-brudbuketter-efter-sasong\/#primaryimage"},"thumbnailUrl":"https:\/\/www.interflora.se\/inspiration\/wp-content\/uploads\/2025\/03\/brollop-brollopsblommor-brudbukett-corsage-sasong-interflora.jpg","datePublished":"2023-11-21T03:06:21+00:00","dateModified":"2025-09-26T12:19:10+00:00","breadcrumb":{"@id":"https:\/\/www.interflora.se\/inspiration\/inspiration-till-brudbuketter-efter-sasong\/#breadcrumb"},"inLanguage":"sv-SE","potentialAction":[{"@type":"ReadAction","target":["https:\/\/www.interflora.se\/inspiration\/inspiration-till-brudbuketter-efter-sasong\/"]}]},{"@type":"ImageObject","inLanguage":"sv-SE","@id":"https:\/\/www.interflora.se\/inspiration\/inspiration-till-brudbuketter-efter-sasong\/#primaryimage","url":"https:\/\/www.interflora.se\/inspiration\/wp-content\/uploads\/2025\/03\/brollop-brollopsblommor-brudbukett-corsage-sasong-interflora.jpg","contentUrl":"https:\/\/www.interflora.se\/inspiration\/wp-content\/uploads\/2025\/03\/brollop-brollopsblommor-brudbukett-corsage-sasong-interflora.jpg","width":1200,"height":800},{"@type":"BreadcrumbList","@id":"https:\/\/www.interflora.se\/inspiration\/inspiration-till-brudbuketter-efter-sasong\/#breadcrumb","itemListElement":[{"@type":"ListItem","position":1,"name":"Home","item":"https:\/\/www.interflora.se\/inspiration\/"},{"@type":"ListItem","position":2,"name":"Inspiration till brudbuketter efter s\u00e4song"}]},{"@type":"WebSite","@id":"https:\/\/www.interflora.se\/inspiration\/#website","url":"https:\/\/www.interflora.se\/inspiration\/","name":"Interflora","description":"","publisher":{"@id":"https:\/\/www.interflora.se\/inspiration\/#organization"},"potentialAction":[{"@type":"SearchAction","target":{"@type":"EntryPoint","urlTemplate":"https:\/\/www.interflora.se\/inspiration\/?s={search_term_string}"},"query-input":{"@type":"PropertyValueSpecification","valueRequired":true,"valueName":"search_term_string"}}],"inLanguage":"sv-SE"},{"@type":"Organization","@id":"https:\/\/www.interflora.se\/inspiration\/#organization","name":"Interflora","url":"https:\/\/www.interflora.se\/inspiration\/","logo":{"@type":"ImageObject","inLanguage":"sv-SE","@id":"https:\/\/www.interflora.se\/inspiration\/#\/schema\/logo\/image\/","url":"https:\/\/www.interflora.se\/inspiration\/wp-content\/uploads\/2025\/09\/cropped-220422_INTERFLORA_Logo_rgb_Half_Top_Circle_Main_Color.avif","contentUrl":"https:\/\/www.interflora.se\/inspiration\/wp-content\/uploads\/2025\/09\/cropped-220422_INTERFLORA_Logo_rgb_Half_Top_Circle_Main_Color.avif","width":1418,"height":662,"caption":"Interflora"},"image":{"@id":"https:\/\/www.interflora.se\/inspiration\/#\/schema\/logo\/image\/"},"sameAs":["https:\/\/www.facebook.com\/InterfloraAB","https:\/\/www.instagram.com\/interflora_ab\/","https:\/\/www.linkedin.com\/company\/1494362","https:\/\/www.youtube.com\/channel\/UCZgDzGWB2VRxaoWFUmXnk1w"]},{"@type":"Person","@id":"https:\/\/www.interflora.se\/inspiration\/#\/schema\/person\/dbbd1ad45e05409c356dc639597669f2","name":"admin","image":{"@type":"ImageObject","inLanguage":"sv-SE","@id":"https:\/\/www.interflora.se\/inspiration\/wp-content\/litespeed\/avatar\/1fe3cced9e67df62d0a6f995d75823a5.jpg?ver=1777362393","url":"https:\/\/www.interflora.se\/inspiration\/wp-content\/litespeed\/avatar\/1fe3cced9e67df62d0a6f995d75823a5.jpg?ver=1777362393","contentUrl":"https:\/\/www.interflora.se\/inspiration\/wp-content\/litespeed\/avatar\/1fe3cced9e67df62d0a6f995d75823a5.jpg?ver=1777362393","caption":"admin"},"sameAs":["https:\/\/www.interflora.se\/inspiration"],"url":"https:\/\/www.interflora.se\/inspiration\/author\/admin\/"}]}},"uagb_featured_image_src":{"full":["https:\/\/www.interflora.se\/inspiration\/wp-content\/uploads\/2025\/03\/brollop-brollopsblommor-brudbukett-corsage-sasong-interflora.jpg",1200,800,false],"thumbnail":["https:\/\/www.interflora.se\/inspiration\/wp-content\/uploads\/2025\/03\/brollop-brollopsblommor-brudbukett-corsage-sasong-interflora-150x150.jpg",150,150,true],"medium":["https:\/\/www.interflora.se\/inspiration\/wp-content\/uploads\/2025\/03\/brollop-brollopsblommor-brudbukett-corsage-sasong-interflora-300x200.jpg",300,200,true],"medium_large":["https:\/\/www.interflora.se\/inspiration\/wp-content\/uploads\/2025\/03\/brollop-brollopsblommor-brudbukett-corsage-sasong-interflora-768x512.jpg",768,512,true],"large":["https:\/\/www.interflora.se\/inspiration\/wp-content\/uploads\/2025\/03\/brollop-brollopsblommor-brudbukett-corsage-sasong-interflora-1024x683.jpg",1024,683,true],"1536x1536":["https:\/\/www.interflora.se\/inspiration\/wp-content\/uploads\/2025\/03\/brollop-brollopsblommor-brudbukett-corsage-sasong-interflora.jpg",1200,800,false],"2048x2048":["https:\/\/www.interflora.se\/inspiration\/wp-content\/uploads\/2025\/03\/brollop-brollopsblommor-brudbukett-corsage-sasong-interflora.jpg",1200,800,false]},"uagb_author_info":{"display_name":"admin","author_link":"https:\/\/www.interflora.se\/inspiration\/author\/admin\/"},"uagb_comment_info":0,"uagb_excerpt":"Det \u00e4r mycket att fixa inf\u00f6r ett br\u00f6llop. Festlokal, kl\u00e4nning, mat, inbjudningskort och blommor. S\u00e4tt stilen med en vacker och [&hellip;]","_links":{"self":[{"href":"https:\/\/www.interflora.se\/inspiration\/wp-json\/wp\/v2\/posts\/273","targetHints":{"allow":["GET"]}}],"collection":[{"href":"https:\/\/www.interflora.se\/inspiration\/wp-json\/wp\/v2\/posts"}],"about":[{"href":"https:\/\/www.interflora.se\/inspiration\/wp-json\/wp\/v2\/types\/post"}],"author":[{"embeddable":true,"href":"https:\/\/www.interflora.se\/inspiration\/wp-json\/wp\/v2\/users\/1"}],"replies":[{"embeddable":true,"href":"https:\/\/www.interflora.se\/inspiration\/wp-json\/wp\/v2\/comments?post=273"}],"version-history":[{"count":1,"href":"https:\/\/www.interflora.se\/inspiration\/wp-json\/wp\/v2\/posts\/273\/revisions"}],"predecessor-version":[{"id":1962,"href":"https:\/\/www.interflora.se\/inspiration\/wp-json\/wp\/v2\/posts\/273\/revisions\/1962"}],"wp:featuredmedia":[{"embeddable":true,"href":"https:\/\/www.interflora.se\/inspiration\/wp-json\/wp\/v2\/media\/509"}],"wp:attachment":[{"href":"https:\/\/www.interflora.se\/inspiration\/wp-json\/wp\/v2\/media?parent=273"}],"wp:term":[{"taxonomy":"category","embeddable":true,"href":"https:\/\/www.interflora.se\/inspiration\/wp-json\/wp\/v2\/categories?post=273"},{"taxonomy":"post_tag","embeddable":true,"href":"https:\/\/www.interflora.se\/inspiration\/wp-json\/wp\/v2\/tags?post=273"}],"curies":[{"name":"wp","href":"https:\/\/api.w.org\/{rel}","templated":true}]}}