{"id":260,"date":"2025-07-21T22:13:45","date_gmt":"2025-07-21T20:13:45","guid":{"rendered":"http:\/\/preprodblog.interflora.se\/blog\/?p=260"},"modified":"2025-09-26T10:43:12","modified_gmt":"2025-09-26T08:43:12","slug":"hitta-ratt-vaxter-till-din-balkong","status":"publish","type":"post","link":"https:\/\/www.interflora.se\/inspiration\/hitta-ratt-vaxter-till-din-balkong\/","title":{"rendered":"Hitta r\u00e4tt v\u00e4xter till balkong &#038; uteplats"},"content":{"rendered":"\n<p>N\u00e4r v\u00e4rmen och solen ger sig tillk\u00e4nna p\u00e5 v\u00e5ren och sommaren \u00e4r det h\u00e4rligt att flytta ut. Blommor och v\u00e4xter p\u00e5 balkong och uteplats skapar en f\u00f6rtrollande atmosf\u00e4r som f\u00f6rgyller varje \u00f6gonblick. Med f\u00e4rgglada blommor och frodig gr\u00f6nska ger det en k\u00e4nsla av liv och gl\u00e4dje. Vi ger dig h\u00e4r tips p\u00e5 vilka blommor som passar just din balkong eller uteplats utefter soll\u00e4ge.<\/p>\n\n\n\n<p><a href=\"https:\/\/www.interflora.se\/home\/utevaxter\/\">Best\u00e4ll hem utev\u00e4xter<\/a><\/p>\n\n\n\n<figure class=\"wp-block-image size-large\"><img decoding=\"async\" src=\"https:\/\/www.interflora.se\/inspiration\/wp-content\/uploads\/2025\/03\/vaxter-till-balkong-sol-liggande.jpg\" alt=\"\"\/><\/figure>\n\n\n\n<h2 class=\"wp-block-heading\"><br>Sommarblommor till balkong och uteplats i sol<\/h2>\n\n\n\n<p>Har du en balkong eller uteplats i s\u00f6derl\u00e4ge som st\u00f6rre delen av dagen t\u00e4cks av sol beh\u00f6ver du v\u00e4lja blommor och v\u00e4xter som trivs bra i v\u00e4rmen. Solen g\u00f6r det \u00e4ven gynnsamt att odla kryddor, b\u00e4r och gr\u00f6nsaker.<\/p>\n\n\n\n<h3 class=\"wp-block-heading\">V\u00e4xter som trivs bra i solen:<\/h3>\n\n\n\n<ul class=\"wp-block-list\">\n<li><a href=\"https:\/\/www.interflora.se\/home\/utevaxter\/olivtrad-45-cm\/\">Olivtr\u00e4d<\/a><\/li>\n\n\n\n<li><a href=\"https:\/\/www.interflora.se\/home\/krukvaxter\/alla-krukvaxter\/rosa-pelargon-i-kruka-28bebe74\/\">Pelargon<\/a><\/li>\n\n\n\n<li>Citrustr\u00e4d<\/li>\n\n\n\n<li>Prydnadsgr\u00e4s<\/li>\n\n\n\n<li>Stj\u00e4rn\u00f6ga<\/li>\n\n\n\n<li>Sn\u00f6flinga<\/li>\n\n\n\n<li>Sommardahlia<\/li>\n\n\n\n<li>J\u00e4tteverbena<\/li>\n\n\n\n<li>Verbena<\/li>\n\n\n\n<li><a href=\"https:\/\/www.interflora.se\/home\/utevaxter\/fikontrad\/\">Fikontr\u00e4d<\/a><\/li>\n<\/ul>\n\n\n\n<figure class=\"wp-block-image size-large\"><img decoding=\"async\" src=\"https:\/\/www.interflora.se\/inspiration\/wp-content\/uploads\/2025\/03\/vaxter-till-balkong-skugga-liggande.jpg\" alt=\"\"\/><\/figure>\n\n\n\n<h2 class=\"wp-block-heading\">&nbsp;<\/h2>\n\n\n\n<h2 class=\"wp-block-heading\"><br>Sommarblommor till balkong och uteplats i skugga<\/h2>\n\n\n\n<p>P\u00e5 en svalkande balkong i skuggigt norrl\u00e4ge kan du fylla med blommor och v\u00e4xter f\u00f6r att skapa ett h\u00e4rligt uterum i sommar. M\u00e5nga v\u00e4xter trivs p\u00e5 en mer skuggig plats, men blomningen kan bli lite mer sparsam \u00e4n p\u00e5 en solig plats. F\u00f6rutom nedan v\u00e4xter kan du \u00e4ven flytta ut dina gr\u00f6na&nbsp;inomhusv\u00e4xter under sommarm\u00e5naderna.<\/p>\n\n\n\n<h3 class=\"wp-block-heading\">V\u00e4xter som trivs bra i skuggigt l\u00e4ge:<\/h3>\n\n\n\n<ul class=\"wp-block-list\">\n<li>Lyckliga Lotta<\/li>\n\n\n\n<li>Silvernjurvinda<\/li>\n\n\n\n<li><a href=\"https:\/\/www.interflora.se\/home\/krukvaxter\/alla-krukvaxter\/palettblad\/\">Palettblad<\/a><\/li>\n\n\n\n<li>Blomstertobak<\/li>\n\n\n\n<li>Petunia<\/li>\n\n\n\n<li>Femtunga<\/li>\n\n\n\n<li><a href=\"https:\/\/www.interflora.se\/home\/krukvaxter\/alla-krukvaxter\/murgrona-70-cm\/\">Murgr\u00f6na<\/a><\/li>\n\n\n\n<li>Rosensk\u00e4ra<\/li>\n\n\n\n<li>Surfinia<\/li>\n<\/ul>\n","protected":false},"excerpt":{"rendered":"<p>N\u00e4r v\u00e4rmen och solen ger sig tillk\u00e4nna p\u00e5 v\u00e5ren och sommaren \u00e4r det h\u00e4rligt att flytta ut. Blommor och v\u00e4xter [&hellip;]<\/p>\n","protected":false},"author":1,"featured_media":2356,"comment_status":"open","ping_status":"open","sticky":false,"template":"","format":"standard","meta":{"_uag_custom_page_level_css":"","site-sidebar-layout":"default","site-content-layout":"","ast-site-content-layout":"default","site-content-style":"default","site-sidebar-style":"default","ast-global-header-display":"","ast-banner-title-visibility":"","ast-main-header-display":"","ast-hfb-above-header-display":"","ast-hfb-below-header-display":"","ast-hfb-mobile-header-display":"","site-post-title":"","ast-breadcrumbs-content":"","ast-featured-img":"","footer-sml-layout":"","ast-disable-related-posts":"","theme-transparent-header-meta":"","adv-header-id-meta":"","stick-header-meta":"","header-above-stick-meta":"","header-main-stick-meta":"","header-below-stick-meta":"","astra-migrate-meta-layouts":"default","ast-page-background-enabled":"default","ast-page-background-meta":{"desktop":{"background-color":"var(--ast-global-color-5)","background-image":"","background-repeat":"repeat","background-position":"center center","background-size":"auto","background-attachment":"scroll","background-type":"","background-media":"","overlay-type":"","overlay-color":"","overlay-opacity":"","overlay-gradient":""},"tablet":{"background-color":"","background-image":"","background-repeat":"repeat","background-position":"center center","background-size":"auto","background-attachment":"scroll","background-type":"","background-media":"","overlay-type":"","overlay-color":"","overlay-opacity":"","overlay-gradient":""},"mobile":{"background-color":"","background-image":"","background-repeat":"repeat","background-position":"center center","background-size":"auto","background-attachment":"scroll","background-type":"","background-media":"","overlay-type":"","overlay-color":"","overlay-opacity":"","overlay-gradient":""}},"ast-content-background-meta":{"desktop":{"background-color":"var(--ast-global-color-4)","background-image":"","background-repeat":"repeat","background-position":"center center","background-size":"auto","background-attachment":"scroll","background-type":"","background-media":"","overlay-type":"","overlay-color":"","overlay-opacity":"","overlay-gradient":""},"tablet":{"background-color":"var(--ast-global-color-4)","background-image":"","background-repeat":"repeat","background-position":"center center","background-size":"auto","background-attachment":"scroll","background-type":"","background-media":"","overlay-type":"","overlay-color":"","overlay-opacity":"","overlay-gradient":""},"mobile":{"background-color":"var(--ast-global-color-4)","background-image":"","background-repeat":"repeat","background-position":"center center","background-size":"auto","background-attachment":"scroll","background-type":"","background-media":"","overlay-type":"","overlay-color":"","overlay-opacity":"","overlay-gradient":""}},"footnotes":""},"categories":[4],"tags":[],"class_list":["post-260","post","type-post","status-publish","format-standard","has-post-thumbnail","hentry","category-tips"],"yoast_head":"<!-- This site is optimized with the Yoast SEO plugin v27.4 - https:\/\/yoast.com\/product\/yoast-seo-wordpress\/ -->\n<title>Hitta r\u00e4tt v\u00e4xter till balkong &amp; uteplats | Interflora<\/title>\n<meta name=\"robots\" content=\"index, follow, max-snippet:-1, max-image-preview:large, max-video-preview:-1\" \/>\n<link rel=\"canonical\" href=\"https:\/\/www.interflora.se\/inspiration\/hitta-ratt-vaxter-till-din-balkong\/\" \/>\n<meta property=\"og:locale\" content=\"sv_SE\" \/>\n<meta property=\"og:type\" content=\"article\" \/>\n<meta property=\"og:title\" content=\"Hitta r\u00e4tt v\u00e4xter till balkong &amp; uteplats | Interflora\" \/>\n<meta property=\"og:description\" content=\"N\u00e4r v\u00e4rmen och solen ger sig tillk\u00e4nna p\u00e5 v\u00e5ren och sommaren \u00e4r det h\u00e4rligt att flytta ut. Blommor och v\u00e4xter [&hellip;]\" \/>\n<meta property=\"og:url\" content=\"https:\/\/www.interflora.se\/inspiration\/hitta-ratt-vaxter-till-din-balkong\/\" \/>\n<meta property=\"og:site_name\" content=\"Inspiration om blommor, krukv\u00e4xter &amp; trender | Interflora\" \/>\n<meta property=\"article:publisher\" content=\"https:\/\/www.facebook.com\/InterfloraAB\" \/>\n<meta property=\"article:published_time\" content=\"2025-07-21T20:13:45+00:00\" \/>\n<meta property=\"article:modified_time\" content=\"2025-09-26T08:43:12+00:00\" \/>\n<meta property=\"og:image\" content=\"https:\/\/www.interflora.se\/inspiration\/wp-content\/uploads\/2025\/03\/vaxter-till-balkong-sol-liggande.jpg\" \/>\n\t<meta property=\"og:image:width\" content=\"1200\" \/>\n\t<meta property=\"og:image:height\" content=\"800\" \/>\n\t<meta property=\"og:image:type\" content=\"image\/jpeg\" \/>\n<meta name=\"author\" content=\"admin\" \/>\n<meta name=\"twitter:card\" content=\"summary_large_image\" \/>\n<meta name=\"twitter:label1\" content=\"Skriven av\" \/>\n\t<meta name=\"twitter:data1\" content=\"admin\" \/>\n\t<meta name=\"twitter:label2\" content=\"Ber\u00e4knad l\u00e4stid\" \/>\n\t<meta name=\"twitter:data2\" content=\"1 minut\" \/>\n<script type=\"application\/ld+json\" class=\"yoast-schema-graph\">{\"@context\":\"https:\\\/\\\/schema.org\",\"@graph\":[{\"@type\":\"Article\",\"@id\":\"https:\\\/\\\/www.interflora.se\\\/inspiration\\\/hitta-ratt-vaxter-till-din-balkong\\\/#article\",\"isPartOf\":{\"@id\":\"https:\\\/\\\/www.interflora.se\\\/inspiration\\\/hitta-ratt-vaxter-till-din-balkong\\\/\"},\"author\":{\"name\":\"admin\",\"@id\":\"https:\\\/\\\/www.interflora.se\\\/inspiration\\\/#\\\/schema\\\/person\\\/dbbd1ad45e05409c356dc639597669f2\"},\"headline\":\"Hitta r\u00e4tt v\u00e4xter till balkong &#038; uteplats\",\"datePublished\":\"2025-07-21T20:13:45+00:00\",\"dateModified\":\"2025-09-26T08:43:12+00:00\",\"mainEntityOfPage\":{\"@id\":\"https:\\\/\\\/www.interflora.se\\\/inspiration\\\/hitta-ratt-vaxter-till-din-balkong\\\/\"},\"wordCount\":268,\"commentCount\":0,\"publisher\":{\"@id\":\"https:\\\/\\\/www.interflora.se\\\/inspiration\\\/#organization\"},\"image\":{\"@id\":\"https:\\\/\\\/www.interflora.se\\\/inspiration\\\/hitta-ratt-vaxter-till-din-balkong\\\/#primaryimage\"},\"thumbnailUrl\":\"https:\\\/\\\/www.interflora.se\\\/inspiration\\\/wp-content\\\/uploads\\\/2025\\\/03\\\/vaxter-till-balkong-sol-liggande.jpg\",\"articleSection\":[\"Tips\"],\"inLanguage\":\"sv-SE\",\"potentialAction\":[{\"@type\":\"CommentAction\",\"name\":\"Comment\",\"target\":[\"https:\\\/\\\/www.interflora.se\\\/inspiration\\\/hitta-ratt-vaxter-till-din-balkong\\\/#respond\"]}]},{\"@type\":\"WebPage\",\"@id\":\"https:\\\/\\\/www.interflora.se\\\/inspiration\\\/hitta-ratt-vaxter-till-din-balkong\\\/\",\"url\":\"https:\\\/\\\/www.interflora.se\\\/inspiration\\\/hitta-ratt-vaxter-till-din-balkong\\\/\",\"name\":\"Hitta r\u00e4tt v\u00e4xter till balkong & uteplats | Interflora\",\"isPartOf\":{\"@id\":\"https:\\\/\\\/www.interflora.se\\\/inspiration\\\/#website\"},\"primaryImageOfPage\":{\"@id\":\"https:\\\/\\\/www.interflora.se\\\/inspiration\\\/hitta-ratt-vaxter-till-din-balkong\\\/#primaryimage\"},\"image\":{\"@id\":\"https:\\\/\\\/www.interflora.se\\\/inspiration\\\/hitta-ratt-vaxter-till-din-balkong\\\/#primaryimage\"},\"thumbnailUrl\":\"https:\\\/\\\/www.interflora.se\\\/inspiration\\\/wp-content\\\/uploads\\\/2025\\\/03\\\/vaxter-till-balkong-sol-liggande.jpg\",\"datePublished\":\"2025-07-21T20:13:45+00:00\",\"dateModified\":\"2025-09-26T08:43:12+00:00\",\"breadcrumb\":{\"@id\":\"https:\\\/\\\/www.interflora.se\\\/inspiration\\\/hitta-ratt-vaxter-till-din-balkong\\\/#breadcrumb\"},\"inLanguage\":\"sv-SE\",\"potentialAction\":[{\"@type\":\"ReadAction\",\"target\":[\"https:\\\/\\\/www.interflora.se\\\/inspiration\\\/hitta-ratt-vaxter-till-din-balkong\\\/\"]}]},{\"@type\":\"ImageObject\",\"inLanguage\":\"sv-SE\",\"@id\":\"https:\\\/\\\/www.interflora.se\\\/inspiration\\\/hitta-ratt-vaxter-till-din-balkong\\\/#primaryimage\",\"url\":\"https:\\\/\\\/www.interflora.se\\\/inspiration\\\/wp-content\\\/uploads\\\/2025\\\/03\\\/vaxter-till-balkong-sol-liggande.jpg\",\"contentUrl\":\"https:\\\/\\\/www.interflora.se\\\/inspiration\\\/wp-content\\\/uploads\\\/2025\\\/03\\\/vaxter-till-balkong-sol-liggande.jpg\",\"width\":1200,\"height\":800},{\"@type\":\"BreadcrumbList\",\"@id\":\"https:\\\/\\\/www.interflora.se\\\/inspiration\\\/hitta-ratt-vaxter-till-din-balkong\\\/#breadcrumb\",\"itemListElement\":[{\"@type\":\"ListItem\",\"position\":1,\"name\":\"Home\",\"item\":\"https:\\\/\\\/www.interflora.se\\\/inspiration\\\/\"},{\"@type\":\"ListItem\",\"position\":2,\"name\":\"Hitta r\u00e4tt v\u00e4xter till balkong &#038; uteplats\"}]},{\"@type\":\"WebSite\",\"@id\":\"https:\\\/\\\/www.interflora.se\\\/inspiration\\\/#website\",\"url\":\"https:\\\/\\\/www.interflora.se\\\/inspiration\\\/\",\"name\":\"Interflora\",\"description\":\"\",\"publisher\":{\"@id\":\"https:\\\/\\\/www.interflora.se\\\/inspiration\\\/#organization\"},\"potentialAction\":[{\"@type\":\"SearchAction\",\"target\":{\"@type\":\"EntryPoint\",\"urlTemplate\":\"https:\\\/\\\/www.interflora.se\\\/inspiration\\\/?s={search_term_string}\"},\"query-input\":{\"@type\":\"PropertyValueSpecification\",\"valueRequired\":true,\"valueName\":\"search_term_string\"}}],\"inLanguage\":\"sv-SE\"},{\"@type\":\"Organization\",\"@id\":\"https:\\\/\\\/www.interflora.se\\\/inspiration\\\/#organization\",\"name\":\"Interflora\",\"url\":\"https:\\\/\\\/www.interflora.se\\\/inspiration\\\/\",\"logo\":{\"@type\":\"ImageObject\",\"inLanguage\":\"sv-SE\",\"@id\":\"https:\\\/\\\/www.interflora.se\\\/inspiration\\\/#\\\/schema\\\/logo\\\/image\\\/\",\"url\":\"https:\\\/\\\/www.interflora.se\\\/inspiration\\\/wp-content\\\/uploads\\\/2025\\\/09\\\/cropped-220422_INTERFLORA_Logo_rgb_Half_Top_Circle_Main_Color.avif\",\"contentUrl\":\"https:\\\/\\\/www.interflora.se\\\/inspiration\\\/wp-content\\\/uploads\\\/2025\\\/09\\\/cropped-220422_INTERFLORA_Logo_rgb_Half_Top_Circle_Main_Color.avif\",\"width\":1418,\"height\":662,\"caption\":\"Interflora\"},\"image\":{\"@id\":\"https:\\\/\\\/www.interflora.se\\\/inspiration\\\/#\\\/schema\\\/logo\\\/image\\\/\"},\"sameAs\":[\"https:\\\/\\\/www.facebook.com\\\/InterfloraAB\",\"https:\\\/\\\/www.instagram.com\\\/interflora_ab\\\/\",\"https:\\\/\\\/www.linkedin.com\\\/company\\\/1494362\",\"https:\\\/\\\/www.youtube.com\\\/channel\\\/UCZgDzGWB2VRxaoWFUmXnk1w\"]},{\"@type\":\"Person\",\"@id\":\"https:\\\/\\\/www.interflora.se\\\/inspiration\\\/#\\\/schema\\\/person\\\/dbbd1ad45e05409c356dc639597669f2\",\"name\":\"admin\",\"image\":{\"@type\":\"ImageObject\",\"inLanguage\":\"sv-SE\",\"@id\":\"https:\\\/\\\/www.interflora.se\\\/inspiration\\\/wp-content\\\/litespeed\\\/avatar\\\/1fe3cced9e67df62d0a6f995d75823a5.jpg?ver=1777362393\",\"url\":\"https:\\\/\\\/www.interflora.se\\\/inspiration\\\/wp-content\\\/litespeed\\\/avatar\\\/1fe3cced9e67df62d0a6f995d75823a5.jpg?ver=1777362393\",\"contentUrl\":\"https:\\\/\\\/www.interflora.se\\\/inspiration\\\/wp-content\\\/litespeed\\\/avatar\\\/1fe3cced9e67df62d0a6f995d75823a5.jpg?ver=1777362393\",\"caption\":\"admin\"},\"sameAs\":[\"https:\\\/\\\/www.interflora.se\\\/inspiration\"],\"url\":\"https:\\\/\\\/www.interflora.se\\\/inspiration\\\/author\\\/admin\\\/\"}]}<\/script>\n<!-- \/ Yoast SEO plugin. -->","yoast_head_json":{"title":"Hitta r\u00e4tt v\u00e4xter till balkong & uteplats | Interflora","robots":{"index":"index","follow":"follow","max-snippet":"max-snippet:-1","max-image-preview":"max-image-preview:large","max-video-preview":"max-video-preview:-1"},"canonical":"https:\/\/www.interflora.se\/inspiration\/hitta-ratt-vaxter-till-din-balkong\/","og_locale":"sv_SE","og_type":"article","og_title":"Hitta r\u00e4tt v\u00e4xter till balkong & uteplats | Interflora","og_description":"N\u00e4r v\u00e4rmen och solen ger sig tillk\u00e4nna p\u00e5 v\u00e5ren och sommaren \u00e4r det h\u00e4rligt att flytta ut. Blommor och v\u00e4xter [&hellip;]","og_url":"https:\/\/www.interflora.se\/inspiration\/hitta-ratt-vaxter-till-din-balkong\/","og_site_name":"Inspiration om blommor, krukv\u00e4xter &amp; trender | Interflora","article_publisher":"https:\/\/www.facebook.com\/InterfloraAB","article_published_time":"2025-07-21T20:13:45+00:00","article_modified_time":"2025-09-26T08:43:12+00:00","og_image":[{"width":1200,"height":800,"url":"https:\/\/www.interflora.se\/inspiration\/wp-content\/uploads\/2025\/03\/vaxter-till-balkong-sol-liggande.jpg","type":"image\/jpeg"}],"author":"admin","twitter_card":"summary_large_image","twitter_misc":{"Skriven av":"admin","Ber\u00e4knad l\u00e4stid":"1 minut"},"schema":{"@context":"https:\/\/schema.org","@graph":[{"@type":"Article","@id":"https:\/\/www.interflora.se\/inspiration\/hitta-ratt-vaxter-till-din-balkong\/#article","isPartOf":{"@id":"https:\/\/www.interflora.se\/inspiration\/hitta-ratt-vaxter-till-din-balkong\/"},"author":{"name":"admin","@id":"https:\/\/www.interflora.se\/inspiration\/#\/schema\/person\/dbbd1ad45e05409c356dc639597669f2"},"headline":"Hitta r\u00e4tt v\u00e4xter till balkong &#038; uteplats","datePublished":"2025-07-21T20:13:45+00:00","dateModified":"2025-09-26T08:43:12+00:00","mainEntityOfPage":{"@id":"https:\/\/www.interflora.se\/inspiration\/hitta-ratt-vaxter-till-din-balkong\/"},"wordCount":268,"commentCount":0,"publisher":{"@id":"https:\/\/www.interflora.se\/inspiration\/#organization"},"image":{"@id":"https:\/\/www.interflora.se\/inspiration\/hitta-ratt-vaxter-till-din-balkong\/#primaryimage"},"thumbnailUrl":"https:\/\/www.interflora.se\/inspiration\/wp-content\/uploads\/2025\/03\/vaxter-till-balkong-sol-liggande.jpg","articleSection":["Tips"],"inLanguage":"sv-SE","potentialAction":[{"@type":"CommentAction","name":"Comment","target":["https:\/\/www.interflora.se\/inspiration\/hitta-ratt-vaxter-till-din-balkong\/#respond"]}]},{"@type":"WebPage","@id":"https:\/\/www.interflora.se\/inspiration\/hitta-ratt-vaxter-till-din-balkong\/","url":"https:\/\/www.interflora.se\/inspiration\/hitta-ratt-vaxter-till-din-balkong\/","name":"Hitta r\u00e4tt v\u00e4xter till balkong & uteplats | Interflora","isPartOf":{"@id":"https:\/\/www.interflora.se\/inspiration\/#website"},"primaryImageOfPage":{"@id":"https:\/\/www.interflora.se\/inspiration\/hitta-ratt-vaxter-till-din-balkong\/#primaryimage"},"image":{"@id":"https:\/\/www.interflora.se\/inspiration\/hitta-ratt-vaxter-till-din-balkong\/#primaryimage"},"thumbnailUrl":"https:\/\/www.interflora.se\/inspiration\/wp-content\/uploads\/2025\/03\/vaxter-till-balkong-sol-liggande.jpg","datePublished":"2025-07-21T20:13:45+00:00","dateModified":"2025-09-26T08:43:12+00:00","breadcrumb":{"@id":"https:\/\/www.interflora.se\/inspiration\/hitta-ratt-vaxter-till-din-balkong\/#breadcrumb"},"inLanguage":"sv-SE","potentialAction":[{"@type":"ReadAction","target":["https:\/\/www.interflora.se\/inspiration\/hitta-ratt-vaxter-till-din-balkong\/"]}]},{"@type":"ImageObject","inLanguage":"sv-SE","@id":"https:\/\/www.interflora.se\/inspiration\/hitta-ratt-vaxter-till-din-balkong\/#primaryimage","url":"https:\/\/www.interflora.se\/inspiration\/wp-content\/uploads\/2025\/03\/vaxter-till-balkong-sol-liggande.jpg","contentUrl":"https:\/\/www.interflora.se\/inspiration\/wp-content\/uploads\/2025\/03\/vaxter-till-balkong-sol-liggande.jpg","width":1200,"height":800},{"@type":"BreadcrumbList","@id":"https:\/\/www.interflora.se\/inspiration\/hitta-ratt-vaxter-till-din-balkong\/#breadcrumb","itemListElement":[{"@type":"ListItem","position":1,"name":"Home","item":"https:\/\/www.interflora.se\/inspiration\/"},{"@type":"ListItem","position":2,"name":"Hitta r\u00e4tt v\u00e4xter till balkong &#038; uteplats"}]},{"@type":"WebSite","@id":"https:\/\/www.interflora.se\/inspiration\/#website","url":"https:\/\/www.interflora.se\/inspiration\/","name":"Interflora","description":"","publisher":{"@id":"https:\/\/www.interflora.se\/inspiration\/#organization"},"potentialAction":[{"@type":"SearchAction","target":{"@type":"EntryPoint","urlTemplate":"https:\/\/www.interflora.se\/inspiration\/?s={search_term_string}"},"query-input":{"@type":"PropertyValueSpecification","valueRequired":true,"valueName":"search_term_string"}}],"inLanguage":"sv-SE"},{"@type":"Organization","@id":"https:\/\/www.interflora.se\/inspiration\/#organization","name":"Interflora","url":"https:\/\/www.interflora.se\/inspiration\/","logo":{"@type":"ImageObject","inLanguage":"sv-SE","@id":"https:\/\/www.interflora.se\/inspiration\/#\/schema\/logo\/image\/","url":"https:\/\/www.interflora.se\/inspiration\/wp-content\/uploads\/2025\/09\/cropped-220422_INTERFLORA_Logo_rgb_Half_Top_Circle_Main_Color.avif","contentUrl":"https:\/\/www.interflora.se\/inspiration\/wp-content\/uploads\/2025\/09\/cropped-220422_INTERFLORA_Logo_rgb_Half_Top_Circle_Main_Color.avif","width":1418,"height":662,"caption":"Interflora"},"image":{"@id":"https:\/\/www.interflora.se\/inspiration\/#\/schema\/logo\/image\/"},"sameAs":["https:\/\/www.facebook.com\/InterfloraAB","https:\/\/www.instagram.com\/interflora_ab\/","https:\/\/www.linkedin.com\/company\/1494362","https:\/\/www.youtube.com\/channel\/UCZgDzGWB2VRxaoWFUmXnk1w"]},{"@type":"Person","@id":"https:\/\/www.interflora.se\/inspiration\/#\/schema\/person\/dbbd1ad45e05409c356dc639597669f2","name":"admin","image":{"@type":"ImageObject","inLanguage":"sv-SE","@id":"https:\/\/www.interflora.se\/inspiration\/wp-content\/litespeed\/avatar\/1fe3cced9e67df62d0a6f995d75823a5.jpg?ver=1777362393","url":"https:\/\/www.interflora.se\/inspiration\/wp-content\/litespeed\/avatar\/1fe3cced9e67df62d0a6f995d75823a5.jpg?ver=1777362393","contentUrl":"https:\/\/www.interflora.se\/inspiration\/wp-content\/litespeed\/avatar\/1fe3cced9e67df62d0a6f995d75823a5.jpg?ver=1777362393","caption":"admin"},"sameAs":["https:\/\/www.interflora.se\/inspiration"],"url":"https:\/\/www.interflora.se\/inspiration\/author\/admin\/"}]}},"uagb_featured_image_src":{"full":["https:\/\/www.interflora.se\/inspiration\/wp-content\/uploads\/2025\/03\/vaxter-till-balkong-sol-liggande.jpg",1200,800,false],"thumbnail":["https:\/\/www.interflora.se\/inspiration\/wp-content\/uploads\/2025\/03\/vaxter-till-balkong-sol-liggande-150x150.jpg",150,150,true],"medium":["https:\/\/www.interflora.se\/inspiration\/wp-content\/uploads\/2025\/03\/vaxter-till-balkong-sol-liggande-300x200.jpg",300,200,true],"medium_large":["https:\/\/www.interflora.se\/inspiration\/wp-content\/uploads\/2025\/03\/vaxter-till-balkong-sol-liggande-768x512.jpg",768,512,true],"large":["https:\/\/www.interflora.se\/inspiration\/wp-content\/uploads\/2025\/03\/vaxter-till-balkong-sol-liggande-1024x683.jpg",1024,683,true],"1536x1536":["https:\/\/www.interflora.se\/inspiration\/wp-content\/uploads\/2025\/03\/vaxter-till-balkong-sol-liggande.jpg",1200,800,false],"2048x2048":["https:\/\/www.interflora.se\/inspiration\/wp-content\/uploads\/2025\/03\/vaxter-till-balkong-sol-liggande.jpg",1200,800,false]},"uagb_author_info":{"display_name":"admin","author_link":"https:\/\/www.interflora.se\/inspiration\/author\/admin\/"},"uagb_comment_info":0,"uagb_excerpt":"N\u00e4r v\u00e4rmen och solen ger sig tillk\u00e4nna p\u00e5 v\u00e5ren och sommaren \u00e4r det h\u00e4rligt att flytta ut. Blommor och v\u00e4xter [&hellip;]","_links":{"self":[{"href":"https:\/\/www.interflora.se\/inspiration\/wp-json\/wp\/v2\/posts\/260","targetHints":{"allow":["GET"]}}],"collection":[{"href":"https:\/\/www.interflora.se\/inspiration\/wp-json\/wp\/v2\/posts"}],"about":[{"href":"https:\/\/www.interflora.se\/inspiration\/wp-json\/wp\/v2\/types\/post"}],"author":[{"embeddable":true,"href":"https:\/\/www.interflora.se\/inspiration\/wp-json\/wp\/v2\/users\/1"}],"replies":[{"embeddable":true,"href":"https:\/\/www.interflora.se\/inspiration\/wp-json\/wp\/v2\/comments?post=260"}],"version-history":[{"count":1,"href":"https:\/\/www.interflora.se\/inspiration\/wp-json\/wp\/v2\/posts\/260\/revisions"}],"predecessor-version":[{"id":2359,"href":"https:\/\/www.interflora.se\/inspiration\/wp-json\/wp\/v2\/posts\/260\/revisions\/2359"}],"wp:featuredmedia":[{"embeddable":true,"href":"https:\/\/www.interflora.se\/inspiration\/wp-json\/wp\/v2\/media\/2356"}],"wp:attachment":[{"href":"https:\/\/www.interflora.se\/inspiration\/wp-json\/wp\/v2\/media?parent=260"}],"wp:term":[{"taxonomy":"category","embeddable":true,"href":"https:\/\/www.interflora.se\/inspiration\/wp-json\/wp\/v2\/categories?post=260"},{"taxonomy":"post_tag","embeddable":true,"href":"https:\/\/www.interflora.se\/inspiration\/wp-json\/wp\/v2\/tags?post=260"}],"curies":[{"name":"wp","href":"https:\/\/api.w.org\/{rel}","templated":true}]}}