{"id":259,"date":"2023-12-23T14:52:19","date_gmt":"2023-12-23T13:52:19","guid":{"rendered":"http:\/\/preprodblog.interflora.se\/blog\/?p=259"},"modified":"2025-03-26T12:09:54","modified_gmt":"2025-03-26T11:09:54","slug":"hitta-krukvaxterna-som-passar-dig","status":"publish","type":"post","link":"https:\/\/www.interflora.se\/inspiration\/hitta-krukvaxterna-som-passar-dig\/","title":{"rendered":"Hitta krukv\u00e4xterna som passar dig"},"content":{"rendered":"\n<h2 class=\"wp-block-heading\">R\u00e4tt krukv\u00e4xt p\u00e5 r\u00e4tt plats<\/h2>\n\n\n\n<div class=\"wp-block-columns is-layout-flex wp-container-core-columns-is-layout-28f84493 wp-block-columns-is-layout-flex\">\n<div class=\"wp-block-column is-layout-flow wp-block-column-is-layout-flow\">\n<p>Det \u00e4r l\u00e4tt att f\u00f6rf\u00f6ras av form och f\u00e4rg, men gl\u00f6m inte att kolla sk\u00f6tselr\u00e5den n\u00e4r du drabbas av varma k\u00e4nslor f\u00f6r en v\u00e4xt. Ta reda p\u00e5 i vilket l\u00e4ge den trivs, s\u00e5 blir k\u00e4rleken l\u00e5ngvarig.<\/p>\n\n\n\n<h3 class=\"wp-block-heading\">\u00d6ster- och v\u00e4sterf\u00f6nster<\/h3>\n\n\n\n<p>Om dina f\u00f6nster \u00e4r ljusa med sol under en del av dagen har du mycket att v\u00e4lja p\u00e5. H\u00e4r trivs de flesta v\u00e4xter. Olika sorters\u00a0<a href=\"https:\/\/www.interflora.se\/home\/krukvaxter\/alla-krukvaxter\/fonsterfikus-40-cm\/\">fikus<\/a>,\u00a0<a href=\"https:\/\/www.interflora.se\/home\/krukvaxter\/alla-krukvaxter\/forellbegonia\/\">begonia<\/a>\u00a0och\u00a0<a href=\"https:\/\/www.interflora.se\/home\/krukvaxter\/alla-krukvaxter\/rosenskarm\/\">rosensk\u00e4rm<\/a>\u00a0\u00e4r fina och trendiga alternativ.<\/p>\n\n\n\n<h3 class=\"wp-block-heading\">Soliga s\u00f6derf\u00f6nster<\/h3>\n\n\n\n<p>\u00c4r ett s\u00f6derf\u00f6nster den plats du kan erbjuda g\u00e4ller det att v\u00e4lja r\u00e4tt, f\u00f6r h\u00e4r kan det bli br\u00e4nnhett sommartid. Vill du satsa p\u00e5 bergs\u00e4kra kort? D\u00e5 \u00e4r\u00a0<a href=\"https:\/\/www.interflora.se\/home\/krukvaxter\/alla-krukvaxter\/svarmorstunga-grona-flora\/\">sv\u00e4rmorstunga<\/a>\u00a0och\u00a0<a href=\"https:\/\/www.interflora.se\/home\/krukvaxter\/alla-krukvaxter\/kaktus\/\">olika sorters kaktus<\/a>\u00a0n\u00e5got f\u00f6r dig, de klarar b\u00e5de torka och \u00f6kenv\u00e4rme n\u00e4r du \u00e5ker p\u00e5 semester.<\/p>\n\n\n\n<h3 class=\"wp-block-heading\">Skuggiga norrf\u00f6nster<\/h3>\n\n\n\n<p>Visst finns det krukv\u00e4xter som gillar norrl\u00e4ge!\u00a0<a href=\"https:\/\/www.interflora.se\/home\/krukvaxter\/alla-krukvaxter\/rundcalatea-grona-flora\/\">Rundcalathea<\/a>,\u00a0<a href=\"https:\/\/www.interflora.se\/home\/krukvaxter\/alla-krukvaxter\/elefantora-25-cm--\/\">elefant\u00f6ra<\/a>\u00a0och\u00a0<a href=\"https:\/\/www.interflora.se\/home\/krukvaxter\/alla-krukvaxter\/monstera-50-cm\/\">monstera<\/a>\u00a0har r\u00f6tterna i regnskogen och \u00e4r vana att v\u00e4xa i skuggan av h\u00f6ga tr\u00e4d.<\/p>\n<\/div>\n\n\n\n<div class=\"wp-block-column is-layout-flow wp-block-column-is-layout-flow\">\n<figure class=\"wp-block-image size-large\"><img loading=\"lazy\" decoding=\"async\" width=\"1082\" height=\"1200\" src=\"https:\/\/www.interflora.se\/inspiration\/wp-content\/uploads\/2023\/12\/bild-1.png\" alt=\"\" class=\"wp-image-1809\" srcset=\"https:\/\/www.interflora.se\/inspiration\/wp-content\/uploads\/2023\/12\/bild-1.png 1082w, https:\/\/www.interflora.se\/inspiration\/wp-content\/uploads\/2023\/12\/bild-1-271x300.png 271w, https:\/\/www.interflora.se\/inspiration\/wp-content\/uploads\/2023\/12\/bild-1-923x1024.png 923w, https:\/\/www.interflora.se\/inspiration\/wp-content\/uploads\/2023\/12\/bild-1-768x852.png 768w\" sizes=\"auto, (max-width: 1082px) 100vw, 1082px\" \/><\/figure>\n<\/div>\n<\/div>\n\n\n\n<div style=\"height:10px\" aria-hidden=\"true\" class=\"wp-block-spacer\"><\/div>\n\n\n\n<div class=\"wp-block-columns is-layout-flex wp-container-core-columns-is-layout-28f84493 wp-block-columns-is-layout-flex\">\n<div class=\"wp-block-column is-layout-flow wp-block-column-is-layout-flow\">\n<h2 class=\"wp-block-heading\">Storleken spelar roll<\/h2>\n\n\n\n<p>Nu n\u00e4r du har koll p\u00e5 l\u00e4get \u00e4r det dags att fundera p\u00e5 vilken funktion din v\u00e4xt ska ha. Ska den fylla ett tomrum? F\u00f6rb\u00e4ttra inomhusluften? Eller bara vara fin?<\/p>\n\n\n\n<h3 class=\"wp-block-heading\">Liten och mellan<\/h3>\n\n\n\n<p>Om den ska ers\u00e4tta en gammal v\u00e4xt kan storleken spela roll. Fundera p\u00e5 vilket utrymme den f\u00e5r ta p\u00e5 f\u00f6nsterbr\u00e4dan. Den kanske \u00e4r liten n\u00e4r du k\u00f6per den, men \u00f6verraskar med sin v\u00e4xtkraft.<br><\/p>\n\n\n\n<h3 class=\"wp-block-heading\">Stor<\/h3>\n\n\n\n<p>Med<a href=\"https:\/\/www.interflora.se\/home\/utevaxter\/lagertrad\/\">\u00a0inomhustr\u00e4d<\/a>\u00a0som ska placeras p\u00e5 golvet \u00e4r det enklare. De tar ofta f\u00f6r sig p\u00e5 h\u00f6jd och bredd redan fr\u00e5n b\u00f6rjan, som en del av inredningen, och trivs en bit in i rummet. T\u00e4nk p\u00e5 att m\u00e5nga av dem h\u00e4rstammar fr\u00e5n de fuktiga tropikerna, s\u00e5 anv\u00e4nd blomsprutan d\u00e5 och d\u00e5.<\/p>\n<\/div>\n\n\n\n<div class=\"wp-block-column is-layout-flow wp-block-column-is-layout-flow\">\n<figure class=\"wp-block-image size-large\"><img loading=\"lazy\" decoding=\"async\" width=\"1113\" height=\"1200\" src=\"https:\/\/www.interflora.se\/inspiration\/wp-content\/uploads\/2023\/12\/bild-2.png\" alt=\"\" class=\"wp-image-1810\" srcset=\"https:\/\/www.interflora.se\/inspiration\/wp-content\/uploads\/2023\/12\/bild-2.png 1113w, https:\/\/www.interflora.se\/inspiration\/wp-content\/uploads\/2023\/12\/bild-2-278x300.png 278w, https:\/\/www.interflora.se\/inspiration\/wp-content\/uploads\/2023\/12\/bild-2-950x1024.png 950w, https:\/\/www.interflora.se\/inspiration\/wp-content\/uploads\/2023\/12\/bild-2-768x828.png 768w\" sizes=\"auto, (max-width: 1113px) 100vw, 1113px\" \/><\/figure>\n<\/div>\n<\/div>\n\n\n\n<div style=\"height:10px\" aria-hidden=\"true\" class=\"wp-block-spacer\"><\/div>\n\n\n\n<div class=\"wp-block-columns is-layout-flex wp-container-core-columns-is-layout-28f84493 wp-block-columns-is-layout-flex\">\n<div class=\"wp-block-column is-layout-flow wp-block-column-is-layout-flow\">\n<h2 class=\"wp-block-heading\">F\u00f6rb\u00e4ttra inomhusluften<\/h2>\n\n\n\n<p>V\u00e4xter som fuktar luften<br>Under vinterhalv\u00e5ret kan luften bli torr i v\u00e5ra moderna och v\u00e4lisolerade hem. D\u00e5 \u00e4r gr\u00f6na v\u00e4xter till god hj\u00e4lp som luftfuktare. Perfekt i sovrum och arbetsrum! V\u00e4lj t\u00f6rstiga sorter som till exempel&nbsp;<a href=\"https:\/\/www.interflora.se\/home\/krukvaxter\/alla-krukvaxter\/guldpalm\/\">guldpalm<\/a>, spjutbr\u00e4ken och fredskalla \u2013 de avdunstar mest vatten och g\u00f6r jobbet b\u00e4st.<br><\/p>\n\n\n\n<p>V\u00e4xter som renar luften<br>Det finns ocks\u00e5 v\u00e4xter som \u00e4r proffs p\u00e5 att absorbera skadliga \u00e4mnen som vi annars andas in, till dem h\u00f6r\u00a0<a href=\"https:\/\/www.interflora.se\/home\/krukvaxter\/alla-krukvaxter\/Murgrona-15-cm\/\">murgr\u00f6na<\/a>,\u00a0<a href=\"https:\/\/www.interflora.se\/home\/krukvaxter\/alla-krukvaxter\/doftdracena-grona-flora\/\">dracena<\/a>,\u00a0<a href=\"https:\/\/www.interflora.se\/home\/krukvaxter\/alla-krukvaxter\/svarmorstunga-grona-flora\/\">sv\u00e4rmorstunga<\/a>\u00a0och\u00a0<a href=\"https:\/\/www.interflora.se\/home\/krukvaxter\/alla-krukvaxter\/gullranka\/\">gullranka<\/a>.<\/p>\n<\/div>\n\n\n\n<div class=\"wp-block-column is-layout-flow wp-block-column-is-layout-flow\">\n<figure class=\"wp-block-image size-large\"><img loading=\"lazy\" decoding=\"async\" width=\"1082\" height=\"1200\" src=\"https:\/\/www.interflora.se\/inspiration\/wp-content\/uploads\/2023\/12\/bild-3.png\" alt=\"\" class=\"wp-image-1812\" srcset=\"https:\/\/www.interflora.se\/inspiration\/wp-content\/uploads\/2023\/12\/bild-3.png 1082w, https:\/\/www.interflora.se\/inspiration\/wp-content\/uploads\/2023\/12\/bild-3-271x300.png 271w, https:\/\/www.interflora.se\/inspiration\/wp-content\/uploads\/2023\/12\/bild-3-923x1024.png 923w, https:\/\/www.interflora.se\/inspiration\/wp-content\/uploads\/2023\/12\/bild-3-768x852.png 768w\" sizes=\"auto, (max-width: 1082px) 100vw, 1082px\" \/><\/figure>\n<\/div>\n<\/div>\n\n\n\n<div style=\"height:10px\" aria-hidden=\"true\" class=\"wp-block-spacer\"><\/div>\n\n\n\n<div class=\"wp-block-columns is-layout-flex wp-container-core-columns-is-layout-28f84493 wp-block-columns-is-layout-flex\">\n<div class=\"wp-block-column is-layout-flow wp-block-column-is-layout-flow\">\n<h2 class=\"wp-block-heading\">Bed\u00f6m dina gr\u00f6na fingrar<\/h2>\n\n\n\n<p>Ett sista tips \u00e4r att ha en realistisk bild av sina gr\u00f6na fingrar. \u00c4r du typen som pysslar om dina krukv\u00e4xter varje dag, varje vecka eller helst aldrig? L\u00e4ttsk\u00f6tta kassen eller kaktusen \u00e4r f\u00f6r dig som svarar ja p\u00e5 den sista.<\/p>\n<\/div>\n\n\n\n<div class=\"wp-block-column is-layout-flow wp-block-column-is-layout-flow\">\n<figure class=\"wp-block-image size-large\"><img loading=\"lazy\" decoding=\"async\" width=\"1082\" height=\"1200\" src=\"https:\/\/www.interflora.se\/inspiration\/wp-content\/uploads\/2023\/12\/bild-4.png\" alt=\"\" class=\"wp-image-1811\" srcset=\"https:\/\/www.interflora.se\/inspiration\/wp-content\/uploads\/2023\/12\/bild-4.png 1082w, https:\/\/www.interflora.se\/inspiration\/wp-content\/uploads\/2023\/12\/bild-4-271x300.png 271w, https:\/\/www.interflora.se\/inspiration\/wp-content\/uploads\/2023\/12\/bild-4-923x1024.png 923w, https:\/\/www.interflora.se\/inspiration\/wp-content\/uploads\/2023\/12\/bild-4-768x852.png 768w\" sizes=\"auto, (max-width: 1082px) 100vw, 1082px\" \/><\/figure>\n<\/div>\n<\/div>\n\n\n\n<p><\/p>\n","protected":false},"excerpt":{"rendered":"<p>R\u00e4tt krukv\u00e4xt p\u00e5 r\u00e4tt plats Det \u00e4r l\u00e4tt att f\u00f6rf\u00f6ras av form och f\u00e4rg, men gl\u00f6m inte att kolla sk\u00f6tselr\u00e5den [&hellip;]<\/p>\n","protected":false},"author":1,"featured_media":1807,"comment_status":"open","ping_status":"open","sticky":false,"template":"","format":"standard","meta":{"_uag_custom_page_level_css":"","site-sidebar-layout":"default","site-content-layout":"","ast-site-content-layout":"default","site-content-style":"default","site-sidebar-style":"default","ast-global-header-display":"","ast-banner-title-visibility":"","ast-main-header-display":"","ast-hfb-above-header-display":"","ast-hfb-below-header-display":"","ast-hfb-mobile-header-display":"","site-post-title":"","ast-breadcrumbs-content":"","ast-featured-img":"","footer-sml-layout":"","ast-disable-related-posts":"","theme-transparent-header-meta":"","adv-header-id-meta":"","stick-header-meta":"","header-above-stick-meta":"","header-main-stick-meta":"","header-below-stick-meta":"","astra-migrate-meta-layouts":"default","ast-page-background-enabled":"default","ast-page-background-meta":{"desktop":{"background-color":"var(--ast-global-color-5)","background-image":"","background-repeat":"repeat","background-position":"center center","background-size":"auto","background-attachment":"scroll","background-type":"","background-media":"","overlay-type":"","overlay-color":"","overlay-opacity":"","overlay-gradient":""},"tablet":{"background-color":"","background-image":"","background-repeat":"repeat","background-position":"center center","background-size":"auto","background-attachment":"scroll","background-type":"","background-media":"","overlay-type":"","overlay-color":"","overlay-opacity":"","overlay-gradient":""},"mobile":{"background-color":"","background-image":"","background-repeat":"repeat","background-position":"center center","background-size":"auto","background-attachment":"scroll","background-type":"","background-media":"","overlay-type":"","overlay-color":"","overlay-opacity":"","overlay-gradient":""}},"ast-content-background-meta":{"desktop":{"background-color":"var(--ast-global-color-4)","background-image":"","background-repeat":"repeat","background-position":"center center","background-size":"auto","background-attachment":"scroll","background-type":"","background-media":"","overlay-type":"","overlay-color":"","overlay-opacity":"","overlay-gradient":""},"tablet":{"background-color":"var(--ast-global-color-4)","background-image":"","background-repeat":"repeat","background-position":"center center","background-size":"auto","background-attachment":"scroll","background-type":"","background-media":"","overlay-type":"","overlay-color":"","overlay-opacity":"","overlay-gradient":""},"mobile":{"background-color":"var(--ast-global-color-4)","background-image":"","background-repeat":"repeat","background-position":"center center","background-size":"auto","background-attachment":"scroll","background-type":"","background-media":"","overlay-type":"","overlay-color":"","overlay-opacity":"","overlay-gradient":""}},"footnotes":""},"categories":[4],"tags":[],"class_list":["post-259","post","type-post","status-publish","format-standard","has-post-thumbnail","hentry","category-tips"],"yoast_head":"<!-- This site is optimized with the Yoast SEO plugin v27.4 - https:\/\/yoast.com\/product\/yoast-seo-wordpress\/ -->\n<title>Hitta krukv\u00e4xterna som passar dig | Interflora<\/title>\n<meta name=\"robots\" content=\"index, follow, max-snippet:-1, max-image-preview:large, max-video-preview:-1\" \/>\n<link rel=\"canonical\" href=\"https:\/\/www.interflora.se\/inspiration\/hitta-krukvaxterna-som-passar-dig\/\" \/>\n<meta property=\"og:locale\" content=\"sv_SE\" \/>\n<meta property=\"og:type\" content=\"article\" \/>\n<meta property=\"og:title\" content=\"Hitta krukv\u00e4xterna som passar dig | Interflora\" \/>\n<meta property=\"og:description\" content=\"R\u00e4tt krukv\u00e4xt p\u00e5 r\u00e4tt plats Det \u00e4r l\u00e4tt att f\u00f6rf\u00f6ras av form och f\u00e4rg, men gl\u00f6m inte att kolla sk\u00f6tselr\u00e5den [&hellip;]\" \/>\n<meta property=\"og:url\" content=\"https:\/\/www.interflora.se\/inspiration\/hitta-krukvaxterna-som-passar-dig\/\" \/>\n<meta property=\"og:site_name\" content=\"Inspiration om blommor, krukv\u00e4xter &amp; trender | Interflora\" \/>\n<meta property=\"article:publisher\" content=\"https:\/\/www.facebook.com\/InterfloraAB\" \/>\n<meta property=\"article:published_time\" content=\"2023-12-23T13:52:19+00:00\" \/>\n<meta property=\"article:modified_time\" content=\"2025-03-26T11:09:54+00:00\" \/>\n<meta property=\"og:image\" content=\"https:\/\/www.interflora.se\/inspiration\/wp-content\/uploads\/2025\/03\/bild-4.png\" \/>\n\t<meta property=\"og:image:width\" content=\"1082\" \/>\n\t<meta property=\"og:image:height\" content=\"1200\" \/>\n\t<meta property=\"og:image:type\" content=\"image\/png\" \/>\n<meta name=\"author\" content=\"admin\" \/>\n<meta name=\"twitter:card\" content=\"summary_large_image\" \/>\n<meta name=\"twitter:label1\" content=\"Skriven av\" \/>\n\t<meta name=\"twitter:data1\" content=\"admin\" \/>\n\t<meta name=\"twitter:label2\" content=\"Ber\u00e4knad l\u00e4stid\" \/>\n\t<meta name=\"twitter:data2\" content=\"2 minuter\" \/>\n<script type=\"application\/ld+json\" class=\"yoast-schema-graph\">{\"@context\":\"https:\\\/\\\/schema.org\",\"@graph\":[{\"@type\":\"Article\",\"@id\":\"https:\\\/\\\/www.interflora.se\\\/inspiration\\\/hitta-krukvaxterna-som-passar-dig\\\/#article\",\"isPartOf\":{\"@id\":\"https:\\\/\\\/www.interflora.se\\\/inspiration\\\/hitta-krukvaxterna-som-passar-dig\\\/\"},\"author\":{\"name\":\"admin\",\"@id\":\"https:\\\/\\\/www.interflora.se\\\/inspiration\\\/#\\\/schema\\\/person\\\/dbbd1ad45e05409c356dc639597669f2\"},\"headline\":\"Hitta krukv\u00e4xterna som passar dig\",\"datePublished\":\"2023-12-23T13:52:19+00:00\",\"dateModified\":\"2025-03-26T11:09:54+00:00\",\"mainEntityOfPage\":{\"@id\":\"https:\\\/\\\/www.interflora.se\\\/inspiration\\\/hitta-krukvaxterna-som-passar-dig\\\/\"},\"wordCount\":502,\"commentCount\":0,\"publisher\":{\"@id\":\"https:\\\/\\\/www.interflora.se\\\/inspiration\\\/#organization\"},\"image\":{\"@id\":\"https:\\\/\\\/www.interflora.se\\\/inspiration\\\/hitta-krukvaxterna-som-passar-dig\\\/#primaryimage\"},\"thumbnailUrl\":\"https:\\\/\\\/www.interflora.se\\\/inspiration\\\/wp-content\\\/uploads\\\/2025\\\/03\\\/bild-4.png\",\"articleSection\":[\"Tips\"],\"inLanguage\":\"sv-SE\",\"potentialAction\":[{\"@type\":\"CommentAction\",\"name\":\"Comment\",\"target\":[\"https:\\\/\\\/www.interflora.se\\\/inspiration\\\/hitta-krukvaxterna-som-passar-dig\\\/#respond\"]}]},{\"@type\":\"WebPage\",\"@id\":\"https:\\\/\\\/www.interflora.se\\\/inspiration\\\/hitta-krukvaxterna-som-passar-dig\\\/\",\"url\":\"https:\\\/\\\/www.interflora.se\\\/inspiration\\\/hitta-krukvaxterna-som-passar-dig\\\/\",\"name\":\"Hitta krukv\u00e4xterna som passar dig | Interflora\",\"isPartOf\":{\"@id\":\"https:\\\/\\\/www.interflora.se\\\/inspiration\\\/#website\"},\"primaryImageOfPage\":{\"@id\":\"https:\\\/\\\/www.interflora.se\\\/inspiration\\\/hitta-krukvaxterna-som-passar-dig\\\/#primaryimage\"},\"image\":{\"@id\":\"https:\\\/\\\/www.interflora.se\\\/inspiration\\\/hitta-krukvaxterna-som-passar-dig\\\/#primaryimage\"},\"thumbnailUrl\":\"https:\\\/\\\/www.interflora.se\\\/inspiration\\\/wp-content\\\/uploads\\\/2025\\\/03\\\/bild-4.png\",\"datePublished\":\"2023-12-23T13:52:19+00:00\",\"dateModified\":\"2025-03-26T11:09:54+00:00\",\"breadcrumb\":{\"@id\":\"https:\\\/\\\/www.interflora.se\\\/inspiration\\\/hitta-krukvaxterna-som-passar-dig\\\/#breadcrumb\"},\"inLanguage\":\"sv-SE\",\"potentialAction\":[{\"@type\":\"ReadAction\",\"target\":[\"https:\\\/\\\/www.interflora.se\\\/inspiration\\\/hitta-krukvaxterna-som-passar-dig\\\/\"]}]},{\"@type\":\"ImageObject\",\"inLanguage\":\"sv-SE\",\"@id\":\"https:\\\/\\\/www.interflora.se\\\/inspiration\\\/hitta-krukvaxterna-som-passar-dig\\\/#primaryimage\",\"url\":\"https:\\\/\\\/www.interflora.se\\\/inspiration\\\/wp-content\\\/uploads\\\/2025\\\/03\\\/bild-4.png\",\"contentUrl\":\"https:\\\/\\\/www.interflora.se\\\/inspiration\\\/wp-content\\\/uploads\\\/2025\\\/03\\\/bild-4.png\",\"width\":1082,\"height\":1200},{\"@type\":\"BreadcrumbList\",\"@id\":\"https:\\\/\\\/www.interflora.se\\\/inspiration\\\/hitta-krukvaxterna-som-passar-dig\\\/#breadcrumb\",\"itemListElement\":[{\"@type\":\"ListItem\",\"position\":1,\"name\":\"Home\",\"item\":\"https:\\\/\\\/www.interflora.se\\\/inspiration\\\/\"},{\"@type\":\"ListItem\",\"position\":2,\"name\":\"Hitta krukv\u00e4xterna som passar dig\"}]},{\"@type\":\"WebSite\",\"@id\":\"https:\\\/\\\/www.interflora.se\\\/inspiration\\\/#website\",\"url\":\"https:\\\/\\\/www.interflora.se\\\/inspiration\\\/\",\"name\":\"Interflora\",\"description\":\"\",\"publisher\":{\"@id\":\"https:\\\/\\\/www.interflora.se\\\/inspiration\\\/#organization\"},\"potentialAction\":[{\"@type\":\"SearchAction\",\"target\":{\"@type\":\"EntryPoint\",\"urlTemplate\":\"https:\\\/\\\/www.interflora.se\\\/inspiration\\\/?s={search_term_string}\"},\"query-input\":{\"@type\":\"PropertyValueSpecification\",\"valueRequired\":true,\"valueName\":\"search_term_string\"}}],\"inLanguage\":\"sv-SE\"},{\"@type\":\"Organization\",\"@id\":\"https:\\\/\\\/www.interflora.se\\\/inspiration\\\/#organization\",\"name\":\"Interflora\",\"url\":\"https:\\\/\\\/www.interflora.se\\\/inspiration\\\/\",\"logo\":{\"@type\":\"ImageObject\",\"inLanguage\":\"sv-SE\",\"@id\":\"https:\\\/\\\/www.interflora.se\\\/inspiration\\\/#\\\/schema\\\/logo\\\/image\\\/\",\"url\":\"https:\\\/\\\/www.interflora.se\\\/inspiration\\\/wp-content\\\/uploads\\\/2025\\\/09\\\/cropped-220422_INTERFLORA_Logo_rgb_Half_Top_Circle_Main_Color.avif\",\"contentUrl\":\"https:\\\/\\\/www.interflora.se\\\/inspiration\\\/wp-content\\\/uploads\\\/2025\\\/09\\\/cropped-220422_INTERFLORA_Logo_rgb_Half_Top_Circle_Main_Color.avif\",\"width\":1418,\"height\":662,\"caption\":\"Interflora\"},\"image\":{\"@id\":\"https:\\\/\\\/www.interflora.se\\\/inspiration\\\/#\\\/schema\\\/logo\\\/image\\\/\"},\"sameAs\":[\"https:\\\/\\\/www.facebook.com\\\/InterfloraAB\",\"https:\\\/\\\/www.instagram.com\\\/interflora_ab\\\/\",\"https:\\\/\\\/www.linkedin.com\\\/company\\\/1494362\",\"https:\\\/\\\/www.youtube.com\\\/channel\\\/UCZgDzGWB2VRxaoWFUmXnk1w\"]},{\"@type\":\"Person\",\"@id\":\"https:\\\/\\\/www.interflora.se\\\/inspiration\\\/#\\\/schema\\\/person\\\/dbbd1ad45e05409c356dc639597669f2\",\"name\":\"admin\",\"image\":{\"@type\":\"ImageObject\",\"inLanguage\":\"sv-SE\",\"@id\":\"https:\\\/\\\/www.interflora.se\\\/inspiration\\\/wp-content\\\/litespeed\\\/avatar\\\/1fe3cced9e67df62d0a6f995d75823a5.jpg?ver=1777362393\",\"url\":\"https:\\\/\\\/www.interflora.se\\\/inspiration\\\/wp-content\\\/litespeed\\\/avatar\\\/1fe3cced9e67df62d0a6f995d75823a5.jpg?ver=1777362393\",\"contentUrl\":\"https:\\\/\\\/www.interflora.se\\\/inspiration\\\/wp-content\\\/litespeed\\\/avatar\\\/1fe3cced9e67df62d0a6f995d75823a5.jpg?ver=1777362393\",\"caption\":\"admin\"},\"sameAs\":[\"https:\\\/\\\/www.interflora.se\\\/inspiration\"],\"url\":\"https:\\\/\\\/www.interflora.se\\\/inspiration\\\/author\\\/admin\\\/\"}]}<\/script>\n<!-- \/ Yoast SEO plugin. -->","yoast_head_json":{"title":"Hitta krukv\u00e4xterna som passar dig | Interflora","robots":{"index":"index","follow":"follow","max-snippet":"max-snippet:-1","max-image-preview":"max-image-preview:large","max-video-preview":"max-video-preview:-1"},"canonical":"https:\/\/www.interflora.se\/inspiration\/hitta-krukvaxterna-som-passar-dig\/","og_locale":"sv_SE","og_type":"article","og_title":"Hitta krukv\u00e4xterna som passar dig | Interflora","og_description":"R\u00e4tt krukv\u00e4xt p\u00e5 r\u00e4tt plats Det \u00e4r l\u00e4tt att f\u00f6rf\u00f6ras av form och f\u00e4rg, men gl\u00f6m inte att kolla sk\u00f6tselr\u00e5den [&hellip;]","og_url":"https:\/\/www.interflora.se\/inspiration\/hitta-krukvaxterna-som-passar-dig\/","og_site_name":"Inspiration om blommor, krukv\u00e4xter &amp; trender | Interflora","article_publisher":"https:\/\/www.facebook.com\/InterfloraAB","article_published_time":"2023-12-23T13:52:19+00:00","article_modified_time":"2025-03-26T11:09:54+00:00","og_image":[{"width":1082,"height":1200,"url":"https:\/\/www.interflora.se\/inspiration\/wp-content\/uploads\/2025\/03\/bild-4.png","type":"image\/png"}],"author":"admin","twitter_card":"summary_large_image","twitter_misc":{"Skriven av":"admin","Ber\u00e4knad l\u00e4stid":"2 minuter"},"schema":{"@context":"https:\/\/schema.org","@graph":[{"@type":"Article","@id":"https:\/\/www.interflora.se\/inspiration\/hitta-krukvaxterna-som-passar-dig\/#article","isPartOf":{"@id":"https:\/\/www.interflora.se\/inspiration\/hitta-krukvaxterna-som-passar-dig\/"},"author":{"name":"admin","@id":"https:\/\/www.interflora.se\/inspiration\/#\/schema\/person\/dbbd1ad45e05409c356dc639597669f2"},"headline":"Hitta krukv\u00e4xterna som passar dig","datePublished":"2023-12-23T13:52:19+00:00","dateModified":"2025-03-26T11:09:54+00:00","mainEntityOfPage":{"@id":"https:\/\/www.interflora.se\/inspiration\/hitta-krukvaxterna-som-passar-dig\/"},"wordCount":502,"commentCount":0,"publisher":{"@id":"https:\/\/www.interflora.se\/inspiration\/#organization"},"image":{"@id":"https:\/\/www.interflora.se\/inspiration\/hitta-krukvaxterna-som-passar-dig\/#primaryimage"},"thumbnailUrl":"https:\/\/www.interflora.se\/inspiration\/wp-content\/uploads\/2025\/03\/bild-4.png","articleSection":["Tips"],"inLanguage":"sv-SE","potentialAction":[{"@type":"CommentAction","name":"Comment","target":["https:\/\/www.interflora.se\/inspiration\/hitta-krukvaxterna-som-passar-dig\/#respond"]}]},{"@type":"WebPage","@id":"https:\/\/www.interflora.se\/inspiration\/hitta-krukvaxterna-som-passar-dig\/","url":"https:\/\/www.interflora.se\/inspiration\/hitta-krukvaxterna-som-passar-dig\/","name":"Hitta krukv\u00e4xterna som passar dig | Interflora","isPartOf":{"@id":"https:\/\/www.interflora.se\/inspiration\/#website"},"primaryImageOfPage":{"@id":"https:\/\/www.interflora.se\/inspiration\/hitta-krukvaxterna-som-passar-dig\/#primaryimage"},"image":{"@id":"https:\/\/www.interflora.se\/inspiration\/hitta-krukvaxterna-som-passar-dig\/#primaryimage"},"thumbnailUrl":"https:\/\/www.interflora.se\/inspiration\/wp-content\/uploads\/2025\/03\/bild-4.png","datePublished":"2023-12-23T13:52:19+00:00","dateModified":"2025-03-26T11:09:54+00:00","breadcrumb":{"@id":"https:\/\/www.interflora.se\/inspiration\/hitta-krukvaxterna-som-passar-dig\/#breadcrumb"},"inLanguage":"sv-SE","potentialAction":[{"@type":"ReadAction","target":["https:\/\/www.interflora.se\/inspiration\/hitta-krukvaxterna-som-passar-dig\/"]}]},{"@type":"ImageObject","inLanguage":"sv-SE","@id":"https:\/\/www.interflora.se\/inspiration\/hitta-krukvaxterna-som-passar-dig\/#primaryimage","url":"https:\/\/www.interflora.se\/inspiration\/wp-content\/uploads\/2025\/03\/bild-4.png","contentUrl":"https:\/\/www.interflora.se\/inspiration\/wp-content\/uploads\/2025\/03\/bild-4.png","width":1082,"height":1200},{"@type":"BreadcrumbList","@id":"https:\/\/www.interflora.se\/inspiration\/hitta-krukvaxterna-som-passar-dig\/#breadcrumb","itemListElement":[{"@type":"ListItem","position":1,"name":"Home","item":"https:\/\/www.interflora.se\/inspiration\/"},{"@type":"ListItem","position":2,"name":"Hitta krukv\u00e4xterna som passar dig"}]},{"@type":"WebSite","@id":"https:\/\/www.interflora.se\/inspiration\/#website","url":"https:\/\/www.interflora.se\/inspiration\/","name":"Interflora","description":"","publisher":{"@id":"https:\/\/www.interflora.se\/inspiration\/#organization"},"potentialAction":[{"@type":"SearchAction","target":{"@type":"EntryPoint","urlTemplate":"https:\/\/www.interflora.se\/inspiration\/?s={search_term_string}"},"query-input":{"@type":"PropertyValueSpecification","valueRequired":true,"valueName":"search_term_string"}}],"inLanguage":"sv-SE"},{"@type":"Organization","@id":"https:\/\/www.interflora.se\/inspiration\/#organization","name":"Interflora","url":"https:\/\/www.interflora.se\/inspiration\/","logo":{"@type":"ImageObject","inLanguage":"sv-SE","@id":"https:\/\/www.interflora.se\/inspiration\/#\/schema\/logo\/image\/","url":"https:\/\/www.interflora.se\/inspiration\/wp-content\/uploads\/2025\/09\/cropped-220422_INTERFLORA_Logo_rgb_Half_Top_Circle_Main_Color.avif","contentUrl":"https:\/\/www.interflora.se\/inspiration\/wp-content\/uploads\/2025\/09\/cropped-220422_INTERFLORA_Logo_rgb_Half_Top_Circle_Main_Color.avif","width":1418,"height":662,"caption":"Interflora"},"image":{"@id":"https:\/\/www.interflora.se\/inspiration\/#\/schema\/logo\/image\/"},"sameAs":["https:\/\/www.facebook.com\/InterfloraAB","https:\/\/www.instagram.com\/interflora_ab\/","https:\/\/www.linkedin.com\/company\/1494362","https:\/\/www.youtube.com\/channel\/UCZgDzGWB2VRxaoWFUmXnk1w"]},{"@type":"Person","@id":"https:\/\/www.interflora.se\/inspiration\/#\/schema\/person\/dbbd1ad45e05409c356dc639597669f2","name":"admin","image":{"@type":"ImageObject","inLanguage":"sv-SE","@id":"https:\/\/www.interflora.se\/inspiration\/wp-content\/litespeed\/avatar\/1fe3cced9e67df62d0a6f995d75823a5.jpg?ver=1777362393","url":"https:\/\/www.interflora.se\/inspiration\/wp-content\/litespeed\/avatar\/1fe3cced9e67df62d0a6f995d75823a5.jpg?ver=1777362393","contentUrl":"https:\/\/www.interflora.se\/inspiration\/wp-content\/litespeed\/avatar\/1fe3cced9e67df62d0a6f995d75823a5.jpg?ver=1777362393","caption":"admin"},"sameAs":["https:\/\/www.interflora.se\/inspiration"],"url":"https:\/\/www.interflora.se\/inspiration\/author\/admin\/"}]}},"uagb_featured_image_src":{"full":["https:\/\/www.interflora.se\/inspiration\/wp-content\/uploads\/2025\/03\/bild-4.png",1082,1200,false],"thumbnail":["https:\/\/www.interflora.se\/inspiration\/wp-content\/uploads\/2025\/03\/bild-4-150x150.png",150,150,true],"medium":["https:\/\/www.interflora.se\/inspiration\/wp-content\/uploads\/2025\/03\/bild-4-271x300.png",271,300,true],"medium_large":["https:\/\/www.interflora.se\/inspiration\/wp-content\/uploads\/2025\/03\/bild-4-768x852.png",768,852,true],"large":["https:\/\/www.interflora.se\/inspiration\/wp-content\/uploads\/2025\/03\/bild-4-923x1024.png",923,1024,true],"1536x1536":["https:\/\/www.interflora.se\/inspiration\/wp-content\/uploads\/2025\/03\/bild-4.png",1082,1200,false],"2048x2048":["https:\/\/www.interflora.se\/inspiration\/wp-content\/uploads\/2025\/03\/bild-4.png",1082,1200,false]},"uagb_author_info":{"display_name":"admin","author_link":"https:\/\/www.interflora.se\/inspiration\/author\/admin\/"},"uagb_comment_info":0,"uagb_excerpt":"R\u00e4tt krukv\u00e4xt p\u00e5 r\u00e4tt plats Det \u00e4r l\u00e4tt att f\u00f6rf\u00f6ras av form och f\u00e4rg, men gl\u00f6m inte att kolla sk\u00f6tselr\u00e5den [&hellip;]","_links":{"self":[{"href":"https:\/\/www.interflora.se\/inspiration\/wp-json\/wp\/v2\/posts\/259","targetHints":{"allow":["GET"]}}],"collection":[{"href":"https:\/\/www.interflora.se\/inspiration\/wp-json\/wp\/v2\/posts"}],"about":[{"href":"https:\/\/www.interflora.se\/inspiration\/wp-json\/wp\/v2\/types\/post"}],"author":[{"embeddable":true,"href":"https:\/\/www.interflora.se\/inspiration\/wp-json\/wp\/v2\/users\/1"}],"replies":[{"embeddable":true,"href":"https:\/\/www.interflora.se\/inspiration\/wp-json\/wp\/v2\/comments?post=259"}],"version-history":[{"count":4,"href":"https:\/\/www.interflora.se\/inspiration\/wp-json\/wp\/v2\/posts\/259\/revisions"}],"predecessor-version":[{"id":1814,"href":"https:\/\/www.interflora.se\/inspiration\/wp-json\/wp\/v2\/posts\/259\/revisions\/1814"}],"wp:featuredmedia":[{"embeddable":true,"href":"https:\/\/www.interflora.se\/inspiration\/wp-json\/wp\/v2\/media\/1807"}],"wp:attachment":[{"href":"https:\/\/www.interflora.se\/inspiration\/wp-json\/wp\/v2\/media?parent=259"}],"wp:term":[{"taxonomy":"category","embeddable":true,"href":"https:\/\/www.interflora.se\/inspiration\/wp-json\/wp\/v2\/categories?post=259"},{"taxonomy":"post_tag","embeddable":true,"href":"https:\/\/www.interflora.se\/inspiration\/wp-json\/wp\/v2\/tags?post=259"}],"curies":[{"name":"wp","href":"https:\/\/api.w.org\/{rel}","templated":true}]}}