{"id":258,"date":"2024-03-09T20:48:15","date_gmt":"2024-03-09T19:48:15","guid":{"rendered":"http:\/\/preprodblog.interflora.se\/blog\/?p=258"},"modified":"2025-03-28T10:43:58","modified_gmt":"2025-03-28T09:43:58","slug":"hitta-din-grona-stil","status":"publish","type":"post","link":"https:\/\/www.interflora.se\/inspiration\/hitta-din-grona-stil\/","title":{"rendered":"Hitta din gr\u00f6na stil"},"content":{"rendered":"\n<p><strong>P\u00e5 samma s\u00e4tt som vi m\u00e5r bra av en promenad i naturen, m\u00e5r vi bra av v\u00e4xter hemma. Formstarka blad, sp\u00e4nnande m\u00f6nster och charmiga kl\u00e4ttrare ger b\u00e5de liv och lugn \u00e5t inredningen. Hitta din gr\u00f6na stil i h\u00f6st!<\/strong><\/p>\n\n\n\n<hr class=\"wp-block-separator has-alpha-channel-opacity\"\/>\n\n\n\n<p>N\u00e4r m\u00f6rkret omfamnar oss och temperaturen kryper ner\u00e5t v\u00e4cks lusten att boa in sig och inreda f\u00f6r h\u00f6stens sk\u00f6na hemmakv\u00e4llar. Sl\u00e4pp in naturen i v\u00e4rmen och omge dig med vackra v\u00e4xter! M\u00e5nga sorter beh\u00f6ver f\u00f6nsterplats f\u00f6r ljusets skull, men det finns ocks\u00e5 de som trivs l\u00e4ngre in i rummet. Se dem som inredningsdetaljer eller till och med m\u00f6bler.&nbsp;<a href=\"https:\/\/www.interflora.se\/home\/krukvaxter\/alla-krukvaxter\/guldpalm\/\">Guldpalmen<\/a>&nbsp;\u00e4r just en s\u00e5dan, som dessutom tar en bit av tropikerna hem till dig. Ge den en rymlig och vacker kruka i en nyans som matchar din inredning.<br><\/p>\n\n\n\n<figure class=\"wp-block-image\"><img decoding=\"async\" src=\"https:\/\/www.interflora.se\/inspiration\/wp-content\/uploads\/2025\/03\/image57v9h.jpg\" alt=\"\"\/><\/figure>\n\n\n\n<p><a href=\"https:\/\/www.interflora.se\/home\/krukvaxter\/alla-krukvaxter\/fiolfikus-60-cm-\/\">Fiolfikus<\/a>&nbsp;\u00e4r en annan favorit som med tiden kan bli upp emot tv\u00e5 meter. Den \u00e4r fin i en stor korg p\u00e5 golvet i n\u00e4rheten av f\u00f6nstret, d\u00e4r den f\u00e5r ljus men inte riskerar att br\u00e4nnas av solen.&nbsp;L\u00e4ngre in, i en sk\u00e5l eller ett fat p\u00e5 soffbordet, trivs den sp\u00e4nnande och originella&nbsp;<a href=\"https:\/\/www.interflora.se\/home\/krukvaxter\/alla-krukvaxter\/luftplanta-grona-flora\/\">luftplantan<\/a>. Den vill varken st\u00e5 i jord eller kruka, utan k\u00e4nna sig fri som den \u00e4r van att g\u00f6ra h\u00f6gt upp i grenverket i Amazonas regnskogar. I st\u00e4llet f\u00f6r att vattna sprejar du den, samla regnvatten om du vill sk\u00e4mma bort den. Den gillar ocks\u00e5 att ta ett bad. Och f\u00e5 frisk luft. Man kan relatera, eller hur? Mycket charm v\u00e4ntar \u2013 luftplantan \u00e4r enkel att tycka om och drar garanterat nyfikna blickar till sig n\u00e4r du har g\u00e4ster p\u00e5 bes\u00f6k.<br><\/p>\n\n\n\n<figure class=\"wp-block-image\"><img decoding=\"async\" src=\"https:\/\/www.interflora.se\/inspiration\/wp-content\/uploads\/2025\/03\/imageqra.jpg\" alt=\"\"\/><\/figure>\n\n\n\n<p>\u00c4r du p\u00e5 jakt efter i\u00f6gonfallande blad? D\u00e5 kan&nbsp;<a href=\"https:\/\/www.interflora.se\/home\/krukvaxter\/alla-krukvaxter\/aralia-spiders-web-grona-flora\/\">Aralia<\/a>&nbsp;vara n\u00e5got f\u00f6r dig. Den \u00e4r t\u00e5lig, blank, flikig och frodig och kan st\u00e5 en bit in i rummet eftersom den f\u00f6redrar ett halvskuggigt l\u00e4ge framf\u00f6r ett soligt. Ge den en gener\u00f6s kruka och var beredd p\u00e5 en v\u00e4xtkraft p\u00e5 hela 30 cm under ett \u00e5r. S\u00e5 sm\u00e5ningom kan den m\u00e4ta sig med dina v\u00e4nner \u2013 eller vad s\u00e4gs om st\u00e5tliga 180 cm? S\u00e5 h\u00f6g kan den bli om ni trivs ihop. Som artnamnet Fatsia Japonica antyder har den flyttat hit fr\u00e5n Asien, d\u00e4r den \u00e4ven v\u00e4xer vilt i Korea och Taiwan.<br><\/p>\n\n\n\n<figure class=\"wp-block-image\"><img decoding=\"async\" src=\"https:\/\/www.interflora.se\/inspiration\/wp-content\/uploads\/2025\/03\/imageowvzl.jpg\" alt=\"\"\/><\/figure>\n\n\n\n<p>I det lite solfattigare norrf\u00f6nstret finns ocks\u00e5 stora m\u00f6jligheter. H\u00e4r trivs den draperiliknande&nbsp;<a href=\"https:\/\/www.interflora.se\/home\/krukvaxter\/alla-krukvaxter\/smalbladig-porslinsblomma\/\">porslinsblomman<\/a>,&nbsp;<a href=\"https:\/\/www.interflora.se\/home\/krukvaxter\/alla-krukvaxter\/ficus-umbellata\/\">st\u00e5tliga fikusen \u2019Umbellata\u2019<\/a>, rundkalatean med sina randiga blad,&nbsp;<a href=\"https:\/\/www.interflora.se\/home\/krukvaxter\/alla-krukvaxter\/monstera-50-cm\/\">monstera<\/a>,&nbsp;<a href=\"https:\/\/www.interflora.se\/home\/krukvaxter\/alla-krukvaxter\/elefantora-25-cm--\/\">elefant\u00f6ra<\/a>&nbsp;och&nbsp;<a href=\"https:\/\/www.interflora.se\/home\/krukvaxter\/alla-krukvaxter\/papuaskold-grona-flora\/\">papuask\u00f6ld<\/a>. Arrangera dem i olika h\u00f6jd och h\u00e5ll ihop krukornas kul\u00f6rer. D\u00e5 kommer bladens form och m\u00f6nster till sin r\u00e4tt.&nbsp;Dina gr\u00f6na v\u00e4xter \u00e4r inte bara vackra, de renar luften och g\u00f6r att rummen k\u00e4nns varma, mysiga och ombonade. Sk\u00e4m bort dem ibland! Under tillv\u00e4xts\u00e4song beh\u00f6ver de flesta n\u00e4ring och vintertid m\u00e5r m\u00e5nga bra av en dusch med&nbsp;<a href=\"https:\/\/www.interflora.se\/home\/krukvaxter\/skotsel\/blomspruta\/\">blomsprutan<\/a>. Du hittar allt f\u00f6r din gr\u00f6na stil p\u00e5&nbsp;<a href=\"https:\/\/www.interflora.se\/interflora-home\/\">Interflora Home<\/a>.<br><\/p>\n\n\n\n<figure class=\"wp-block-image\"><img decoding=\"async\" src=\"https:\/\/www.interflora.se\/inspiration\/wp-content\/uploads\/2025\/03\/image5nw2d.jpg\" alt=\"\"\/><\/figure>\n","protected":false},"excerpt":{"rendered":"<p>P\u00e5 samma s\u00e4tt som vi m\u00e5r bra av en promenad i naturen, m\u00e5r vi bra av v\u00e4xter hemma. Formstarka blad, [&hellip;]<\/p>\n","protected":false},"author":1,"featured_media":3507,"comment_status":"open","ping_status":"open","sticky":false,"template":"","format":"standard","meta":{"_uag_custom_page_level_css":"","site-sidebar-layout":"default","site-content-layout":"","ast-site-content-layout":"default","site-content-style":"default","site-sidebar-style":"default","ast-global-header-display":"","ast-banner-title-visibility":"","ast-main-header-display":"","ast-hfb-above-header-display":"","ast-hfb-below-header-display":"","ast-hfb-mobile-header-display":"","site-post-title":"","ast-breadcrumbs-content":"","ast-featured-img":"","footer-sml-layout":"","ast-disable-related-posts":"","theme-transparent-header-meta":"","adv-header-id-meta":"","stick-header-meta":"","header-above-stick-meta":"","header-main-stick-meta":"","header-below-stick-meta":"","astra-migrate-meta-layouts":"default","ast-page-background-enabled":"default","ast-page-background-meta":{"desktop":{"background-color":"var(--ast-global-color-5)","background-image":"","background-repeat":"repeat","background-position":"center center","background-size":"auto","background-attachment":"scroll","background-type":"","background-media":"","overlay-type":"","overlay-color":"","overlay-opacity":"","overlay-gradient":""},"tablet":{"background-color":"","background-image":"","background-repeat":"repeat","background-position":"center center","background-size":"auto","background-attachment":"scroll","background-type":"","background-media":"","overlay-type":"","overlay-color":"","overlay-opacity":"","overlay-gradient":""},"mobile":{"background-color":"","background-image":"","background-repeat":"repeat","background-position":"center center","background-size":"auto","background-attachment":"scroll","background-type":"","background-media":"","overlay-type":"","overlay-color":"","overlay-opacity":"","overlay-gradient":""}},"ast-content-background-meta":{"desktop":{"background-color":"var(--ast-global-color-4)","background-image":"","background-repeat":"repeat","background-position":"center center","background-size":"auto","background-attachment":"scroll","background-type":"","background-media":"","overlay-type":"","overlay-color":"","overlay-opacity":"","overlay-gradient":""},"tablet":{"background-color":"var(--ast-global-color-4)","background-image":"","background-repeat":"repeat","background-position":"center center","background-size":"auto","background-attachment":"scroll","background-type":"","background-media":"","overlay-type":"","overlay-color":"","overlay-opacity":"","overlay-gradient":""},"mobile":{"background-color":"var(--ast-global-color-4)","background-image":"","background-repeat":"repeat","background-position":"center center","background-size":"auto","background-attachment":"scroll","background-type":"","background-media":"","overlay-type":"","overlay-color":"","overlay-opacity":"","overlay-gradient":""}},"footnotes":""},"categories":[4],"tags":[],"class_list":["post-258","post","type-post","status-publish","format-standard","has-post-thumbnail","hentry","category-tips"],"yoast_head":"<!-- This site is optimized with the Yoast SEO plugin v27.4 - https:\/\/yoast.com\/product\/yoast-seo-wordpress\/ -->\n<title>Hitta din gr\u00f6na stil | Interflora<\/title>\n<meta name=\"robots\" content=\"index, follow, max-snippet:-1, max-image-preview:large, max-video-preview:-1\" \/>\n<link rel=\"canonical\" href=\"https:\/\/www.interflora.se\/inspiration\/hitta-din-grona-stil\/\" \/>\n<meta property=\"og:locale\" content=\"sv_SE\" \/>\n<meta property=\"og:type\" content=\"article\" \/>\n<meta property=\"og:title\" content=\"Hitta din gr\u00f6na stil | Interflora\" \/>\n<meta property=\"og:description\" content=\"P\u00e5 samma s\u00e4tt som vi m\u00e5r bra av en promenad i naturen, m\u00e5r vi bra av v\u00e4xter hemma. Formstarka blad, [&hellip;]\" \/>\n<meta property=\"og:url\" content=\"https:\/\/www.interflora.se\/inspiration\/hitta-din-grona-stil\/\" \/>\n<meta property=\"og:site_name\" content=\"Inspiration om blommor, krukv\u00e4xter &amp; trender | Interflora\" \/>\n<meta property=\"article:publisher\" content=\"https:\/\/www.facebook.com\/InterfloraAB\" \/>\n<meta property=\"article:published_time\" content=\"2024-03-09T19:48:15+00:00\" \/>\n<meta property=\"article:modified_time\" content=\"2025-03-28T09:43:58+00:00\" \/>\n<meta property=\"og:image\" content=\"https:\/\/www.interflora.se\/inspiration\/wp-content\/uploads\/2025\/03\/imageowvzl.jpg\" \/>\n\t<meta property=\"og:image:width\" content=\"1500\" \/>\n\t<meta property=\"og:image:height\" content=\"2250\" \/>\n\t<meta property=\"og:image:type\" content=\"image\/jpeg\" \/>\n<meta name=\"author\" content=\"admin\" \/>\n<meta name=\"twitter:card\" content=\"summary_large_image\" \/>\n<meta name=\"twitter:label1\" content=\"Skriven av\" \/>\n\t<meta name=\"twitter:data1\" content=\"admin\" \/>\n\t<meta name=\"twitter:label2\" content=\"Ber\u00e4knad l\u00e4stid\" \/>\n\t<meta name=\"twitter:data2\" content=\"3 minuter\" \/>\n<script type=\"application\/ld+json\" class=\"yoast-schema-graph\">{\"@context\":\"https:\\\/\\\/schema.org\",\"@graph\":[{\"@type\":\"Article\",\"@id\":\"https:\\\/\\\/www.interflora.se\\\/inspiration\\\/hitta-din-grona-stil\\\/#article\",\"isPartOf\":{\"@id\":\"https:\\\/\\\/www.interflora.se\\\/inspiration\\\/hitta-din-grona-stil\\\/\"},\"author\":{\"name\":\"admin\",\"@id\":\"https:\\\/\\\/www.interflora.se\\\/inspiration\\\/#\\\/schema\\\/person\\\/dbbd1ad45e05409c356dc639597669f2\"},\"headline\":\"Hitta din gr\u00f6na stil\",\"datePublished\":\"2024-03-09T19:48:15+00:00\",\"dateModified\":\"2025-03-28T09:43:58+00:00\",\"mainEntityOfPage\":{\"@id\":\"https:\\\/\\\/www.interflora.se\\\/inspiration\\\/hitta-din-grona-stil\\\/\"},\"wordCount\":560,\"commentCount\":0,\"publisher\":{\"@id\":\"https:\\\/\\\/www.interflora.se\\\/inspiration\\\/#organization\"},\"image\":{\"@id\":\"https:\\\/\\\/www.interflora.se\\\/inspiration\\\/hitta-din-grona-stil\\\/#primaryimage\"},\"thumbnailUrl\":\"https:\\\/\\\/www.interflora.se\\\/inspiration\\\/wp-content\\\/uploads\\\/2025\\\/03\\\/imageowvzl.jpg\",\"articleSection\":[\"Tips\"],\"inLanguage\":\"sv-SE\",\"potentialAction\":[{\"@type\":\"CommentAction\",\"name\":\"Comment\",\"target\":[\"https:\\\/\\\/www.interflora.se\\\/inspiration\\\/hitta-din-grona-stil\\\/#respond\"]}]},{\"@type\":\"WebPage\",\"@id\":\"https:\\\/\\\/www.interflora.se\\\/inspiration\\\/hitta-din-grona-stil\\\/\",\"url\":\"https:\\\/\\\/www.interflora.se\\\/inspiration\\\/hitta-din-grona-stil\\\/\",\"name\":\"Hitta din gr\u00f6na stil | Interflora\",\"isPartOf\":{\"@id\":\"https:\\\/\\\/www.interflora.se\\\/inspiration\\\/#website\"},\"primaryImageOfPage\":{\"@id\":\"https:\\\/\\\/www.interflora.se\\\/inspiration\\\/hitta-din-grona-stil\\\/#primaryimage\"},\"image\":{\"@id\":\"https:\\\/\\\/www.interflora.se\\\/inspiration\\\/hitta-din-grona-stil\\\/#primaryimage\"},\"thumbnailUrl\":\"https:\\\/\\\/www.interflora.se\\\/inspiration\\\/wp-content\\\/uploads\\\/2025\\\/03\\\/imageowvzl.jpg\",\"datePublished\":\"2024-03-09T19:48:15+00:00\",\"dateModified\":\"2025-03-28T09:43:58+00:00\",\"breadcrumb\":{\"@id\":\"https:\\\/\\\/www.interflora.se\\\/inspiration\\\/hitta-din-grona-stil\\\/#breadcrumb\"},\"inLanguage\":\"sv-SE\",\"potentialAction\":[{\"@type\":\"ReadAction\",\"target\":[\"https:\\\/\\\/www.interflora.se\\\/inspiration\\\/hitta-din-grona-stil\\\/\"]}]},{\"@type\":\"ImageObject\",\"inLanguage\":\"sv-SE\",\"@id\":\"https:\\\/\\\/www.interflora.se\\\/inspiration\\\/hitta-din-grona-stil\\\/#primaryimage\",\"url\":\"https:\\\/\\\/www.interflora.se\\\/inspiration\\\/wp-content\\\/uploads\\\/2025\\\/03\\\/imageowvzl.jpg\",\"contentUrl\":\"https:\\\/\\\/www.interflora.se\\\/inspiration\\\/wp-content\\\/uploads\\\/2025\\\/03\\\/imageowvzl.jpg\",\"width\":1500,\"height\":2250},{\"@type\":\"BreadcrumbList\",\"@id\":\"https:\\\/\\\/www.interflora.se\\\/inspiration\\\/hitta-din-grona-stil\\\/#breadcrumb\",\"itemListElement\":[{\"@type\":\"ListItem\",\"position\":1,\"name\":\"Home\",\"item\":\"https:\\\/\\\/www.interflora.se\\\/inspiration\\\/\"},{\"@type\":\"ListItem\",\"position\":2,\"name\":\"Hitta din gr\u00f6na stil\"}]},{\"@type\":\"WebSite\",\"@id\":\"https:\\\/\\\/www.interflora.se\\\/inspiration\\\/#website\",\"url\":\"https:\\\/\\\/www.interflora.se\\\/inspiration\\\/\",\"name\":\"Interflora\",\"description\":\"\",\"publisher\":{\"@id\":\"https:\\\/\\\/www.interflora.se\\\/inspiration\\\/#organization\"},\"potentialAction\":[{\"@type\":\"SearchAction\",\"target\":{\"@type\":\"EntryPoint\",\"urlTemplate\":\"https:\\\/\\\/www.interflora.se\\\/inspiration\\\/?s={search_term_string}\"},\"query-input\":{\"@type\":\"PropertyValueSpecification\",\"valueRequired\":true,\"valueName\":\"search_term_string\"}}],\"inLanguage\":\"sv-SE\"},{\"@type\":\"Organization\",\"@id\":\"https:\\\/\\\/www.interflora.se\\\/inspiration\\\/#organization\",\"name\":\"Interflora\",\"url\":\"https:\\\/\\\/www.interflora.se\\\/inspiration\\\/\",\"logo\":{\"@type\":\"ImageObject\",\"inLanguage\":\"sv-SE\",\"@id\":\"https:\\\/\\\/www.interflora.se\\\/inspiration\\\/#\\\/schema\\\/logo\\\/image\\\/\",\"url\":\"https:\\\/\\\/www.interflora.se\\\/inspiration\\\/wp-content\\\/uploads\\\/2025\\\/09\\\/cropped-220422_INTERFLORA_Logo_rgb_Half_Top_Circle_Main_Color.avif\",\"contentUrl\":\"https:\\\/\\\/www.interflora.se\\\/inspiration\\\/wp-content\\\/uploads\\\/2025\\\/09\\\/cropped-220422_INTERFLORA_Logo_rgb_Half_Top_Circle_Main_Color.avif\",\"width\":1418,\"height\":662,\"caption\":\"Interflora\"},\"image\":{\"@id\":\"https:\\\/\\\/www.interflora.se\\\/inspiration\\\/#\\\/schema\\\/logo\\\/image\\\/\"},\"sameAs\":[\"https:\\\/\\\/www.facebook.com\\\/InterfloraAB\",\"https:\\\/\\\/www.instagram.com\\\/interflora_ab\\\/\",\"https:\\\/\\\/www.linkedin.com\\\/company\\\/1494362\",\"https:\\\/\\\/www.youtube.com\\\/channel\\\/UCZgDzGWB2VRxaoWFUmXnk1w\"]},{\"@type\":\"Person\",\"@id\":\"https:\\\/\\\/www.interflora.se\\\/inspiration\\\/#\\\/schema\\\/person\\\/dbbd1ad45e05409c356dc639597669f2\",\"name\":\"admin\",\"image\":{\"@type\":\"ImageObject\",\"inLanguage\":\"sv-SE\",\"@id\":\"https:\\\/\\\/www.interflora.se\\\/inspiration\\\/wp-content\\\/litespeed\\\/avatar\\\/1fe3cced9e67df62d0a6f995d75823a5.jpg?ver=1777362393\",\"url\":\"https:\\\/\\\/www.interflora.se\\\/inspiration\\\/wp-content\\\/litespeed\\\/avatar\\\/1fe3cced9e67df62d0a6f995d75823a5.jpg?ver=1777362393\",\"contentUrl\":\"https:\\\/\\\/www.interflora.se\\\/inspiration\\\/wp-content\\\/litespeed\\\/avatar\\\/1fe3cced9e67df62d0a6f995d75823a5.jpg?ver=1777362393\",\"caption\":\"admin\"},\"sameAs\":[\"https:\\\/\\\/www.interflora.se\\\/inspiration\"],\"url\":\"https:\\\/\\\/www.interflora.se\\\/inspiration\\\/author\\\/admin\\\/\"}]}<\/script>\n<!-- \/ Yoast SEO plugin. -->","yoast_head_json":{"title":"Hitta din gr\u00f6na stil | Interflora","robots":{"index":"index","follow":"follow","max-snippet":"max-snippet:-1","max-image-preview":"max-image-preview:large","max-video-preview":"max-video-preview:-1"},"canonical":"https:\/\/www.interflora.se\/inspiration\/hitta-din-grona-stil\/","og_locale":"sv_SE","og_type":"article","og_title":"Hitta din gr\u00f6na stil | Interflora","og_description":"P\u00e5 samma s\u00e4tt som vi m\u00e5r bra av en promenad i naturen, m\u00e5r vi bra av v\u00e4xter hemma. Formstarka blad, [&hellip;]","og_url":"https:\/\/www.interflora.se\/inspiration\/hitta-din-grona-stil\/","og_site_name":"Inspiration om blommor, krukv\u00e4xter &amp; trender | Interflora","article_publisher":"https:\/\/www.facebook.com\/InterfloraAB","article_published_time":"2024-03-09T19:48:15+00:00","article_modified_time":"2025-03-28T09:43:58+00:00","og_image":[{"width":1500,"height":2250,"url":"https:\/\/www.interflora.se\/inspiration\/wp-content\/uploads\/2025\/03\/imageowvzl.jpg","type":"image\/jpeg"}],"author":"admin","twitter_card":"summary_large_image","twitter_misc":{"Skriven av":"admin","Ber\u00e4knad l\u00e4stid":"3 minuter"},"schema":{"@context":"https:\/\/schema.org","@graph":[{"@type":"Article","@id":"https:\/\/www.interflora.se\/inspiration\/hitta-din-grona-stil\/#article","isPartOf":{"@id":"https:\/\/www.interflora.se\/inspiration\/hitta-din-grona-stil\/"},"author":{"name":"admin","@id":"https:\/\/www.interflora.se\/inspiration\/#\/schema\/person\/dbbd1ad45e05409c356dc639597669f2"},"headline":"Hitta din gr\u00f6na stil","datePublished":"2024-03-09T19:48:15+00:00","dateModified":"2025-03-28T09:43:58+00:00","mainEntityOfPage":{"@id":"https:\/\/www.interflora.se\/inspiration\/hitta-din-grona-stil\/"},"wordCount":560,"commentCount":0,"publisher":{"@id":"https:\/\/www.interflora.se\/inspiration\/#organization"},"image":{"@id":"https:\/\/www.interflora.se\/inspiration\/hitta-din-grona-stil\/#primaryimage"},"thumbnailUrl":"https:\/\/www.interflora.se\/inspiration\/wp-content\/uploads\/2025\/03\/imageowvzl.jpg","articleSection":["Tips"],"inLanguage":"sv-SE","potentialAction":[{"@type":"CommentAction","name":"Comment","target":["https:\/\/www.interflora.se\/inspiration\/hitta-din-grona-stil\/#respond"]}]},{"@type":"WebPage","@id":"https:\/\/www.interflora.se\/inspiration\/hitta-din-grona-stil\/","url":"https:\/\/www.interflora.se\/inspiration\/hitta-din-grona-stil\/","name":"Hitta din gr\u00f6na stil | Interflora","isPartOf":{"@id":"https:\/\/www.interflora.se\/inspiration\/#website"},"primaryImageOfPage":{"@id":"https:\/\/www.interflora.se\/inspiration\/hitta-din-grona-stil\/#primaryimage"},"image":{"@id":"https:\/\/www.interflora.se\/inspiration\/hitta-din-grona-stil\/#primaryimage"},"thumbnailUrl":"https:\/\/www.interflora.se\/inspiration\/wp-content\/uploads\/2025\/03\/imageowvzl.jpg","datePublished":"2024-03-09T19:48:15+00:00","dateModified":"2025-03-28T09:43:58+00:00","breadcrumb":{"@id":"https:\/\/www.interflora.se\/inspiration\/hitta-din-grona-stil\/#breadcrumb"},"inLanguage":"sv-SE","potentialAction":[{"@type":"ReadAction","target":["https:\/\/www.interflora.se\/inspiration\/hitta-din-grona-stil\/"]}]},{"@type":"ImageObject","inLanguage":"sv-SE","@id":"https:\/\/www.interflora.se\/inspiration\/hitta-din-grona-stil\/#primaryimage","url":"https:\/\/www.interflora.se\/inspiration\/wp-content\/uploads\/2025\/03\/imageowvzl.jpg","contentUrl":"https:\/\/www.interflora.se\/inspiration\/wp-content\/uploads\/2025\/03\/imageowvzl.jpg","width":1500,"height":2250},{"@type":"BreadcrumbList","@id":"https:\/\/www.interflora.se\/inspiration\/hitta-din-grona-stil\/#breadcrumb","itemListElement":[{"@type":"ListItem","position":1,"name":"Home","item":"https:\/\/www.interflora.se\/inspiration\/"},{"@type":"ListItem","position":2,"name":"Hitta din gr\u00f6na stil"}]},{"@type":"WebSite","@id":"https:\/\/www.interflora.se\/inspiration\/#website","url":"https:\/\/www.interflora.se\/inspiration\/","name":"Interflora","description":"","publisher":{"@id":"https:\/\/www.interflora.se\/inspiration\/#organization"},"potentialAction":[{"@type":"SearchAction","target":{"@type":"EntryPoint","urlTemplate":"https:\/\/www.interflora.se\/inspiration\/?s={search_term_string}"},"query-input":{"@type":"PropertyValueSpecification","valueRequired":true,"valueName":"search_term_string"}}],"inLanguage":"sv-SE"},{"@type":"Organization","@id":"https:\/\/www.interflora.se\/inspiration\/#organization","name":"Interflora","url":"https:\/\/www.interflora.se\/inspiration\/","logo":{"@type":"ImageObject","inLanguage":"sv-SE","@id":"https:\/\/www.interflora.se\/inspiration\/#\/schema\/logo\/image\/","url":"https:\/\/www.interflora.se\/inspiration\/wp-content\/uploads\/2025\/09\/cropped-220422_INTERFLORA_Logo_rgb_Half_Top_Circle_Main_Color.avif","contentUrl":"https:\/\/www.interflora.se\/inspiration\/wp-content\/uploads\/2025\/09\/cropped-220422_INTERFLORA_Logo_rgb_Half_Top_Circle_Main_Color.avif","width":1418,"height":662,"caption":"Interflora"},"image":{"@id":"https:\/\/www.interflora.se\/inspiration\/#\/schema\/logo\/image\/"},"sameAs":["https:\/\/www.facebook.com\/InterfloraAB","https:\/\/www.instagram.com\/interflora_ab\/","https:\/\/www.linkedin.com\/company\/1494362","https:\/\/www.youtube.com\/channel\/UCZgDzGWB2VRxaoWFUmXnk1w"]},{"@type":"Person","@id":"https:\/\/www.interflora.se\/inspiration\/#\/schema\/person\/dbbd1ad45e05409c356dc639597669f2","name":"admin","image":{"@type":"ImageObject","inLanguage":"sv-SE","@id":"https:\/\/www.interflora.se\/inspiration\/wp-content\/litespeed\/avatar\/1fe3cced9e67df62d0a6f995d75823a5.jpg?ver=1777362393","url":"https:\/\/www.interflora.se\/inspiration\/wp-content\/litespeed\/avatar\/1fe3cced9e67df62d0a6f995d75823a5.jpg?ver=1777362393","contentUrl":"https:\/\/www.interflora.se\/inspiration\/wp-content\/litespeed\/avatar\/1fe3cced9e67df62d0a6f995d75823a5.jpg?ver=1777362393","caption":"admin"},"sameAs":["https:\/\/www.interflora.se\/inspiration"],"url":"https:\/\/www.interflora.se\/inspiration\/author\/admin\/"}]}},"uagb_featured_image_src":{"full":["https:\/\/www.interflora.se\/inspiration\/wp-content\/uploads\/2025\/03\/imageowvzl.jpg",1500,2250,false],"thumbnail":["https:\/\/www.interflora.se\/inspiration\/wp-content\/uploads\/2025\/03\/imageowvzl-150x150.jpg",150,150,true],"medium":["https:\/\/www.interflora.se\/inspiration\/wp-content\/uploads\/2025\/03\/imageowvzl-200x300.jpg",200,300,true],"medium_large":["https:\/\/www.interflora.se\/inspiration\/wp-content\/uploads\/2025\/03\/imageowvzl-768x1152.jpg",768,1152,true],"large":["https:\/\/www.interflora.se\/inspiration\/wp-content\/uploads\/2025\/03\/imageowvzl-683x1024.jpg",683,1024,true],"1536x1536":["https:\/\/www.interflora.se\/inspiration\/wp-content\/uploads\/2025\/03\/imageowvzl-1024x1536.jpg",1024,1536,true],"2048x2048":["https:\/\/www.interflora.se\/inspiration\/wp-content\/uploads\/2025\/03\/imageowvzl-1365x2048.jpg",1365,2048,true]},"uagb_author_info":{"display_name":"admin","author_link":"https:\/\/www.interflora.se\/inspiration\/author\/admin\/"},"uagb_comment_info":0,"uagb_excerpt":"P\u00e5 samma s\u00e4tt som vi m\u00e5r bra av en promenad i naturen, m\u00e5r vi bra av v\u00e4xter hemma. Formstarka blad, [&hellip;]","_links":{"self":[{"href":"https:\/\/www.interflora.se\/inspiration\/wp-json\/wp\/v2\/posts\/258","targetHints":{"allow":["GET"]}}],"collection":[{"href":"https:\/\/www.interflora.se\/inspiration\/wp-json\/wp\/v2\/posts"}],"about":[{"href":"https:\/\/www.interflora.se\/inspiration\/wp-json\/wp\/v2\/types\/post"}],"author":[{"embeddable":true,"href":"https:\/\/www.interflora.se\/inspiration\/wp-json\/wp\/v2\/users\/1"}],"replies":[{"embeddable":true,"href":"https:\/\/www.interflora.se\/inspiration\/wp-json\/wp\/v2\/comments?post=258"}],"version-history":[{"count":1,"href":"https:\/\/www.interflora.se\/inspiration\/wp-json\/wp\/v2\/posts\/258\/revisions"}],"predecessor-version":[{"id":3509,"href":"https:\/\/www.interflora.se\/inspiration\/wp-json\/wp\/v2\/posts\/258\/revisions\/3509"}],"wp:featuredmedia":[{"embeddable":true,"href":"https:\/\/www.interflora.se\/inspiration\/wp-json\/wp\/v2\/media\/3507"}],"wp:attachment":[{"href":"https:\/\/www.interflora.se\/inspiration\/wp-json\/wp\/v2\/media?parent=258"}],"wp:term":[{"taxonomy":"category","embeddable":true,"href":"https:\/\/www.interflora.se\/inspiration\/wp-json\/wp\/v2\/categories?post=258"},{"taxonomy":"post_tag","embeddable":true,"href":"https:\/\/www.interflora.se\/inspiration\/wp-json\/wp\/v2\/tags?post=258"}],"curies":[{"name":"wp","href":"https:\/\/api.w.org\/{rel}","templated":true}]}}