{"id":243,"date":"2024-02-14T01:47:25","date_gmt":"2024-02-14T00:47:25","guid":{"rendered":"http:\/\/preprodblog.interflora.se\/blog\/?p=243"},"modified":"2025-03-25T15:44:36","modified_gmt":"2025-03-25T14:44:36","slug":"fonstefikus-pa-stam","status":"publish","type":"post","link":"https:\/\/www.interflora.se\/inspiration\/fonstefikus-pa-stam\/","title":{"rendered":"Blomfakta &#038; sk\u00f6tselr\u00e5d &#8211; F\u00f6nsterfikus p\u00e5 stam"},"content":{"rendered":"\n<p><strong>Bladen \u00e4r fler men mindre \u00e4n hos andra f\u00f6nsterfikusar, och vackert brunr\u00f6da. Den \u00e4r ocks\u00e5 kompaktare. Speciell! Sk\u00e4m bort den med en dusch ibland, s\u00e5 visar den sig i all sin (blad)glans.<\/strong><\/p>\n\n\n\n<p><em>Latinskt namn: Ficus Melany<br><\/em><em>V\u00e4xtfamilj: Mullb\u00e4rsv\u00e4xter<\/em><\/p>\n\n\n\n<div class=\"wp-block-buttons is-content-justification-center is-layout-flex wp-container-core-buttons-is-layout-a89b3969 wp-block-buttons-is-layout-flex\">\n<div class=\"wp-block-button\"><a class=\"wp-block-button__link wp-element-button\" href=\"https:\/\/www.interflora.se\/home\/krukvaxter\/alla-krukvaxter\/fonsterfikus-pa-stam\/\">Best\u00e4ll hem till dig!<\/a><\/div>\n<\/div>\n\n\n\n<p>&nbsp;Sk\u00f6tselr\u00e5d f\u00f6r F\u00f6nsterfikus p\u00e5 stam:<\/p>\n\n\n\n<p><strong>L\u00e4ge:<\/strong>\u00a0Vill st\u00e5 ljust, men undvik direkt sol.<\/p>\n\n\n\n<figure class=\"wp-block-image is-resized\"><img loading=\"lazy\" decoding=\"async\" width=\"400\" height=\"400\" src=\"https:\/\/www.interflora.se\/inspiration\/wp-content\/uploads\/2024\/02\/termometer_blomfakta.png\" alt=\"Termometer_blomfakta.png\" class=\"wp-image-1453\" style=\"width:143px;height:auto\" srcset=\"https:\/\/www.interflora.se\/inspiration\/wp-content\/uploads\/2024\/02\/termometer_blomfakta.png 400w, https:\/\/www.interflora.se\/inspiration\/wp-content\/uploads\/2024\/02\/termometer_blomfakta-300x300.png 300w, https:\/\/www.interflora.se\/inspiration\/wp-content\/uploads\/2024\/02\/termometer_blomfakta-150x150.png 150w\" sizes=\"auto, (max-width: 400px) 100vw, 400px\" \/><\/figure>\n\n\n\n<p><strong>Temperatur:<\/strong>&nbsp;18\u201324\u00b0C<\/p>\n\n\n\n<figure class=\"wp-block-image is-resized\"><img loading=\"lazy\" decoding=\"async\" width=\"400\" height=\"400\" src=\"https:\/\/www.interflora.se\/inspiration\/wp-content\/uploads\/2024\/02\/vattenkanna_blomfakta.png\" alt=\"Vattenkanna_blomfakta.png\" class=\"wp-image-1454\" style=\"width:130px;height:auto\" srcset=\"https:\/\/www.interflora.se\/inspiration\/wp-content\/uploads\/2024\/02\/vattenkanna_blomfakta.png 400w, https:\/\/www.interflora.se\/inspiration\/wp-content\/uploads\/2024\/02\/vattenkanna_blomfakta-300x300.png 300w, https:\/\/www.interflora.se\/inspiration\/wp-content\/uploads\/2024\/02\/vattenkanna_blomfakta-150x150.png 150w\" sizes=\"auto, (max-width: 400px) 100vw, 400px\" \/><\/figure>\n\n\n\n<p><strong>Vattning:<\/strong>&nbsp;Ca 1 g\u00e5ng i veckan, h\u00e5ll jorden fuktig.<\/p>\n\n\n\n<figure class=\"wp-block-image is-resized\"><img loading=\"lazy\" decoding=\"async\" width=\"400\" height=\"400\" src=\"https:\/\/www.interflora.se\/inspiration\/wp-content\/uploads\/2024\/02\/naring_blomfakta.png\" alt=\"N\u00e4ring_blomfakta.png\" class=\"wp-image-1456\" style=\"width:129px;height:auto\" srcset=\"https:\/\/www.interflora.se\/inspiration\/wp-content\/uploads\/2024\/02\/naring_blomfakta.png 400w, https:\/\/www.interflora.se\/inspiration\/wp-content\/uploads\/2024\/02\/naring_blomfakta-300x300.png 300w, https:\/\/www.interflora.se\/inspiration\/wp-content\/uploads\/2024\/02\/naring_blomfakta-150x150.png 150w\" sizes=\"auto, (max-width: 400px) 100vw, 400px\" \/><\/figure>\n\n\n\n<p><strong>N\u00e4ring:&nbsp;<\/strong>Vattna med krukv\u00e4xtn\u00e4ring f\u00f6r gr\u00f6na v\u00e4xter under sommaren.<\/p>\n\n\n\n<figure class=\"wp-block-image is-resized\"><img loading=\"lazy\" decoding=\"async\" width=\"400\" height=\"400\" src=\"https:\/\/www.interflora.se\/inspiration\/wp-content\/uploads\/2024\/02\/spray_blomfakta.png\" alt=\"Spray_blomfakta.png\" class=\"wp-image-1455\" style=\"width:128px;height:auto\" srcset=\"https:\/\/www.interflora.se\/inspiration\/wp-content\/uploads\/2024\/02\/spray_blomfakta.png 400w, https:\/\/www.interflora.se\/inspiration\/wp-content\/uploads\/2024\/02\/spray_blomfakta-300x300.png 300w, https:\/\/www.interflora.se\/inspiration\/wp-content\/uploads\/2024\/02\/spray_blomfakta-150x150.png 150w\" sizes=\"auto, (max-width: 400px) 100vw, 400px\" \/><\/figure>\n\n\n\n<p><strong>Omv\u00e5rd:&nbsp;<\/strong>Spreja och torka g\u00e4rna av bladen regelbundet<\/p>\n\n\n\n<figure class=\"wp-block-image is-resized\"><img loading=\"lazy\" decoding=\"async\" width=\"400\" height=\"400\" src=\"https:\/\/www.interflora.se\/inspiration\/wp-content\/uploads\/2024\/02\/plantera_blomfakta.png\" alt=\"Plantera_blomfakta.png\" class=\"wp-image-1457\" style=\"width:133px;height:auto\" srcset=\"https:\/\/www.interflora.se\/inspiration\/wp-content\/uploads\/2024\/02\/plantera_blomfakta.png 400w, https:\/\/www.interflora.se\/inspiration\/wp-content\/uploads\/2024\/02\/plantera_blomfakta-300x300.png 300w, https:\/\/www.interflora.se\/inspiration\/wp-content\/uploads\/2024\/02\/plantera_blomfakta-150x150.png 150w\" sizes=\"auto, (max-width: 400px) 100vw, 400px\" \/><\/figure>\n\n\n\n<p><strong>Plantering:&nbsp;<\/strong>Plantera om plantan i vanlig blomjord p\u00e5 v\u00e5ren.&nbsp;Toppa plantan om du vill f\u00f6rgrena den. Men var f\u00f6rsiktig med saften som kommer fr\u00e5n v\u00e4xten d\u00e5 den kan irritera huden.&nbsp;<\/p>\n\n\n\n<hr class=\"wp-block-separator has-alpha-channel-opacity\"\/>\n\n\n\n<figure class=\"wp-block-image aligncenter\"><img loading=\"lazy\" decoding=\"async\" width=\"800\" height=\"1000\" src=\"https:\/\/www.interflora.se\/inspiration\/wp-content\/uploads\/2024\/02\/imagesjjxeto.jpg\" alt=\"\" class=\"wp-image-1458\" srcset=\"https:\/\/www.interflora.se\/inspiration\/wp-content\/uploads\/2024\/02\/imagesjjxeto.jpg 800w, https:\/\/www.interflora.se\/inspiration\/wp-content\/uploads\/2024\/02\/imagesjjxeto-240x300.jpg 240w, https:\/\/www.interflora.se\/inspiration\/wp-content\/uploads\/2024\/02\/imagesjjxeto-768x960.jpg 768w\" sizes=\"auto, (max-width: 800px) 100vw, 800px\" \/><\/figure>\n\n\n\n<p>F\u00f6nsterfikus \u00e4r en klassiker i Sverige och k\u00e4nns igen p\u00e5 sina stora, vackra, l\u00e4derartade blad. V\u00e4xten \u00e4r en art inom fikussl\u00e4ktet som finns naturligt i Sydostasien och norra Indien.&nbsp;<\/p>\n\n\n\n<p>Tips! Placera den p\u00e5 en piedestal s\u00e5 har du skapat effekten av ett tr\u00e4d hemma.<\/p>\n\n\n\n<p>F\u00f6nsterfikusen \u00e4r t\u00e5lig och klarar, till skillnad fr\u00e5n m\u00e5nga andra v\u00e4xter, \u00e4ven torr luft. Men duscha den g\u00e4rna regelbundet, och torka av bladen efterr\u00e5t. D\u00e5 h\u00e5ller du den fri fr\u00e5n damm och ohyra, och l\u00e5ter bladen gl\u00e4nsa som bara fikusens blad kan.&nbsp;<\/p>\n\n\n\n<figure class=\"wp-block-image aligncenter\"><img loading=\"lazy\" decoding=\"async\" width=\"800\" height=\"1000\" src=\"https:\/\/www.interflora.se\/inspiration\/wp-content\/uploads\/2024\/02\/blomfakta_ficusmelany.jpg\" alt=\"\" class=\"wp-image-1459\" srcset=\"https:\/\/www.interflora.se\/inspiration\/wp-content\/uploads\/2024\/02\/blomfakta_ficusmelany.jpg 800w, https:\/\/www.interflora.se\/inspiration\/wp-content\/uploads\/2024\/02\/blomfakta_ficusmelany-240x300.jpg 240w, https:\/\/www.interflora.se\/inspiration\/wp-content\/uploads\/2024\/02\/blomfakta_ficusmelany-768x960.jpg 768w\" sizes=\"auto, (max-width: 800px) 100vw, 800px\" \/><\/figure>\n","protected":false},"excerpt":{"rendered":"<p>Bladen \u00e4r fler men mindre \u00e4n hos andra f\u00f6nsterfikusar, och vackert brunr\u00f6da. Den \u00e4r ocks\u00e5 kompaktare. Speciell! Sk\u00e4m bort den [&hellip;]<\/p>\n","protected":false},"author":1,"featured_media":1451,"comment_status":"open","ping_status":"open","sticky":false,"template":"","format":"standard","meta":{"_uag_custom_page_level_css":"","site-sidebar-layout":"default","site-content-layout":"","ast-site-content-layout":"default","site-content-style":"default","site-sidebar-style":"default","ast-global-header-display":"","ast-banner-title-visibility":"","ast-main-header-display":"","ast-hfb-above-header-display":"","ast-hfb-below-header-display":"","ast-hfb-mobile-header-display":"","site-post-title":"","ast-breadcrumbs-content":"","ast-featured-img":"","footer-sml-layout":"","ast-disable-related-posts":"","theme-transparent-header-meta":"","adv-header-id-meta":"","stick-header-meta":"","header-above-stick-meta":"","header-main-stick-meta":"","header-below-stick-meta":"","astra-migrate-meta-layouts":"default","ast-page-background-enabled":"default","ast-page-background-meta":{"desktop":{"background-color":"var(--ast-global-color-5)","background-image":"","background-repeat":"repeat","background-position":"center center","background-size":"auto","background-attachment":"scroll","background-type":"","background-media":"","overlay-type":"","overlay-color":"","overlay-opacity":"","overlay-gradient":""},"tablet":{"background-color":"","background-image":"","background-repeat":"repeat","background-position":"center center","background-size":"auto","background-attachment":"scroll","background-type":"","background-media":"","overlay-type":"","overlay-color":"","overlay-opacity":"","overlay-gradient":""},"mobile":{"background-color":"","background-image":"","background-repeat":"repeat","background-position":"center center","background-size":"auto","background-attachment":"scroll","background-type":"","background-media":"","overlay-type":"","overlay-color":"","overlay-opacity":"","overlay-gradient":""}},"ast-content-background-meta":{"desktop":{"background-color":"var(--ast-global-color-4)","background-image":"","background-repeat":"repeat","background-position":"center center","background-size":"auto","background-attachment":"scroll","background-type":"","background-media":"","overlay-type":"","overlay-color":"","overlay-opacity":"","overlay-gradient":""},"tablet":{"background-color":"var(--ast-global-color-4)","background-image":"","background-repeat":"repeat","background-position":"center center","background-size":"auto","background-attachment":"scroll","background-type":"","background-media":"","overlay-type":"","overlay-color":"","overlay-opacity":"","overlay-gradient":""},"mobile":{"background-color":"var(--ast-global-color-4)","background-image":"","background-repeat":"repeat","background-position":"center center","background-size":"auto","background-attachment":"scroll","background-type":"","background-media":"","overlay-type":"","overlay-color":"","overlay-opacity":"","overlay-gradient":""}},"footnotes":""},"categories":[7],"tags":[],"class_list":["post-243","post","type-post","status-publish","format-standard","has-post-thumbnail","hentry","category-blomfakta-skotselrad"],"yoast_head":"<!-- This site is optimized with the Yoast SEO plugin v27.4 - https:\/\/yoast.com\/product\/yoast-seo-wordpress\/ -->\n<title>Blomfakta &amp; sk\u00f6tselr\u00e5d - F\u00f6nsterfikus p\u00e5 stam | Interflora<\/title>\n<meta name=\"robots\" content=\"index, follow, max-snippet:-1, max-image-preview:large, max-video-preview:-1\" \/>\n<link rel=\"canonical\" href=\"https:\/\/www.interflora.se\/inspiration\/fonstefikus-pa-stam\/\" \/>\n<meta property=\"og:locale\" content=\"sv_SE\" \/>\n<meta property=\"og:type\" content=\"article\" \/>\n<meta property=\"og:title\" content=\"Blomfakta &amp; sk\u00f6tselr\u00e5d - F\u00f6nsterfikus p\u00e5 stam | Interflora\" \/>\n<meta property=\"og:description\" content=\"Bladen \u00e4r fler men mindre \u00e4n hos andra f\u00f6nsterfikusar, och vackert brunr\u00f6da. Den \u00e4r ocks\u00e5 kompaktare. Speciell! Sk\u00e4m bort den [&hellip;]\" \/>\n<meta property=\"og:url\" content=\"https:\/\/www.interflora.se\/inspiration\/fonstefikus-pa-stam\/\" \/>\n<meta property=\"og:site_name\" content=\"Inspiration om blommor, krukv\u00e4xter &amp; trender | Interflora\" \/>\n<meta property=\"article:publisher\" content=\"https:\/\/www.facebook.com\/InterfloraAB\" \/>\n<meta property=\"article:published_time\" content=\"2024-02-14T00:47:25+00:00\" \/>\n<meta property=\"article:modified_time\" content=\"2025-03-25T14:44:36+00:00\" \/>\n<meta property=\"og:image\" content=\"https:\/\/www.interflora.se\/inspiration\/wp-content\/uploads\/2025\/03\/blomfakta_ficusmelany.jpg\" \/>\n\t<meta property=\"og:image:width\" content=\"800\" \/>\n\t<meta property=\"og:image:height\" content=\"1000\" \/>\n\t<meta property=\"og:image:type\" content=\"image\/jpeg\" \/>\n<meta name=\"author\" content=\"admin\" \/>\n<meta name=\"twitter:card\" content=\"summary_large_image\" \/>\n<meta name=\"twitter:label1\" content=\"Skriven av\" \/>\n\t<meta name=\"twitter:data1\" content=\"admin\" \/>\n\t<meta name=\"twitter:label2\" content=\"Ber\u00e4knad l\u00e4stid\" \/>\n\t<meta name=\"twitter:data2\" content=\"1 minut\" \/>\n<script type=\"application\/ld+json\" class=\"yoast-schema-graph\">{\"@context\":\"https:\\\/\\\/schema.org\",\"@graph\":[{\"@type\":\"Article\",\"@id\":\"https:\\\/\\\/www.interflora.se\\\/inspiration\\\/fonstefikus-pa-stam\\\/#article\",\"isPartOf\":{\"@id\":\"https:\\\/\\\/www.interflora.se\\\/inspiration\\\/fonstefikus-pa-stam\\\/\"},\"author\":{\"name\":\"admin\",\"@id\":\"https:\\\/\\\/www.interflora.se\\\/inspiration\\\/#\\\/schema\\\/person\\\/dbbd1ad45e05409c356dc639597669f2\"},\"headline\":\"Blomfakta &#038; sk\u00f6tselr\u00e5d &#8211; F\u00f6nsterfikus p\u00e5 stam\",\"datePublished\":\"2024-02-14T00:47:25+00:00\",\"dateModified\":\"2025-03-25T14:44:36+00:00\",\"mainEntityOfPage\":{\"@id\":\"https:\\\/\\\/www.interflora.se\\\/inspiration\\\/fonstefikus-pa-stam\\\/\"},\"wordCount\":262,\"commentCount\":0,\"publisher\":{\"@id\":\"https:\\\/\\\/www.interflora.se\\\/inspiration\\\/#organization\"},\"image\":{\"@id\":\"https:\\\/\\\/www.interflora.se\\\/inspiration\\\/fonstefikus-pa-stam\\\/#primaryimage\"},\"thumbnailUrl\":\"https:\\\/\\\/www.interflora.se\\\/inspiration\\\/wp-content\\\/uploads\\\/2025\\\/03\\\/blomfakta_ficusmelany.jpg\",\"articleSection\":[\"Blomfakta &amp; sk\u00f6tselr\u00e5d\"],\"inLanguage\":\"sv-SE\",\"potentialAction\":[{\"@type\":\"CommentAction\",\"name\":\"Comment\",\"target\":[\"https:\\\/\\\/www.interflora.se\\\/inspiration\\\/fonstefikus-pa-stam\\\/#respond\"]}]},{\"@type\":\"WebPage\",\"@id\":\"https:\\\/\\\/www.interflora.se\\\/inspiration\\\/fonstefikus-pa-stam\\\/\",\"url\":\"https:\\\/\\\/www.interflora.se\\\/inspiration\\\/fonstefikus-pa-stam\\\/\",\"name\":\"Blomfakta & sk\u00f6tselr\u00e5d - F\u00f6nsterfikus p\u00e5 stam | Interflora\",\"isPartOf\":{\"@id\":\"https:\\\/\\\/www.interflora.se\\\/inspiration\\\/#website\"},\"primaryImageOfPage\":{\"@id\":\"https:\\\/\\\/www.interflora.se\\\/inspiration\\\/fonstefikus-pa-stam\\\/#primaryimage\"},\"image\":{\"@id\":\"https:\\\/\\\/www.interflora.se\\\/inspiration\\\/fonstefikus-pa-stam\\\/#primaryimage\"},\"thumbnailUrl\":\"https:\\\/\\\/www.interflora.se\\\/inspiration\\\/wp-content\\\/uploads\\\/2025\\\/03\\\/blomfakta_ficusmelany.jpg\",\"datePublished\":\"2024-02-14T00:47:25+00:00\",\"dateModified\":\"2025-03-25T14:44:36+00:00\",\"breadcrumb\":{\"@id\":\"https:\\\/\\\/www.interflora.se\\\/inspiration\\\/fonstefikus-pa-stam\\\/#breadcrumb\"},\"inLanguage\":\"sv-SE\",\"potentialAction\":[{\"@type\":\"ReadAction\",\"target\":[\"https:\\\/\\\/www.interflora.se\\\/inspiration\\\/fonstefikus-pa-stam\\\/\"]}]},{\"@type\":\"ImageObject\",\"inLanguage\":\"sv-SE\",\"@id\":\"https:\\\/\\\/www.interflora.se\\\/inspiration\\\/fonstefikus-pa-stam\\\/#primaryimage\",\"url\":\"https:\\\/\\\/www.interflora.se\\\/inspiration\\\/wp-content\\\/uploads\\\/2025\\\/03\\\/blomfakta_ficusmelany.jpg\",\"contentUrl\":\"https:\\\/\\\/www.interflora.se\\\/inspiration\\\/wp-content\\\/uploads\\\/2025\\\/03\\\/blomfakta_ficusmelany.jpg\",\"width\":800,\"height\":1000},{\"@type\":\"BreadcrumbList\",\"@id\":\"https:\\\/\\\/www.interflora.se\\\/inspiration\\\/fonstefikus-pa-stam\\\/#breadcrumb\",\"itemListElement\":[{\"@type\":\"ListItem\",\"position\":1,\"name\":\"Home\",\"item\":\"https:\\\/\\\/www.interflora.se\\\/inspiration\\\/\"},{\"@type\":\"ListItem\",\"position\":2,\"name\":\"Blomfakta &#038; sk\u00f6tselr\u00e5d &#8211; F\u00f6nsterfikus p\u00e5 stam\"}]},{\"@type\":\"WebSite\",\"@id\":\"https:\\\/\\\/www.interflora.se\\\/inspiration\\\/#website\",\"url\":\"https:\\\/\\\/www.interflora.se\\\/inspiration\\\/\",\"name\":\"Interflora\",\"description\":\"\",\"publisher\":{\"@id\":\"https:\\\/\\\/www.interflora.se\\\/inspiration\\\/#organization\"},\"potentialAction\":[{\"@type\":\"SearchAction\",\"target\":{\"@type\":\"EntryPoint\",\"urlTemplate\":\"https:\\\/\\\/www.interflora.se\\\/inspiration\\\/?s={search_term_string}\"},\"query-input\":{\"@type\":\"PropertyValueSpecification\",\"valueRequired\":true,\"valueName\":\"search_term_string\"}}],\"inLanguage\":\"sv-SE\"},{\"@type\":\"Organization\",\"@id\":\"https:\\\/\\\/www.interflora.se\\\/inspiration\\\/#organization\",\"name\":\"Interflora\",\"url\":\"https:\\\/\\\/www.interflora.se\\\/inspiration\\\/\",\"logo\":{\"@type\":\"ImageObject\",\"inLanguage\":\"sv-SE\",\"@id\":\"https:\\\/\\\/www.interflora.se\\\/inspiration\\\/#\\\/schema\\\/logo\\\/image\\\/\",\"url\":\"https:\\\/\\\/www.interflora.se\\\/inspiration\\\/wp-content\\\/uploads\\\/2025\\\/09\\\/cropped-220422_INTERFLORA_Logo_rgb_Half_Top_Circle_Main_Color.avif\",\"contentUrl\":\"https:\\\/\\\/www.interflora.se\\\/inspiration\\\/wp-content\\\/uploads\\\/2025\\\/09\\\/cropped-220422_INTERFLORA_Logo_rgb_Half_Top_Circle_Main_Color.avif\",\"width\":1418,\"height\":662,\"caption\":\"Interflora\"},\"image\":{\"@id\":\"https:\\\/\\\/www.interflora.se\\\/inspiration\\\/#\\\/schema\\\/logo\\\/image\\\/\"},\"sameAs\":[\"https:\\\/\\\/www.facebook.com\\\/InterfloraAB\",\"https:\\\/\\\/www.instagram.com\\\/interflora_ab\\\/\",\"https:\\\/\\\/www.linkedin.com\\\/company\\\/1494362\",\"https:\\\/\\\/www.youtube.com\\\/channel\\\/UCZgDzGWB2VRxaoWFUmXnk1w\"]},{\"@type\":\"Person\",\"@id\":\"https:\\\/\\\/www.interflora.se\\\/inspiration\\\/#\\\/schema\\\/person\\\/dbbd1ad45e05409c356dc639597669f2\",\"name\":\"admin\",\"image\":{\"@type\":\"ImageObject\",\"inLanguage\":\"sv-SE\",\"@id\":\"https:\\\/\\\/www.interflora.se\\\/inspiration\\\/wp-content\\\/litespeed\\\/avatar\\\/1fe3cced9e67df62d0a6f995d75823a5.jpg?ver=1777362393\",\"url\":\"https:\\\/\\\/www.interflora.se\\\/inspiration\\\/wp-content\\\/litespeed\\\/avatar\\\/1fe3cced9e67df62d0a6f995d75823a5.jpg?ver=1777362393\",\"contentUrl\":\"https:\\\/\\\/www.interflora.se\\\/inspiration\\\/wp-content\\\/litespeed\\\/avatar\\\/1fe3cced9e67df62d0a6f995d75823a5.jpg?ver=1777362393\",\"caption\":\"admin\"},\"sameAs\":[\"https:\\\/\\\/www.interflora.se\\\/inspiration\"],\"url\":\"https:\\\/\\\/www.interflora.se\\\/inspiration\\\/author\\\/admin\\\/\"}]}<\/script>\n<!-- \/ Yoast SEO plugin. -->","yoast_head_json":{"title":"Blomfakta & sk\u00f6tselr\u00e5d - F\u00f6nsterfikus p\u00e5 stam | Interflora","robots":{"index":"index","follow":"follow","max-snippet":"max-snippet:-1","max-image-preview":"max-image-preview:large","max-video-preview":"max-video-preview:-1"},"canonical":"https:\/\/www.interflora.se\/inspiration\/fonstefikus-pa-stam\/","og_locale":"sv_SE","og_type":"article","og_title":"Blomfakta & sk\u00f6tselr\u00e5d - F\u00f6nsterfikus p\u00e5 stam | Interflora","og_description":"Bladen \u00e4r fler men mindre \u00e4n hos andra f\u00f6nsterfikusar, och vackert brunr\u00f6da. Den \u00e4r ocks\u00e5 kompaktare. Speciell! Sk\u00e4m bort den [&hellip;]","og_url":"https:\/\/www.interflora.se\/inspiration\/fonstefikus-pa-stam\/","og_site_name":"Inspiration om blommor, krukv\u00e4xter &amp; trender | Interflora","article_publisher":"https:\/\/www.facebook.com\/InterfloraAB","article_published_time":"2024-02-14T00:47:25+00:00","article_modified_time":"2025-03-25T14:44:36+00:00","og_image":[{"width":800,"height":1000,"url":"https:\/\/www.interflora.se\/inspiration\/wp-content\/uploads\/2025\/03\/blomfakta_ficusmelany.jpg","type":"image\/jpeg"}],"author":"admin","twitter_card":"summary_large_image","twitter_misc":{"Skriven av":"admin","Ber\u00e4knad l\u00e4stid":"1 minut"},"schema":{"@context":"https:\/\/schema.org","@graph":[{"@type":"Article","@id":"https:\/\/www.interflora.se\/inspiration\/fonstefikus-pa-stam\/#article","isPartOf":{"@id":"https:\/\/www.interflora.se\/inspiration\/fonstefikus-pa-stam\/"},"author":{"name":"admin","@id":"https:\/\/www.interflora.se\/inspiration\/#\/schema\/person\/dbbd1ad45e05409c356dc639597669f2"},"headline":"Blomfakta &#038; sk\u00f6tselr\u00e5d &#8211; F\u00f6nsterfikus p\u00e5 stam","datePublished":"2024-02-14T00:47:25+00:00","dateModified":"2025-03-25T14:44:36+00:00","mainEntityOfPage":{"@id":"https:\/\/www.interflora.se\/inspiration\/fonstefikus-pa-stam\/"},"wordCount":262,"commentCount":0,"publisher":{"@id":"https:\/\/www.interflora.se\/inspiration\/#organization"},"image":{"@id":"https:\/\/www.interflora.se\/inspiration\/fonstefikus-pa-stam\/#primaryimage"},"thumbnailUrl":"https:\/\/www.interflora.se\/inspiration\/wp-content\/uploads\/2025\/03\/blomfakta_ficusmelany.jpg","articleSection":["Blomfakta &amp; sk\u00f6tselr\u00e5d"],"inLanguage":"sv-SE","potentialAction":[{"@type":"CommentAction","name":"Comment","target":["https:\/\/www.interflora.se\/inspiration\/fonstefikus-pa-stam\/#respond"]}]},{"@type":"WebPage","@id":"https:\/\/www.interflora.se\/inspiration\/fonstefikus-pa-stam\/","url":"https:\/\/www.interflora.se\/inspiration\/fonstefikus-pa-stam\/","name":"Blomfakta & sk\u00f6tselr\u00e5d - F\u00f6nsterfikus p\u00e5 stam | Interflora","isPartOf":{"@id":"https:\/\/www.interflora.se\/inspiration\/#website"},"primaryImageOfPage":{"@id":"https:\/\/www.interflora.se\/inspiration\/fonstefikus-pa-stam\/#primaryimage"},"image":{"@id":"https:\/\/www.interflora.se\/inspiration\/fonstefikus-pa-stam\/#primaryimage"},"thumbnailUrl":"https:\/\/www.interflora.se\/inspiration\/wp-content\/uploads\/2025\/03\/blomfakta_ficusmelany.jpg","datePublished":"2024-02-14T00:47:25+00:00","dateModified":"2025-03-25T14:44:36+00:00","breadcrumb":{"@id":"https:\/\/www.interflora.se\/inspiration\/fonstefikus-pa-stam\/#breadcrumb"},"inLanguage":"sv-SE","potentialAction":[{"@type":"ReadAction","target":["https:\/\/www.interflora.se\/inspiration\/fonstefikus-pa-stam\/"]}]},{"@type":"ImageObject","inLanguage":"sv-SE","@id":"https:\/\/www.interflora.se\/inspiration\/fonstefikus-pa-stam\/#primaryimage","url":"https:\/\/www.interflora.se\/inspiration\/wp-content\/uploads\/2025\/03\/blomfakta_ficusmelany.jpg","contentUrl":"https:\/\/www.interflora.se\/inspiration\/wp-content\/uploads\/2025\/03\/blomfakta_ficusmelany.jpg","width":800,"height":1000},{"@type":"BreadcrumbList","@id":"https:\/\/www.interflora.se\/inspiration\/fonstefikus-pa-stam\/#breadcrumb","itemListElement":[{"@type":"ListItem","position":1,"name":"Home","item":"https:\/\/www.interflora.se\/inspiration\/"},{"@type":"ListItem","position":2,"name":"Blomfakta &#038; sk\u00f6tselr\u00e5d &#8211; F\u00f6nsterfikus p\u00e5 stam"}]},{"@type":"WebSite","@id":"https:\/\/www.interflora.se\/inspiration\/#website","url":"https:\/\/www.interflora.se\/inspiration\/","name":"Interflora","description":"","publisher":{"@id":"https:\/\/www.interflora.se\/inspiration\/#organization"},"potentialAction":[{"@type":"SearchAction","target":{"@type":"EntryPoint","urlTemplate":"https:\/\/www.interflora.se\/inspiration\/?s={search_term_string}"},"query-input":{"@type":"PropertyValueSpecification","valueRequired":true,"valueName":"search_term_string"}}],"inLanguage":"sv-SE"},{"@type":"Organization","@id":"https:\/\/www.interflora.se\/inspiration\/#organization","name":"Interflora","url":"https:\/\/www.interflora.se\/inspiration\/","logo":{"@type":"ImageObject","inLanguage":"sv-SE","@id":"https:\/\/www.interflora.se\/inspiration\/#\/schema\/logo\/image\/","url":"https:\/\/www.interflora.se\/inspiration\/wp-content\/uploads\/2025\/09\/cropped-220422_INTERFLORA_Logo_rgb_Half_Top_Circle_Main_Color.avif","contentUrl":"https:\/\/www.interflora.se\/inspiration\/wp-content\/uploads\/2025\/09\/cropped-220422_INTERFLORA_Logo_rgb_Half_Top_Circle_Main_Color.avif","width":1418,"height":662,"caption":"Interflora"},"image":{"@id":"https:\/\/www.interflora.se\/inspiration\/#\/schema\/logo\/image\/"},"sameAs":["https:\/\/www.facebook.com\/InterfloraAB","https:\/\/www.instagram.com\/interflora_ab\/","https:\/\/www.linkedin.com\/company\/1494362","https:\/\/www.youtube.com\/channel\/UCZgDzGWB2VRxaoWFUmXnk1w"]},{"@type":"Person","@id":"https:\/\/www.interflora.se\/inspiration\/#\/schema\/person\/dbbd1ad45e05409c356dc639597669f2","name":"admin","image":{"@type":"ImageObject","inLanguage":"sv-SE","@id":"https:\/\/www.interflora.se\/inspiration\/wp-content\/litespeed\/avatar\/1fe3cced9e67df62d0a6f995d75823a5.jpg?ver=1777362393","url":"https:\/\/www.interflora.se\/inspiration\/wp-content\/litespeed\/avatar\/1fe3cced9e67df62d0a6f995d75823a5.jpg?ver=1777362393","contentUrl":"https:\/\/www.interflora.se\/inspiration\/wp-content\/litespeed\/avatar\/1fe3cced9e67df62d0a6f995d75823a5.jpg?ver=1777362393","caption":"admin"},"sameAs":["https:\/\/www.interflora.se\/inspiration"],"url":"https:\/\/www.interflora.se\/inspiration\/author\/admin\/"}]}},"uagb_featured_image_src":{"full":["https:\/\/www.interflora.se\/inspiration\/wp-content\/uploads\/2025\/03\/blomfakta_ficusmelany.jpg",800,1000,false],"thumbnail":["https:\/\/www.interflora.se\/inspiration\/wp-content\/uploads\/2025\/03\/blomfakta_ficusmelany-150x150.jpg",150,150,true],"medium":["https:\/\/www.interflora.se\/inspiration\/wp-content\/uploads\/2025\/03\/blomfakta_ficusmelany-240x300.jpg",240,300,true],"medium_large":["https:\/\/www.interflora.se\/inspiration\/wp-content\/uploads\/2025\/03\/blomfakta_ficusmelany-768x960.jpg",768,960,true],"large":["https:\/\/www.interflora.se\/inspiration\/wp-content\/uploads\/2025\/03\/blomfakta_ficusmelany.jpg",800,1000,false],"1536x1536":["https:\/\/www.interflora.se\/inspiration\/wp-content\/uploads\/2025\/03\/blomfakta_ficusmelany.jpg",800,1000,false],"2048x2048":["https:\/\/www.interflora.se\/inspiration\/wp-content\/uploads\/2025\/03\/blomfakta_ficusmelany.jpg",800,1000,false]},"uagb_author_info":{"display_name":"admin","author_link":"https:\/\/www.interflora.se\/inspiration\/author\/admin\/"},"uagb_comment_info":0,"uagb_excerpt":"Bladen \u00e4r fler men mindre \u00e4n hos andra f\u00f6nsterfikusar, och vackert brunr\u00f6da. Den \u00e4r ocks\u00e5 kompaktare. Speciell! Sk\u00e4m bort den [&hellip;]","_links":{"self":[{"href":"https:\/\/www.interflora.se\/inspiration\/wp-json\/wp\/v2\/posts\/243","targetHints":{"allow":["GET"]}}],"collection":[{"href":"https:\/\/www.interflora.se\/inspiration\/wp-json\/wp\/v2\/posts"}],"about":[{"href":"https:\/\/www.interflora.se\/inspiration\/wp-json\/wp\/v2\/types\/post"}],"author":[{"embeddable":true,"href":"https:\/\/www.interflora.se\/inspiration\/wp-json\/wp\/v2\/users\/1"}],"replies":[{"embeddable":true,"href":"https:\/\/www.interflora.se\/inspiration\/wp-json\/wp\/v2\/comments?post=243"}],"version-history":[{"count":2,"href":"https:\/\/www.interflora.se\/inspiration\/wp-json\/wp\/v2\/posts\/243\/revisions"}],"predecessor-version":[{"id":1460,"href":"https:\/\/www.interflora.se\/inspiration\/wp-json\/wp\/v2\/posts\/243\/revisions\/1460"}],"wp:featuredmedia":[{"embeddable":true,"href":"https:\/\/www.interflora.se\/inspiration\/wp-json\/wp\/v2\/media\/1451"}],"wp:attachment":[{"href":"https:\/\/www.interflora.se\/inspiration\/wp-json\/wp\/v2\/media?parent=243"}],"wp:term":[{"taxonomy":"category","embeddable":true,"href":"https:\/\/www.interflora.se\/inspiration\/wp-json\/wp\/v2\/categories?post=243"},{"taxonomy":"post_tag","embeddable":true,"href":"https:\/\/www.interflora.se\/inspiration\/wp-json\/wp\/v2\/tags?post=243"}],"curies":[{"name":"wp","href":"https:\/\/api.w.org\/{rel}","templated":true}]}}