{"id":240,"date":"2024-11-08T06:32:31","date_gmt":"2024-11-08T05:32:31","guid":{"rendered":"http:\/\/preprodblog.interflora.se\/blog\/?p=240"},"modified":"2025-03-25T16:09:39","modified_gmt":"2025-03-25T15:09:39","slug":"florist-sofie-danielsson-sohr","status":"publish","type":"post","link":"https:\/\/www.interflora.se\/inspiration\/florist-sofie-danielsson-sohr\/","title":{"rendered":"Sofie Danielsson S\u00f6hr: &#8221;Naturen g\u00f6r mig kreativ&#8221;"},"content":{"rendered":"\n<p><strong>Sofie Danielsson S\u00f6hr s\u00f6ker sig g\u00e4rna ut i naturen f\u00f6r id\u00e9ernas skull, de fl\u00f6dar b\u00e4ttre d\u00e4r. Men ocks\u00e5 f\u00f6r att gr\u00e4s, kottar och fr\u00f6st\u00e4llningar ger en magisk touch till floristiskt hantverk.<\/strong><\/p>\n\n\n\n<p>Utflykterna \u00e4r en bonus f\u00f6r Sofie som \u00e4r uppvuxen l\u00e5ngt ute p\u00e5 den sk\u00e5nska landsbygden, men bosatt i Stockholm sedan m\u00e5nga \u00e5r.<\/p>\n\n\n\n<h2 class=\"wp-block-heading\">Ett blomstrande \u00e5rhundrade<\/h2>\n\n\n\n<p>N\u00e4r hon fick uppdraget av Interflora att skapa matchande buketter till vintagevaser fr\u00e5n Barnebys, som \u00e4r en s\u00f6ksajt f\u00f6r konst, design och antikviteter, fann hon inspirationen b\u00e5de utom- och inomhus.&nbsp;<\/p>\n\n\n\n<p>\u2013 Jag ville skapa tr\u00e4dg\u00e5rdsk\u00e4nsla i en dov f\u00e4rgskala som jag l\u00e5nat fr\u00e5n gamla m\u00e5lningar, s\u00e4ger hon om buketten Art Deco som s\u00e4ljs p\u00e5 interflora.se i samband med Barnebyskampanjen Ett blomstrande \u00e5rhundrade.<\/p>\n\n\n\n<p>Hon band klematis, ros, nejlika, blomstermorot, tistel och eukalyptus i en asymmetrisk och sp\u00e4nnande form f\u00f6r att matcha en tidstypisk 1920-talsurna i gjutj\u00e4rn.<\/p>\n\n\n\n<p>\u2013 Buketterna till kampanjen var ett roligt uppdrag som k\u00e4nns r\u00e4tt i tiden med tanke p\u00e5 h\u00e5llbarhet och \u00e5terbruk, men det var ocks\u00e5 en utmaning!&nbsp;<\/p>\n\n\n\n<figure class=\"wp-block-image aligncenter\"><img decoding=\"async\" src=\"https:\/\/www.interflora.se\/inspiration\/wp-content\/uploads\/2025\/03\/sofie-5.jpg\" alt=\"\"\/><\/figure>\n\n\n\n<p>P\u00e5 floristutbildningen p\u00e5 gymnasiet i Kristianstad l\u00e4ste hon b\u00e5de kultur- och stilhistoria, kunskaper som hon hade hj\u00e4lp av n\u00e4r hon skapade fem olika blomsterarrangemang som sp\u00e4nner \u00f6ver 100 \u00e5r av svensk design. Av dem s\u00e4ljs, f\u00f6rutom buketten Art Deco, \u00e4ven en bukett inspirerad av 1960- och 70-talen p\u00e5 interflora.se under kampanjen. Elegant retro som den heter, gjorde hon f\u00f6r att matcha en keramikvas i svart, vitt och orange fr\u00e5n Upsala-Ekeby.&nbsp;<\/p>\n\n\n\n<p>\u2013 Vid den h\u00e4r tiden b\u00f6rjade det komma mer exotiska blommor. Jag ville f\u00e5 in n\u00e5gra udda inslag, som flamingoblomma, men ocks\u00e5 tagetes och torkade v\u00e4xter som var v\u00e4ldigt inne p\u00e5 1970-talet, s\u00e4ger Sofie.&nbsp;<\/p>\n\n\n\n<p>Buketten inneh\u00e5ller \u00e4ven bomullsplanta, lejongap och pampasgr\u00e4s.<\/p>\n\n\n\n<p>\u2013 Brunt och orange var modernt s\u00e5 det var sj\u00e4lvklara val.&nbsp;<\/p>\n\n\n\n<h2 class=\"wp-block-heading\">Materialet f\u00e5r id\u00e9erna att ta form<\/h2>\n\n\n\n<p>F\u00f6r Sofie \u00e4r det ofta materialet som f\u00e5r id\u00e9erna att ta form.&nbsp;<\/p>\n\n\n\n<p>\u2013 Det \u00e4r sv\u00e5rt att sitta i soffan och fundera i f\u00f6rv\u00e4g. Mitt r\u00e5d till alla \u00e4r att k\u00f6pa eller plocka s\u00e5dant man tycker \u00e4r fint, s\u00e5 \u00e4r det l\u00e4ttare att vara kreativ sedan.<\/p>\n\n\n\n<p>Hon tycker att man gott kan vara lite radikal i f\u00f6rh\u00e5llande till blommor.<\/p>\n\n\n\n<p>\u2013 V\u00e5ga korta ner dem! Oavsett om du har k\u00f6pt l\u00e5nga r\u00f6da rosor eller snittamaryllis till jul. Stj\u00e4lken \u00e4r ju \u00e4nd\u00e5 inte det snyggaste! Blomman kommer att h\u00e5lla l\u00e4ngre och sl\u00e5 ut b\u00e4ttre. Bara snitta!<\/p>\n\n\n\n<figure class=\"wp-block-image aligncenter\"><img decoding=\"async\" src=\"https:\/\/www.interflora.se\/inspiration\/wp-content\/uploads\/2025\/03\/sofie-2.jpg\" alt=\"\"\/><\/figure>\n\n\n\n<h2 class=\"wp-block-heading\">Utmaningar som utvecklar<\/h2>\n\n\n\n<p>Sedan ett halv\u00e5r \u00e4r hon frilans. Efter tio \u00e5r p\u00e5 Floristkompaniet i Stockholm var det dags att s\u00f6ka nya utmaningar. Uppdragen \u00e4r olika \u2013 ena veckan r\u00e5dgivare till butiker, andra veckan h\u00e5ller hon i kurser, jobbar som g\u00e4stl\u00e4rare eller g\u00f6r styling till fotograferingar. D\u00e5 och d\u00e5 har hon medverkat i TV4:s Nyhetsmorgon.<\/p>\n\n\n\n<p>\u2013 Jag \u00e4lskar k\u00e4nslan av att inte riktigt veta vad som v\u00e4ntar runt h\u00f6rnet.<\/p>\n\n\n\n<p>Utmaningar har hon kastat sig \u00f6ver f\u00f6rr. Tv\u00e5 g\u00e5nger genom att t\u00e4vla i florist-VM, senast i v\u00e5ras i USA. Australien tog hem segern medan Sofie gl\u00e4ds \u00e5t nya erfarenheter.<\/p>\n\n\n\n<p>\u2013 Man tvingas t\u00e4nka nytt, det \u00e4r det jag gillar med t\u00e4vlingar. Och s\u00e5 \u00e4r det roligt att tr\u00e4ffa florister fr\u00e5n andra l\u00e4nder. En av mina dr\u00f6mmar \u00e4r att f\u00e5 arrangera en t\u00e4vling i Sverige. En annan \u00e4r att kunna leva p\u00e5 mitt frilansande. Det skulle g\u00f6ra mig j\u00e4ttelycklig och \u00f6dmjukt tacksam!<\/p>\n\n\n\n<figure class=\"wp-block-image aligncenter\"><img decoding=\"async\" src=\"https:\/\/www.interflora.se\/inspiration\/wp-content\/uploads\/2025\/03\/sofie-1.jpg\" alt=\"\"\/><\/figure>\n\n\n\n<h2 class=\"wp-block-heading\">\u201dEn dag best\u00e4llde det \u00e4ldre paret en brudbukett\u201d<\/h2>\n\n\n\n<p>Namn:&nbsp;Sofie Danielsson S\u00f6hr.<br>\u00c5lder:&nbsp;31.<br>Jobbar:&nbsp;Som frilansande florist.<br>\u00c5r i yrket:&nbsp;13.<br>Minns med gl\u00e4dje:&nbsp;N\u00e4r jag jobbade p\u00e5 Floristkompaniet var det ett j\u00e4ttegulligt par i 75-\u00e5rs\u00e5ldern som ofta handlade hos oss. En dag kom de in och ville best\u00e4lla en brudbukett. De skulle gifta sig! Det \u00e4r m\u00f6ten med m\u00e4nniskor jag uppskattar mest med jobbet.<br>Dr\u00f6mmer om:&nbsp;Att arrangera en floristt\u00e4vling i Sverige.<\/p>\n\n\n\n<h2 class=\"wp-block-heading\">Sofies tre b\u00e4sta tips<\/h2>\n\n\n\n<ol class=\"wp-block-list\">\n<li>I st\u00e4llet f\u00f6r tio billiga rosor \u2013 k\u00f6p tre riktigt lyxiga!<\/li>\n\n\n\n<li>Det g\u00f6mmer sig mycket mer i en blomsteraff\u00e4r \u00e4n vad som syns p\u00e5 hyllorna. Fr\u00e5ga om det \u00e4r n\u00e5got du beh\u00f6ver (som st\u00e5ltr\u00e5d, metallring eller n\u00e5got annat)<\/li>\n\n\n\n<li>Om du letar efter en v\u00e4xt eller blomma till en s\u00e4rskild plats hemma \u2013 ta en bild och visa i butiken. Det g\u00f6r det enklare att hj\u00e4lpa till!<\/li>\n<\/ol>\n\n\n\n<p>Foto: Thomas Carlgren&nbsp;<\/p>\n\n\n\n<div class=\"wp-block-buttons is-content-justification-center is-layout-flex wp-container-core-buttons-is-layout-a89b3969 wp-block-buttons-is-layout-flex\">\n<div class=\"wp-block-button\"><a class=\"wp-block-button__link wp-element-button\" href=\"https:\/\/www.interflora.se\/interflora\/produktkategorier\/buketter\/\">Se alla buketter<\/a><\/div>\n<\/div>\n","protected":false},"excerpt":{"rendered":"<p>Sofie Danielsson S\u00f6hr s\u00f6ker sig g\u00e4rna ut i naturen f\u00f6r id\u00e9ernas skull, de fl\u00f6dar b\u00e4ttre d\u00e4r. Men ocks\u00e5 f\u00f6r att [&hellip;]<\/p>\n","protected":false},"author":1,"featured_media":1481,"comment_status":"open","ping_status":"open","sticky":false,"template":"","format":"standard","meta":{"_uag_custom_page_level_css":"","site-sidebar-layout":"default","site-content-layout":"","ast-site-content-layout":"default","site-content-style":"default","site-sidebar-style":"default","ast-global-header-display":"","ast-banner-title-visibility":"","ast-main-header-display":"","ast-hfb-above-header-display":"","ast-hfb-below-header-display":"","ast-hfb-mobile-header-display":"","site-post-title":"","ast-breadcrumbs-content":"","ast-featured-img":"","footer-sml-layout":"","ast-disable-related-posts":"","theme-transparent-header-meta":"","adv-header-id-meta":"","stick-header-meta":"","header-above-stick-meta":"","header-main-stick-meta":"","header-below-stick-meta":"","astra-migrate-meta-layouts":"default","ast-page-background-enabled":"default","ast-page-background-meta":{"desktop":{"background-color":"var(--ast-global-color-5)","background-image":"","background-repeat":"repeat","background-position":"center center","background-size":"auto","background-attachment":"scroll","background-type":"","background-media":"","overlay-type":"","overlay-color":"","overlay-opacity":"","overlay-gradient":""},"tablet":{"background-color":"","background-image":"","background-repeat":"repeat","background-position":"center center","background-size":"auto","background-attachment":"scroll","background-type":"","background-media":"","overlay-type":"","overlay-color":"","overlay-opacity":"","overlay-gradient":""},"mobile":{"background-color":"","background-image":"","background-repeat":"repeat","background-position":"center center","background-size":"auto","background-attachment":"scroll","background-type":"","background-media":"","overlay-type":"","overlay-color":"","overlay-opacity":"","overlay-gradient":""}},"ast-content-background-meta":{"desktop":{"background-color":"var(--ast-global-color-4)","background-image":"","background-repeat":"repeat","background-position":"center center","background-size":"auto","background-attachment":"scroll","background-type":"","background-media":"","overlay-type":"","overlay-color":"","overlay-opacity":"","overlay-gradient":""},"tablet":{"background-color":"var(--ast-global-color-4)","background-image":"","background-repeat":"repeat","background-position":"center center","background-size":"auto","background-attachment":"scroll","background-type":"","background-media":"","overlay-type":"","overlay-color":"","overlay-opacity":"","overlay-gradient":""},"mobile":{"background-color":"var(--ast-global-color-4)","background-image":"","background-repeat":"repeat","background-position":"center center","background-size":"auto","background-attachment":"scroll","background-type":"","background-media":"","overlay-type":"","overlay-color":"","overlay-opacity":"","overlay-gradient":""}},"footnotes":""},"categories":[12],"tags":[],"class_list":["post-240","post","type-post","status-publish","format-standard","has-post-thumbnail","hentry","category-mot-vara-florister"],"yoast_head":"<!-- This site is optimized with the Yoast SEO plugin v27.4 - https:\/\/yoast.com\/product\/yoast-seo-wordpress\/ -->\n<title>Sofie Danielsson S\u00f6hr: &quot;Naturen g\u00f6r mig kreativ&quot; | Interflora<\/title>\n<meta name=\"robots\" content=\"index, follow, max-snippet:-1, max-image-preview:large, max-video-preview:-1\" \/>\n<link rel=\"canonical\" href=\"https:\/\/www.interflora.se\/inspiration\/florist-sofie-danielsson-sohr\/\" \/>\n<meta property=\"og:locale\" content=\"sv_SE\" \/>\n<meta property=\"og:type\" content=\"article\" \/>\n<meta property=\"og:title\" content=\"Sofie Danielsson S\u00f6hr: &quot;Naturen g\u00f6r mig kreativ&quot; | Interflora\" \/>\n<meta property=\"og:description\" content=\"Sofie Danielsson S\u00f6hr s\u00f6ker sig g\u00e4rna ut i naturen f\u00f6r id\u00e9ernas skull, de fl\u00f6dar b\u00e4ttre d\u00e4r. Men ocks\u00e5 f\u00f6r att [&hellip;]\" \/>\n<meta property=\"og:url\" content=\"https:\/\/www.interflora.se\/inspiration\/florist-sofie-danielsson-sohr\/\" \/>\n<meta property=\"og:site_name\" content=\"Inspiration om blommor, krukv\u00e4xter &amp; trender | Interflora\" \/>\n<meta property=\"article:publisher\" content=\"https:\/\/www.facebook.com\/InterfloraAB\" \/>\n<meta property=\"article:published_time\" content=\"2024-11-08T05:32:31+00:00\" \/>\n<meta property=\"article:modified_time\" content=\"2025-03-25T15:09:39+00:00\" \/>\n<meta property=\"og:image\" content=\"https:\/\/www.interflora.se\/inspiration\/wp-content\/uploads\/2025\/03\/sofie-2.jpg\" \/>\n\t<meta property=\"og:image:width\" content=\"1200\" \/>\n\t<meta property=\"og:image:height\" content=\"1500\" \/>\n\t<meta property=\"og:image:type\" content=\"image\/jpeg\" \/>\n<meta name=\"author\" content=\"admin\" \/>\n<meta name=\"twitter:card\" content=\"summary_large_image\" \/>\n<meta name=\"twitter:label1\" content=\"Skriven av\" \/>\n\t<meta name=\"twitter:data1\" content=\"admin\" \/>\n\t<meta name=\"twitter:label2\" content=\"Ber\u00e4knad l\u00e4stid\" \/>\n\t<meta name=\"twitter:data2\" content=\"4 minuter\" \/>\n<script type=\"application\/ld+json\" class=\"yoast-schema-graph\">{\"@context\":\"https:\\\/\\\/schema.org\",\"@graph\":[{\"@type\":\"Article\",\"@id\":\"https:\\\/\\\/www.interflora.se\\\/inspiration\\\/florist-sofie-danielsson-sohr\\\/#article\",\"isPartOf\":{\"@id\":\"https:\\\/\\\/www.interflora.se\\\/inspiration\\\/florist-sofie-danielsson-sohr\\\/\"},\"author\":{\"name\":\"admin\",\"@id\":\"https:\\\/\\\/www.interflora.se\\\/inspiration\\\/#\\\/schema\\\/person\\\/dbbd1ad45e05409c356dc639597669f2\"},\"headline\":\"Sofie Danielsson S\u00f6hr: &#8221;Naturen g\u00f6r mig kreativ&#8221;\",\"datePublished\":\"2024-11-08T05:32:31+00:00\",\"dateModified\":\"2025-03-25T15:09:39+00:00\",\"mainEntityOfPage\":{\"@id\":\"https:\\\/\\\/www.interflora.se\\\/inspiration\\\/florist-sofie-danielsson-sohr\\\/\"},\"wordCount\":827,\"commentCount\":0,\"publisher\":{\"@id\":\"https:\\\/\\\/www.interflora.se\\\/inspiration\\\/#organization\"},\"image\":{\"@id\":\"https:\\\/\\\/www.interflora.se\\\/inspiration\\\/florist-sofie-danielsson-sohr\\\/#primaryimage\"},\"thumbnailUrl\":\"https:\\\/\\\/www.interflora.se\\\/inspiration\\\/wp-content\\\/uploads\\\/2025\\\/03\\\/sofie-2.jpg\",\"articleSection\":[\"M\u00f6t v\u00e5ra florister\"],\"inLanguage\":\"sv-SE\",\"potentialAction\":[{\"@type\":\"CommentAction\",\"name\":\"Comment\",\"target\":[\"https:\\\/\\\/www.interflora.se\\\/inspiration\\\/florist-sofie-danielsson-sohr\\\/#respond\"]}]},{\"@type\":\"WebPage\",\"@id\":\"https:\\\/\\\/www.interflora.se\\\/inspiration\\\/florist-sofie-danielsson-sohr\\\/\",\"url\":\"https:\\\/\\\/www.interflora.se\\\/inspiration\\\/florist-sofie-danielsson-sohr\\\/\",\"name\":\"Sofie Danielsson S\u00f6hr: \\\"Naturen g\u00f6r mig kreativ\\\" | Interflora\",\"isPartOf\":{\"@id\":\"https:\\\/\\\/www.interflora.se\\\/inspiration\\\/#website\"},\"primaryImageOfPage\":{\"@id\":\"https:\\\/\\\/www.interflora.se\\\/inspiration\\\/florist-sofie-danielsson-sohr\\\/#primaryimage\"},\"image\":{\"@id\":\"https:\\\/\\\/www.interflora.se\\\/inspiration\\\/florist-sofie-danielsson-sohr\\\/#primaryimage\"},\"thumbnailUrl\":\"https:\\\/\\\/www.interflora.se\\\/inspiration\\\/wp-content\\\/uploads\\\/2025\\\/03\\\/sofie-2.jpg\",\"datePublished\":\"2024-11-08T05:32:31+00:00\",\"dateModified\":\"2025-03-25T15:09:39+00:00\",\"breadcrumb\":{\"@id\":\"https:\\\/\\\/www.interflora.se\\\/inspiration\\\/florist-sofie-danielsson-sohr\\\/#breadcrumb\"},\"inLanguage\":\"sv-SE\",\"potentialAction\":[{\"@type\":\"ReadAction\",\"target\":[\"https:\\\/\\\/www.interflora.se\\\/inspiration\\\/florist-sofie-danielsson-sohr\\\/\"]}]},{\"@type\":\"ImageObject\",\"inLanguage\":\"sv-SE\",\"@id\":\"https:\\\/\\\/www.interflora.se\\\/inspiration\\\/florist-sofie-danielsson-sohr\\\/#primaryimage\",\"url\":\"https:\\\/\\\/www.interflora.se\\\/inspiration\\\/wp-content\\\/uploads\\\/2025\\\/03\\\/sofie-2.jpg\",\"contentUrl\":\"https:\\\/\\\/www.interflora.se\\\/inspiration\\\/wp-content\\\/uploads\\\/2025\\\/03\\\/sofie-2.jpg\",\"width\":1200,\"height\":1500},{\"@type\":\"BreadcrumbList\",\"@id\":\"https:\\\/\\\/www.interflora.se\\\/inspiration\\\/florist-sofie-danielsson-sohr\\\/#breadcrumb\",\"itemListElement\":[{\"@type\":\"ListItem\",\"position\":1,\"name\":\"Home\",\"item\":\"https:\\\/\\\/www.interflora.se\\\/inspiration\\\/\"},{\"@type\":\"ListItem\",\"position\":2,\"name\":\"Sofie Danielsson S\u00f6hr: &#8221;Naturen g\u00f6r mig kreativ&#8221;\"}]},{\"@type\":\"WebSite\",\"@id\":\"https:\\\/\\\/www.interflora.se\\\/inspiration\\\/#website\",\"url\":\"https:\\\/\\\/www.interflora.se\\\/inspiration\\\/\",\"name\":\"Interflora\",\"description\":\"\",\"publisher\":{\"@id\":\"https:\\\/\\\/www.interflora.se\\\/inspiration\\\/#organization\"},\"potentialAction\":[{\"@type\":\"SearchAction\",\"target\":{\"@type\":\"EntryPoint\",\"urlTemplate\":\"https:\\\/\\\/www.interflora.se\\\/inspiration\\\/?s={search_term_string}\"},\"query-input\":{\"@type\":\"PropertyValueSpecification\",\"valueRequired\":true,\"valueName\":\"search_term_string\"}}],\"inLanguage\":\"sv-SE\"},{\"@type\":\"Organization\",\"@id\":\"https:\\\/\\\/www.interflora.se\\\/inspiration\\\/#organization\",\"name\":\"Interflora\",\"url\":\"https:\\\/\\\/www.interflora.se\\\/inspiration\\\/\",\"logo\":{\"@type\":\"ImageObject\",\"inLanguage\":\"sv-SE\",\"@id\":\"https:\\\/\\\/www.interflora.se\\\/inspiration\\\/#\\\/schema\\\/logo\\\/image\\\/\",\"url\":\"https:\\\/\\\/www.interflora.se\\\/inspiration\\\/wp-content\\\/uploads\\\/2025\\\/09\\\/cropped-220422_INTERFLORA_Logo_rgb_Half_Top_Circle_Main_Color.avif\",\"contentUrl\":\"https:\\\/\\\/www.interflora.se\\\/inspiration\\\/wp-content\\\/uploads\\\/2025\\\/09\\\/cropped-220422_INTERFLORA_Logo_rgb_Half_Top_Circle_Main_Color.avif\",\"width\":1418,\"height\":662,\"caption\":\"Interflora\"},\"image\":{\"@id\":\"https:\\\/\\\/www.interflora.se\\\/inspiration\\\/#\\\/schema\\\/logo\\\/image\\\/\"},\"sameAs\":[\"https:\\\/\\\/www.facebook.com\\\/InterfloraAB\",\"https:\\\/\\\/www.instagram.com\\\/interflora_ab\\\/\",\"https:\\\/\\\/www.linkedin.com\\\/company\\\/1494362\",\"https:\\\/\\\/www.youtube.com\\\/channel\\\/UCZgDzGWB2VRxaoWFUmXnk1w\"]},{\"@type\":\"Person\",\"@id\":\"https:\\\/\\\/www.interflora.se\\\/inspiration\\\/#\\\/schema\\\/person\\\/dbbd1ad45e05409c356dc639597669f2\",\"name\":\"admin\",\"image\":{\"@type\":\"ImageObject\",\"inLanguage\":\"sv-SE\",\"@id\":\"https:\\\/\\\/www.interflora.se\\\/inspiration\\\/wp-content\\\/litespeed\\\/avatar\\\/1fe3cced9e67df62d0a6f995d75823a5.jpg?ver=1777362393\",\"url\":\"https:\\\/\\\/www.interflora.se\\\/inspiration\\\/wp-content\\\/litespeed\\\/avatar\\\/1fe3cced9e67df62d0a6f995d75823a5.jpg?ver=1777362393\",\"contentUrl\":\"https:\\\/\\\/www.interflora.se\\\/inspiration\\\/wp-content\\\/litespeed\\\/avatar\\\/1fe3cced9e67df62d0a6f995d75823a5.jpg?ver=1777362393\",\"caption\":\"admin\"},\"sameAs\":[\"https:\\\/\\\/www.interflora.se\\\/inspiration\"],\"url\":\"https:\\\/\\\/www.interflora.se\\\/inspiration\\\/author\\\/admin\\\/\"}]}<\/script>\n<!-- \/ Yoast SEO plugin. -->","yoast_head_json":{"title":"Sofie Danielsson S\u00f6hr: \"Naturen g\u00f6r mig kreativ\" | Interflora","robots":{"index":"index","follow":"follow","max-snippet":"max-snippet:-1","max-image-preview":"max-image-preview:large","max-video-preview":"max-video-preview:-1"},"canonical":"https:\/\/www.interflora.se\/inspiration\/florist-sofie-danielsson-sohr\/","og_locale":"sv_SE","og_type":"article","og_title":"Sofie Danielsson S\u00f6hr: \"Naturen g\u00f6r mig kreativ\" | Interflora","og_description":"Sofie Danielsson S\u00f6hr s\u00f6ker sig g\u00e4rna ut i naturen f\u00f6r id\u00e9ernas skull, de fl\u00f6dar b\u00e4ttre d\u00e4r. Men ocks\u00e5 f\u00f6r att [&hellip;]","og_url":"https:\/\/www.interflora.se\/inspiration\/florist-sofie-danielsson-sohr\/","og_site_name":"Inspiration om blommor, krukv\u00e4xter &amp; trender | Interflora","article_publisher":"https:\/\/www.facebook.com\/InterfloraAB","article_published_time":"2024-11-08T05:32:31+00:00","article_modified_time":"2025-03-25T15:09:39+00:00","og_image":[{"width":1200,"height":1500,"url":"https:\/\/www.interflora.se\/inspiration\/wp-content\/uploads\/2025\/03\/sofie-2.jpg","type":"image\/jpeg"}],"author":"admin","twitter_card":"summary_large_image","twitter_misc":{"Skriven av":"admin","Ber\u00e4knad l\u00e4stid":"4 minuter"},"schema":{"@context":"https:\/\/schema.org","@graph":[{"@type":"Article","@id":"https:\/\/www.interflora.se\/inspiration\/florist-sofie-danielsson-sohr\/#article","isPartOf":{"@id":"https:\/\/www.interflora.se\/inspiration\/florist-sofie-danielsson-sohr\/"},"author":{"name":"admin","@id":"https:\/\/www.interflora.se\/inspiration\/#\/schema\/person\/dbbd1ad45e05409c356dc639597669f2"},"headline":"Sofie Danielsson S\u00f6hr: &#8221;Naturen g\u00f6r mig kreativ&#8221;","datePublished":"2024-11-08T05:32:31+00:00","dateModified":"2025-03-25T15:09:39+00:00","mainEntityOfPage":{"@id":"https:\/\/www.interflora.se\/inspiration\/florist-sofie-danielsson-sohr\/"},"wordCount":827,"commentCount":0,"publisher":{"@id":"https:\/\/www.interflora.se\/inspiration\/#organization"},"image":{"@id":"https:\/\/www.interflora.se\/inspiration\/florist-sofie-danielsson-sohr\/#primaryimage"},"thumbnailUrl":"https:\/\/www.interflora.se\/inspiration\/wp-content\/uploads\/2025\/03\/sofie-2.jpg","articleSection":["M\u00f6t v\u00e5ra florister"],"inLanguage":"sv-SE","potentialAction":[{"@type":"CommentAction","name":"Comment","target":["https:\/\/www.interflora.se\/inspiration\/florist-sofie-danielsson-sohr\/#respond"]}]},{"@type":"WebPage","@id":"https:\/\/www.interflora.se\/inspiration\/florist-sofie-danielsson-sohr\/","url":"https:\/\/www.interflora.se\/inspiration\/florist-sofie-danielsson-sohr\/","name":"Sofie Danielsson S\u00f6hr: \"Naturen g\u00f6r mig kreativ\" | Interflora","isPartOf":{"@id":"https:\/\/www.interflora.se\/inspiration\/#website"},"primaryImageOfPage":{"@id":"https:\/\/www.interflora.se\/inspiration\/florist-sofie-danielsson-sohr\/#primaryimage"},"image":{"@id":"https:\/\/www.interflora.se\/inspiration\/florist-sofie-danielsson-sohr\/#primaryimage"},"thumbnailUrl":"https:\/\/www.interflora.se\/inspiration\/wp-content\/uploads\/2025\/03\/sofie-2.jpg","datePublished":"2024-11-08T05:32:31+00:00","dateModified":"2025-03-25T15:09:39+00:00","breadcrumb":{"@id":"https:\/\/www.interflora.se\/inspiration\/florist-sofie-danielsson-sohr\/#breadcrumb"},"inLanguage":"sv-SE","potentialAction":[{"@type":"ReadAction","target":["https:\/\/www.interflora.se\/inspiration\/florist-sofie-danielsson-sohr\/"]}]},{"@type":"ImageObject","inLanguage":"sv-SE","@id":"https:\/\/www.interflora.se\/inspiration\/florist-sofie-danielsson-sohr\/#primaryimage","url":"https:\/\/www.interflora.se\/inspiration\/wp-content\/uploads\/2025\/03\/sofie-2.jpg","contentUrl":"https:\/\/www.interflora.se\/inspiration\/wp-content\/uploads\/2025\/03\/sofie-2.jpg","width":1200,"height":1500},{"@type":"BreadcrumbList","@id":"https:\/\/www.interflora.se\/inspiration\/florist-sofie-danielsson-sohr\/#breadcrumb","itemListElement":[{"@type":"ListItem","position":1,"name":"Home","item":"https:\/\/www.interflora.se\/inspiration\/"},{"@type":"ListItem","position":2,"name":"Sofie Danielsson S\u00f6hr: &#8221;Naturen g\u00f6r mig kreativ&#8221;"}]},{"@type":"WebSite","@id":"https:\/\/www.interflora.se\/inspiration\/#website","url":"https:\/\/www.interflora.se\/inspiration\/","name":"Interflora","description":"","publisher":{"@id":"https:\/\/www.interflora.se\/inspiration\/#organization"},"potentialAction":[{"@type":"SearchAction","target":{"@type":"EntryPoint","urlTemplate":"https:\/\/www.interflora.se\/inspiration\/?s={search_term_string}"},"query-input":{"@type":"PropertyValueSpecification","valueRequired":true,"valueName":"search_term_string"}}],"inLanguage":"sv-SE"},{"@type":"Organization","@id":"https:\/\/www.interflora.se\/inspiration\/#organization","name":"Interflora","url":"https:\/\/www.interflora.se\/inspiration\/","logo":{"@type":"ImageObject","inLanguage":"sv-SE","@id":"https:\/\/www.interflora.se\/inspiration\/#\/schema\/logo\/image\/","url":"https:\/\/www.interflora.se\/inspiration\/wp-content\/uploads\/2025\/09\/cropped-220422_INTERFLORA_Logo_rgb_Half_Top_Circle_Main_Color.avif","contentUrl":"https:\/\/www.interflora.se\/inspiration\/wp-content\/uploads\/2025\/09\/cropped-220422_INTERFLORA_Logo_rgb_Half_Top_Circle_Main_Color.avif","width":1418,"height":662,"caption":"Interflora"},"image":{"@id":"https:\/\/www.interflora.se\/inspiration\/#\/schema\/logo\/image\/"},"sameAs":["https:\/\/www.facebook.com\/InterfloraAB","https:\/\/www.instagram.com\/interflora_ab\/","https:\/\/www.linkedin.com\/company\/1494362","https:\/\/www.youtube.com\/channel\/UCZgDzGWB2VRxaoWFUmXnk1w"]},{"@type":"Person","@id":"https:\/\/www.interflora.se\/inspiration\/#\/schema\/person\/dbbd1ad45e05409c356dc639597669f2","name":"admin","image":{"@type":"ImageObject","inLanguage":"sv-SE","@id":"https:\/\/www.interflora.se\/inspiration\/wp-content\/litespeed\/avatar\/1fe3cced9e67df62d0a6f995d75823a5.jpg?ver=1777362393","url":"https:\/\/www.interflora.se\/inspiration\/wp-content\/litespeed\/avatar\/1fe3cced9e67df62d0a6f995d75823a5.jpg?ver=1777362393","contentUrl":"https:\/\/www.interflora.se\/inspiration\/wp-content\/litespeed\/avatar\/1fe3cced9e67df62d0a6f995d75823a5.jpg?ver=1777362393","caption":"admin"},"sameAs":["https:\/\/www.interflora.se\/inspiration"],"url":"https:\/\/www.interflora.se\/inspiration\/author\/admin\/"}]}},"uagb_featured_image_src":{"full":["https:\/\/www.interflora.se\/inspiration\/wp-content\/uploads\/2025\/03\/sofie-2.jpg",1200,1500,false],"thumbnail":["https:\/\/www.interflora.se\/inspiration\/wp-content\/uploads\/2025\/03\/sofie-2-150x150.jpg",150,150,true],"medium":["https:\/\/www.interflora.se\/inspiration\/wp-content\/uploads\/2025\/03\/sofie-2-240x300.jpg",240,300,true],"medium_large":["https:\/\/www.interflora.se\/inspiration\/wp-content\/uploads\/2025\/03\/sofie-2-768x960.jpg",768,960,true],"large":["https:\/\/www.interflora.se\/inspiration\/wp-content\/uploads\/2025\/03\/sofie-2-819x1024.jpg",819,1024,true],"1536x1536":["https:\/\/www.interflora.se\/inspiration\/wp-content\/uploads\/2025\/03\/sofie-2.jpg",1200,1500,false],"2048x2048":["https:\/\/www.interflora.se\/inspiration\/wp-content\/uploads\/2025\/03\/sofie-2.jpg",1200,1500,false]},"uagb_author_info":{"display_name":"admin","author_link":"https:\/\/www.interflora.se\/inspiration\/author\/admin\/"},"uagb_comment_info":0,"uagb_excerpt":"Sofie Danielsson S\u00f6hr s\u00f6ker sig g\u00e4rna ut i naturen f\u00f6r id\u00e9ernas skull, de fl\u00f6dar b\u00e4ttre d\u00e4r. Men ocks\u00e5 f\u00f6r att [&hellip;]","_links":{"self":[{"href":"https:\/\/www.interflora.se\/inspiration\/wp-json\/wp\/v2\/posts\/240","targetHints":{"allow":["GET"]}}],"collection":[{"href":"https:\/\/www.interflora.se\/inspiration\/wp-json\/wp\/v2\/posts"}],"about":[{"href":"https:\/\/www.interflora.se\/inspiration\/wp-json\/wp\/v2\/types\/post"}],"author":[{"embeddable":true,"href":"https:\/\/www.interflora.se\/inspiration\/wp-json\/wp\/v2\/users\/1"}],"replies":[{"embeddable":true,"href":"https:\/\/www.interflora.se\/inspiration\/wp-json\/wp\/v2\/comments?post=240"}],"version-history":[{"count":1,"href":"https:\/\/www.interflora.se\/inspiration\/wp-json\/wp\/v2\/posts\/240\/revisions"}],"predecessor-version":[{"id":1483,"href":"https:\/\/www.interflora.se\/inspiration\/wp-json\/wp\/v2\/posts\/240\/revisions\/1483"}],"wp:featuredmedia":[{"embeddable":true,"href":"https:\/\/www.interflora.se\/inspiration\/wp-json\/wp\/v2\/media\/1481"}],"wp:attachment":[{"href":"https:\/\/www.interflora.se\/inspiration\/wp-json\/wp\/v2\/media?parent=240"}],"wp:term":[{"taxonomy":"category","embeddable":true,"href":"https:\/\/www.interflora.se\/inspiration\/wp-json\/wp\/v2\/categories?post=240"},{"taxonomy":"post_tag","embeddable":true,"href":"https:\/\/www.interflora.se\/inspiration\/wp-json\/wp\/v2\/tags?post=240"}],"curies":[{"name":"wp","href":"https:\/\/api.w.org\/{rel}","templated":true}]}}