{"id":239,"date":"2024-07-23T01:12:08","date_gmt":"2024-07-22T23:12:08","guid":{"rendered":"http:\/\/preprodblog.interflora.se\/blog\/?p=239"},"modified":"2025-03-26T14:45:38","modified_gmt":"2025-03-26T13:45:38","slug":"florist-sarah-angelsioo","status":"publish","type":"post","link":"https:\/\/www.interflora.se\/inspiration\/florist-sarah-angelsioo\/","title":{"rendered":"Sarah Angelsi\u00f6\u00f6: &#8221;Jag vill skapa magi&#8221;"},"content":{"rendered":"\n<p><strong>Butiken Gullvivan i Stockholm \u00e4r v\u00e4lfylld. I kyldisken vippar vallmo intill sl\u00f6jsilja som slagit ut i rosa skyar. Fantastiska fr\u00f6st\u00e4llningar f\u00e5ngar blicken. Det m\u00e4rks tydligt att floristen Sarah Angelsi\u00f6\u00f6, som \u00e4r ny \u00e4gare, har k\u00e4nsla f\u00f6r f\u00e4rg och form.<\/strong><\/p>\n\n\n\n<p>I slutet av maj tog Sarah \u00f6ver Gullvivan p\u00e5 Karlav\u00e4gen 53, en av Stockholms \u00e4ldsta blomsterbutiker med anor fr\u00e5n 1905. Namnet har hon beh\u00e5llit, hon vill g\u00e4rna vara en l\u00e4nk i den l\u00e5nga historien.<\/p>\n\n\n\n<p>\u2013 Kyldisken \u00e4r lite urplockad f\u00f6r tillf\u00e4llet, urs\u00e4ktar hon sig n\u00e4r hon \u00f6ppnar ett par timmar innan kunderna f\u00e5r komma in. Men sorterna som finns d\u00e4r ber\u00e4ttar om Sarahs fingertoppsk\u00e4nsla.<\/p>\n\n\n\n<h3 class=\"wp-block-heading\">Naturligt, magiskt och frodigt<\/h3>\n\n\n\n<p>\u2013 Jag vill att min stil ska k\u00e4nnas naturlig, att blommor och v\u00e4xter ska likna dem som v\u00e4xer i tr\u00e4dg\u00e5rdarna. Det ska uppfattas som magiskt och frodigt. Vallmo och lukt\u00e4rter f\u00e5r flyga ut lite p\u00e5 sidan av buketten, det ger liv. Och jag \u00e4lskar dova f\u00e4rger \u2013 smutsrosa, vinr\u00f6tt och alla de bruna nyanserna p\u00e5 h\u00f6sten. Jag jobbar mycket med gr\u00f6nt och tycker om att pilla med det. Just nu finns det s\u00e5 fina olivkvistar.<\/p>\n\n\n\n<figure class=\"wp-block-image\"><img decoding=\"async\" src=\"https:\/\/www.interflora.se\/inspiration\/wp-content\/uploads\/2025\/03\/sarah-gullvivan-2.jpg\" alt=\"\"\/><\/figure>\n\n\n\n<figure class=\"wp-block-image\"><img decoding=\"async\" src=\"https:\/\/www.interflora.se\/inspiration\/wp-content\/uploads\/2025\/03\/sarah-gullvivan-3.jpg\" alt=\"\"\/><\/figure>\n\n\n\n<p>Sarah kombinerar ocks\u00e5 torkade v\u00e4xter med snittblommor. Den trenden \u00e4r stark just nu och hon m\u00e4rker att kunderna snappat id\u00e9n.<\/p>\n\n\n\n<p>\u2013 Jag blandar g\u00e4rna in torkat i f\u00e4rdigproducerade buketter, s\u00e5 att det syns direkt hur fint det blir.<\/p>\n\n\n\n<h3 class=\"wp-block-heading\">Noga med sk\u00f6tselr\u00e5d<\/h3>\n\n\n\n<p>H\u00e5llbarhetsaspekten av det torkade \u00e4r en positiv bieffekt. Sarah t\u00e4nker \u00e4ven p\u00e5 att k\u00f6pa in n\u00e4rodlat n\u00e4r det finns och att ge kunderna sk\u00f6tselr\u00e5d f\u00f6r att blommorna ska h\u00e5lla s\u00e5 l\u00e4nge som m\u00f6jligt n\u00e4r de kommer hem.<\/p>\n\n\n\n<p>\u2013 Jag \u00e4r noga med att p\u00e5minna om att byta vattnet ofta och att inte anv\u00e4nda k\u00f6kssaxen n\u00e4r man snittar stj\u00e4lkar. Det \u00e4r n\u00e5got som m\u00e5nga g\u00f6r, utan att t\u00e4nka p\u00e5 att porerna t\u00e4pps till d\u00e5.<\/p>\n\n\n\n<figure class=\"wp-block-image\"><img decoding=\"async\" src=\"https:\/\/www.interflora.se\/inspiration\/wp-content\/uploads\/2025\/03\/sarah-gullvivan-4.jpg\" alt=\"\"\/><\/figure>\n\n\n\n<h3 class=\"wp-block-heading\">Blommor till Kenzas sagobr\u00f6llop<\/h3>\n\n\n\n<p>Till vardags binder hon f\u00f6rst\u00e5s mycket buketter, men som florist f\u00e5r man \u00e4ven specialbest\u00e4llningar, som scendekorationer till event. Att t\u00e4nka stort \u00e4r en rolig utmaning. Det fick hon g\u00f6ra n\u00e4r influencern Kenza skulle gifta sig f\u00f6r ett par \u00e5r sedan. Sarah, som samarbetade med en br\u00f6llopskoordinator, gjorde hela blomsterarrangemanget till vigseln och festen efter\u00e5t \u2013 brudbuketten med rosa rosor, vita pioner, klematis och gr\u00f6n mimosa, blomsterb\u00e5ge, girlanger, bordsdekorationer och en stor blomsterv\u00e4gg som g\u00e4sterna kunde fotograferas mot. Den bildade sedan fond bakom brudparet under middagen.<\/p>\n\n\n\n<p>\u2013 Jag har flera fina minnen f\u00f6rknippade med mitt arbete, det h\u00e4r \u00e4r definitivt ett av dem, s\u00e4ger hon.<\/p>\n\n\n\n<figure class=\"wp-block-image\"><img decoding=\"async\" src=\"https:\/\/www.interflora.se\/inspiration\/wp-content\/uploads\/2025\/03\/sarah-gullvivan-1.jpg\" alt=\"\"\/><\/figure>\n\n\n\n<h3 class=\"wp-block-heading\">&#8221;Mitt hj\u00e4rta sl\u00e5r lite extra f\u00f6r br\u00f6llop&#8221;<\/h3>\n\n\n\n<p><strong>Namn:<\/strong>&nbsp;Sarah Angelsi\u00f6\u00f6.<br><strong>Butik:<\/strong>&nbsp;<a href=\"https:\/\/www.interflora.se\/hitta-butik\/butik\/5276#!\/\">Interflora Gullvivan Stockholm<\/a>.<br><strong>\u00c5r i yrket:&nbsp;<\/strong>Fem.<br><strong>Tycker om:<\/strong>&nbsp;Att l\u00e5ta hantverket spreta.<br><strong>Styrkor:<\/strong>&nbsp;Entusiastisk, driven och kreativ, med en egen stil.<br><strong>Favorituppdrag:<\/strong>&nbsp;Br\u00f6llop.<\/p>\n\n\n\n<h3 class=\"wp-block-heading\">Sarahs tre b\u00e4sta tips:<\/h3>\n\n\n\n<ol class=\"wp-block-list\">\n<li>Var noga med\u00a0<a href=\"https:\/\/www.interflora.se\/inspiration\/blomfakta-och-skotselrad\/skotselrad-snittblommor\/\">sk\u00f6tseln av blommorna<\/a>\u00a0\u2013 ren vas, friskt vatten och inga blad under vattenytan.<\/li>\n\n\n\n<li>V\u00e5ga blanda torkade blommor med f\u00e4rska.<\/li>\n\n\n\n<li>Snitta blommorna med en vass kniv, inte med k\u00f6kssaxen!<\/li>\n<\/ol>\n","protected":false},"excerpt":{"rendered":"<p>Butiken Gullvivan i Stockholm \u00e4r v\u00e4lfylld. I kyldisken vippar vallmo intill sl\u00f6jsilja som slagit ut i rosa skyar. Fantastiska fr\u00f6st\u00e4llningar [&hellip;]<\/p>\n","protected":false},"author":1,"featured_media":2051,"comment_status":"open","ping_status":"open","sticky":false,"template":"","format":"standard","meta":{"_uag_custom_page_level_css":"","site-sidebar-layout":"default","site-content-layout":"","ast-site-content-layout":"default","site-content-style":"default","site-sidebar-style":"default","ast-global-header-display":"","ast-banner-title-visibility":"","ast-main-header-display":"","ast-hfb-above-header-display":"","ast-hfb-below-header-display":"","ast-hfb-mobile-header-display":"","site-post-title":"","ast-breadcrumbs-content":"","ast-featured-img":"","footer-sml-layout":"","ast-disable-related-posts":"","theme-transparent-header-meta":"","adv-header-id-meta":"","stick-header-meta":"","header-above-stick-meta":"","header-main-stick-meta":"","header-below-stick-meta":"","astra-migrate-meta-layouts":"default","ast-page-background-enabled":"default","ast-page-background-meta":{"desktop":{"background-color":"var(--ast-global-color-5)","background-image":"","background-repeat":"repeat","background-position":"center center","background-size":"auto","background-attachment":"scroll","background-type":"","background-media":"","overlay-type":"","overlay-color":"","overlay-opacity":"","overlay-gradient":""},"tablet":{"background-color":"","background-image":"","background-repeat":"repeat","background-position":"center center","background-size":"auto","background-attachment":"scroll","background-type":"","background-media":"","overlay-type":"","overlay-color":"","overlay-opacity":"","overlay-gradient":""},"mobile":{"background-color":"","background-image":"","background-repeat":"repeat","background-position":"center center","background-size":"auto","background-attachment":"scroll","background-type":"","background-media":"","overlay-type":"","overlay-color":"","overlay-opacity":"","overlay-gradient":""}},"ast-content-background-meta":{"desktop":{"background-color":"var(--ast-global-color-4)","background-image":"","background-repeat":"repeat","background-position":"center center","background-size":"auto","background-attachment":"scroll","background-type":"","background-media":"","overlay-type":"","overlay-color":"","overlay-opacity":"","overlay-gradient":""},"tablet":{"background-color":"var(--ast-global-color-4)","background-image":"","background-repeat":"repeat","background-position":"center center","background-size":"auto","background-attachment":"scroll","background-type":"","background-media":"","overlay-type":"","overlay-color":"","overlay-opacity":"","overlay-gradient":""},"mobile":{"background-color":"var(--ast-global-color-4)","background-image":"","background-repeat":"repeat","background-position":"center center","background-size":"auto","background-attachment":"scroll","background-type":"","background-media":"","overlay-type":"","overlay-color":"","overlay-opacity":"","overlay-gradient":""}},"footnotes":""},"categories":[12],"tags":[],"class_list":["post-239","post","type-post","status-publish","format-standard","has-post-thumbnail","hentry","category-mot-vara-florister"],"yoast_head":"<!-- This site is optimized with the Yoast SEO plugin v27.4 - https:\/\/yoast.com\/product\/yoast-seo-wordpress\/ -->\n<title>Sarah Angelsi\u00f6\u00f6: &quot;Jag vill skapa magi&quot; | Interflora<\/title>\n<meta name=\"robots\" content=\"index, follow, max-snippet:-1, max-image-preview:large, max-video-preview:-1\" \/>\n<link rel=\"canonical\" href=\"https:\/\/www.interflora.se\/inspiration\/florist-sarah-angelsioo\/\" \/>\n<meta property=\"og:locale\" content=\"sv_SE\" \/>\n<meta property=\"og:type\" content=\"article\" \/>\n<meta property=\"og:title\" content=\"Sarah Angelsi\u00f6\u00f6: &quot;Jag vill skapa magi&quot; | Interflora\" \/>\n<meta property=\"og:description\" content=\"Butiken Gullvivan i Stockholm \u00e4r v\u00e4lfylld. I kyldisken vippar vallmo intill sl\u00f6jsilja som slagit ut i rosa skyar. Fantastiska fr\u00f6st\u00e4llningar [&hellip;]\" \/>\n<meta property=\"og:url\" content=\"https:\/\/www.interflora.se\/inspiration\/florist-sarah-angelsioo\/\" \/>\n<meta property=\"og:site_name\" content=\"Inspiration om blommor, krukv\u00e4xter &amp; trender | Interflora\" \/>\n<meta property=\"article:publisher\" content=\"https:\/\/www.facebook.com\/InterfloraAB\" \/>\n<meta property=\"article:published_time\" content=\"2024-07-22T23:12:08+00:00\" \/>\n<meta property=\"article:modified_time\" content=\"2025-03-26T13:45:38+00:00\" \/>\n<meta property=\"og:image\" content=\"https:\/\/www.interflora.se\/inspiration\/wp-content\/uploads\/2025\/03\/sarah-gullvivan-4.jpg\" \/>\n\t<meta property=\"og:image:width\" content=\"800\" \/>\n\t<meta property=\"og:image:height\" content=\"1000\" \/>\n\t<meta property=\"og:image:type\" content=\"image\/jpeg\" \/>\n<meta name=\"author\" content=\"admin\" \/>\n<meta name=\"twitter:card\" content=\"summary_large_image\" \/>\n<meta name=\"twitter:label1\" content=\"Skriven av\" \/>\n\t<meta name=\"twitter:data1\" content=\"admin\" \/>\n\t<meta name=\"twitter:label2\" content=\"Ber\u00e4knad l\u00e4stid\" \/>\n\t<meta name=\"twitter:data2\" content=\"3 minuter\" \/>\n<script type=\"application\/ld+json\" class=\"yoast-schema-graph\">{\"@context\":\"https:\\\/\\\/schema.org\",\"@graph\":[{\"@type\":\"Article\",\"@id\":\"https:\\\/\\\/www.interflora.se\\\/inspiration\\\/florist-sarah-angelsioo\\\/#article\",\"isPartOf\":{\"@id\":\"https:\\\/\\\/www.interflora.se\\\/inspiration\\\/florist-sarah-angelsioo\\\/\"},\"author\":{\"name\":\"admin\",\"@id\":\"https:\\\/\\\/www.interflora.se\\\/inspiration\\\/#\\\/schema\\\/person\\\/dbbd1ad45e05409c356dc639597669f2\"},\"headline\":\"Sarah Angelsi\u00f6\u00f6: &#8221;Jag vill skapa magi&#8221;\",\"datePublished\":\"2024-07-22T23:12:08+00:00\",\"dateModified\":\"2025-03-26T13:45:38+00:00\",\"mainEntityOfPage\":{\"@id\":\"https:\\\/\\\/www.interflora.se\\\/inspiration\\\/florist-sarah-angelsioo\\\/\"},\"wordCount\":568,\"commentCount\":0,\"publisher\":{\"@id\":\"https:\\\/\\\/www.interflora.se\\\/inspiration\\\/#organization\"},\"image\":{\"@id\":\"https:\\\/\\\/www.interflora.se\\\/inspiration\\\/florist-sarah-angelsioo\\\/#primaryimage\"},\"thumbnailUrl\":\"https:\\\/\\\/www.interflora.se\\\/inspiration\\\/wp-content\\\/uploads\\\/2025\\\/03\\\/sarah-gullvivan-4.jpg\",\"articleSection\":[\"M\u00f6t v\u00e5ra florister\"],\"inLanguage\":\"sv-SE\",\"potentialAction\":[{\"@type\":\"CommentAction\",\"name\":\"Comment\",\"target\":[\"https:\\\/\\\/www.interflora.se\\\/inspiration\\\/florist-sarah-angelsioo\\\/#respond\"]}]},{\"@type\":\"WebPage\",\"@id\":\"https:\\\/\\\/www.interflora.se\\\/inspiration\\\/florist-sarah-angelsioo\\\/\",\"url\":\"https:\\\/\\\/www.interflora.se\\\/inspiration\\\/florist-sarah-angelsioo\\\/\",\"name\":\"Sarah Angelsi\u00f6\u00f6: \\\"Jag vill skapa magi\\\" | Interflora\",\"isPartOf\":{\"@id\":\"https:\\\/\\\/www.interflora.se\\\/inspiration\\\/#website\"},\"primaryImageOfPage\":{\"@id\":\"https:\\\/\\\/www.interflora.se\\\/inspiration\\\/florist-sarah-angelsioo\\\/#primaryimage\"},\"image\":{\"@id\":\"https:\\\/\\\/www.interflora.se\\\/inspiration\\\/florist-sarah-angelsioo\\\/#primaryimage\"},\"thumbnailUrl\":\"https:\\\/\\\/www.interflora.se\\\/inspiration\\\/wp-content\\\/uploads\\\/2025\\\/03\\\/sarah-gullvivan-4.jpg\",\"datePublished\":\"2024-07-22T23:12:08+00:00\",\"dateModified\":\"2025-03-26T13:45:38+00:00\",\"breadcrumb\":{\"@id\":\"https:\\\/\\\/www.interflora.se\\\/inspiration\\\/florist-sarah-angelsioo\\\/#breadcrumb\"},\"inLanguage\":\"sv-SE\",\"potentialAction\":[{\"@type\":\"ReadAction\",\"target\":[\"https:\\\/\\\/www.interflora.se\\\/inspiration\\\/florist-sarah-angelsioo\\\/\"]}]},{\"@type\":\"ImageObject\",\"inLanguage\":\"sv-SE\",\"@id\":\"https:\\\/\\\/www.interflora.se\\\/inspiration\\\/florist-sarah-angelsioo\\\/#primaryimage\",\"url\":\"https:\\\/\\\/www.interflora.se\\\/inspiration\\\/wp-content\\\/uploads\\\/2025\\\/03\\\/sarah-gullvivan-4.jpg\",\"contentUrl\":\"https:\\\/\\\/www.interflora.se\\\/inspiration\\\/wp-content\\\/uploads\\\/2025\\\/03\\\/sarah-gullvivan-4.jpg\",\"width\":800,\"height\":1000},{\"@type\":\"BreadcrumbList\",\"@id\":\"https:\\\/\\\/www.interflora.se\\\/inspiration\\\/florist-sarah-angelsioo\\\/#breadcrumb\",\"itemListElement\":[{\"@type\":\"ListItem\",\"position\":1,\"name\":\"Home\",\"item\":\"https:\\\/\\\/www.interflora.se\\\/inspiration\\\/\"},{\"@type\":\"ListItem\",\"position\":2,\"name\":\"Sarah Angelsi\u00f6\u00f6: &#8221;Jag vill skapa magi&#8221;\"}]},{\"@type\":\"WebSite\",\"@id\":\"https:\\\/\\\/www.interflora.se\\\/inspiration\\\/#website\",\"url\":\"https:\\\/\\\/www.interflora.se\\\/inspiration\\\/\",\"name\":\"Interflora\",\"description\":\"\",\"publisher\":{\"@id\":\"https:\\\/\\\/www.interflora.se\\\/inspiration\\\/#organization\"},\"potentialAction\":[{\"@type\":\"SearchAction\",\"target\":{\"@type\":\"EntryPoint\",\"urlTemplate\":\"https:\\\/\\\/www.interflora.se\\\/inspiration\\\/?s={search_term_string}\"},\"query-input\":{\"@type\":\"PropertyValueSpecification\",\"valueRequired\":true,\"valueName\":\"search_term_string\"}}],\"inLanguage\":\"sv-SE\"},{\"@type\":\"Organization\",\"@id\":\"https:\\\/\\\/www.interflora.se\\\/inspiration\\\/#organization\",\"name\":\"Interflora\",\"url\":\"https:\\\/\\\/www.interflora.se\\\/inspiration\\\/\",\"logo\":{\"@type\":\"ImageObject\",\"inLanguage\":\"sv-SE\",\"@id\":\"https:\\\/\\\/www.interflora.se\\\/inspiration\\\/#\\\/schema\\\/logo\\\/image\\\/\",\"url\":\"https:\\\/\\\/www.interflora.se\\\/inspiration\\\/wp-content\\\/uploads\\\/2025\\\/09\\\/cropped-220422_INTERFLORA_Logo_rgb_Half_Top_Circle_Main_Color.avif\",\"contentUrl\":\"https:\\\/\\\/www.interflora.se\\\/inspiration\\\/wp-content\\\/uploads\\\/2025\\\/09\\\/cropped-220422_INTERFLORA_Logo_rgb_Half_Top_Circle_Main_Color.avif\",\"width\":1418,\"height\":662,\"caption\":\"Interflora\"},\"image\":{\"@id\":\"https:\\\/\\\/www.interflora.se\\\/inspiration\\\/#\\\/schema\\\/logo\\\/image\\\/\"},\"sameAs\":[\"https:\\\/\\\/www.facebook.com\\\/InterfloraAB\",\"https:\\\/\\\/www.instagram.com\\\/interflora_ab\\\/\",\"https:\\\/\\\/www.linkedin.com\\\/company\\\/1494362\",\"https:\\\/\\\/www.youtube.com\\\/channel\\\/UCZgDzGWB2VRxaoWFUmXnk1w\"]},{\"@type\":\"Person\",\"@id\":\"https:\\\/\\\/www.interflora.se\\\/inspiration\\\/#\\\/schema\\\/person\\\/dbbd1ad45e05409c356dc639597669f2\",\"name\":\"admin\",\"image\":{\"@type\":\"ImageObject\",\"inLanguage\":\"sv-SE\",\"@id\":\"https:\\\/\\\/www.interflora.se\\\/inspiration\\\/wp-content\\\/litespeed\\\/avatar\\\/1fe3cced9e67df62d0a6f995d75823a5.jpg?ver=1777362393\",\"url\":\"https:\\\/\\\/www.interflora.se\\\/inspiration\\\/wp-content\\\/litespeed\\\/avatar\\\/1fe3cced9e67df62d0a6f995d75823a5.jpg?ver=1777362393\",\"contentUrl\":\"https:\\\/\\\/www.interflora.se\\\/inspiration\\\/wp-content\\\/litespeed\\\/avatar\\\/1fe3cced9e67df62d0a6f995d75823a5.jpg?ver=1777362393\",\"caption\":\"admin\"},\"sameAs\":[\"https:\\\/\\\/www.interflora.se\\\/inspiration\"],\"url\":\"https:\\\/\\\/www.interflora.se\\\/inspiration\\\/author\\\/admin\\\/\"}]}<\/script>\n<!-- \/ Yoast SEO plugin. -->","yoast_head_json":{"title":"Sarah Angelsi\u00f6\u00f6: \"Jag vill skapa magi\" | Interflora","robots":{"index":"index","follow":"follow","max-snippet":"max-snippet:-1","max-image-preview":"max-image-preview:large","max-video-preview":"max-video-preview:-1"},"canonical":"https:\/\/www.interflora.se\/inspiration\/florist-sarah-angelsioo\/","og_locale":"sv_SE","og_type":"article","og_title":"Sarah Angelsi\u00f6\u00f6: \"Jag vill skapa magi\" | Interflora","og_description":"Butiken Gullvivan i Stockholm \u00e4r v\u00e4lfylld. I kyldisken vippar vallmo intill sl\u00f6jsilja som slagit ut i rosa skyar. Fantastiska fr\u00f6st\u00e4llningar [&hellip;]","og_url":"https:\/\/www.interflora.se\/inspiration\/florist-sarah-angelsioo\/","og_site_name":"Inspiration om blommor, krukv\u00e4xter &amp; trender | Interflora","article_publisher":"https:\/\/www.facebook.com\/InterfloraAB","article_published_time":"2024-07-22T23:12:08+00:00","article_modified_time":"2025-03-26T13:45:38+00:00","og_image":[{"width":800,"height":1000,"url":"https:\/\/www.interflora.se\/inspiration\/wp-content\/uploads\/2025\/03\/sarah-gullvivan-4.jpg","type":"image\/jpeg"}],"author":"admin","twitter_card":"summary_large_image","twitter_misc":{"Skriven av":"admin","Ber\u00e4knad l\u00e4stid":"3 minuter"},"schema":{"@context":"https:\/\/schema.org","@graph":[{"@type":"Article","@id":"https:\/\/www.interflora.se\/inspiration\/florist-sarah-angelsioo\/#article","isPartOf":{"@id":"https:\/\/www.interflora.se\/inspiration\/florist-sarah-angelsioo\/"},"author":{"name":"admin","@id":"https:\/\/www.interflora.se\/inspiration\/#\/schema\/person\/dbbd1ad45e05409c356dc639597669f2"},"headline":"Sarah Angelsi\u00f6\u00f6: &#8221;Jag vill skapa magi&#8221;","datePublished":"2024-07-22T23:12:08+00:00","dateModified":"2025-03-26T13:45:38+00:00","mainEntityOfPage":{"@id":"https:\/\/www.interflora.se\/inspiration\/florist-sarah-angelsioo\/"},"wordCount":568,"commentCount":0,"publisher":{"@id":"https:\/\/www.interflora.se\/inspiration\/#organization"},"image":{"@id":"https:\/\/www.interflora.se\/inspiration\/florist-sarah-angelsioo\/#primaryimage"},"thumbnailUrl":"https:\/\/www.interflora.se\/inspiration\/wp-content\/uploads\/2025\/03\/sarah-gullvivan-4.jpg","articleSection":["M\u00f6t v\u00e5ra florister"],"inLanguage":"sv-SE","potentialAction":[{"@type":"CommentAction","name":"Comment","target":["https:\/\/www.interflora.se\/inspiration\/florist-sarah-angelsioo\/#respond"]}]},{"@type":"WebPage","@id":"https:\/\/www.interflora.se\/inspiration\/florist-sarah-angelsioo\/","url":"https:\/\/www.interflora.se\/inspiration\/florist-sarah-angelsioo\/","name":"Sarah Angelsi\u00f6\u00f6: \"Jag vill skapa magi\" | Interflora","isPartOf":{"@id":"https:\/\/www.interflora.se\/inspiration\/#website"},"primaryImageOfPage":{"@id":"https:\/\/www.interflora.se\/inspiration\/florist-sarah-angelsioo\/#primaryimage"},"image":{"@id":"https:\/\/www.interflora.se\/inspiration\/florist-sarah-angelsioo\/#primaryimage"},"thumbnailUrl":"https:\/\/www.interflora.se\/inspiration\/wp-content\/uploads\/2025\/03\/sarah-gullvivan-4.jpg","datePublished":"2024-07-22T23:12:08+00:00","dateModified":"2025-03-26T13:45:38+00:00","breadcrumb":{"@id":"https:\/\/www.interflora.se\/inspiration\/florist-sarah-angelsioo\/#breadcrumb"},"inLanguage":"sv-SE","potentialAction":[{"@type":"ReadAction","target":["https:\/\/www.interflora.se\/inspiration\/florist-sarah-angelsioo\/"]}]},{"@type":"ImageObject","inLanguage":"sv-SE","@id":"https:\/\/www.interflora.se\/inspiration\/florist-sarah-angelsioo\/#primaryimage","url":"https:\/\/www.interflora.se\/inspiration\/wp-content\/uploads\/2025\/03\/sarah-gullvivan-4.jpg","contentUrl":"https:\/\/www.interflora.se\/inspiration\/wp-content\/uploads\/2025\/03\/sarah-gullvivan-4.jpg","width":800,"height":1000},{"@type":"BreadcrumbList","@id":"https:\/\/www.interflora.se\/inspiration\/florist-sarah-angelsioo\/#breadcrumb","itemListElement":[{"@type":"ListItem","position":1,"name":"Home","item":"https:\/\/www.interflora.se\/inspiration\/"},{"@type":"ListItem","position":2,"name":"Sarah Angelsi\u00f6\u00f6: &#8221;Jag vill skapa magi&#8221;"}]},{"@type":"WebSite","@id":"https:\/\/www.interflora.se\/inspiration\/#website","url":"https:\/\/www.interflora.se\/inspiration\/","name":"Interflora","description":"","publisher":{"@id":"https:\/\/www.interflora.se\/inspiration\/#organization"},"potentialAction":[{"@type":"SearchAction","target":{"@type":"EntryPoint","urlTemplate":"https:\/\/www.interflora.se\/inspiration\/?s={search_term_string}"},"query-input":{"@type":"PropertyValueSpecification","valueRequired":true,"valueName":"search_term_string"}}],"inLanguage":"sv-SE"},{"@type":"Organization","@id":"https:\/\/www.interflora.se\/inspiration\/#organization","name":"Interflora","url":"https:\/\/www.interflora.se\/inspiration\/","logo":{"@type":"ImageObject","inLanguage":"sv-SE","@id":"https:\/\/www.interflora.se\/inspiration\/#\/schema\/logo\/image\/","url":"https:\/\/www.interflora.se\/inspiration\/wp-content\/uploads\/2025\/09\/cropped-220422_INTERFLORA_Logo_rgb_Half_Top_Circle_Main_Color.avif","contentUrl":"https:\/\/www.interflora.se\/inspiration\/wp-content\/uploads\/2025\/09\/cropped-220422_INTERFLORA_Logo_rgb_Half_Top_Circle_Main_Color.avif","width":1418,"height":662,"caption":"Interflora"},"image":{"@id":"https:\/\/www.interflora.se\/inspiration\/#\/schema\/logo\/image\/"},"sameAs":["https:\/\/www.facebook.com\/InterfloraAB","https:\/\/www.instagram.com\/interflora_ab\/","https:\/\/www.linkedin.com\/company\/1494362","https:\/\/www.youtube.com\/channel\/UCZgDzGWB2VRxaoWFUmXnk1w"]},{"@type":"Person","@id":"https:\/\/www.interflora.se\/inspiration\/#\/schema\/person\/dbbd1ad45e05409c356dc639597669f2","name":"admin","image":{"@type":"ImageObject","inLanguage":"sv-SE","@id":"https:\/\/www.interflora.se\/inspiration\/wp-content\/litespeed\/avatar\/1fe3cced9e67df62d0a6f995d75823a5.jpg?ver=1777362393","url":"https:\/\/www.interflora.se\/inspiration\/wp-content\/litespeed\/avatar\/1fe3cced9e67df62d0a6f995d75823a5.jpg?ver=1777362393","contentUrl":"https:\/\/www.interflora.se\/inspiration\/wp-content\/litespeed\/avatar\/1fe3cced9e67df62d0a6f995d75823a5.jpg?ver=1777362393","caption":"admin"},"sameAs":["https:\/\/www.interflora.se\/inspiration"],"url":"https:\/\/www.interflora.se\/inspiration\/author\/admin\/"}]}},"uagb_featured_image_src":{"full":["https:\/\/www.interflora.se\/inspiration\/wp-content\/uploads\/2025\/03\/sarah-gullvivan-4.jpg",800,1000,false],"thumbnail":["https:\/\/www.interflora.se\/inspiration\/wp-content\/uploads\/2025\/03\/sarah-gullvivan-4-150x150.jpg",150,150,true],"medium":["https:\/\/www.interflora.se\/inspiration\/wp-content\/uploads\/2025\/03\/sarah-gullvivan-4-240x300.jpg",240,300,true],"medium_large":["https:\/\/www.interflora.se\/inspiration\/wp-content\/uploads\/2025\/03\/sarah-gullvivan-4-768x960.jpg",768,960,true],"large":["https:\/\/www.interflora.se\/inspiration\/wp-content\/uploads\/2025\/03\/sarah-gullvivan-4.jpg",800,1000,false],"1536x1536":["https:\/\/www.interflora.se\/inspiration\/wp-content\/uploads\/2025\/03\/sarah-gullvivan-4.jpg",800,1000,false],"2048x2048":["https:\/\/www.interflora.se\/inspiration\/wp-content\/uploads\/2025\/03\/sarah-gullvivan-4.jpg",800,1000,false]},"uagb_author_info":{"display_name":"admin","author_link":"https:\/\/www.interflora.se\/inspiration\/author\/admin\/"},"uagb_comment_info":0,"uagb_excerpt":"Butiken Gullvivan i Stockholm \u00e4r v\u00e4lfylld. I kyldisken vippar vallmo intill sl\u00f6jsilja som slagit ut i rosa skyar. Fantastiska fr\u00f6st\u00e4llningar [&hellip;]","_links":{"self":[{"href":"https:\/\/www.interflora.se\/inspiration\/wp-json\/wp\/v2\/posts\/239","targetHints":{"allow":["GET"]}}],"collection":[{"href":"https:\/\/www.interflora.se\/inspiration\/wp-json\/wp\/v2\/posts"}],"about":[{"href":"https:\/\/www.interflora.se\/inspiration\/wp-json\/wp\/v2\/types\/post"}],"author":[{"embeddable":true,"href":"https:\/\/www.interflora.se\/inspiration\/wp-json\/wp\/v2\/users\/1"}],"replies":[{"embeddable":true,"href":"https:\/\/www.interflora.se\/inspiration\/wp-json\/wp\/v2\/comments?post=239"}],"version-history":[{"count":1,"href":"https:\/\/www.interflora.se\/inspiration\/wp-json\/wp\/v2\/posts\/239\/revisions"}],"predecessor-version":[{"id":2053,"href":"https:\/\/www.interflora.se\/inspiration\/wp-json\/wp\/v2\/posts\/239\/revisions\/2053"}],"wp:featuredmedia":[{"embeddable":true,"href":"https:\/\/www.interflora.se\/inspiration\/wp-json\/wp\/v2\/media\/2051"}],"wp:attachment":[{"href":"https:\/\/www.interflora.se\/inspiration\/wp-json\/wp\/v2\/media?parent=239"}],"wp:term":[{"taxonomy":"category","embeddable":true,"href":"https:\/\/www.interflora.se\/inspiration\/wp-json\/wp\/v2\/categories?post=239"},{"taxonomy":"post_tag","embeddable":true,"href":"https:\/\/www.interflora.se\/inspiration\/wp-json\/wp\/v2\/tags?post=239"}],"curies":[{"name":"wp","href":"https:\/\/api.w.org\/{rel}","templated":true}]}}