{"id":236,"date":"2023-09-21T08:08:35","date_gmt":"2023-09-21T06:08:35","guid":{"rendered":"http:\/\/preprodblog.interflora.se\/blog\/?p=236"},"modified":"2025-03-28T09:51:01","modified_gmt":"2025-03-28T08:51:01","slug":"florist-martina-johansson","status":"publish","type":"post","link":"https:\/\/www.interflora.se\/inspiration\/florist-martina-johansson\/","title":{"rendered":"Martina Johansson: &#8221;Ett smyckat bord f\u00f6rh\u00f6jer festen&#8221;"},"content":{"rendered":"\n<p><strong>Floristen Martina Johansson fyller vackra fat med s\u00e4songens krispiga blommor, vippiga gr\u00e4s och knoppande kvistar. H\u00e4r \u00e4r hennes b\u00e4sta tips \u2013 l\u00e5ga arrangemang som f\u00e5ngar blicken.<\/strong><\/p>\n\n\n\n<p>V\u00e5rblommor som klematis, astillbe, har\u00f6rt och spetsblad blandas med romantiska rosor, b\u00e4reukalypus, mjuka pelargonblad och kaxiga droppax som str\u00e4cker sig ut \u00f6ver kanten p\u00e5 tennsk\u00e5len. En l\u00e5g, vacker och poetisk dekoration. Martina t\u00e4nker sig att den passar till br\u00f6llop eller en st\u00f6rre fest.<br><br>\u2013 Sk\u00e5len st\u00e5r p\u00e5 en smidesst\u00e4llning, med tre korta ben, som g\u00e5r att k\u00f6pa separat. Den g\u00f6r att arrangemanget kommer upp lite fr\u00e5n bordsskivan. Ett j\u00e4ttefint knep, s\u00e4ger hon. Att h\u00e5lla den h\u00e4r typen av dekorationer l\u00e5ga \u00e4r bra ur flera aspekter. Dels ser g\u00e4sterna varandra vid middagen och dels framtr\u00e4der blommorna tydligare.<br>\u2013 Det blir ett ovanifr\u00e5nperspektiv och d\u00e5 syns det hur vackert det \u00e4r. K\u00e4nslan \u00e4r en annan, blommorna f\u00e5r mer liv \u00e4n i en vas.<\/p>\n\n\n\n<figure class=\"wp-block-image aligncenter\"><img decoding=\"async\" src=\"https:\/\/www.interflora.se\/inspiration\/wp-content\/uploads\/2025\/03\/manadens-florist-martina-johansson-asta-blommor-20204.jpg\" alt=\"M\u00e5nadens florist Martina Johansson Asta Blommor 20204.jpg\"\/><\/figure>\n\n\n\n<h2 class=\"wp-block-heading\">L\u00e4mna in fatet till floristen<\/h2>\n\n\n\n<p>Sk\u00e5len kan vara ganska grund eftersom stj\u00e4lkarna sticks fast i en s\u00e5 kallad fakir, ett tillbeh\u00f6r som kan liknas vid en rund spikmatta i metall och som l\u00e4ggs i botten.<br>\u2013 Om du har ett passande fat hemma s\u00e5 kan du l\u00e4mna in det till floristen som g\u00f6r arrangemanget. D\u00e5 kan du l\u00e4gga mer pengar p\u00e5 blommor, tipsar Martina som tycker att fat, sk\u00e5lar och vaser \u00e4r fina i kombination.<br><br>\u2013 Det g\u00f6r det hela sp\u00e4nnande, bara man h\u00e5ller ihop blomstertemat. L\u00e4gg ett par blommor i en sk\u00e5l med vatten och l\u00e5t dem flyta d\u00e4r tillsammans med n\u00e5gon gr\u00f6n kvist. En annan id\u00e9 \u00e4r att plocka fram alla vaser man har hemma, se vilka som passar ihop och placera ut tre h\u00e4r och fem d\u00e4r.<br><br>\u2013 Det \u00e4r j\u00e4tteviktigt att gruppera, det ger stor effekt! Det f\u00e5r g\u00e4rna vara lite asymmetriskt. Testa att blanda glas eller zink med m\u00e4ssing. P\u00e5 loppisar finns det m\u00e4ngder av fynd, som kan vara l\u00e4tta att missa om allt \u00e4r ihopsl\u00e4ngt i en l\u00e5da. H\u00e5ll \u00f6gonen \u00f6ppna!<\/p>\n\n\n\n<figure class=\"wp-block-image aligncenter\"><img decoding=\"async\" src=\"https:\/\/www.interflora.se\/inspiration\/wp-content\/uploads\/2025\/03\/manadens-florist-martina-johansson-asta-blommor-20201.jpg\" alt=\"M\u00e5nadens florist Martina Johansson Asta Blommor 20201.jpg\"\/><\/figure>\n\n\n\n<h2 class=\"wp-block-heading\">L\u00e4gg till en knoppande kvist<\/h2>\n\n\n\n<p>Martina som \u00e4ger butiken Asta Blommor i V\u00e4xj\u00f6, tycker mycket om pudriga toner. Om hon sj\u00e4lv f\u00e5r v\u00e4lja s\u00e5 blir det romantiskt blommigt med en kontrast av det rusika.<br>\u2013 Jag gillar att l\u00e4gga till n\u00e5got robustare i en bukett eller ett arrangemang. P\u00e5 v\u00e5ren v\u00e4ljer jag en mix av stora fina anemoner, hyacinter, tulpaner och mimosa med mycket gr\u00f6nt. Sedan adderar jag en kvist som h\u00e5ller p\u00e5 att sl\u00e5 ut, till exempel magnolia. Gr\u00e4s som f\u00e5r sticka upp ur buketten \u00e4r ocks\u00e5 vackert.<br>\u2013 V\u00e5ren \u00e4r en h\u00e4rlig tid, det finns s\u00e5 mycket sm\u00e5blommigt, spirande och krispigt. Det \u00e4r ju den k\u00e4nslan man vill \u00e5t.<\/p>\n\n\n\n<figure class=\"wp-block-image aligncenter\"><img decoding=\"async\" src=\"https:\/\/www.interflora.se\/inspiration\/wp-content\/uploads\/2025\/03\/manadens-florist-martina-johansson-asta-blommor-20205.jpg\" alt=\"M\u00e5nadens florist Martina Johansson Asta Blommor 20205.jpg\"\/><\/figure>\n\n\n\n<h2 class=\"wp-block-heading\">Bli partyfin med blommiga smycken<\/h2>\n\n\n\n<p><strong>Namn:<\/strong>&nbsp;Martina Johansson.<br><strong>\u00c5r i yrket:<\/strong>&nbsp;14 \u00e5r.<br><strong>\u00c4ger:<\/strong>&nbsp;Asta Blommor i V\u00e4xj\u00f6, konceptbutik f\u00f6r Interflora. Se mer p\u00e5 Instagram @asta_blommor<br><strong>En rolig utmaning:<\/strong>&nbsp;\u201dAtt f\u00e5 skapa en f\u00f6delsedagsbukett till n\u00e5gon som fyller 50 \u00e5r utifr\u00e5n kundens beskrivning av personen.\u201d<br><strong>Dr\u00f6muppdrag:<\/strong>&nbsp;\u201dAtt f\u00e5 g\u00f6ra all dekoration till ett stort br\u00f6llop; dekorera kyrkan, g\u00f6ra bordsarrangemangen, smycka taket, fixa en portal, binda brudbuketten \u2013 hela paketet. Det skulle vara fantastiskt kul.\u201d<\/p>\n\n\n\n<figure class=\"wp-block-image aligncenter\"><img decoding=\"async\" src=\"https:\/\/www.interflora.se\/inspiration\/wp-content\/uploads\/2025\/03\/manadens-florist-martina-johansson-asta-blommor-20203.jpg\" alt=\"M\u00e5nadens florist Martina Johansson Asta Blommor 20203.jpg\"\/><\/figure>\n\n\n\n<h2 class=\"wp-block-heading\">Martinas tre b\u00e4sta tips<\/h2>\n\n\n\n<p><strong>1.<\/strong>&nbsp;Om man ska p\u00e5 fest \u00e4r det j\u00e4ttefint att ha ett blomsterdiadem i h\u00e5ret eller ett halsband av blommor. Floristen fixar det \u00e5t dig!<br><br><strong>2.<\/strong>&nbsp;Gruppera dina vaser! Det ger st\u00f6rre effekt \u00e4n att placera ut dem h\u00e4r och d\u00e4r.<br><br><strong>3.<\/strong>&nbsp;St\u00e4ll undan dina snittblommor p\u00e5 en sval plats n\u00e4r du inte \u00e4r hemma \u2013 det \u00f6kar livsl\u00e4ngden.<\/p>\n","protected":false},"excerpt":{"rendered":"<p>Floristen Martina Johansson fyller vackra fat med s\u00e4songens krispiga blommor, vippiga gr\u00e4s och knoppande kvistar. H\u00e4r \u00e4r hennes b\u00e4sta tips [&hellip;]<\/p>\n","protected":false},"author":1,"featured_media":3260,"comment_status":"open","ping_status":"open","sticky":false,"template":"","format":"standard","meta":{"_uag_custom_page_level_css":"","site-sidebar-layout":"default","site-content-layout":"","ast-site-content-layout":"default","site-content-style":"default","site-sidebar-style":"default","ast-global-header-display":"","ast-banner-title-visibility":"","ast-main-header-display":"","ast-hfb-above-header-display":"","ast-hfb-below-header-display":"","ast-hfb-mobile-header-display":"","site-post-title":"","ast-breadcrumbs-content":"","ast-featured-img":"","footer-sml-layout":"","ast-disable-related-posts":"","theme-transparent-header-meta":"","adv-header-id-meta":"","stick-header-meta":"","header-above-stick-meta":"","header-main-stick-meta":"","header-below-stick-meta":"","astra-migrate-meta-layouts":"default","ast-page-background-enabled":"default","ast-page-background-meta":{"desktop":{"background-color":"var(--ast-global-color-5)","background-image":"","background-repeat":"repeat","background-position":"center center","background-size":"auto","background-attachment":"scroll","background-type":"","background-media":"","overlay-type":"","overlay-color":"","overlay-opacity":"","overlay-gradient":""},"tablet":{"background-color":"","background-image":"","background-repeat":"repeat","background-position":"center center","background-size":"auto","background-attachment":"scroll","background-type":"","background-media":"","overlay-type":"","overlay-color":"","overlay-opacity":"","overlay-gradient":""},"mobile":{"background-color":"","background-image":"","background-repeat":"repeat","background-position":"center center","background-size":"auto","background-attachment":"scroll","background-type":"","background-media":"","overlay-type":"","overlay-color":"","overlay-opacity":"","overlay-gradient":""}},"ast-content-background-meta":{"desktop":{"background-color":"var(--ast-global-color-4)","background-image":"","background-repeat":"repeat","background-position":"center center","background-size":"auto","background-attachment":"scroll","background-type":"","background-media":"","overlay-type":"","overlay-color":"","overlay-opacity":"","overlay-gradient":""},"tablet":{"background-color":"var(--ast-global-color-4)","background-image":"","background-repeat":"repeat","background-position":"center center","background-size":"auto","background-attachment":"scroll","background-type":"","background-media":"","overlay-type":"","overlay-color":"","overlay-opacity":"","overlay-gradient":""},"mobile":{"background-color":"var(--ast-global-color-4)","background-image":"","background-repeat":"repeat","background-position":"center center","background-size":"auto","background-attachment":"scroll","background-type":"","background-media":"","overlay-type":"","overlay-color":"","overlay-opacity":"","overlay-gradient":""}},"footnotes":""},"categories":[12],"tags":[],"class_list":["post-236","post","type-post","status-publish","format-standard","has-post-thumbnail","hentry","category-mot-vara-florister"],"yoast_head":"<!-- This site is optimized with the Yoast SEO plugin v27.4 - https:\/\/yoast.com\/product\/yoast-seo-wordpress\/ -->\n<title>Martina Johansson: &quot;Ett smyckat bord f\u00f6rh\u00f6jer festen&quot; | Interflora<\/title>\n<meta name=\"robots\" content=\"index, follow, max-snippet:-1, max-image-preview:large, max-video-preview:-1\" \/>\n<link rel=\"canonical\" href=\"https:\/\/www.interflora.se\/inspiration\/florist-martina-johansson\/\" \/>\n<meta property=\"og:locale\" content=\"sv_SE\" \/>\n<meta property=\"og:type\" content=\"article\" \/>\n<meta property=\"og:title\" content=\"Martina Johansson: &quot;Ett smyckat bord f\u00f6rh\u00f6jer festen&quot; | Interflora\" \/>\n<meta property=\"og:description\" content=\"Floristen Martina Johansson fyller vackra fat med s\u00e4songens krispiga blommor, vippiga gr\u00e4s och knoppande kvistar. H\u00e4r \u00e4r hennes b\u00e4sta tips [&hellip;]\" \/>\n<meta property=\"og:url\" content=\"https:\/\/www.interflora.se\/inspiration\/florist-martina-johansson\/\" \/>\n<meta property=\"og:site_name\" content=\"Inspiration om blommor, krukv\u00e4xter &amp; trender | Interflora\" \/>\n<meta property=\"article:publisher\" content=\"https:\/\/www.facebook.com\/InterfloraAB\" \/>\n<meta property=\"article:published_time\" content=\"2023-09-21T06:08:35+00:00\" \/>\n<meta property=\"article:modified_time\" content=\"2025-03-28T08:51:01+00:00\" \/>\n<meta property=\"og:image\" content=\"https:\/\/www.interflora.se\/inspiration\/wp-content\/uploads\/2025\/03\/manadens-florist-martina-johansson-asta-blommor-20203.jpg\" \/>\n\t<meta property=\"og:image:width\" content=\"1000\" \/>\n\t<meta property=\"og:image:height\" content=\"667\" \/>\n\t<meta property=\"og:image:type\" content=\"image\/jpeg\" \/>\n<meta name=\"author\" content=\"admin\" \/>\n<meta name=\"twitter:card\" content=\"summary_large_image\" \/>\n<meta name=\"twitter:label1\" content=\"Skriven av\" \/>\n\t<meta name=\"twitter:data1\" content=\"admin\" \/>\n\t<meta name=\"twitter:label2\" content=\"Ber\u00e4knad l\u00e4stid\" \/>\n\t<meta name=\"twitter:data2\" content=\"3 minuter\" \/>\n<script type=\"application\/ld+json\" class=\"yoast-schema-graph\">{\"@context\":\"https:\\\/\\\/schema.org\",\"@graph\":[{\"@type\":\"Article\",\"@id\":\"https:\\\/\\\/www.interflora.se\\\/inspiration\\\/florist-martina-johansson\\\/#article\",\"isPartOf\":{\"@id\":\"https:\\\/\\\/www.interflora.se\\\/inspiration\\\/florist-martina-johansson\\\/\"},\"author\":{\"name\":\"admin\",\"@id\":\"https:\\\/\\\/www.interflora.se\\\/inspiration\\\/#\\\/schema\\\/person\\\/dbbd1ad45e05409c356dc639597669f2\"},\"headline\":\"Martina Johansson: &#8221;Ett smyckat bord f\u00f6rh\u00f6jer festen&#8221;\",\"datePublished\":\"2023-09-21T06:08:35+00:00\",\"dateModified\":\"2025-03-28T08:51:01+00:00\",\"mainEntityOfPage\":{\"@id\":\"https:\\\/\\\/www.interflora.se\\\/inspiration\\\/florist-martina-johansson\\\/\"},\"wordCount\":671,\"commentCount\":0,\"publisher\":{\"@id\":\"https:\\\/\\\/www.interflora.se\\\/inspiration\\\/#organization\"},\"image\":{\"@id\":\"https:\\\/\\\/www.interflora.se\\\/inspiration\\\/florist-martina-johansson\\\/#primaryimage\"},\"thumbnailUrl\":\"https:\\\/\\\/www.interflora.se\\\/inspiration\\\/wp-content\\\/uploads\\\/2025\\\/03\\\/manadens-florist-martina-johansson-asta-blommor-20203.jpg\",\"articleSection\":[\"M\u00f6t v\u00e5ra florister\"],\"inLanguage\":\"sv-SE\",\"potentialAction\":[{\"@type\":\"CommentAction\",\"name\":\"Comment\",\"target\":[\"https:\\\/\\\/www.interflora.se\\\/inspiration\\\/florist-martina-johansson\\\/#respond\"]}]},{\"@type\":\"WebPage\",\"@id\":\"https:\\\/\\\/www.interflora.se\\\/inspiration\\\/florist-martina-johansson\\\/\",\"url\":\"https:\\\/\\\/www.interflora.se\\\/inspiration\\\/florist-martina-johansson\\\/\",\"name\":\"Martina Johansson: \\\"Ett smyckat bord f\u00f6rh\u00f6jer festen\\\" | Interflora\",\"isPartOf\":{\"@id\":\"https:\\\/\\\/www.interflora.se\\\/inspiration\\\/#website\"},\"primaryImageOfPage\":{\"@id\":\"https:\\\/\\\/www.interflora.se\\\/inspiration\\\/florist-martina-johansson\\\/#primaryimage\"},\"image\":{\"@id\":\"https:\\\/\\\/www.interflora.se\\\/inspiration\\\/florist-martina-johansson\\\/#primaryimage\"},\"thumbnailUrl\":\"https:\\\/\\\/www.interflora.se\\\/inspiration\\\/wp-content\\\/uploads\\\/2025\\\/03\\\/manadens-florist-martina-johansson-asta-blommor-20203.jpg\",\"datePublished\":\"2023-09-21T06:08:35+00:00\",\"dateModified\":\"2025-03-28T08:51:01+00:00\",\"breadcrumb\":{\"@id\":\"https:\\\/\\\/www.interflora.se\\\/inspiration\\\/florist-martina-johansson\\\/#breadcrumb\"},\"inLanguage\":\"sv-SE\",\"potentialAction\":[{\"@type\":\"ReadAction\",\"target\":[\"https:\\\/\\\/www.interflora.se\\\/inspiration\\\/florist-martina-johansson\\\/\"]}]},{\"@type\":\"ImageObject\",\"inLanguage\":\"sv-SE\",\"@id\":\"https:\\\/\\\/www.interflora.se\\\/inspiration\\\/florist-martina-johansson\\\/#primaryimage\",\"url\":\"https:\\\/\\\/www.interflora.se\\\/inspiration\\\/wp-content\\\/uploads\\\/2025\\\/03\\\/manadens-florist-martina-johansson-asta-blommor-20203.jpg\",\"contentUrl\":\"https:\\\/\\\/www.interflora.se\\\/inspiration\\\/wp-content\\\/uploads\\\/2025\\\/03\\\/manadens-florist-martina-johansson-asta-blommor-20203.jpg\",\"width\":1000,\"height\":667},{\"@type\":\"BreadcrumbList\",\"@id\":\"https:\\\/\\\/www.interflora.se\\\/inspiration\\\/florist-martina-johansson\\\/#breadcrumb\",\"itemListElement\":[{\"@type\":\"ListItem\",\"position\":1,\"name\":\"Home\",\"item\":\"https:\\\/\\\/www.interflora.se\\\/inspiration\\\/\"},{\"@type\":\"ListItem\",\"position\":2,\"name\":\"Martina Johansson: &#8221;Ett smyckat bord f\u00f6rh\u00f6jer festen&#8221;\"}]},{\"@type\":\"WebSite\",\"@id\":\"https:\\\/\\\/www.interflora.se\\\/inspiration\\\/#website\",\"url\":\"https:\\\/\\\/www.interflora.se\\\/inspiration\\\/\",\"name\":\"Interflora\",\"description\":\"\",\"publisher\":{\"@id\":\"https:\\\/\\\/www.interflora.se\\\/inspiration\\\/#organization\"},\"potentialAction\":[{\"@type\":\"SearchAction\",\"target\":{\"@type\":\"EntryPoint\",\"urlTemplate\":\"https:\\\/\\\/www.interflora.se\\\/inspiration\\\/?s={search_term_string}\"},\"query-input\":{\"@type\":\"PropertyValueSpecification\",\"valueRequired\":true,\"valueName\":\"search_term_string\"}}],\"inLanguage\":\"sv-SE\"},{\"@type\":\"Organization\",\"@id\":\"https:\\\/\\\/www.interflora.se\\\/inspiration\\\/#organization\",\"name\":\"Interflora\",\"url\":\"https:\\\/\\\/www.interflora.se\\\/inspiration\\\/\",\"logo\":{\"@type\":\"ImageObject\",\"inLanguage\":\"sv-SE\",\"@id\":\"https:\\\/\\\/www.interflora.se\\\/inspiration\\\/#\\\/schema\\\/logo\\\/image\\\/\",\"url\":\"https:\\\/\\\/www.interflora.se\\\/inspiration\\\/wp-content\\\/uploads\\\/2025\\\/09\\\/cropped-220422_INTERFLORA_Logo_rgb_Half_Top_Circle_Main_Color.avif\",\"contentUrl\":\"https:\\\/\\\/www.interflora.se\\\/inspiration\\\/wp-content\\\/uploads\\\/2025\\\/09\\\/cropped-220422_INTERFLORA_Logo_rgb_Half_Top_Circle_Main_Color.avif\",\"width\":1418,\"height\":662,\"caption\":\"Interflora\"},\"image\":{\"@id\":\"https:\\\/\\\/www.interflora.se\\\/inspiration\\\/#\\\/schema\\\/logo\\\/image\\\/\"},\"sameAs\":[\"https:\\\/\\\/www.facebook.com\\\/InterfloraAB\",\"https:\\\/\\\/www.instagram.com\\\/interflora_ab\\\/\",\"https:\\\/\\\/www.linkedin.com\\\/company\\\/1494362\",\"https:\\\/\\\/www.youtube.com\\\/channel\\\/UCZgDzGWB2VRxaoWFUmXnk1w\"]},{\"@type\":\"Person\",\"@id\":\"https:\\\/\\\/www.interflora.se\\\/inspiration\\\/#\\\/schema\\\/person\\\/dbbd1ad45e05409c356dc639597669f2\",\"name\":\"admin\",\"image\":{\"@type\":\"ImageObject\",\"inLanguage\":\"sv-SE\",\"@id\":\"https:\\\/\\\/www.interflora.se\\\/inspiration\\\/wp-content\\\/litespeed\\\/avatar\\\/1fe3cced9e67df62d0a6f995d75823a5.jpg?ver=1777362393\",\"url\":\"https:\\\/\\\/www.interflora.se\\\/inspiration\\\/wp-content\\\/litespeed\\\/avatar\\\/1fe3cced9e67df62d0a6f995d75823a5.jpg?ver=1777362393\",\"contentUrl\":\"https:\\\/\\\/www.interflora.se\\\/inspiration\\\/wp-content\\\/litespeed\\\/avatar\\\/1fe3cced9e67df62d0a6f995d75823a5.jpg?ver=1777362393\",\"caption\":\"admin\"},\"sameAs\":[\"https:\\\/\\\/www.interflora.se\\\/inspiration\"],\"url\":\"https:\\\/\\\/www.interflora.se\\\/inspiration\\\/author\\\/admin\\\/\"}]}<\/script>\n<!-- \/ Yoast SEO plugin. -->","yoast_head_json":{"title":"Martina Johansson: \"Ett smyckat bord f\u00f6rh\u00f6jer festen\" | Interflora","robots":{"index":"index","follow":"follow","max-snippet":"max-snippet:-1","max-image-preview":"max-image-preview:large","max-video-preview":"max-video-preview:-1"},"canonical":"https:\/\/www.interflora.se\/inspiration\/florist-martina-johansson\/","og_locale":"sv_SE","og_type":"article","og_title":"Martina Johansson: \"Ett smyckat bord f\u00f6rh\u00f6jer festen\" | Interflora","og_description":"Floristen Martina Johansson fyller vackra fat med s\u00e4songens krispiga blommor, vippiga gr\u00e4s och knoppande kvistar. H\u00e4r \u00e4r hennes b\u00e4sta tips [&hellip;]","og_url":"https:\/\/www.interflora.se\/inspiration\/florist-martina-johansson\/","og_site_name":"Inspiration om blommor, krukv\u00e4xter &amp; trender | Interflora","article_publisher":"https:\/\/www.facebook.com\/InterfloraAB","article_published_time":"2023-09-21T06:08:35+00:00","article_modified_time":"2025-03-28T08:51:01+00:00","og_image":[{"width":1000,"height":667,"url":"https:\/\/www.interflora.se\/inspiration\/wp-content\/uploads\/2025\/03\/manadens-florist-martina-johansson-asta-blommor-20203.jpg","type":"image\/jpeg"}],"author":"admin","twitter_card":"summary_large_image","twitter_misc":{"Skriven av":"admin","Ber\u00e4knad l\u00e4stid":"3 minuter"},"schema":{"@context":"https:\/\/schema.org","@graph":[{"@type":"Article","@id":"https:\/\/www.interflora.se\/inspiration\/florist-martina-johansson\/#article","isPartOf":{"@id":"https:\/\/www.interflora.se\/inspiration\/florist-martina-johansson\/"},"author":{"name":"admin","@id":"https:\/\/www.interflora.se\/inspiration\/#\/schema\/person\/dbbd1ad45e05409c356dc639597669f2"},"headline":"Martina Johansson: &#8221;Ett smyckat bord f\u00f6rh\u00f6jer festen&#8221;","datePublished":"2023-09-21T06:08:35+00:00","dateModified":"2025-03-28T08:51:01+00:00","mainEntityOfPage":{"@id":"https:\/\/www.interflora.se\/inspiration\/florist-martina-johansson\/"},"wordCount":671,"commentCount":0,"publisher":{"@id":"https:\/\/www.interflora.se\/inspiration\/#organization"},"image":{"@id":"https:\/\/www.interflora.se\/inspiration\/florist-martina-johansson\/#primaryimage"},"thumbnailUrl":"https:\/\/www.interflora.se\/inspiration\/wp-content\/uploads\/2025\/03\/manadens-florist-martina-johansson-asta-blommor-20203.jpg","articleSection":["M\u00f6t v\u00e5ra florister"],"inLanguage":"sv-SE","potentialAction":[{"@type":"CommentAction","name":"Comment","target":["https:\/\/www.interflora.se\/inspiration\/florist-martina-johansson\/#respond"]}]},{"@type":"WebPage","@id":"https:\/\/www.interflora.se\/inspiration\/florist-martina-johansson\/","url":"https:\/\/www.interflora.se\/inspiration\/florist-martina-johansson\/","name":"Martina Johansson: \"Ett smyckat bord f\u00f6rh\u00f6jer festen\" | Interflora","isPartOf":{"@id":"https:\/\/www.interflora.se\/inspiration\/#website"},"primaryImageOfPage":{"@id":"https:\/\/www.interflora.se\/inspiration\/florist-martina-johansson\/#primaryimage"},"image":{"@id":"https:\/\/www.interflora.se\/inspiration\/florist-martina-johansson\/#primaryimage"},"thumbnailUrl":"https:\/\/www.interflora.se\/inspiration\/wp-content\/uploads\/2025\/03\/manadens-florist-martina-johansson-asta-blommor-20203.jpg","datePublished":"2023-09-21T06:08:35+00:00","dateModified":"2025-03-28T08:51:01+00:00","breadcrumb":{"@id":"https:\/\/www.interflora.se\/inspiration\/florist-martina-johansson\/#breadcrumb"},"inLanguage":"sv-SE","potentialAction":[{"@type":"ReadAction","target":["https:\/\/www.interflora.se\/inspiration\/florist-martina-johansson\/"]}]},{"@type":"ImageObject","inLanguage":"sv-SE","@id":"https:\/\/www.interflora.se\/inspiration\/florist-martina-johansson\/#primaryimage","url":"https:\/\/www.interflora.se\/inspiration\/wp-content\/uploads\/2025\/03\/manadens-florist-martina-johansson-asta-blommor-20203.jpg","contentUrl":"https:\/\/www.interflora.se\/inspiration\/wp-content\/uploads\/2025\/03\/manadens-florist-martina-johansson-asta-blommor-20203.jpg","width":1000,"height":667},{"@type":"BreadcrumbList","@id":"https:\/\/www.interflora.se\/inspiration\/florist-martina-johansson\/#breadcrumb","itemListElement":[{"@type":"ListItem","position":1,"name":"Home","item":"https:\/\/www.interflora.se\/inspiration\/"},{"@type":"ListItem","position":2,"name":"Martina Johansson: &#8221;Ett smyckat bord f\u00f6rh\u00f6jer festen&#8221;"}]},{"@type":"WebSite","@id":"https:\/\/www.interflora.se\/inspiration\/#website","url":"https:\/\/www.interflora.se\/inspiration\/","name":"Interflora","description":"","publisher":{"@id":"https:\/\/www.interflora.se\/inspiration\/#organization"},"potentialAction":[{"@type":"SearchAction","target":{"@type":"EntryPoint","urlTemplate":"https:\/\/www.interflora.se\/inspiration\/?s={search_term_string}"},"query-input":{"@type":"PropertyValueSpecification","valueRequired":true,"valueName":"search_term_string"}}],"inLanguage":"sv-SE"},{"@type":"Organization","@id":"https:\/\/www.interflora.se\/inspiration\/#organization","name":"Interflora","url":"https:\/\/www.interflora.se\/inspiration\/","logo":{"@type":"ImageObject","inLanguage":"sv-SE","@id":"https:\/\/www.interflora.se\/inspiration\/#\/schema\/logo\/image\/","url":"https:\/\/www.interflora.se\/inspiration\/wp-content\/uploads\/2025\/09\/cropped-220422_INTERFLORA_Logo_rgb_Half_Top_Circle_Main_Color.avif","contentUrl":"https:\/\/www.interflora.se\/inspiration\/wp-content\/uploads\/2025\/09\/cropped-220422_INTERFLORA_Logo_rgb_Half_Top_Circle_Main_Color.avif","width":1418,"height":662,"caption":"Interflora"},"image":{"@id":"https:\/\/www.interflora.se\/inspiration\/#\/schema\/logo\/image\/"},"sameAs":["https:\/\/www.facebook.com\/InterfloraAB","https:\/\/www.instagram.com\/interflora_ab\/","https:\/\/www.linkedin.com\/company\/1494362","https:\/\/www.youtube.com\/channel\/UCZgDzGWB2VRxaoWFUmXnk1w"]},{"@type":"Person","@id":"https:\/\/www.interflora.se\/inspiration\/#\/schema\/person\/dbbd1ad45e05409c356dc639597669f2","name":"admin","image":{"@type":"ImageObject","inLanguage":"sv-SE","@id":"https:\/\/www.interflora.se\/inspiration\/wp-content\/litespeed\/avatar\/1fe3cced9e67df62d0a6f995d75823a5.jpg?ver=1777362393","url":"https:\/\/www.interflora.se\/inspiration\/wp-content\/litespeed\/avatar\/1fe3cced9e67df62d0a6f995d75823a5.jpg?ver=1777362393","contentUrl":"https:\/\/www.interflora.se\/inspiration\/wp-content\/litespeed\/avatar\/1fe3cced9e67df62d0a6f995d75823a5.jpg?ver=1777362393","caption":"admin"},"sameAs":["https:\/\/www.interflora.se\/inspiration"],"url":"https:\/\/www.interflora.se\/inspiration\/author\/admin\/"}]}},"uagb_featured_image_src":{"full":["https:\/\/www.interflora.se\/inspiration\/wp-content\/uploads\/2025\/03\/manadens-florist-martina-johansson-asta-blommor-20203.jpg",1000,667,false],"thumbnail":["https:\/\/www.interflora.se\/inspiration\/wp-content\/uploads\/2025\/03\/manadens-florist-martina-johansson-asta-blommor-20203-150x150.jpg",150,150,true],"medium":["https:\/\/www.interflora.se\/inspiration\/wp-content\/uploads\/2025\/03\/manadens-florist-martina-johansson-asta-blommor-20203-300x200.jpg",300,200,true],"medium_large":["https:\/\/www.interflora.se\/inspiration\/wp-content\/uploads\/2025\/03\/manadens-florist-martina-johansson-asta-blommor-20203-768x512.jpg",768,512,true],"large":["https:\/\/www.interflora.se\/inspiration\/wp-content\/uploads\/2025\/03\/manadens-florist-martina-johansson-asta-blommor-20203.jpg",1000,667,false],"1536x1536":["https:\/\/www.interflora.se\/inspiration\/wp-content\/uploads\/2025\/03\/manadens-florist-martina-johansson-asta-blommor-20203.jpg",1000,667,false],"2048x2048":["https:\/\/www.interflora.se\/inspiration\/wp-content\/uploads\/2025\/03\/manadens-florist-martina-johansson-asta-blommor-20203.jpg",1000,667,false]},"uagb_author_info":{"display_name":"admin","author_link":"https:\/\/www.interflora.se\/inspiration\/author\/admin\/"},"uagb_comment_info":0,"uagb_excerpt":"Floristen Martina Johansson fyller vackra fat med s\u00e4songens krispiga blommor, vippiga gr\u00e4s och knoppande kvistar. H\u00e4r \u00e4r hennes b\u00e4sta tips [&hellip;]","_links":{"self":[{"href":"https:\/\/www.interflora.se\/inspiration\/wp-json\/wp\/v2\/posts\/236","targetHints":{"allow":["GET"]}}],"collection":[{"href":"https:\/\/www.interflora.se\/inspiration\/wp-json\/wp\/v2\/posts"}],"about":[{"href":"https:\/\/www.interflora.se\/inspiration\/wp-json\/wp\/v2\/types\/post"}],"author":[{"embeddable":true,"href":"https:\/\/www.interflora.se\/inspiration\/wp-json\/wp\/v2\/users\/1"}],"replies":[{"embeddable":true,"href":"https:\/\/www.interflora.se\/inspiration\/wp-json\/wp\/v2\/comments?post=236"}],"version-history":[{"count":1,"href":"https:\/\/www.interflora.se\/inspiration\/wp-json\/wp\/v2\/posts\/236\/revisions"}],"predecessor-version":[{"id":3261,"href":"https:\/\/www.interflora.se\/inspiration\/wp-json\/wp\/v2\/posts\/236\/revisions\/3261"}],"wp:featuredmedia":[{"embeddable":true,"href":"https:\/\/www.interflora.se\/inspiration\/wp-json\/wp\/v2\/media\/3260"}],"wp:attachment":[{"href":"https:\/\/www.interflora.se\/inspiration\/wp-json\/wp\/v2\/media?parent=236"}],"wp:term":[{"taxonomy":"category","embeddable":true,"href":"https:\/\/www.interflora.se\/inspiration\/wp-json\/wp\/v2\/categories?post=236"},{"taxonomy":"post_tag","embeddable":true,"href":"https:\/\/www.interflora.se\/inspiration\/wp-json\/wp\/v2\/tags?post=236"}],"curies":[{"name":"wp","href":"https:\/\/api.w.org\/{rel}","templated":true}]}}