{"id":235,"date":"2024-06-04T04:52:12","date_gmt":"2024-06-04T02:52:12","guid":{"rendered":"http:\/\/preprodblog.interflora.se\/blog\/?p=235"},"modified":"2025-03-28T10:02:10","modified_gmt":"2025-03-28T09:02:10","slug":"florist-malin-pruller","status":"publish","type":"post","link":"https:\/\/www.interflora.se\/inspiration\/florist-malin-pruller\/","title":{"rendered":"Malin Pr\u00fcller: &#8221;Man kan s\u00e4ga s\u00e5 mycket med blommor&#8221;"},"content":{"rendered":"\n<p><strong>F\u00e5r Malin Pr\u00fcller fria h\u00e4nder \u00e4r chansen stor att hon utg\u00e5r fr\u00e5n en pudrig palett av pasteller. Som den h\u00e4r morgonens ljuvliga bukett av rosor, stj\u00e4rnflocka och astilbe.<\/strong><\/p>\n\n\n\n<p>\u2013 Det ska helst k\u00e4nnas lite mystiskt \u2013 och s\u00e5 \u00e4lskar jag symmetri, s\u00e4ger hon och skrattar. Hon vet att kollegerna p\u00e5 Interflora Amaryllis skulle nicka och h\u00e5lla med om de h\u00f6rde henne.<\/p>\n\n\n\n<figure class=\"wp-block-image\"><img decoding=\"async\" src=\"https:\/\/www.interflora.se\/inspiration\/wp-content\/uploads\/2025\/03\/malin-amaryllis-4.jpg\" alt=\"\"\/><\/figure>\n\n\n\n<p>Sagolikt och bohemiskt \u00e4r en stark trend just nu och Malin fick nyss tillf\u00e4lle att skapa stilen helt efter eget huvud.<\/p>\n\n\n\n<p>\u2013 Jag hade v\u00e4ntat l\u00e4nge p\u00e5 just den h\u00e4r h\u00e4ndelsen. Min bror gifte sig efter tolv \u00e5r och det var min present att st\u00e5 f\u00f6r all blomsterdekoration, fr\u00e5n brudbukett och corsage till dukning och utsmyckning av lokalen. Som kronan p\u00e5 verket, bokstavligen, gjorde jag en tiara till bruden. Jag satte rosor, nejlikor, limonium och gr\u00f6nt p\u00e5 en krans av st\u00e5ltr\u00e5d. Det blev s\u00e5 fint!<\/p>\n\n\n\n<p>Dukningen gick i lantlig stil och i st\u00e4llet f\u00f6r vaser anv\u00e4nde Malin glasburkar som hon placerade i sm\u00e5 grupper. H\u00e4r och var fick en vinr\u00f6d pion lysa upp bordet.<\/p>\n\n\n\n<h3 class=\"wp-block-heading\">V\u00e5ga testa nytt<\/h3>\n\n\n\n<p>Br\u00f6llop h\u00f6r till dr\u00f6muppdragen, men sorgliga tillf\u00e4llen medf\u00f6r ofta en frihet som hon uppskattar.<\/p>\n\n\n\n<p>\u2013 N\u00e4r det g\u00e4ller brudbuketter har man v\u00e4ldigt tydliga direktiv, det \u00e4r naturligt eftersom det \u00e4r en av livets h\u00f6jdpunkter. Vid begravningar \u00e4r det vanligare att floristen f\u00e5r komma med f\u00f6rslag och bist\u00e5 med det lilla extra. Det \u00e4r v\u00e4ldigt kreativt!<\/p>\n\n\n\n<p>Att bolla id\u00e9er i butiken \u00e4r en del av det roliga med jobbet.<\/p>\n\n\n\n<p>\u2013 Vi \u00e4r ju proffs p\u00e5 hantverket och det \u00e4r kul att tipsa och f\u00e5 kunderna att v\u00e5ga testa nytt, som till exempel en annorlunda f\u00e4rgkombination. Man kan s\u00e4ga s\u00e5 mycket med blommor, om b\u00e5de sorg och lycka.<\/p>\n\n\n\n<figure class=\"wp-block-image\"><img decoding=\"async\" src=\"https:\/\/www.interflora.se\/inspiration\/wp-content\/uploads\/2025\/03\/malin-amaryllis-1.jpg\" alt=\"\"\/><\/figure>\n\n\n\n<figure class=\"wp-block-image\"><img decoding=\"async\" src=\"https:\/\/www.interflora.se\/inspiration\/wp-content\/uploads\/2025\/03\/malin-amaryllis-2.jpg\" alt=\"\"\/><\/figure>\n\n\n\n<h3 class=\"wp-block-heading\">Historia och fantasy<\/h3>\n\n\n\n<p>Inspiration h\u00e4mtar hon \u00f6verallt, ibland fr\u00e5n b\u00f6ckernas v\u00e4rld.<\/p>\n\n\n\n<p>\u2013 Jag l\u00e4ser fantasy och \u00e4r intresserad av historia. F\u00f6rra \u00e5ret deltog jag i hattparaden h\u00e4r i V\u00e4ster\u00e5s, temat var \u201d\u00e5tervunnet och \u00e5terfunnet\u201d. Jag gjorde en krona inspirerad av kinesiska dynastier och t\u00e4nkte mig en kejsarinna i vinr\u00f6tt. Stommen gjorde jag av tidningspapper och tapetklister och s\u00e5 dekorerade jag den med kapsyler fr\u00e5n aluminiumburkar som fick glittra bland blommorna.<\/p>\n\n\n\n<p>Id\u00e9n gick hem, hon vann publikens pris.<\/p>\n\n\n\n<p>\u2013 Det \u00e4r verkligen speciellt att f\u00e5 skapa n\u00e5got vackert \u2013 och i mitt jobb g\u00f6r man det varje dag.<\/p>\n\n\n\n<figure class=\"wp-block-image\"><img decoding=\"async\" src=\"https:\/\/www.interflora.se\/inspiration\/wp-content\/uploads\/2025\/03\/malin-amaryllis-3.jpg\" alt=\"\"\/><\/figure>\n\n\n\n<h3 class=\"wp-block-heading\">&#8221;Jag gillar att bolla id\u00e9er med kunder\u201d<\/h3>\n\n\n\n<p><strong>Namn:<\/strong>&nbsp;Malin Pr\u00fcller.<br><strong>\u00c5lder:<\/strong>&nbsp;24.<br><strong>Butik:<\/strong>&nbsp;<a href=\"https:\/\/www.interflora.se\/hitta-butik\/butik\/2458#!\/\">Interflora Amaryllis<\/a>, V\u00e4ster\u00e5s.<br><strong>\u00c5r i yrket:<\/strong>&nbsp;Fem.<br><strong>B\u00e4sta med jobbet:<\/strong>&nbsp;Att f\u00e5 skapa och f\u00f6rmedla k\u00e4nslor.<br><strong>Styrkor:<\/strong>&nbsp;Kreativ och bra p\u00e5 kundkontakt!<br><strong>Om jag f\u00e5r dr\u00f6mma:<\/strong>&nbsp;G\u00f6ra blomsterdekorationer till ett kungligt br\u00f6llop.<\/p>\n\n\n\n<h3 class=\"wp-block-heading\">Malins tre b\u00e4sta tips:<\/h3>\n\n\n\n<ol class=\"wp-block-list\">\n<li>Lita p\u00e5 din florist!<\/li>\n\n\n\n<li>Best\u00e4ll g\u00e4rna en dag i f\u00f6rv\u00e4g \u2013 det g\u00f6r stor skillnad.<\/li>\n\n\n\n<li>L\u00e5t bindst\u00e4llet vara. Tar du bort sn\u00f6ret faller k\u00e4nslan is\u00e4r.<\/li>\n<\/ol>\n","protected":false},"excerpt":{"rendered":"<p>F\u00e5r Malin Pr\u00fcller fria h\u00e4nder \u00e4r chansen stor att hon utg\u00e5r fr\u00e5n en pudrig palett av pasteller. Som den h\u00e4r [&hellip;]<\/p>\n","protected":false},"author":1,"featured_media":3298,"comment_status":"open","ping_status":"open","sticky":false,"template":"","format":"standard","meta":{"_uag_custom_page_level_css":"","site-sidebar-layout":"default","site-content-layout":"","ast-site-content-layout":"default","site-content-style":"default","site-sidebar-style":"default","ast-global-header-display":"","ast-banner-title-visibility":"","ast-main-header-display":"","ast-hfb-above-header-display":"","ast-hfb-below-header-display":"","ast-hfb-mobile-header-display":"","site-post-title":"","ast-breadcrumbs-content":"","ast-featured-img":"","footer-sml-layout":"","ast-disable-related-posts":"","theme-transparent-header-meta":"","adv-header-id-meta":"","stick-header-meta":"","header-above-stick-meta":"","header-main-stick-meta":"","header-below-stick-meta":"","astra-migrate-meta-layouts":"default","ast-page-background-enabled":"default","ast-page-background-meta":{"desktop":{"background-color":"var(--ast-global-color-5)","background-image":"","background-repeat":"repeat","background-position":"center center","background-size":"auto","background-attachment":"scroll","background-type":"","background-media":"","overlay-type":"","overlay-color":"","overlay-opacity":"","overlay-gradient":""},"tablet":{"background-color":"","background-image":"","background-repeat":"repeat","background-position":"center center","background-size":"auto","background-attachment":"scroll","background-type":"","background-media":"","overlay-type":"","overlay-color":"","overlay-opacity":"","overlay-gradient":""},"mobile":{"background-color":"","background-image":"","background-repeat":"repeat","background-position":"center center","background-size":"auto","background-attachment":"scroll","background-type":"","background-media":"","overlay-type":"","overlay-color":"","overlay-opacity":"","overlay-gradient":""}},"ast-content-background-meta":{"desktop":{"background-color":"var(--ast-global-color-4)","background-image":"","background-repeat":"repeat","background-position":"center center","background-size":"auto","background-attachment":"scroll","background-type":"","background-media":"","overlay-type":"","overlay-color":"","overlay-opacity":"","overlay-gradient":""},"tablet":{"background-color":"var(--ast-global-color-4)","background-image":"","background-repeat":"repeat","background-position":"center center","background-size":"auto","background-attachment":"scroll","background-type":"","background-media":"","overlay-type":"","overlay-color":"","overlay-opacity":"","overlay-gradient":""},"mobile":{"background-color":"var(--ast-global-color-4)","background-image":"","background-repeat":"repeat","background-position":"center center","background-size":"auto","background-attachment":"scroll","background-type":"","background-media":"","overlay-type":"","overlay-color":"","overlay-opacity":"","overlay-gradient":""}},"footnotes":""},"categories":[12],"tags":[],"class_list":["post-235","post","type-post","status-publish","format-standard","has-post-thumbnail","hentry","category-mot-vara-florister"],"yoast_head":"<!-- This site is optimized with the Yoast SEO plugin v27.4 - https:\/\/yoast.com\/product\/yoast-seo-wordpress\/ -->\n<title>Malin Pr\u00fcller: &quot;Man kan s\u00e4ga s\u00e5 mycket med blommor&quot; | Interflora<\/title>\n<meta name=\"robots\" content=\"index, follow, max-snippet:-1, max-image-preview:large, max-video-preview:-1\" \/>\n<link rel=\"canonical\" href=\"https:\/\/www.interflora.se\/inspiration\/florist-malin-pruller\/\" \/>\n<meta property=\"og:locale\" content=\"sv_SE\" \/>\n<meta property=\"og:type\" content=\"article\" \/>\n<meta property=\"og:title\" content=\"Malin Pr\u00fcller: &quot;Man kan s\u00e4ga s\u00e5 mycket med blommor&quot; | Interflora\" \/>\n<meta property=\"og:description\" content=\"F\u00e5r Malin Pr\u00fcller fria h\u00e4nder \u00e4r chansen stor att hon utg\u00e5r fr\u00e5n en pudrig palett av pasteller. Som den h\u00e4r [&hellip;]\" \/>\n<meta property=\"og:url\" content=\"https:\/\/www.interflora.se\/inspiration\/florist-malin-pruller\/\" \/>\n<meta property=\"og:site_name\" content=\"Inspiration om blommor, krukv\u00e4xter &amp; trender | Interflora\" \/>\n<meta property=\"article:publisher\" content=\"https:\/\/www.facebook.com\/InterfloraAB\" \/>\n<meta property=\"article:published_time\" content=\"2024-06-04T02:52:12+00:00\" \/>\n<meta property=\"article:modified_time\" content=\"2025-03-28T09:02:10+00:00\" \/>\n<meta property=\"og:image\" content=\"https:\/\/www.interflora.se\/inspiration\/wp-content\/uploads\/2025\/03\/malin-amaryllis-2.jpg\" \/>\n\t<meta property=\"og:image:width\" content=\"800\" \/>\n\t<meta property=\"og:image:height\" content=\"1000\" \/>\n\t<meta property=\"og:image:type\" content=\"image\/jpeg\" \/>\n<meta name=\"author\" content=\"admin\" \/>\n<meta name=\"twitter:card\" content=\"summary_large_image\" \/>\n<meta name=\"twitter:label1\" content=\"Skriven av\" \/>\n\t<meta name=\"twitter:data1\" content=\"admin\" \/>\n\t<meta name=\"twitter:label2\" content=\"Ber\u00e4knad l\u00e4stid\" \/>\n\t<meta name=\"twitter:data2\" content=\"3 minuter\" \/>\n<script type=\"application\/ld+json\" class=\"yoast-schema-graph\">{\"@context\":\"https:\\\/\\\/schema.org\",\"@graph\":[{\"@type\":\"Article\",\"@id\":\"https:\\\/\\\/www.interflora.se\\\/inspiration\\\/florist-malin-pruller\\\/#article\",\"isPartOf\":{\"@id\":\"https:\\\/\\\/www.interflora.se\\\/inspiration\\\/florist-malin-pruller\\\/\"},\"author\":{\"name\":\"admin\",\"@id\":\"https:\\\/\\\/www.interflora.se\\\/inspiration\\\/#\\\/schema\\\/person\\\/dbbd1ad45e05409c356dc639597669f2\"},\"headline\":\"Malin Pr\u00fcller: &#8221;Man kan s\u00e4ga s\u00e5 mycket med blommor&#8221;\",\"datePublished\":\"2024-06-04T02:52:12+00:00\",\"dateModified\":\"2025-03-28T09:02:10+00:00\",\"mainEntityOfPage\":{\"@id\":\"https:\\\/\\\/www.interflora.se\\\/inspiration\\\/florist-malin-pruller\\\/\"},\"wordCount\":544,\"commentCount\":0,\"publisher\":{\"@id\":\"https:\\\/\\\/www.interflora.se\\\/inspiration\\\/#organization\"},\"image\":{\"@id\":\"https:\\\/\\\/www.interflora.se\\\/inspiration\\\/florist-malin-pruller\\\/#primaryimage\"},\"thumbnailUrl\":\"https:\\\/\\\/www.interflora.se\\\/inspiration\\\/wp-content\\\/uploads\\\/2025\\\/03\\\/malin-amaryllis-2.jpg\",\"articleSection\":[\"M\u00f6t v\u00e5ra florister\"],\"inLanguage\":\"sv-SE\",\"potentialAction\":[{\"@type\":\"CommentAction\",\"name\":\"Comment\",\"target\":[\"https:\\\/\\\/www.interflora.se\\\/inspiration\\\/florist-malin-pruller\\\/#respond\"]}]},{\"@type\":\"WebPage\",\"@id\":\"https:\\\/\\\/www.interflora.se\\\/inspiration\\\/florist-malin-pruller\\\/\",\"url\":\"https:\\\/\\\/www.interflora.se\\\/inspiration\\\/florist-malin-pruller\\\/\",\"name\":\"Malin Pr\u00fcller: \\\"Man kan s\u00e4ga s\u00e5 mycket med blommor\\\" | Interflora\",\"isPartOf\":{\"@id\":\"https:\\\/\\\/www.interflora.se\\\/inspiration\\\/#website\"},\"primaryImageOfPage\":{\"@id\":\"https:\\\/\\\/www.interflora.se\\\/inspiration\\\/florist-malin-pruller\\\/#primaryimage\"},\"image\":{\"@id\":\"https:\\\/\\\/www.interflora.se\\\/inspiration\\\/florist-malin-pruller\\\/#primaryimage\"},\"thumbnailUrl\":\"https:\\\/\\\/www.interflora.se\\\/inspiration\\\/wp-content\\\/uploads\\\/2025\\\/03\\\/malin-amaryllis-2.jpg\",\"datePublished\":\"2024-06-04T02:52:12+00:00\",\"dateModified\":\"2025-03-28T09:02:10+00:00\",\"breadcrumb\":{\"@id\":\"https:\\\/\\\/www.interflora.se\\\/inspiration\\\/florist-malin-pruller\\\/#breadcrumb\"},\"inLanguage\":\"sv-SE\",\"potentialAction\":[{\"@type\":\"ReadAction\",\"target\":[\"https:\\\/\\\/www.interflora.se\\\/inspiration\\\/florist-malin-pruller\\\/\"]}]},{\"@type\":\"ImageObject\",\"inLanguage\":\"sv-SE\",\"@id\":\"https:\\\/\\\/www.interflora.se\\\/inspiration\\\/florist-malin-pruller\\\/#primaryimage\",\"url\":\"https:\\\/\\\/www.interflora.se\\\/inspiration\\\/wp-content\\\/uploads\\\/2025\\\/03\\\/malin-amaryllis-2.jpg\",\"contentUrl\":\"https:\\\/\\\/www.interflora.se\\\/inspiration\\\/wp-content\\\/uploads\\\/2025\\\/03\\\/malin-amaryllis-2.jpg\",\"width\":800,\"height\":1000},{\"@type\":\"BreadcrumbList\",\"@id\":\"https:\\\/\\\/www.interflora.se\\\/inspiration\\\/florist-malin-pruller\\\/#breadcrumb\",\"itemListElement\":[{\"@type\":\"ListItem\",\"position\":1,\"name\":\"Home\",\"item\":\"https:\\\/\\\/www.interflora.se\\\/inspiration\\\/\"},{\"@type\":\"ListItem\",\"position\":2,\"name\":\"Malin Pr\u00fcller: &#8221;Man kan s\u00e4ga s\u00e5 mycket med blommor&#8221;\"}]},{\"@type\":\"WebSite\",\"@id\":\"https:\\\/\\\/www.interflora.se\\\/inspiration\\\/#website\",\"url\":\"https:\\\/\\\/www.interflora.se\\\/inspiration\\\/\",\"name\":\"Interflora\",\"description\":\"\",\"publisher\":{\"@id\":\"https:\\\/\\\/www.interflora.se\\\/inspiration\\\/#organization\"},\"potentialAction\":[{\"@type\":\"SearchAction\",\"target\":{\"@type\":\"EntryPoint\",\"urlTemplate\":\"https:\\\/\\\/www.interflora.se\\\/inspiration\\\/?s={search_term_string}\"},\"query-input\":{\"@type\":\"PropertyValueSpecification\",\"valueRequired\":true,\"valueName\":\"search_term_string\"}}],\"inLanguage\":\"sv-SE\"},{\"@type\":\"Organization\",\"@id\":\"https:\\\/\\\/www.interflora.se\\\/inspiration\\\/#organization\",\"name\":\"Interflora\",\"url\":\"https:\\\/\\\/www.interflora.se\\\/inspiration\\\/\",\"logo\":{\"@type\":\"ImageObject\",\"inLanguage\":\"sv-SE\",\"@id\":\"https:\\\/\\\/www.interflora.se\\\/inspiration\\\/#\\\/schema\\\/logo\\\/image\\\/\",\"url\":\"https:\\\/\\\/www.interflora.se\\\/inspiration\\\/wp-content\\\/uploads\\\/2025\\\/09\\\/cropped-220422_INTERFLORA_Logo_rgb_Half_Top_Circle_Main_Color.avif\",\"contentUrl\":\"https:\\\/\\\/www.interflora.se\\\/inspiration\\\/wp-content\\\/uploads\\\/2025\\\/09\\\/cropped-220422_INTERFLORA_Logo_rgb_Half_Top_Circle_Main_Color.avif\",\"width\":1418,\"height\":662,\"caption\":\"Interflora\"},\"image\":{\"@id\":\"https:\\\/\\\/www.interflora.se\\\/inspiration\\\/#\\\/schema\\\/logo\\\/image\\\/\"},\"sameAs\":[\"https:\\\/\\\/www.facebook.com\\\/InterfloraAB\",\"https:\\\/\\\/www.instagram.com\\\/interflora_ab\\\/\",\"https:\\\/\\\/www.linkedin.com\\\/company\\\/1494362\",\"https:\\\/\\\/www.youtube.com\\\/channel\\\/UCZgDzGWB2VRxaoWFUmXnk1w\"]},{\"@type\":\"Person\",\"@id\":\"https:\\\/\\\/www.interflora.se\\\/inspiration\\\/#\\\/schema\\\/person\\\/dbbd1ad45e05409c356dc639597669f2\",\"name\":\"admin\",\"image\":{\"@type\":\"ImageObject\",\"inLanguage\":\"sv-SE\",\"@id\":\"https:\\\/\\\/www.interflora.se\\\/inspiration\\\/wp-content\\\/litespeed\\\/avatar\\\/1fe3cced9e67df62d0a6f995d75823a5.jpg?ver=1777362393\",\"url\":\"https:\\\/\\\/www.interflora.se\\\/inspiration\\\/wp-content\\\/litespeed\\\/avatar\\\/1fe3cced9e67df62d0a6f995d75823a5.jpg?ver=1777362393\",\"contentUrl\":\"https:\\\/\\\/www.interflora.se\\\/inspiration\\\/wp-content\\\/litespeed\\\/avatar\\\/1fe3cced9e67df62d0a6f995d75823a5.jpg?ver=1777362393\",\"caption\":\"admin\"},\"sameAs\":[\"https:\\\/\\\/www.interflora.se\\\/inspiration\"],\"url\":\"https:\\\/\\\/www.interflora.se\\\/inspiration\\\/author\\\/admin\\\/\"}]}<\/script>\n<!-- \/ Yoast SEO plugin. -->","yoast_head_json":{"title":"Malin Pr\u00fcller: \"Man kan s\u00e4ga s\u00e5 mycket med blommor\" | Interflora","robots":{"index":"index","follow":"follow","max-snippet":"max-snippet:-1","max-image-preview":"max-image-preview:large","max-video-preview":"max-video-preview:-1"},"canonical":"https:\/\/www.interflora.se\/inspiration\/florist-malin-pruller\/","og_locale":"sv_SE","og_type":"article","og_title":"Malin Pr\u00fcller: \"Man kan s\u00e4ga s\u00e5 mycket med blommor\" | Interflora","og_description":"F\u00e5r Malin Pr\u00fcller fria h\u00e4nder \u00e4r chansen stor att hon utg\u00e5r fr\u00e5n en pudrig palett av pasteller. Som den h\u00e4r [&hellip;]","og_url":"https:\/\/www.interflora.se\/inspiration\/florist-malin-pruller\/","og_site_name":"Inspiration om blommor, krukv\u00e4xter &amp; trender | Interflora","article_publisher":"https:\/\/www.facebook.com\/InterfloraAB","article_published_time":"2024-06-04T02:52:12+00:00","article_modified_time":"2025-03-28T09:02:10+00:00","og_image":[{"width":800,"height":1000,"url":"https:\/\/www.interflora.se\/inspiration\/wp-content\/uploads\/2025\/03\/malin-amaryllis-2.jpg","type":"image\/jpeg"}],"author":"admin","twitter_card":"summary_large_image","twitter_misc":{"Skriven av":"admin","Ber\u00e4knad l\u00e4stid":"3 minuter"},"schema":{"@context":"https:\/\/schema.org","@graph":[{"@type":"Article","@id":"https:\/\/www.interflora.se\/inspiration\/florist-malin-pruller\/#article","isPartOf":{"@id":"https:\/\/www.interflora.se\/inspiration\/florist-malin-pruller\/"},"author":{"name":"admin","@id":"https:\/\/www.interflora.se\/inspiration\/#\/schema\/person\/dbbd1ad45e05409c356dc639597669f2"},"headline":"Malin Pr\u00fcller: &#8221;Man kan s\u00e4ga s\u00e5 mycket med blommor&#8221;","datePublished":"2024-06-04T02:52:12+00:00","dateModified":"2025-03-28T09:02:10+00:00","mainEntityOfPage":{"@id":"https:\/\/www.interflora.se\/inspiration\/florist-malin-pruller\/"},"wordCount":544,"commentCount":0,"publisher":{"@id":"https:\/\/www.interflora.se\/inspiration\/#organization"},"image":{"@id":"https:\/\/www.interflora.se\/inspiration\/florist-malin-pruller\/#primaryimage"},"thumbnailUrl":"https:\/\/www.interflora.se\/inspiration\/wp-content\/uploads\/2025\/03\/malin-amaryllis-2.jpg","articleSection":["M\u00f6t v\u00e5ra florister"],"inLanguage":"sv-SE","potentialAction":[{"@type":"CommentAction","name":"Comment","target":["https:\/\/www.interflora.se\/inspiration\/florist-malin-pruller\/#respond"]}]},{"@type":"WebPage","@id":"https:\/\/www.interflora.se\/inspiration\/florist-malin-pruller\/","url":"https:\/\/www.interflora.se\/inspiration\/florist-malin-pruller\/","name":"Malin Pr\u00fcller: \"Man kan s\u00e4ga s\u00e5 mycket med blommor\" | Interflora","isPartOf":{"@id":"https:\/\/www.interflora.se\/inspiration\/#website"},"primaryImageOfPage":{"@id":"https:\/\/www.interflora.se\/inspiration\/florist-malin-pruller\/#primaryimage"},"image":{"@id":"https:\/\/www.interflora.se\/inspiration\/florist-malin-pruller\/#primaryimage"},"thumbnailUrl":"https:\/\/www.interflora.se\/inspiration\/wp-content\/uploads\/2025\/03\/malin-amaryllis-2.jpg","datePublished":"2024-06-04T02:52:12+00:00","dateModified":"2025-03-28T09:02:10+00:00","breadcrumb":{"@id":"https:\/\/www.interflora.se\/inspiration\/florist-malin-pruller\/#breadcrumb"},"inLanguage":"sv-SE","potentialAction":[{"@type":"ReadAction","target":["https:\/\/www.interflora.se\/inspiration\/florist-malin-pruller\/"]}]},{"@type":"ImageObject","inLanguage":"sv-SE","@id":"https:\/\/www.interflora.se\/inspiration\/florist-malin-pruller\/#primaryimage","url":"https:\/\/www.interflora.se\/inspiration\/wp-content\/uploads\/2025\/03\/malin-amaryllis-2.jpg","contentUrl":"https:\/\/www.interflora.se\/inspiration\/wp-content\/uploads\/2025\/03\/malin-amaryllis-2.jpg","width":800,"height":1000},{"@type":"BreadcrumbList","@id":"https:\/\/www.interflora.se\/inspiration\/florist-malin-pruller\/#breadcrumb","itemListElement":[{"@type":"ListItem","position":1,"name":"Home","item":"https:\/\/www.interflora.se\/inspiration\/"},{"@type":"ListItem","position":2,"name":"Malin Pr\u00fcller: &#8221;Man kan s\u00e4ga s\u00e5 mycket med blommor&#8221;"}]},{"@type":"WebSite","@id":"https:\/\/www.interflora.se\/inspiration\/#website","url":"https:\/\/www.interflora.se\/inspiration\/","name":"Interflora","description":"","publisher":{"@id":"https:\/\/www.interflora.se\/inspiration\/#organization"},"potentialAction":[{"@type":"SearchAction","target":{"@type":"EntryPoint","urlTemplate":"https:\/\/www.interflora.se\/inspiration\/?s={search_term_string}"},"query-input":{"@type":"PropertyValueSpecification","valueRequired":true,"valueName":"search_term_string"}}],"inLanguage":"sv-SE"},{"@type":"Organization","@id":"https:\/\/www.interflora.se\/inspiration\/#organization","name":"Interflora","url":"https:\/\/www.interflora.se\/inspiration\/","logo":{"@type":"ImageObject","inLanguage":"sv-SE","@id":"https:\/\/www.interflora.se\/inspiration\/#\/schema\/logo\/image\/","url":"https:\/\/www.interflora.se\/inspiration\/wp-content\/uploads\/2025\/09\/cropped-220422_INTERFLORA_Logo_rgb_Half_Top_Circle_Main_Color.avif","contentUrl":"https:\/\/www.interflora.se\/inspiration\/wp-content\/uploads\/2025\/09\/cropped-220422_INTERFLORA_Logo_rgb_Half_Top_Circle_Main_Color.avif","width":1418,"height":662,"caption":"Interflora"},"image":{"@id":"https:\/\/www.interflora.se\/inspiration\/#\/schema\/logo\/image\/"},"sameAs":["https:\/\/www.facebook.com\/InterfloraAB","https:\/\/www.instagram.com\/interflora_ab\/","https:\/\/www.linkedin.com\/company\/1494362","https:\/\/www.youtube.com\/channel\/UCZgDzGWB2VRxaoWFUmXnk1w"]},{"@type":"Person","@id":"https:\/\/www.interflora.se\/inspiration\/#\/schema\/person\/dbbd1ad45e05409c356dc639597669f2","name":"admin","image":{"@type":"ImageObject","inLanguage":"sv-SE","@id":"https:\/\/www.interflora.se\/inspiration\/wp-content\/litespeed\/avatar\/1fe3cced9e67df62d0a6f995d75823a5.jpg?ver=1777362393","url":"https:\/\/www.interflora.se\/inspiration\/wp-content\/litespeed\/avatar\/1fe3cced9e67df62d0a6f995d75823a5.jpg?ver=1777362393","contentUrl":"https:\/\/www.interflora.se\/inspiration\/wp-content\/litespeed\/avatar\/1fe3cced9e67df62d0a6f995d75823a5.jpg?ver=1777362393","caption":"admin"},"sameAs":["https:\/\/www.interflora.se\/inspiration"],"url":"https:\/\/www.interflora.se\/inspiration\/author\/admin\/"}]}},"uagb_featured_image_src":{"full":["https:\/\/www.interflora.se\/inspiration\/wp-content\/uploads\/2025\/03\/malin-amaryllis-2.jpg",800,1000,false],"thumbnail":["https:\/\/www.interflora.se\/inspiration\/wp-content\/uploads\/2025\/03\/malin-amaryllis-2-150x150.jpg",150,150,true],"medium":["https:\/\/www.interflora.se\/inspiration\/wp-content\/uploads\/2025\/03\/malin-amaryllis-2-240x300.jpg",240,300,true],"medium_large":["https:\/\/www.interflora.se\/inspiration\/wp-content\/uploads\/2025\/03\/malin-amaryllis-2-768x960.jpg",768,960,true],"large":["https:\/\/www.interflora.se\/inspiration\/wp-content\/uploads\/2025\/03\/malin-amaryllis-2.jpg",800,1000,false],"1536x1536":["https:\/\/www.interflora.se\/inspiration\/wp-content\/uploads\/2025\/03\/malin-amaryllis-2.jpg",800,1000,false],"2048x2048":["https:\/\/www.interflora.se\/inspiration\/wp-content\/uploads\/2025\/03\/malin-amaryllis-2.jpg",800,1000,false]},"uagb_author_info":{"display_name":"admin","author_link":"https:\/\/www.interflora.se\/inspiration\/author\/admin\/"},"uagb_comment_info":0,"uagb_excerpt":"F\u00e5r Malin Pr\u00fcller fria h\u00e4nder \u00e4r chansen stor att hon utg\u00e5r fr\u00e5n en pudrig palett av pasteller. Som den h\u00e4r [&hellip;]","_links":{"self":[{"href":"https:\/\/www.interflora.se\/inspiration\/wp-json\/wp\/v2\/posts\/235","targetHints":{"allow":["GET"]}}],"collection":[{"href":"https:\/\/www.interflora.se\/inspiration\/wp-json\/wp\/v2\/posts"}],"about":[{"href":"https:\/\/www.interflora.se\/inspiration\/wp-json\/wp\/v2\/types\/post"}],"author":[{"embeddable":true,"href":"https:\/\/www.interflora.se\/inspiration\/wp-json\/wp\/v2\/users\/1"}],"replies":[{"embeddable":true,"href":"https:\/\/www.interflora.se\/inspiration\/wp-json\/wp\/v2\/comments?post=235"}],"version-history":[{"count":1,"href":"https:\/\/www.interflora.se\/inspiration\/wp-json\/wp\/v2\/posts\/235\/revisions"}],"predecessor-version":[{"id":3300,"href":"https:\/\/www.interflora.se\/inspiration\/wp-json\/wp\/v2\/posts\/235\/revisions\/3300"}],"wp:featuredmedia":[{"embeddable":true,"href":"https:\/\/www.interflora.se\/inspiration\/wp-json\/wp\/v2\/media\/3298"}],"wp:attachment":[{"href":"https:\/\/www.interflora.se\/inspiration\/wp-json\/wp\/v2\/media?parent=235"}],"wp:term":[{"taxonomy":"category","embeddable":true,"href":"https:\/\/www.interflora.se\/inspiration\/wp-json\/wp\/v2\/categories?post=235"},{"taxonomy":"post_tag","embeddable":true,"href":"https:\/\/www.interflora.se\/inspiration\/wp-json\/wp\/v2\/tags?post=235"}],"curies":[{"name":"wp","href":"https:\/\/api.w.org\/{rel}","templated":true}]}}