{"id":234,"date":"2023-10-26T16:31:21","date_gmt":"2023-10-26T14:31:21","guid":{"rendered":"http:\/\/preprodblog.interflora.se\/blog\/?p=234"},"modified":"2025-03-27T07:07:24","modified_gmt":"2025-03-27T06:07:24","slug":"florist-lotta-wagnerlindkvist","status":"publish","type":"post","link":"https:\/\/www.interflora.se\/inspiration\/florist-lotta-wagnerlindkvist\/","title":{"rendered":"Lotta Wagner Lindkvist: &#8221;Det finns m\u00e5nga s\u00e4tt att \u00f6verraska p\u00e5 Alla hj\u00e4rtans dag&#8221;"},"content":{"rendered":"\n<p>R\u00f6da rosor \u00e4r alltid romantiska, men vill du \u00f6verraska p\u00e5 Alla hj\u00e4rtans dag \u2013 g\u00f6r det med en k\u00e4rleksg\u00e5va i buketten! Eller kanske med ett mosshj\u00e4rta p\u00e5 frukostbrickan. Ta hj\u00e4lp av din florist, tipsar Lotta p\u00e5 Blomsteriet i Vallentuna.<\/p>\n\n\n\n<p>Lotta Wagner Lindkvist och Sandra F\u00e4llstr\u00f6m \u00e4ger butiken ihop och delar g\u00e4rna med sig av sina id\u00e9er, inte minst inf\u00f6r den 14 februari som \u00e4r en stor f\u00f6rs\u00e4ljningsdag inom blomsterhandeln.<br>\u2013 Det \u00e4r roligt n\u00e4r kunder fr\u00e5gar vad man kan g\u00f6ra med blommorna. Det finns ju s\u00e5 mycket fint och det beh\u00f6ver inte bara vara r\u00f6da rosor, s\u00e4ger Lotta.<br>Vill du ge bort ett personligt floristiskt hantverk \u00e4r det viktigt att vara ute i god tid.&nbsp;<br>\u2013 Dagarna innan Alla hj\u00e4rtan \u00e4r det h\u00f6gt tryck i butiken, s\u00e5 det b\u00e4sta \u00e4r att l\u00e4gga sin best\u00e4llning en vecka i f\u00f6rv\u00e4g.<\/p>\n\n\n\n<figure class=\"wp-block-image\"><img decoding=\"async\" src=\"https:\/\/www.interflora.se\/inspiration\/wp-content\/uploads\/2025\/03\/blomsteriet_webb_4.jpg\" alt=\"\"\/><\/figure>\n\n\n\n<p>Den som \u00e4r sen kan bli tvungen att t\u00e4nka om, vilket ocks\u00e5 kan bli riktigt lyckat. Ett tidigare \u00e5r n\u00e4r Lotta hade en annan butik ringlade k\u00f6erna l\u00e5nga samtidigt som de r\u00f6da rosorna h\u00f6ll p\u00e5 att ta slut, men f\u00f6r den skull inte kreativiteten. I en blomsterbutik finns det alltid material bakom kulisserna, udda blommor och blad som sparats. Hon erbj\u00f6d sig att trolla ihop n\u00e5got vackert \u2013 i gammaldags kaffekoppar som hon samlat fr\u00e5n loppis.&nbsp;<br>\u2013 Ryktet spred sig i k\u00f6n och n\u00e4r folk kom fram sa de \u201dJag tar ocks\u00e5 en s\u00e5dan d\u00e4r trolleribukett\u201d. Det var s\u00e5 roligt, alla var n\u00f6jda och fick n\u00e5got fint att ta med hem.<\/p>\n\n\n\n<figure class=\"wp-block-image\"><img decoding=\"async\" src=\"https:\/\/www.interflora.se\/inspiration\/wp-content\/uploads\/2025\/03\/blomsteriet_webb_2.jpg\" alt=\"\"\/><\/figure>\n\n\n\n<p>I \u00e5r \u00e4r ett av hennes tips en bukett med \u201dk\u00e4rleksg\u00f6mma\u201d. Den hon gjort f\u00f6r dagen \u00e4r bunden i sk\u00e5lform av kolaf\u00e4rgade rosen \u2019Toffee\u2019 och den aprikosa \u2019Royal\u2019 tillsammans med Scabiosa, franska tulpaner, nejlikor, k\u00f6rsb\u00e4rskvistar, Limonium, Mimosa, vippiga rosa \u2019Bunny Ears\u2019, Plumosus och torkad vidjehortensia.<br>\u2013 Den fick jag lov att ta fr\u00e5n grannens h\u00e4ck, s\u00e4ger hon och skrattar.<\/p>\n\n\n\n<figure class=\"wp-block-image\"><img decoding=\"async\" src=\"https:\/\/www.interflora.se\/inspiration\/wp-content\/uploads\/2025\/03\/blomsteriet_webb_6.jpg\" alt=\"\"\/><\/figure>\n\n\n\n<p>I bukettens mitt finns ett utrymme, en k\u00e4rleksg\u00f6mma, d\u00e4r man kan l\u00e4gga n\u00e5got litet extra.<br>\u2013 Det kan vara vad som helst, exempelvis ett mosshj\u00e4rta som smyckats med blommor och blad, en chokladask eller varf\u00f6r inte friarringen. Be floristen om hj\u00e4lp, vi \u00e4lskar att hitta p\u00e5 \u00f6verraskningar! Sj\u00e4lvklart g\u00e5r det lika bra med en mindre variant av den h\u00e4r buketten. Den passar till alla, f\u00f6r man beh\u00f6ver ju inte bara ge bort blommor till en k\u00e4rlekspartner p\u00e5 Alla hj\u00e4rtans dag. M\u00e5nga k\u00f6per till f\u00f6r\u00e4ldrar, mormor eller till en v\u00e4n. Mosshj\u00e4rtan \u00e4r dekorativa som de \u00e4r, som k\u00e4rleksbevis p\u00e5 frukostbrickan eller om man vill l\u00e4gga n\u00e5got fint p\u00e5 en saknad persons grav. Det torkade materialet h\u00e5ller l\u00e4nge.<\/p>\n\n\n\n<figure class=\"wp-block-image\"><img decoding=\"async\" src=\"https:\/\/www.interflora.se\/inspiration\/wp-content\/uploads\/2025\/03\/blomsteriet_webb_5.jpg\" alt=\"\"\/><\/figure>\n\n\n\n<figure class=\"wp-block-image\"><img decoding=\"async\" src=\"https:\/\/www.interflora.se\/inspiration\/wp-content\/uploads\/2025\/03\/blomsteriet_webb_7.jpg\" alt=\"\"\/><\/figure>\n\n\n\n<p>Det finns fullt av inspiration inne hos Blomsteriet \u2013 snittblommor, gr\u00f6na v\u00e4xter, krukor och inredningsdetaljer. Antika bord, hyllor och byr\u00e5er g\u00f6r det mysigt och ombonat. P\u00e5 golvet ligger orientaliska mattor och sch\u00e4slongen \u00e4r butikshunden Molles b\u00e4sta plats, Lottas lilla Bichon Havanais.<br><br><img decoding=\"async\" src=\"https:\/\/www.interflora.se\/inspiration\/wp-content\/uploads\/2025\/03\/blomsteriet_webb_1.jpg\" alt=\"\" width=\"100%\" height=\"auto\"><\/p>\n\n\n\n<p>Butiken har precis firat ett \u00e5r, ber\u00e4ttar Sandra som fick tips om lokalen:<br>\u2013 D\u00e5 hade vi just gjort ett stort event ihop som frilansflorister. Ett riktigt eldprov \u2013 ett indiskt br\u00f6llop som p\u00e5gick i tre dagar med 500 g\u00e4ster i Stockholm. Jag t\u00e4nkte att \u201dhar vi klarat det, s\u00e5 klarar vi allt\u201d, s\u00e4ger hon.<\/p>\n\n\n\n<p>F\u00f6rberedelserna p\u00e5gick i en vecka och tog \u00f6ver hela Sandras hus inklusive badrum, garage och tr\u00e4dg\u00e5rd. De s\u00e5gade, konstruerade och gj\u00f6t betong f\u00f6r att bygga upp arrangemangen som omfattade allt fr\u00e5n bordsdekorationer till blomsterpaviljong, scendekor och halsbandsgirlanger.&nbsp;<br>D\u00e4rifr\u00e5n till gemensam butik blev steget kort och ingenting om\u00f6jligt.<\/p>\n\n\n\n<h2 class=\"wp-block-heading\"><img loading=\"lazy\" decoding=\"async\" src=\"https:\/\/www.interflora.se\/inspiration\/wp-content\/uploads\/2025\/03\/blomsteriet_webb_3.jpg\" alt=\"\" width=\"750\" height=\"500\"><\/h2>\n\n\n\n<h2 class=\"wp-block-heading\">\u201dId\u00e9erna tar aldrig slut\u201d<\/h2>\n\n\n\n<p><strong>Namn:<\/strong>&nbsp;Lotta Wagner Lindkvist och Sandra F\u00e4llstr\u00f6m.<br><strong>\u00c5r i yrket:<\/strong>&nbsp;Lotta har varit florist i 13 \u00e5r, Sandra i 22 \u00e5r.<br><strong>\u00c4ger:<\/strong>&nbsp;Blomsteriet i Vallentuna, ombud f\u00f6r Interflora. Se mer p\u00e5 Instagram @blomsteriet<br><strong>B\u00e4st med floristjobbet \u2013 Lotta<\/strong>:&nbsp;\u201dDet \u00e4r aldrig l\u00e5ngtr\u00e5kigt. Blommor \u00e4r ett fantastiskt, direkt material som g\u00f6r mig kreativ. Kombinationerna \u00e4r o\u00e4ndliga och id\u00e9erna tar aldrig slut.\u201d<br><strong>N\u00e4r jag inte jobbar \u2013 Sandra:<\/strong>&nbsp;\u201dJobbar jag hemma i tr\u00e4dg\u00e5rden, d\u00e4r jag har 120 krukor p\u00e5 sommaren. F\u00f6rra \u00e5ret hade jag s\u00e5 mycket dahlia i mina odlingsl\u00e5dor att alla som kom p\u00e5 bes\u00f6k fick en bukett med sig hem.\u201d<\/p>\n\n\n\n<h2 class=\"wp-block-heading\">&nbsp;<\/h2>\n\n\n\n<h2 class=\"wp-block-heading\">Lottas och Sandras tre b\u00e4sta Alla hj\u00e4rtans-tips<\/h2>\n\n\n\n<p>1.&nbsp;Best\u00e4ll i f\u00f6rv\u00e4g och t\u00e4nk utanf\u00f6r \u201dr\u00f6da-ros-boxen\u201d.<\/p>\n\n\n\n<p>2. Vilken stil har personen som ska f\u00e5 buketten \u2013 strikt, bohemisk, f\u00e4rgglad eller klassisk? Ber\u00e4tta f\u00f6r floristen s\u00e5 \u00e4r det l\u00e4ttare att hitta r\u00e4tt blommor.<\/p>\n\n\n\n<p>3. Vill du uppvakta med champagne? L\u00e4mna in flaskan hos floristen och be att f\u00e5 den dekorerad med blommor!<\/p>\n\n\n\n<figure class=\"wp-block-image\"><img decoding=\"async\" src=\"https:\/\/www.interflora.se\/inspiration\/wp-content\/uploads\/2025\/03\/blomsteriet_webb_9.jpg\" alt=\"\"\/><\/figure>\n","protected":false},"excerpt":{"rendered":"<p>R\u00f6da rosor \u00e4r alltid romantiska, men vill du \u00f6verraska p\u00e5 Alla hj\u00e4rtans dag \u2013 g\u00f6r det med en k\u00e4rleksg\u00e5va i [&hellip;]<\/p>\n","protected":false},"author":1,"featured_media":2705,"comment_status":"open","ping_status":"open","sticky":false,"template":"","format":"standard","meta":{"_uag_custom_page_level_css":"","site-sidebar-layout":"default","site-content-layout":"","ast-site-content-layout":"default","site-content-style":"default","site-sidebar-style":"default","ast-global-header-display":"","ast-banner-title-visibility":"","ast-main-header-display":"","ast-hfb-above-header-display":"","ast-hfb-below-header-display":"","ast-hfb-mobile-header-display":"","site-post-title":"","ast-breadcrumbs-content":"","ast-featured-img":"","footer-sml-layout":"","ast-disable-related-posts":"","theme-transparent-header-meta":"","adv-header-id-meta":"","stick-header-meta":"","header-above-stick-meta":"","header-main-stick-meta":"","header-below-stick-meta":"","astra-migrate-meta-layouts":"default","ast-page-background-enabled":"default","ast-page-background-meta":{"desktop":{"background-color":"var(--ast-global-color-5)","background-image":"","background-repeat":"repeat","background-position":"center center","background-size":"auto","background-attachment":"scroll","background-type":"","background-media":"","overlay-type":"","overlay-color":"","overlay-opacity":"","overlay-gradient":""},"tablet":{"background-color":"","background-image":"","background-repeat":"repeat","background-position":"center center","background-size":"auto","background-attachment":"scroll","background-type":"","background-media":"","overlay-type":"","overlay-color":"","overlay-opacity":"","overlay-gradient":""},"mobile":{"background-color":"","background-image":"","background-repeat":"repeat","background-position":"center center","background-size":"auto","background-attachment":"scroll","background-type":"","background-media":"","overlay-type":"","overlay-color":"","overlay-opacity":"","overlay-gradient":""}},"ast-content-background-meta":{"desktop":{"background-color":"var(--ast-global-color-4)","background-image":"","background-repeat":"repeat","background-position":"center center","background-size":"auto","background-attachment":"scroll","background-type":"","background-media":"","overlay-type":"","overlay-color":"","overlay-opacity":"","overlay-gradient":""},"tablet":{"background-color":"var(--ast-global-color-4)","background-image":"","background-repeat":"repeat","background-position":"center center","background-size":"auto","background-attachment":"scroll","background-type":"","background-media":"","overlay-type":"","overlay-color":"","overlay-opacity":"","overlay-gradient":""},"mobile":{"background-color":"var(--ast-global-color-4)","background-image":"","background-repeat":"repeat","background-position":"center center","background-size":"auto","background-attachment":"scroll","background-type":"","background-media":"","overlay-type":"","overlay-color":"","overlay-opacity":"","overlay-gradient":""}},"footnotes":""},"categories":[12],"tags":[],"class_list":["post-234","post","type-post","status-publish","format-standard","has-post-thumbnail","hentry","category-mot-vara-florister"],"yoast_head":"<!-- This site is optimized with the Yoast SEO plugin v27.4 - https:\/\/yoast.com\/product\/yoast-seo-wordpress\/ -->\n<title>Lotta Wagner Lindkvist: &quot;Det finns m\u00e5nga s\u00e4tt att \u00f6verraska p\u00e5 Alla hj\u00e4rtans dag&quot; | Interflora<\/title>\n<meta name=\"robots\" content=\"index, follow, max-snippet:-1, max-image-preview:large, max-video-preview:-1\" \/>\n<link rel=\"canonical\" href=\"https:\/\/www.interflora.se\/inspiration\/florist-lotta-wagnerlindkvist\/\" \/>\n<meta property=\"og:locale\" content=\"sv_SE\" \/>\n<meta property=\"og:type\" content=\"article\" \/>\n<meta property=\"og:title\" content=\"Lotta Wagner Lindkvist: &quot;Det finns m\u00e5nga s\u00e4tt att \u00f6verraska p\u00e5 Alla hj\u00e4rtans dag&quot; | Interflora\" \/>\n<meta property=\"og:description\" content=\"R\u00f6da rosor \u00e4r alltid romantiska, men vill du \u00f6verraska p\u00e5 Alla hj\u00e4rtans dag \u2013 g\u00f6r det med en k\u00e4rleksg\u00e5va i [&hellip;]\" \/>\n<meta property=\"og:url\" content=\"https:\/\/www.interflora.se\/inspiration\/florist-lotta-wagnerlindkvist\/\" \/>\n<meta property=\"og:site_name\" content=\"Inspiration om blommor, krukv\u00e4xter &amp; trender | Interflora\" \/>\n<meta property=\"article:publisher\" content=\"https:\/\/www.facebook.com\/InterfloraAB\" \/>\n<meta property=\"article:published_time\" content=\"2023-10-26T14:31:21+00:00\" \/>\n<meta property=\"article:modified_time\" content=\"2025-03-27T06:07:24+00:00\" \/>\n<meta property=\"og:image\" content=\"https:\/\/www.interflora.se\/inspiration\/wp-content\/uploads\/2025\/03\/blomsteriet_webb_9.jpg\" \/>\n\t<meta property=\"og:image:width\" content=\"750\" \/>\n\t<meta property=\"og:image:height\" content=\"1125\" \/>\n\t<meta property=\"og:image:type\" content=\"image\/jpeg\" \/>\n<meta name=\"author\" content=\"admin\" \/>\n<meta name=\"twitter:card\" content=\"summary_large_image\" \/>\n<meta name=\"twitter:label1\" content=\"Skriven av\" \/>\n\t<meta name=\"twitter:data1\" content=\"admin\" \/>\n\t<meta name=\"twitter:label2\" content=\"Ber\u00e4knad l\u00e4stid\" \/>\n\t<meta name=\"twitter:data2\" content=\"4 minuter\" \/>\n<script type=\"application\/ld+json\" class=\"yoast-schema-graph\">{\"@context\":\"https:\\\/\\\/schema.org\",\"@graph\":[{\"@type\":\"Article\",\"@id\":\"https:\\\/\\\/www.interflora.se\\\/inspiration\\\/florist-lotta-wagnerlindkvist\\\/#article\",\"isPartOf\":{\"@id\":\"https:\\\/\\\/www.interflora.se\\\/inspiration\\\/florist-lotta-wagnerlindkvist\\\/\"},\"author\":{\"name\":\"admin\",\"@id\":\"https:\\\/\\\/www.interflora.se\\\/inspiration\\\/#\\\/schema\\\/person\\\/dbbd1ad45e05409c356dc639597669f2\"},\"headline\":\"Lotta Wagner Lindkvist: &#8221;Det finns m\u00e5nga s\u00e4tt att \u00f6verraska p\u00e5 Alla hj\u00e4rtans dag&#8221;\",\"datePublished\":\"2023-10-26T14:31:21+00:00\",\"dateModified\":\"2025-03-27T06:07:24+00:00\",\"mainEntityOfPage\":{\"@id\":\"https:\\\/\\\/www.interflora.se\\\/inspiration\\\/florist-lotta-wagnerlindkvist\\\/\"},\"wordCount\":869,\"commentCount\":0,\"publisher\":{\"@id\":\"https:\\\/\\\/www.interflora.se\\\/inspiration\\\/#organization\"},\"image\":{\"@id\":\"https:\\\/\\\/www.interflora.se\\\/inspiration\\\/florist-lotta-wagnerlindkvist\\\/#primaryimage\"},\"thumbnailUrl\":\"https:\\\/\\\/www.interflora.se\\\/inspiration\\\/wp-content\\\/uploads\\\/2025\\\/03\\\/blomsteriet_webb_9.jpg\",\"articleSection\":[\"M\u00f6t v\u00e5ra florister\"],\"inLanguage\":\"sv-SE\",\"potentialAction\":[{\"@type\":\"CommentAction\",\"name\":\"Comment\",\"target\":[\"https:\\\/\\\/www.interflora.se\\\/inspiration\\\/florist-lotta-wagnerlindkvist\\\/#respond\"]}]},{\"@type\":\"WebPage\",\"@id\":\"https:\\\/\\\/www.interflora.se\\\/inspiration\\\/florist-lotta-wagnerlindkvist\\\/\",\"url\":\"https:\\\/\\\/www.interflora.se\\\/inspiration\\\/florist-lotta-wagnerlindkvist\\\/\",\"name\":\"Lotta Wagner Lindkvist: \\\"Det finns m\u00e5nga s\u00e4tt att \u00f6verraska p\u00e5 Alla hj\u00e4rtans dag\\\" | Interflora\",\"isPartOf\":{\"@id\":\"https:\\\/\\\/www.interflora.se\\\/inspiration\\\/#website\"},\"primaryImageOfPage\":{\"@id\":\"https:\\\/\\\/www.interflora.se\\\/inspiration\\\/florist-lotta-wagnerlindkvist\\\/#primaryimage\"},\"image\":{\"@id\":\"https:\\\/\\\/www.interflora.se\\\/inspiration\\\/florist-lotta-wagnerlindkvist\\\/#primaryimage\"},\"thumbnailUrl\":\"https:\\\/\\\/www.interflora.se\\\/inspiration\\\/wp-content\\\/uploads\\\/2025\\\/03\\\/blomsteriet_webb_9.jpg\",\"datePublished\":\"2023-10-26T14:31:21+00:00\",\"dateModified\":\"2025-03-27T06:07:24+00:00\",\"breadcrumb\":{\"@id\":\"https:\\\/\\\/www.interflora.se\\\/inspiration\\\/florist-lotta-wagnerlindkvist\\\/#breadcrumb\"},\"inLanguage\":\"sv-SE\",\"potentialAction\":[{\"@type\":\"ReadAction\",\"target\":[\"https:\\\/\\\/www.interflora.se\\\/inspiration\\\/florist-lotta-wagnerlindkvist\\\/\"]}]},{\"@type\":\"ImageObject\",\"inLanguage\":\"sv-SE\",\"@id\":\"https:\\\/\\\/www.interflora.se\\\/inspiration\\\/florist-lotta-wagnerlindkvist\\\/#primaryimage\",\"url\":\"https:\\\/\\\/www.interflora.se\\\/inspiration\\\/wp-content\\\/uploads\\\/2025\\\/03\\\/blomsteriet_webb_9.jpg\",\"contentUrl\":\"https:\\\/\\\/www.interflora.se\\\/inspiration\\\/wp-content\\\/uploads\\\/2025\\\/03\\\/blomsteriet_webb_9.jpg\",\"width\":750,\"height\":1125},{\"@type\":\"BreadcrumbList\",\"@id\":\"https:\\\/\\\/www.interflora.se\\\/inspiration\\\/florist-lotta-wagnerlindkvist\\\/#breadcrumb\",\"itemListElement\":[{\"@type\":\"ListItem\",\"position\":1,\"name\":\"Home\",\"item\":\"https:\\\/\\\/www.interflora.se\\\/inspiration\\\/\"},{\"@type\":\"ListItem\",\"position\":2,\"name\":\"Lotta Wagner Lindkvist: &#8221;Det finns m\u00e5nga s\u00e4tt att \u00f6verraska p\u00e5 Alla hj\u00e4rtans dag&#8221;\"}]},{\"@type\":\"WebSite\",\"@id\":\"https:\\\/\\\/www.interflora.se\\\/inspiration\\\/#website\",\"url\":\"https:\\\/\\\/www.interflora.se\\\/inspiration\\\/\",\"name\":\"Interflora\",\"description\":\"\",\"publisher\":{\"@id\":\"https:\\\/\\\/www.interflora.se\\\/inspiration\\\/#organization\"},\"potentialAction\":[{\"@type\":\"SearchAction\",\"target\":{\"@type\":\"EntryPoint\",\"urlTemplate\":\"https:\\\/\\\/www.interflora.se\\\/inspiration\\\/?s={search_term_string}\"},\"query-input\":{\"@type\":\"PropertyValueSpecification\",\"valueRequired\":true,\"valueName\":\"search_term_string\"}}],\"inLanguage\":\"sv-SE\"},{\"@type\":\"Organization\",\"@id\":\"https:\\\/\\\/www.interflora.se\\\/inspiration\\\/#organization\",\"name\":\"Interflora\",\"url\":\"https:\\\/\\\/www.interflora.se\\\/inspiration\\\/\",\"logo\":{\"@type\":\"ImageObject\",\"inLanguage\":\"sv-SE\",\"@id\":\"https:\\\/\\\/www.interflora.se\\\/inspiration\\\/#\\\/schema\\\/logo\\\/image\\\/\",\"url\":\"https:\\\/\\\/www.interflora.se\\\/inspiration\\\/wp-content\\\/uploads\\\/2025\\\/09\\\/cropped-220422_INTERFLORA_Logo_rgb_Half_Top_Circle_Main_Color.avif\",\"contentUrl\":\"https:\\\/\\\/www.interflora.se\\\/inspiration\\\/wp-content\\\/uploads\\\/2025\\\/09\\\/cropped-220422_INTERFLORA_Logo_rgb_Half_Top_Circle_Main_Color.avif\",\"width\":1418,\"height\":662,\"caption\":\"Interflora\"},\"image\":{\"@id\":\"https:\\\/\\\/www.interflora.se\\\/inspiration\\\/#\\\/schema\\\/logo\\\/image\\\/\"},\"sameAs\":[\"https:\\\/\\\/www.facebook.com\\\/InterfloraAB\",\"https:\\\/\\\/www.instagram.com\\\/interflora_ab\\\/\",\"https:\\\/\\\/www.linkedin.com\\\/company\\\/1494362\",\"https:\\\/\\\/www.youtube.com\\\/channel\\\/UCZgDzGWB2VRxaoWFUmXnk1w\"]},{\"@type\":\"Person\",\"@id\":\"https:\\\/\\\/www.interflora.se\\\/inspiration\\\/#\\\/schema\\\/person\\\/dbbd1ad45e05409c356dc639597669f2\",\"name\":\"admin\",\"image\":{\"@type\":\"ImageObject\",\"inLanguage\":\"sv-SE\",\"@id\":\"https:\\\/\\\/www.interflora.se\\\/inspiration\\\/wp-content\\\/litespeed\\\/avatar\\\/1fe3cced9e67df62d0a6f995d75823a5.jpg?ver=1777362393\",\"url\":\"https:\\\/\\\/www.interflora.se\\\/inspiration\\\/wp-content\\\/litespeed\\\/avatar\\\/1fe3cced9e67df62d0a6f995d75823a5.jpg?ver=1777362393\",\"contentUrl\":\"https:\\\/\\\/www.interflora.se\\\/inspiration\\\/wp-content\\\/litespeed\\\/avatar\\\/1fe3cced9e67df62d0a6f995d75823a5.jpg?ver=1777362393\",\"caption\":\"admin\"},\"sameAs\":[\"https:\\\/\\\/www.interflora.se\\\/inspiration\"],\"url\":\"https:\\\/\\\/www.interflora.se\\\/inspiration\\\/author\\\/admin\\\/\"}]}<\/script>\n<!-- \/ Yoast SEO plugin. -->","yoast_head_json":{"title":"Lotta Wagner Lindkvist: \"Det finns m\u00e5nga s\u00e4tt att \u00f6verraska p\u00e5 Alla hj\u00e4rtans dag\" | Interflora","robots":{"index":"index","follow":"follow","max-snippet":"max-snippet:-1","max-image-preview":"max-image-preview:large","max-video-preview":"max-video-preview:-1"},"canonical":"https:\/\/www.interflora.se\/inspiration\/florist-lotta-wagnerlindkvist\/","og_locale":"sv_SE","og_type":"article","og_title":"Lotta Wagner Lindkvist: \"Det finns m\u00e5nga s\u00e4tt att \u00f6verraska p\u00e5 Alla hj\u00e4rtans dag\" | Interflora","og_description":"R\u00f6da rosor \u00e4r alltid romantiska, men vill du \u00f6verraska p\u00e5 Alla hj\u00e4rtans dag \u2013 g\u00f6r det med en k\u00e4rleksg\u00e5va i [&hellip;]","og_url":"https:\/\/www.interflora.se\/inspiration\/florist-lotta-wagnerlindkvist\/","og_site_name":"Inspiration om blommor, krukv\u00e4xter &amp; trender | Interflora","article_publisher":"https:\/\/www.facebook.com\/InterfloraAB","article_published_time":"2023-10-26T14:31:21+00:00","article_modified_time":"2025-03-27T06:07:24+00:00","og_image":[{"width":750,"height":1125,"url":"https:\/\/www.interflora.se\/inspiration\/wp-content\/uploads\/2025\/03\/blomsteriet_webb_9.jpg","type":"image\/jpeg"}],"author":"admin","twitter_card":"summary_large_image","twitter_misc":{"Skriven av":"admin","Ber\u00e4knad l\u00e4stid":"4 minuter"},"schema":{"@context":"https:\/\/schema.org","@graph":[{"@type":"Article","@id":"https:\/\/www.interflora.se\/inspiration\/florist-lotta-wagnerlindkvist\/#article","isPartOf":{"@id":"https:\/\/www.interflora.se\/inspiration\/florist-lotta-wagnerlindkvist\/"},"author":{"name":"admin","@id":"https:\/\/www.interflora.se\/inspiration\/#\/schema\/person\/dbbd1ad45e05409c356dc639597669f2"},"headline":"Lotta Wagner Lindkvist: &#8221;Det finns m\u00e5nga s\u00e4tt att \u00f6verraska p\u00e5 Alla hj\u00e4rtans dag&#8221;","datePublished":"2023-10-26T14:31:21+00:00","dateModified":"2025-03-27T06:07:24+00:00","mainEntityOfPage":{"@id":"https:\/\/www.interflora.se\/inspiration\/florist-lotta-wagnerlindkvist\/"},"wordCount":869,"commentCount":0,"publisher":{"@id":"https:\/\/www.interflora.se\/inspiration\/#organization"},"image":{"@id":"https:\/\/www.interflora.se\/inspiration\/florist-lotta-wagnerlindkvist\/#primaryimage"},"thumbnailUrl":"https:\/\/www.interflora.se\/inspiration\/wp-content\/uploads\/2025\/03\/blomsteriet_webb_9.jpg","articleSection":["M\u00f6t v\u00e5ra florister"],"inLanguage":"sv-SE","potentialAction":[{"@type":"CommentAction","name":"Comment","target":["https:\/\/www.interflora.se\/inspiration\/florist-lotta-wagnerlindkvist\/#respond"]}]},{"@type":"WebPage","@id":"https:\/\/www.interflora.se\/inspiration\/florist-lotta-wagnerlindkvist\/","url":"https:\/\/www.interflora.se\/inspiration\/florist-lotta-wagnerlindkvist\/","name":"Lotta Wagner Lindkvist: \"Det finns m\u00e5nga s\u00e4tt att \u00f6verraska p\u00e5 Alla hj\u00e4rtans dag\" | Interflora","isPartOf":{"@id":"https:\/\/www.interflora.se\/inspiration\/#website"},"primaryImageOfPage":{"@id":"https:\/\/www.interflora.se\/inspiration\/florist-lotta-wagnerlindkvist\/#primaryimage"},"image":{"@id":"https:\/\/www.interflora.se\/inspiration\/florist-lotta-wagnerlindkvist\/#primaryimage"},"thumbnailUrl":"https:\/\/www.interflora.se\/inspiration\/wp-content\/uploads\/2025\/03\/blomsteriet_webb_9.jpg","datePublished":"2023-10-26T14:31:21+00:00","dateModified":"2025-03-27T06:07:24+00:00","breadcrumb":{"@id":"https:\/\/www.interflora.se\/inspiration\/florist-lotta-wagnerlindkvist\/#breadcrumb"},"inLanguage":"sv-SE","potentialAction":[{"@type":"ReadAction","target":["https:\/\/www.interflora.se\/inspiration\/florist-lotta-wagnerlindkvist\/"]}]},{"@type":"ImageObject","inLanguage":"sv-SE","@id":"https:\/\/www.interflora.se\/inspiration\/florist-lotta-wagnerlindkvist\/#primaryimage","url":"https:\/\/www.interflora.se\/inspiration\/wp-content\/uploads\/2025\/03\/blomsteriet_webb_9.jpg","contentUrl":"https:\/\/www.interflora.se\/inspiration\/wp-content\/uploads\/2025\/03\/blomsteriet_webb_9.jpg","width":750,"height":1125},{"@type":"BreadcrumbList","@id":"https:\/\/www.interflora.se\/inspiration\/florist-lotta-wagnerlindkvist\/#breadcrumb","itemListElement":[{"@type":"ListItem","position":1,"name":"Home","item":"https:\/\/www.interflora.se\/inspiration\/"},{"@type":"ListItem","position":2,"name":"Lotta Wagner Lindkvist: &#8221;Det finns m\u00e5nga s\u00e4tt att \u00f6verraska p\u00e5 Alla hj\u00e4rtans dag&#8221;"}]},{"@type":"WebSite","@id":"https:\/\/www.interflora.se\/inspiration\/#website","url":"https:\/\/www.interflora.se\/inspiration\/","name":"Interflora","description":"","publisher":{"@id":"https:\/\/www.interflora.se\/inspiration\/#organization"},"potentialAction":[{"@type":"SearchAction","target":{"@type":"EntryPoint","urlTemplate":"https:\/\/www.interflora.se\/inspiration\/?s={search_term_string}"},"query-input":{"@type":"PropertyValueSpecification","valueRequired":true,"valueName":"search_term_string"}}],"inLanguage":"sv-SE"},{"@type":"Organization","@id":"https:\/\/www.interflora.se\/inspiration\/#organization","name":"Interflora","url":"https:\/\/www.interflora.se\/inspiration\/","logo":{"@type":"ImageObject","inLanguage":"sv-SE","@id":"https:\/\/www.interflora.se\/inspiration\/#\/schema\/logo\/image\/","url":"https:\/\/www.interflora.se\/inspiration\/wp-content\/uploads\/2025\/09\/cropped-220422_INTERFLORA_Logo_rgb_Half_Top_Circle_Main_Color.avif","contentUrl":"https:\/\/www.interflora.se\/inspiration\/wp-content\/uploads\/2025\/09\/cropped-220422_INTERFLORA_Logo_rgb_Half_Top_Circle_Main_Color.avif","width":1418,"height":662,"caption":"Interflora"},"image":{"@id":"https:\/\/www.interflora.se\/inspiration\/#\/schema\/logo\/image\/"},"sameAs":["https:\/\/www.facebook.com\/InterfloraAB","https:\/\/www.instagram.com\/interflora_ab\/","https:\/\/www.linkedin.com\/company\/1494362","https:\/\/www.youtube.com\/channel\/UCZgDzGWB2VRxaoWFUmXnk1w"]},{"@type":"Person","@id":"https:\/\/www.interflora.se\/inspiration\/#\/schema\/person\/dbbd1ad45e05409c356dc639597669f2","name":"admin","image":{"@type":"ImageObject","inLanguage":"sv-SE","@id":"https:\/\/www.interflora.se\/inspiration\/wp-content\/litespeed\/avatar\/1fe3cced9e67df62d0a6f995d75823a5.jpg?ver=1777362393","url":"https:\/\/www.interflora.se\/inspiration\/wp-content\/litespeed\/avatar\/1fe3cced9e67df62d0a6f995d75823a5.jpg?ver=1777362393","contentUrl":"https:\/\/www.interflora.se\/inspiration\/wp-content\/litespeed\/avatar\/1fe3cced9e67df62d0a6f995d75823a5.jpg?ver=1777362393","caption":"admin"},"sameAs":["https:\/\/www.interflora.se\/inspiration"],"url":"https:\/\/www.interflora.se\/inspiration\/author\/admin\/"}]}},"uagb_featured_image_src":{"full":["https:\/\/www.interflora.se\/inspiration\/wp-content\/uploads\/2025\/03\/blomsteriet_webb_9.jpg",750,1125,false],"thumbnail":["https:\/\/www.interflora.se\/inspiration\/wp-content\/uploads\/2025\/03\/blomsteriet_webb_9-150x150.jpg",150,150,true],"medium":["https:\/\/www.interflora.se\/inspiration\/wp-content\/uploads\/2025\/03\/blomsteriet_webb_9-200x300.jpg",200,300,true],"medium_large":["https:\/\/www.interflora.se\/inspiration\/wp-content\/uploads\/2025\/03\/blomsteriet_webb_9.jpg",750,1125,false],"large":["https:\/\/www.interflora.se\/inspiration\/wp-content\/uploads\/2025\/03\/blomsteriet_webb_9-683x1024.jpg",683,1024,true],"1536x1536":["https:\/\/www.interflora.se\/inspiration\/wp-content\/uploads\/2025\/03\/blomsteriet_webb_9.jpg",750,1125,false],"2048x2048":["https:\/\/www.interflora.se\/inspiration\/wp-content\/uploads\/2025\/03\/blomsteriet_webb_9.jpg",750,1125,false]},"uagb_author_info":{"display_name":"admin","author_link":"https:\/\/www.interflora.se\/inspiration\/author\/admin\/"},"uagb_comment_info":0,"uagb_excerpt":"R\u00f6da rosor \u00e4r alltid romantiska, men vill du \u00f6verraska p\u00e5 Alla hj\u00e4rtans dag \u2013 g\u00f6r det med en k\u00e4rleksg\u00e5va i [&hellip;]","_links":{"self":[{"href":"https:\/\/www.interflora.se\/inspiration\/wp-json\/wp\/v2\/posts\/234","targetHints":{"allow":["GET"]}}],"collection":[{"href":"https:\/\/www.interflora.se\/inspiration\/wp-json\/wp\/v2\/posts"}],"about":[{"href":"https:\/\/www.interflora.se\/inspiration\/wp-json\/wp\/v2\/types\/post"}],"author":[{"embeddable":true,"href":"https:\/\/www.interflora.se\/inspiration\/wp-json\/wp\/v2\/users\/1"}],"replies":[{"embeddable":true,"href":"https:\/\/www.interflora.se\/inspiration\/wp-json\/wp\/v2\/comments?post=234"}],"version-history":[{"count":1,"href":"https:\/\/www.interflora.se\/inspiration\/wp-json\/wp\/v2\/posts\/234\/revisions"}],"predecessor-version":[{"id":2706,"href":"https:\/\/www.interflora.se\/inspiration\/wp-json\/wp\/v2\/posts\/234\/revisions\/2706"}],"wp:featuredmedia":[{"embeddable":true,"href":"https:\/\/www.interflora.se\/inspiration\/wp-json\/wp\/v2\/media\/2705"}],"wp:attachment":[{"href":"https:\/\/www.interflora.se\/inspiration\/wp-json\/wp\/v2\/media?parent=234"}],"wp:term":[{"taxonomy":"category","embeddable":true,"href":"https:\/\/www.interflora.se\/inspiration\/wp-json\/wp\/v2\/categories?post=234"},{"taxonomy":"post_tag","embeddable":true,"href":"https:\/\/www.interflora.se\/inspiration\/wp-json\/wp\/v2\/tags?post=234"}],"curies":[{"name":"wp","href":"https:\/\/api.w.org\/{rel}","templated":true}]}}