{"id":233,"date":"2024-10-28T18:19:09","date_gmt":"2024-10-28T17:19:09","guid":{"rendered":"http:\/\/preprodblog.interflora.se\/blog\/?p=233"},"modified":"2025-03-27T14:00:34","modified_gmt":"2025-03-27T13:00:34","slug":"florist-jennie-johnsson","status":"publish","type":"post","link":"https:\/\/www.interflora.se\/inspiration\/florist-jennie-johnsson\/","title":{"rendered":"Jennie Johnsson: \u201dDet k\u00e4nns stort och \u00e4rofyllt att ha m\u00e4starbrev\u201d"},"content":{"rendered":"\n<p><strong>Prata k\u00e4nslor med floristen! Det \u00e4r d\u00e5 det blir som b\u00e4st, s\u00e4ger Jennie Johnsson p\u00e5 Interflora S\u00f6ders blommor i V\u00e4xj\u00f6. Utmaningar och fritt skapande h\u00f6r till det roligaste med jobbet.<\/strong><\/p>\n\n\n\n<p>En bit in i den stora butiken st\u00e5r en patinerad d\u00f6rr lutad mot den gr\u00e5 v\u00e4ggen. P\u00e5 d\u00f6rren h\u00e4nger en omf\u00e5ngsrik rundbunden krans av eukalyptus, eterneller, prydnadsgr\u00e4s som phalaris och lagurus, kvistrosor, rosor, b\u00e4reukalyptus, torkad ruscus och bleka ormbunksblad. Romantik, melankoli, vemod, k\u00e4rlek, tacksamhet och gl\u00e4dje \u2013 allt ryms i hantverket p\u00e5 d\u00f6rren. Blommor f\u00f6rmedlar k\u00e4nslor och floristen \u00e4r uttolkaren.<\/p>\n\n\n\n<figure class=\"wp-block-image aligncenter\"><img decoding=\"async\" src=\"https:\/\/www.interflora.se\/inspiration\/wp-content\/uploads\/2025\/03\/jennie-johnsson-2.jpg\" alt=\"\"\/><\/figure>\n\n\n\n<p><strong>Jennie Johnsson vet exakt hur man g\u00f6<\/strong>r, det har hon ett extra fint bevis p\u00e5. F\u00f6r ett \u00e5r sedan best\u00e4mde hon sig f\u00f6r ytterligare en utmaning i yrkeslivet \u2013 att skaffa m\u00e4starbrev.<\/p>\n\n\n\n<p>\u2013&nbsp; Jag \u00e4r ambiti\u00f6s, s\u00e5 jag ville satsa. Ges\u00e4llbrevet tog jag s\u00e5 fort jag fick, 2004. M\u00e4starbrevet \u00e4r ju det h\u00f6gsta beviset p\u00e5 yrkesskicklighet, s\u00e5 det k\u00e4nns stort och \u00e4rofyllt att jag har n\u00e5tt mitt m\u00e5l.&nbsp;<\/p>\n\n\n\n<p>Ett av sk\u00e4len till att vidareutbilda sig \u00e4r f\u00f6rst\u00e5s att vara attraktiv p\u00e5 arbetsmarknaden, men det finns fler viktiga anledningar tycker hon.&nbsp;<\/p>\n\n\n\n<p>\u2013 Med m\u00e4starbrevet s\u00e4tter man en kvalitetsst\u00e4mpel p\u00e5 butiken. Vi beh\u00f6ver trycka p\u00e5 den kunskap vi har.<\/p>\n\n\n\n<figure class=\"wp-block-image aligncenter\"><img decoding=\"async\" src=\"https:\/\/www.interflora.se\/inspiration\/wp-content\/uploads\/2025\/03\/jennie-johnsson-4.jpg\" alt=\"\"\/><\/figure>\n\n\n\n<p>Att ta tillvara p\u00e5 material och jobba h\u00e5llbart, tekniskt och floristiskt \u00e4r en del av vardagen. Det syns i hela butiken, som lyfter fram torkat hantverk bland allt det f\u00e4rska. En mansh\u00f6g blomsterskulptur fr\u00e5n en vernissage har tv\u00e5 \u00e5r p\u00e5 nacken, men \u00e4r lika vacker nu som d\u00e5. \u00d6ver kassadisken h\u00e4nger ett poetiskt arrangemang och i trappan st\u00e5r ett annat i en stilig urna. Det finns mycket att titta p\u00e5 och inspireras av. Det \u00e4r lite som att g\u00e5 p\u00e5 utst\u00e4llning.<\/p>\n\n\n\n<p>\u2013 Torkat material ger s\u00e5 vackra kontraster till snittblommor, det handlar om textur och variation. Allt det ville jag ha med n\u00e4r jag gjorde den stora d\u00f6rrkransen, s\u00e4ger Jennie.&nbsp;<\/p>\n\n\n\n<figure class=\"wp-block-image aligncenter\"><img decoding=\"async\" src=\"https:\/\/www.interflora.se\/inspiration\/wp-content\/uploads\/2025\/03\/jennie-johnsson-5.jpg\" alt=\"\"\/><\/figure>\n\n\n\n<p>\u2013 Jag plockade ormbunksblad ute i naturen och blandade med blommor och v\u00e4xter som torkar vackert. P\u00e5 s\u00e5 s\u00e4tt kan alltihop h\u00e5lla sig fint i minst ett \u00e5r, antagligen l\u00e4ngre \u00e4n s\u00e5.<\/p>\n\n\n\n<p>Det \u00e4r l\u00e4tt att se konstverket i kransen, hur fin den skulle vara p\u00e5 v\u00e4ggen p\u00e5 samma s\u00e4tt som en m\u00e5lad tavla. En billig investering i j\u00e4mf\u00f6relse.<\/p>\n\n\n\n<figure class=\"wp-block-image aligncenter\"><img decoding=\"async\" src=\"https:\/\/www.interflora.se\/inspiration\/wp-content\/uploads\/2025\/03\/jennie-johnsson-6.jpg\" alt=\"\"\/><\/figure>\n\n\n\n<p>Blommor som konstn\u00e4rligt uttryck inspirerar alla i butiken. Varje \u00e5r deltar S\u00f6ders blommor i V\u00e4xj\u00f6s kulturnatt som \u00e4ger rum i januari. N\u00e4r de bjuder in till vernissage ringlar k\u00f6n l\u00e5ng utanf\u00f6r den blomsterprydda entr\u00e9n. Skulpturer, huvudbonader, detaljer till det dukade bordet och v\u00e4skor till en modevisning. Allt g\u00e5r att g\u00f6ra av blommor. Den som blir nyfiken kan bes\u00f6ka V\u00e4xj\u00f6 sista l\u00f6rdagen i januari och se sj\u00e4lv.&nbsp;<\/p>\n\n\n\n<p>\u2013 Det blir alltid n\u00e5got ut\u00f6ver det vanliga, lovar Jennie.<\/p>\n\n\n\n<p class=\"has-large-font-size\"><strong>\u201dDet \u00e4r inte varje dag man blir inbjuden till Bl\u00e5 hallen\u201d<\/strong><\/p>\n\n\n\n<p><strong>Namn:<\/strong>&nbsp;Jennie Johnsson.<br><strong>\u00c5lder:<\/strong>&nbsp;36<br><strong>Jobbar:<\/strong>&nbsp;Som florist p\u00e5 Interflora S\u00f6ders blommor i V\u00e4xj\u00f6<br><strong>\u00c5r i yrket:<\/strong>&nbsp;17<br><strong>H\u00e4rligast med jobbet:<\/strong>&nbsp;Riktigt n\u00f6jda kunder!<br><strong>Stolt \u00f6ver:<\/strong>&nbsp;Mitt m\u00e4starbrev som jag fick ta emot i Bl\u00e5 hallen i Stockholm.<br><strong>G\u00e5r ig\u00e5ng p\u00e5:<\/strong>&nbsp;T\u00e4vlingar i blomsterbinderi. Man l\u00e4r sig alltid nya kreativa l\u00f6sningar! Jag gillar utmaningar och att f\u00e5 fria h\u00e4nder.<\/p>\n\n\n\n<hr class=\"wp-block-separator has-alpha-channel-opacity\"\/>\n\n\n\n<h2 class=\"wp-block-heading\">Jennies tre b\u00e4sta tips<\/h2>\n\n\n\n<p>1. Lita p\u00e5 din florists kunskaper. Om du ger fria h\u00e4nder blir resultatet ofta b\u00e4st.<\/p>\n\n\n\n<p>2. Snitta blommor med vass kniv f\u00f6r l\u00e5ng h\u00e5llbarhet.<\/p>\n\n\n\n<p>3. Satsa p\u00e5 kvalitet!<\/p>\n\n\n\n<hr class=\"wp-block-separator has-alpha-channel-opacity\"\/>\n\n\n\n<figure class=\"wp-block-image aligncenter\"><img decoding=\"async\" src=\"https:\/\/www.interflora.se\/inspiration\/wp-content\/uploads\/2025\/03\/jennie-johnsson-8.jpg\" alt=\"\"\/><\/figure>\n","protected":false},"excerpt":{"rendered":"<p>Prata k\u00e4nslor med floristen! Det \u00e4r d\u00e5 det blir som b\u00e4st, s\u00e4ger Jennie Johnsson p\u00e5 Interflora S\u00f6ders blommor i V\u00e4xj\u00f6. [&hellip;]<\/p>\n","protected":false},"author":1,"featured_media":2889,"comment_status":"open","ping_status":"open","sticky":false,"template":"","format":"standard","meta":{"_uag_custom_page_level_css":"","site-sidebar-layout":"default","site-content-layout":"","ast-site-content-layout":"default","site-content-style":"default","site-sidebar-style":"default","ast-global-header-display":"","ast-banner-title-visibility":"","ast-main-header-display":"","ast-hfb-above-header-display":"","ast-hfb-below-header-display":"","ast-hfb-mobile-header-display":"","site-post-title":"","ast-breadcrumbs-content":"","ast-featured-img":"","footer-sml-layout":"","ast-disable-related-posts":"","theme-transparent-header-meta":"","adv-header-id-meta":"","stick-header-meta":"","header-above-stick-meta":"","header-main-stick-meta":"","header-below-stick-meta":"","astra-migrate-meta-layouts":"default","ast-page-background-enabled":"default","ast-page-background-meta":{"desktop":{"background-color":"var(--ast-global-color-5)","background-image":"","background-repeat":"repeat","background-position":"center center","background-size":"auto","background-attachment":"scroll","background-type":"","background-media":"","overlay-type":"","overlay-color":"","overlay-opacity":"","overlay-gradient":""},"tablet":{"background-color":"","background-image":"","background-repeat":"repeat","background-position":"center center","background-size":"auto","background-attachment":"scroll","background-type":"","background-media":"","overlay-type":"","overlay-color":"","overlay-opacity":"","overlay-gradient":""},"mobile":{"background-color":"","background-image":"","background-repeat":"repeat","background-position":"center center","background-size":"auto","background-attachment":"scroll","background-type":"","background-media":"","overlay-type":"","overlay-color":"","overlay-opacity":"","overlay-gradient":""}},"ast-content-background-meta":{"desktop":{"background-color":"var(--ast-global-color-4)","background-image":"","background-repeat":"repeat","background-position":"center center","background-size":"auto","background-attachment":"scroll","background-type":"","background-media":"","overlay-type":"","overlay-color":"","overlay-opacity":"","overlay-gradient":""},"tablet":{"background-color":"var(--ast-global-color-4)","background-image":"","background-repeat":"repeat","background-position":"center center","background-size":"auto","background-attachment":"scroll","background-type":"","background-media":"","overlay-type":"","overlay-color":"","overlay-opacity":"","overlay-gradient":""},"mobile":{"background-color":"var(--ast-global-color-4)","background-image":"","background-repeat":"repeat","background-position":"center center","background-size":"auto","background-attachment":"scroll","background-type":"","background-media":"","overlay-type":"","overlay-color":"","overlay-opacity":"","overlay-gradient":""}},"footnotes":""},"categories":[12],"tags":[],"class_list":["post-233","post","type-post","status-publish","format-standard","has-post-thumbnail","hentry","category-mot-vara-florister"],"yoast_head":"<!-- This site is optimized with the Yoast SEO plugin v27.4 - https:\/\/yoast.com\/product\/yoast-seo-wordpress\/ -->\n<title>Jennie Johnsson: \u201dDet k\u00e4nns stort och \u00e4rofyllt att ha m\u00e4starbrev\u201d | Interflora<\/title>\n<meta name=\"robots\" content=\"index, follow, max-snippet:-1, max-image-preview:large, max-video-preview:-1\" \/>\n<link rel=\"canonical\" href=\"https:\/\/www.interflora.se\/inspiration\/florist-jennie-johnsson\/\" \/>\n<meta property=\"og:locale\" content=\"sv_SE\" \/>\n<meta property=\"og:type\" content=\"article\" \/>\n<meta property=\"og:title\" content=\"Jennie Johnsson: \u201dDet k\u00e4nns stort och \u00e4rofyllt att ha m\u00e4starbrev\u201d | Interflora\" \/>\n<meta property=\"og:description\" content=\"Prata k\u00e4nslor med floristen! Det \u00e4r d\u00e5 det blir som b\u00e4st, s\u00e4ger Jennie Johnsson p\u00e5 Interflora S\u00f6ders blommor i V\u00e4xj\u00f6. [&hellip;]\" \/>\n<meta property=\"og:url\" content=\"https:\/\/www.interflora.se\/inspiration\/florist-jennie-johnsson\/\" \/>\n<meta property=\"og:site_name\" content=\"Inspiration om blommor, krukv\u00e4xter &amp; trender | Interflora\" \/>\n<meta property=\"article:publisher\" content=\"https:\/\/www.facebook.com\/InterfloraAB\" \/>\n<meta property=\"article:published_time\" content=\"2024-10-28T17:19:09+00:00\" \/>\n<meta property=\"article:modified_time\" content=\"2025-03-27T13:00:34+00:00\" \/>\n<meta property=\"og:image\" content=\"https:\/\/www.interflora.se\/inspiration\/wp-content\/uploads\/2025\/03\/jennie-johnsson-8.jpg\" \/>\n\t<meta property=\"og:image:width\" content=\"667\" \/>\n\t<meta property=\"og:image:height\" content=\"1000\" \/>\n\t<meta property=\"og:image:type\" content=\"image\/jpeg\" \/>\n<meta name=\"author\" content=\"admin\" \/>\n<meta name=\"twitter:card\" content=\"summary_large_image\" \/>\n<meta name=\"twitter:label1\" content=\"Skriven av\" \/>\n\t<meta name=\"twitter:data1\" content=\"admin\" \/>\n\t<meta name=\"twitter:label2\" content=\"Ber\u00e4knad l\u00e4stid\" \/>\n\t<meta name=\"twitter:data2\" content=\"3 minuter\" \/>\n<script type=\"application\/ld+json\" class=\"yoast-schema-graph\">{\"@context\":\"https:\\\/\\\/schema.org\",\"@graph\":[{\"@type\":\"Article\",\"@id\":\"https:\\\/\\\/www.interflora.se\\\/inspiration\\\/florist-jennie-johnsson\\\/#article\",\"isPartOf\":{\"@id\":\"https:\\\/\\\/www.interflora.se\\\/inspiration\\\/florist-jennie-johnsson\\\/\"},\"author\":{\"name\":\"admin\",\"@id\":\"https:\\\/\\\/www.interflora.se\\\/inspiration\\\/#\\\/schema\\\/person\\\/dbbd1ad45e05409c356dc639597669f2\"},\"headline\":\"Jennie Johnsson: \u201dDet k\u00e4nns stort och \u00e4rofyllt att ha m\u00e4starbrev\u201d\",\"datePublished\":\"2024-10-28T17:19:09+00:00\",\"dateModified\":\"2025-03-27T13:00:34+00:00\",\"mainEntityOfPage\":{\"@id\":\"https:\\\/\\\/www.interflora.se\\\/inspiration\\\/florist-jennie-johnsson\\\/\"},\"wordCount\":648,\"commentCount\":0,\"publisher\":{\"@id\":\"https:\\\/\\\/www.interflora.se\\\/inspiration\\\/#organization\"},\"image\":{\"@id\":\"https:\\\/\\\/www.interflora.se\\\/inspiration\\\/florist-jennie-johnsson\\\/#primaryimage\"},\"thumbnailUrl\":\"https:\\\/\\\/www.interflora.se\\\/inspiration\\\/wp-content\\\/uploads\\\/2025\\\/03\\\/jennie-johnsson-8.jpg\",\"articleSection\":[\"M\u00f6t v\u00e5ra florister\"],\"inLanguage\":\"sv-SE\",\"potentialAction\":[{\"@type\":\"CommentAction\",\"name\":\"Comment\",\"target\":[\"https:\\\/\\\/www.interflora.se\\\/inspiration\\\/florist-jennie-johnsson\\\/#respond\"]}]},{\"@type\":\"WebPage\",\"@id\":\"https:\\\/\\\/www.interflora.se\\\/inspiration\\\/florist-jennie-johnsson\\\/\",\"url\":\"https:\\\/\\\/www.interflora.se\\\/inspiration\\\/florist-jennie-johnsson\\\/\",\"name\":\"Jennie Johnsson: \u201dDet k\u00e4nns stort och \u00e4rofyllt att ha m\u00e4starbrev\u201d | Interflora\",\"isPartOf\":{\"@id\":\"https:\\\/\\\/www.interflora.se\\\/inspiration\\\/#website\"},\"primaryImageOfPage\":{\"@id\":\"https:\\\/\\\/www.interflora.se\\\/inspiration\\\/florist-jennie-johnsson\\\/#primaryimage\"},\"image\":{\"@id\":\"https:\\\/\\\/www.interflora.se\\\/inspiration\\\/florist-jennie-johnsson\\\/#primaryimage\"},\"thumbnailUrl\":\"https:\\\/\\\/www.interflora.se\\\/inspiration\\\/wp-content\\\/uploads\\\/2025\\\/03\\\/jennie-johnsson-8.jpg\",\"datePublished\":\"2024-10-28T17:19:09+00:00\",\"dateModified\":\"2025-03-27T13:00:34+00:00\",\"breadcrumb\":{\"@id\":\"https:\\\/\\\/www.interflora.se\\\/inspiration\\\/florist-jennie-johnsson\\\/#breadcrumb\"},\"inLanguage\":\"sv-SE\",\"potentialAction\":[{\"@type\":\"ReadAction\",\"target\":[\"https:\\\/\\\/www.interflora.se\\\/inspiration\\\/florist-jennie-johnsson\\\/\"]}]},{\"@type\":\"ImageObject\",\"inLanguage\":\"sv-SE\",\"@id\":\"https:\\\/\\\/www.interflora.se\\\/inspiration\\\/florist-jennie-johnsson\\\/#primaryimage\",\"url\":\"https:\\\/\\\/www.interflora.se\\\/inspiration\\\/wp-content\\\/uploads\\\/2025\\\/03\\\/jennie-johnsson-8.jpg\",\"contentUrl\":\"https:\\\/\\\/www.interflora.se\\\/inspiration\\\/wp-content\\\/uploads\\\/2025\\\/03\\\/jennie-johnsson-8.jpg\",\"width\":667,\"height\":1000},{\"@type\":\"BreadcrumbList\",\"@id\":\"https:\\\/\\\/www.interflora.se\\\/inspiration\\\/florist-jennie-johnsson\\\/#breadcrumb\",\"itemListElement\":[{\"@type\":\"ListItem\",\"position\":1,\"name\":\"Home\",\"item\":\"https:\\\/\\\/www.interflora.se\\\/inspiration\\\/\"},{\"@type\":\"ListItem\",\"position\":2,\"name\":\"Jennie Johnsson: \u201dDet k\u00e4nns stort och \u00e4rofyllt att ha m\u00e4starbrev\u201d\"}]},{\"@type\":\"WebSite\",\"@id\":\"https:\\\/\\\/www.interflora.se\\\/inspiration\\\/#website\",\"url\":\"https:\\\/\\\/www.interflora.se\\\/inspiration\\\/\",\"name\":\"Interflora\",\"description\":\"\",\"publisher\":{\"@id\":\"https:\\\/\\\/www.interflora.se\\\/inspiration\\\/#organization\"},\"potentialAction\":[{\"@type\":\"SearchAction\",\"target\":{\"@type\":\"EntryPoint\",\"urlTemplate\":\"https:\\\/\\\/www.interflora.se\\\/inspiration\\\/?s={search_term_string}\"},\"query-input\":{\"@type\":\"PropertyValueSpecification\",\"valueRequired\":true,\"valueName\":\"search_term_string\"}}],\"inLanguage\":\"sv-SE\"},{\"@type\":\"Organization\",\"@id\":\"https:\\\/\\\/www.interflora.se\\\/inspiration\\\/#organization\",\"name\":\"Interflora\",\"url\":\"https:\\\/\\\/www.interflora.se\\\/inspiration\\\/\",\"logo\":{\"@type\":\"ImageObject\",\"inLanguage\":\"sv-SE\",\"@id\":\"https:\\\/\\\/www.interflora.se\\\/inspiration\\\/#\\\/schema\\\/logo\\\/image\\\/\",\"url\":\"https:\\\/\\\/www.interflora.se\\\/inspiration\\\/wp-content\\\/uploads\\\/2025\\\/09\\\/cropped-220422_INTERFLORA_Logo_rgb_Half_Top_Circle_Main_Color.avif\",\"contentUrl\":\"https:\\\/\\\/www.interflora.se\\\/inspiration\\\/wp-content\\\/uploads\\\/2025\\\/09\\\/cropped-220422_INTERFLORA_Logo_rgb_Half_Top_Circle_Main_Color.avif\",\"width\":1418,\"height\":662,\"caption\":\"Interflora\"},\"image\":{\"@id\":\"https:\\\/\\\/www.interflora.se\\\/inspiration\\\/#\\\/schema\\\/logo\\\/image\\\/\"},\"sameAs\":[\"https:\\\/\\\/www.facebook.com\\\/InterfloraAB\",\"https:\\\/\\\/www.instagram.com\\\/interflora_ab\\\/\",\"https:\\\/\\\/www.linkedin.com\\\/company\\\/1494362\",\"https:\\\/\\\/www.youtube.com\\\/channel\\\/UCZgDzGWB2VRxaoWFUmXnk1w\"]},{\"@type\":\"Person\",\"@id\":\"https:\\\/\\\/www.interflora.se\\\/inspiration\\\/#\\\/schema\\\/person\\\/dbbd1ad45e05409c356dc639597669f2\",\"name\":\"admin\",\"image\":{\"@type\":\"ImageObject\",\"inLanguage\":\"sv-SE\",\"@id\":\"https:\\\/\\\/www.interflora.se\\\/inspiration\\\/wp-content\\\/litespeed\\\/avatar\\\/1fe3cced9e67df62d0a6f995d75823a5.jpg?ver=1777362393\",\"url\":\"https:\\\/\\\/www.interflora.se\\\/inspiration\\\/wp-content\\\/litespeed\\\/avatar\\\/1fe3cced9e67df62d0a6f995d75823a5.jpg?ver=1777362393\",\"contentUrl\":\"https:\\\/\\\/www.interflora.se\\\/inspiration\\\/wp-content\\\/litespeed\\\/avatar\\\/1fe3cced9e67df62d0a6f995d75823a5.jpg?ver=1777362393\",\"caption\":\"admin\"},\"sameAs\":[\"https:\\\/\\\/www.interflora.se\\\/inspiration\"],\"url\":\"https:\\\/\\\/www.interflora.se\\\/inspiration\\\/author\\\/admin\\\/\"}]}<\/script>\n<!-- \/ Yoast SEO plugin. -->","yoast_head_json":{"title":"Jennie Johnsson: \u201dDet k\u00e4nns stort och \u00e4rofyllt att ha m\u00e4starbrev\u201d | Interflora","robots":{"index":"index","follow":"follow","max-snippet":"max-snippet:-1","max-image-preview":"max-image-preview:large","max-video-preview":"max-video-preview:-1"},"canonical":"https:\/\/www.interflora.se\/inspiration\/florist-jennie-johnsson\/","og_locale":"sv_SE","og_type":"article","og_title":"Jennie Johnsson: \u201dDet k\u00e4nns stort och \u00e4rofyllt att ha m\u00e4starbrev\u201d | Interflora","og_description":"Prata k\u00e4nslor med floristen! Det \u00e4r d\u00e5 det blir som b\u00e4st, s\u00e4ger Jennie Johnsson p\u00e5 Interflora S\u00f6ders blommor i V\u00e4xj\u00f6. [&hellip;]","og_url":"https:\/\/www.interflora.se\/inspiration\/florist-jennie-johnsson\/","og_site_name":"Inspiration om blommor, krukv\u00e4xter &amp; trender | Interflora","article_publisher":"https:\/\/www.facebook.com\/InterfloraAB","article_published_time":"2024-10-28T17:19:09+00:00","article_modified_time":"2025-03-27T13:00:34+00:00","og_image":[{"width":667,"height":1000,"url":"https:\/\/www.interflora.se\/inspiration\/wp-content\/uploads\/2025\/03\/jennie-johnsson-8.jpg","type":"image\/jpeg"}],"author":"admin","twitter_card":"summary_large_image","twitter_misc":{"Skriven av":"admin","Ber\u00e4knad l\u00e4stid":"3 minuter"},"schema":{"@context":"https:\/\/schema.org","@graph":[{"@type":"Article","@id":"https:\/\/www.interflora.se\/inspiration\/florist-jennie-johnsson\/#article","isPartOf":{"@id":"https:\/\/www.interflora.se\/inspiration\/florist-jennie-johnsson\/"},"author":{"name":"admin","@id":"https:\/\/www.interflora.se\/inspiration\/#\/schema\/person\/dbbd1ad45e05409c356dc639597669f2"},"headline":"Jennie Johnsson: \u201dDet k\u00e4nns stort och \u00e4rofyllt att ha m\u00e4starbrev\u201d","datePublished":"2024-10-28T17:19:09+00:00","dateModified":"2025-03-27T13:00:34+00:00","mainEntityOfPage":{"@id":"https:\/\/www.interflora.se\/inspiration\/florist-jennie-johnsson\/"},"wordCount":648,"commentCount":0,"publisher":{"@id":"https:\/\/www.interflora.se\/inspiration\/#organization"},"image":{"@id":"https:\/\/www.interflora.se\/inspiration\/florist-jennie-johnsson\/#primaryimage"},"thumbnailUrl":"https:\/\/www.interflora.se\/inspiration\/wp-content\/uploads\/2025\/03\/jennie-johnsson-8.jpg","articleSection":["M\u00f6t v\u00e5ra florister"],"inLanguage":"sv-SE","potentialAction":[{"@type":"CommentAction","name":"Comment","target":["https:\/\/www.interflora.se\/inspiration\/florist-jennie-johnsson\/#respond"]}]},{"@type":"WebPage","@id":"https:\/\/www.interflora.se\/inspiration\/florist-jennie-johnsson\/","url":"https:\/\/www.interflora.se\/inspiration\/florist-jennie-johnsson\/","name":"Jennie Johnsson: \u201dDet k\u00e4nns stort och \u00e4rofyllt att ha m\u00e4starbrev\u201d | Interflora","isPartOf":{"@id":"https:\/\/www.interflora.se\/inspiration\/#website"},"primaryImageOfPage":{"@id":"https:\/\/www.interflora.se\/inspiration\/florist-jennie-johnsson\/#primaryimage"},"image":{"@id":"https:\/\/www.interflora.se\/inspiration\/florist-jennie-johnsson\/#primaryimage"},"thumbnailUrl":"https:\/\/www.interflora.se\/inspiration\/wp-content\/uploads\/2025\/03\/jennie-johnsson-8.jpg","datePublished":"2024-10-28T17:19:09+00:00","dateModified":"2025-03-27T13:00:34+00:00","breadcrumb":{"@id":"https:\/\/www.interflora.se\/inspiration\/florist-jennie-johnsson\/#breadcrumb"},"inLanguage":"sv-SE","potentialAction":[{"@type":"ReadAction","target":["https:\/\/www.interflora.se\/inspiration\/florist-jennie-johnsson\/"]}]},{"@type":"ImageObject","inLanguage":"sv-SE","@id":"https:\/\/www.interflora.se\/inspiration\/florist-jennie-johnsson\/#primaryimage","url":"https:\/\/www.interflora.se\/inspiration\/wp-content\/uploads\/2025\/03\/jennie-johnsson-8.jpg","contentUrl":"https:\/\/www.interflora.se\/inspiration\/wp-content\/uploads\/2025\/03\/jennie-johnsson-8.jpg","width":667,"height":1000},{"@type":"BreadcrumbList","@id":"https:\/\/www.interflora.se\/inspiration\/florist-jennie-johnsson\/#breadcrumb","itemListElement":[{"@type":"ListItem","position":1,"name":"Home","item":"https:\/\/www.interflora.se\/inspiration\/"},{"@type":"ListItem","position":2,"name":"Jennie Johnsson: \u201dDet k\u00e4nns stort och \u00e4rofyllt att ha m\u00e4starbrev\u201d"}]},{"@type":"WebSite","@id":"https:\/\/www.interflora.se\/inspiration\/#website","url":"https:\/\/www.interflora.se\/inspiration\/","name":"Interflora","description":"","publisher":{"@id":"https:\/\/www.interflora.se\/inspiration\/#organization"},"potentialAction":[{"@type":"SearchAction","target":{"@type":"EntryPoint","urlTemplate":"https:\/\/www.interflora.se\/inspiration\/?s={search_term_string}"},"query-input":{"@type":"PropertyValueSpecification","valueRequired":true,"valueName":"search_term_string"}}],"inLanguage":"sv-SE"},{"@type":"Organization","@id":"https:\/\/www.interflora.se\/inspiration\/#organization","name":"Interflora","url":"https:\/\/www.interflora.se\/inspiration\/","logo":{"@type":"ImageObject","inLanguage":"sv-SE","@id":"https:\/\/www.interflora.se\/inspiration\/#\/schema\/logo\/image\/","url":"https:\/\/www.interflora.se\/inspiration\/wp-content\/uploads\/2025\/09\/cropped-220422_INTERFLORA_Logo_rgb_Half_Top_Circle_Main_Color.avif","contentUrl":"https:\/\/www.interflora.se\/inspiration\/wp-content\/uploads\/2025\/09\/cropped-220422_INTERFLORA_Logo_rgb_Half_Top_Circle_Main_Color.avif","width":1418,"height":662,"caption":"Interflora"},"image":{"@id":"https:\/\/www.interflora.se\/inspiration\/#\/schema\/logo\/image\/"},"sameAs":["https:\/\/www.facebook.com\/InterfloraAB","https:\/\/www.instagram.com\/interflora_ab\/","https:\/\/www.linkedin.com\/company\/1494362","https:\/\/www.youtube.com\/channel\/UCZgDzGWB2VRxaoWFUmXnk1w"]},{"@type":"Person","@id":"https:\/\/www.interflora.se\/inspiration\/#\/schema\/person\/dbbd1ad45e05409c356dc639597669f2","name":"admin","image":{"@type":"ImageObject","inLanguage":"sv-SE","@id":"https:\/\/www.interflora.se\/inspiration\/wp-content\/litespeed\/avatar\/1fe3cced9e67df62d0a6f995d75823a5.jpg?ver=1777362393","url":"https:\/\/www.interflora.se\/inspiration\/wp-content\/litespeed\/avatar\/1fe3cced9e67df62d0a6f995d75823a5.jpg?ver=1777362393","contentUrl":"https:\/\/www.interflora.se\/inspiration\/wp-content\/litespeed\/avatar\/1fe3cced9e67df62d0a6f995d75823a5.jpg?ver=1777362393","caption":"admin"},"sameAs":["https:\/\/www.interflora.se\/inspiration"],"url":"https:\/\/www.interflora.se\/inspiration\/author\/admin\/"}]}},"uagb_featured_image_src":{"full":["https:\/\/www.interflora.se\/inspiration\/wp-content\/uploads\/2025\/03\/jennie-johnsson-8.jpg",667,1000,false],"thumbnail":["https:\/\/www.interflora.se\/inspiration\/wp-content\/uploads\/2025\/03\/jennie-johnsson-8-150x150.jpg",150,150,true],"medium":["https:\/\/www.interflora.se\/inspiration\/wp-content\/uploads\/2025\/03\/jennie-johnsson-8-200x300.jpg",200,300,true],"medium_large":["https:\/\/www.interflora.se\/inspiration\/wp-content\/uploads\/2025\/03\/jennie-johnsson-8.jpg",667,1000,false],"large":["https:\/\/www.interflora.se\/inspiration\/wp-content\/uploads\/2025\/03\/jennie-johnsson-8.jpg",667,1000,false],"1536x1536":["https:\/\/www.interflora.se\/inspiration\/wp-content\/uploads\/2025\/03\/jennie-johnsson-8.jpg",667,1000,false],"2048x2048":["https:\/\/www.interflora.se\/inspiration\/wp-content\/uploads\/2025\/03\/jennie-johnsson-8.jpg",667,1000,false]},"uagb_author_info":{"display_name":"admin","author_link":"https:\/\/www.interflora.se\/inspiration\/author\/admin\/"},"uagb_comment_info":0,"uagb_excerpt":"Prata k\u00e4nslor med floristen! Det \u00e4r d\u00e5 det blir som b\u00e4st, s\u00e4ger Jennie Johnsson p\u00e5 Interflora S\u00f6ders blommor i V\u00e4xj\u00f6. [&hellip;]","_links":{"self":[{"href":"https:\/\/www.interflora.se\/inspiration\/wp-json\/wp\/v2\/posts\/233","targetHints":{"allow":["GET"]}}],"collection":[{"href":"https:\/\/www.interflora.se\/inspiration\/wp-json\/wp\/v2\/posts"}],"about":[{"href":"https:\/\/www.interflora.se\/inspiration\/wp-json\/wp\/v2\/types\/post"}],"author":[{"embeddable":true,"href":"https:\/\/www.interflora.se\/inspiration\/wp-json\/wp\/v2\/users\/1"}],"replies":[{"embeddable":true,"href":"https:\/\/www.interflora.se\/inspiration\/wp-json\/wp\/v2\/comments?post=233"}],"version-history":[{"count":1,"href":"https:\/\/www.interflora.se\/inspiration\/wp-json\/wp\/v2\/posts\/233\/revisions"}],"predecessor-version":[{"id":2890,"href":"https:\/\/www.interflora.se\/inspiration\/wp-json\/wp\/v2\/posts\/233\/revisions\/2890"}],"wp:featuredmedia":[{"embeddable":true,"href":"https:\/\/www.interflora.se\/inspiration\/wp-json\/wp\/v2\/media\/2889"}],"wp:attachment":[{"href":"https:\/\/www.interflora.se\/inspiration\/wp-json\/wp\/v2\/media?parent=233"}],"wp:term":[{"taxonomy":"category","embeddable":true,"href":"https:\/\/www.interflora.se\/inspiration\/wp-json\/wp\/v2\/categories?post=233"},{"taxonomy":"post_tag","embeddable":true,"href":"https:\/\/www.interflora.se\/inspiration\/wp-json\/wp\/v2\/tags?post=233"}],"curies":[{"name":"wp","href":"https:\/\/api.w.org\/{rel}","templated":true}]}}