{"id":232,"date":"2024-06-13T05:34:57","date_gmt":"2024-06-13T03:34:57","guid":{"rendered":"http:\/\/preprodblog.interflora.se\/blog\/?p=232"},"modified":"2025-03-26T10:46:45","modified_gmt":"2025-03-26T09:46:45","slug":"florist-heidi-mikkonen","status":"publish","type":"post","link":"https:\/\/www.interflora.se\/inspiration\/florist-heidi-mikkonen\/","title":{"rendered":"Heidi Mikkonen: \u201dJag \u00e4lskar att inspirera&#8221;"},"content":{"rendered":"\n<p><strong>Att skapa med s\u00e4songens blommor \u00e4r ett sj\u00e4lvklart val f\u00f6r Heidi Mikkonen. L\u00e4ngtan efter h\u00f6stens hortensior eller v\u00e5rens f\u00f6rsta tulpaner \u00e4r en h\u00e4rlig k\u00e4nsla och variationen ger id\u00e9erna n\u00e4ring.<\/strong><\/p>\n\n\n\n<p>Omv\u00e4xlingen h\u00f6r till det hon uppskattar allra mest som florist. Ingen dag \u00e4r den andra lik.&nbsp;<\/p>\n\n\n\n<p>\u2013 Att f\u00e5 anv\u00e4nda mycket material \u00e4r ju fantastiskt, som till riktigt stora kransar eller kistdekorationer. Men det \u00e4r lika fint att ta vara p\u00e5 det som eventuellt blivit \u00f6ver efter dagens arbete, svinnet. En ensam gul ros eller enstaka lejongap blir hur fina som helst i en personlig bukett. F\u00f6rr skulle man alltid ha tre eller fem av varje sort, men s\u00e5 beh\u00f6ver man inte t\u00e4nka l\u00e4ngre, s\u00e4ger Heidi.&nbsp;<\/p>\n\n\n\n<figure class=\"wp-block-image\"><img decoding=\"async\" src=\"https:\/\/www.interflora.se\/inspiration\/wp-content\/uploads\/2025\/03\/heidi-2.jpg\" alt=\"\"\/><\/figure>\n\n\n\n<h2 class=\"wp-block-heading\">K\u00e4nner av st\u00e4mningar<\/h2>\n\n\n\n<p>N\u00e4r hon skapar till sig sj\u00e4lv blir det helst naturinspirerat, blommigt och kvinnligt, men att kunna l\u00e4sa av kunden \u00e4r givetvis en f\u00f6ruts\u00e4ttning f\u00f6r att lyckas i yrket. Inspiration hittar hon ute i folklivet, i arkitekturen runtomkring, i filmer, p\u00e5 loppisar och i \u00e5rstidernas skiftningar.&nbsp;<\/p>\n\n\n\n<p>\u2013 Jag letar aktivt efter id\u00e9er, snarare \u00e4n att registrera saker undermedvetet. S\u00e5dan har jag alltid varit.<\/p>\n\n\n\n<p>F\u00f6r Heidi \u00e4r det naturligt att k\u00e4nna av st\u00e4mningar n\u00e4r hon f\u00e5r uppdrag.<\/p>\n\n\n\n<p>\u2013 Jag \u00e4r nog k\u00e4nsligare \u00e4n jag tror, f\u00f6r om jag g\u00f6r en kistdekoration s\u00e5 t\u00e4nker jag verkligen p\u00e5 d\u00f6den. Och binder jag en brudbukett s\u00e5 k\u00e4nner jag k\u00e4rleken j\u00e4ttetydligt.<\/p>\n\n\n\n<h2 class=\"wp-block-heading\">Glad \u00f6ver yrkesvalet<\/h2>\n\n\n\n<p>Hon har jobbat som florist i 22 \u00e5r och \u00e4r fortfarande lika glad \u00f6ver sitt yrkesval. Numera \u00e4r hon egenf\u00f6retagare med uppdrag inom branschen, bland annat ger hon kurser och h\u00e5ller visningar runt om i landet.<\/p>\n\n\n\n<p>\u2013 Den omedelbara responsen, \u00e5h, den gillar jag, s\u00e4ger hon med eftertryck.&nbsp;<\/p>\n\n\n\n<p>Hon f\u00e5r den av kunderna n\u00e4r hon jobbar extra hos Interflora Blomsterhandel Mats-Ola Andersson i Kristianstad. Och hon f\u00e5r den n\u00e4r hon h\u00e5ller f\u00f6redrag f\u00f6r florister p\u00e5 vidareutbildning och p\u00e5 m\u00e4ssor.&nbsp;<\/p>\n\n\n\n<p>\u2013 Att skapa med blommor g\u00e5r ju undan, det passar mig. Jag skulle inte kunna vara m\u00f6belsnickare eller sitta och sy p\u00e5 en bonad i \u00e5ratal. Jag vill se snabba resultat, s\u00e4ger hon.<\/p>\n\n\n\n<figure class=\"wp-block-image\"><img decoding=\"async\" src=\"https:\/\/www.interflora.se\/inspiration\/wp-content\/uploads\/2025\/03\/heidi-3.jpg\" alt=\"\"\/><\/figure>\n\n\n\n<h2 class=\"wp-block-heading\">T\u00e4nker p\u00e5 h\u00e5llbarhet<\/h2>\n\n\n\n<p>Heidi Mikkonen jobbar s\u00e5 h\u00e5llbart som m\u00f6jligt och v\u00e4ver ofta in milj\u00f6aspekten i sina uppdrag. Det kan handla om att g\u00f6ra arrangemang i n\u00e4t av korslagda tr\u00e4pinnar som hon lagt i botten p\u00e5 en vas i st\u00e4llet f\u00f6r att anv\u00e4nda syntetisk stickmassa, eller att jobba med s\u00e4songens blommor.<\/p>\n\n\n\n<p>\u2013 Man m\u00e5ste f\u00e5 l\u00e4ngta efter tulpaner och pioner, annars blir det slentrian. M\u00e5nga i branschen ser mig som en milj\u00f6ambassad\u00f6r och det \u00e4r jag j\u00e4ttestolt \u00f6ver!<\/p>\n\n\n\n<h2 class=\"wp-block-heading\">\u201dJag anv\u00e4nder ofta \u00e5terbruk\u201d<\/h2>\n\n\n\n<p><strong>Namn<\/strong>: Heidi Mikkonen<br><strong>\u00c5lder:<\/strong>&nbsp;41<br><strong>G\u00f6r:<\/strong>&nbsp;Frilansande florist med basen i Kristianstad.<br><strong>\u00c5r i yrket:<\/strong>&nbsp;22<br><strong>Tycker om:<\/strong>&nbsp;Variation och snabba puckar.<br><strong>Styrka:<\/strong>&nbsp;K\u00e4nsla f\u00f6r materialet och f\u00e4rgerna.<br><strong>Brinner f\u00f6r:<\/strong>&nbsp;H\u00e5llbarhet och inspiration.<br><\/p>\n\n\n\n<h2 class=\"wp-block-heading\">Heidis tre b\u00e4sta tips<\/h2>\n\n\n\n<ol class=\"wp-block-list\">\n<li>Hitta en kunnig florist som f\u00f6rst\u00e5r din stil och som du kan bli stammis hos, precis som du blir hos en fris\u00f6r som k\u00e4nner ditt h\u00e5r.<\/li>\n\n\n\n<li>V\u00e4lj god kvalitet! K\u00f6p hellre en stor och dyr blomma \u00e4n tio billiga.<\/li>\n\n\n\n<li>Utg\u00e5 fr\u00e5n s\u00e4songen. Fr\u00e5ga inte efter tulpaner p\u00e5 h\u00f6sten!<\/li>\n<\/ol>\n\n\n\n<figure class=\"wp-block-image\"><img decoding=\"async\" src=\"https:\/\/www.interflora.se\/inspiration\/wp-content\/uploads\/2025\/03\/heidi-4.jpg\" alt=\"\"\/><\/figure>\n","protected":false},"excerpt":{"rendered":"<p>Att skapa med s\u00e4songens blommor \u00e4r ett sj\u00e4lvklart val f\u00f6r Heidi Mikkonen. L\u00e4ngtan efter h\u00f6stens hortensior eller v\u00e5rens f\u00f6rsta tulpaner [&hellip;]<\/p>\n","protected":false},"author":1,"featured_media":1671,"comment_status":"open","ping_status":"open","sticky":false,"template":"","format":"standard","meta":{"_uag_custom_page_level_css":"","site-sidebar-layout":"default","site-content-layout":"","ast-site-content-layout":"default","site-content-style":"default","site-sidebar-style":"default","ast-global-header-display":"","ast-banner-title-visibility":"","ast-main-header-display":"","ast-hfb-above-header-display":"","ast-hfb-below-header-display":"","ast-hfb-mobile-header-display":"","site-post-title":"","ast-breadcrumbs-content":"","ast-featured-img":"","footer-sml-layout":"","ast-disable-related-posts":"","theme-transparent-header-meta":"","adv-header-id-meta":"","stick-header-meta":"","header-above-stick-meta":"","header-main-stick-meta":"","header-below-stick-meta":"","astra-migrate-meta-layouts":"default","ast-page-background-enabled":"default","ast-page-background-meta":{"desktop":{"background-color":"var(--ast-global-color-5)","background-image":"","background-repeat":"repeat","background-position":"center center","background-size":"auto","background-attachment":"scroll","background-type":"","background-media":"","overlay-type":"","overlay-color":"","overlay-opacity":"","overlay-gradient":""},"tablet":{"background-color":"","background-image":"","background-repeat":"repeat","background-position":"center center","background-size":"auto","background-attachment":"scroll","background-type":"","background-media":"","overlay-type":"","overlay-color":"","overlay-opacity":"","overlay-gradient":""},"mobile":{"background-color":"","background-image":"","background-repeat":"repeat","background-position":"center center","background-size":"auto","background-attachment":"scroll","background-type":"","background-media":"","overlay-type":"","overlay-color":"","overlay-opacity":"","overlay-gradient":""}},"ast-content-background-meta":{"desktop":{"background-color":"var(--ast-global-color-4)","background-image":"","background-repeat":"repeat","background-position":"center center","background-size":"auto","background-attachment":"scroll","background-type":"","background-media":"","overlay-type":"","overlay-color":"","overlay-opacity":"","overlay-gradient":""},"tablet":{"background-color":"var(--ast-global-color-4)","background-image":"","background-repeat":"repeat","background-position":"center center","background-size":"auto","background-attachment":"scroll","background-type":"","background-media":"","overlay-type":"","overlay-color":"","overlay-opacity":"","overlay-gradient":""},"mobile":{"background-color":"var(--ast-global-color-4)","background-image":"","background-repeat":"repeat","background-position":"center center","background-size":"auto","background-attachment":"scroll","background-type":"","background-media":"","overlay-type":"","overlay-color":"","overlay-opacity":"","overlay-gradient":""}},"footnotes":""},"categories":[12],"tags":[],"class_list":["post-232","post","type-post","status-publish","format-standard","has-post-thumbnail","hentry","category-mot-vara-florister"],"yoast_head":"<!-- This site is optimized with the Yoast SEO plugin v27.4 - https:\/\/yoast.com\/product\/yoast-seo-wordpress\/ -->\n<title>Heidi Mikkonen: \u201dJag \u00e4lskar att inspirera&quot; | Interflora<\/title>\n<meta name=\"robots\" content=\"index, follow, max-snippet:-1, max-image-preview:large, max-video-preview:-1\" \/>\n<link rel=\"canonical\" href=\"https:\/\/www.interflora.se\/inspiration\/florist-heidi-mikkonen\/\" \/>\n<meta property=\"og:locale\" content=\"sv_SE\" \/>\n<meta property=\"og:type\" content=\"article\" \/>\n<meta property=\"og:title\" content=\"Heidi Mikkonen: \u201dJag \u00e4lskar att inspirera&quot; | Interflora\" \/>\n<meta property=\"og:description\" content=\"Att skapa med s\u00e4songens blommor \u00e4r ett sj\u00e4lvklart val f\u00f6r Heidi Mikkonen. L\u00e4ngtan efter h\u00f6stens hortensior eller v\u00e5rens f\u00f6rsta tulpaner [&hellip;]\" \/>\n<meta property=\"og:url\" content=\"https:\/\/www.interflora.se\/inspiration\/florist-heidi-mikkonen\/\" \/>\n<meta property=\"og:site_name\" content=\"Inspiration om blommor, krukv\u00e4xter &amp; trender | Interflora\" \/>\n<meta property=\"article:publisher\" content=\"https:\/\/www.facebook.com\/InterfloraAB\" \/>\n<meta property=\"article:published_time\" content=\"2024-06-13T03:34:57+00:00\" \/>\n<meta property=\"article:modified_time\" content=\"2025-03-26T09:46:45+00:00\" \/>\n<meta property=\"og:image\" content=\"https:\/\/www.interflora.se\/inspiration\/wp-content\/uploads\/2025\/03\/heidi-3.jpg\" \/>\n\t<meta property=\"og:image:width\" content=\"750\" \/>\n\t<meta property=\"og:image:height\" content=\"938\" \/>\n\t<meta property=\"og:image:type\" content=\"image\/jpeg\" \/>\n<meta name=\"author\" content=\"admin\" \/>\n<meta name=\"twitter:card\" content=\"summary_large_image\" \/>\n<meta name=\"twitter:label1\" content=\"Skriven av\" \/>\n\t<meta name=\"twitter:data1\" content=\"admin\" \/>\n\t<meta name=\"twitter:label2\" content=\"Ber\u00e4knad l\u00e4stid\" \/>\n\t<meta name=\"twitter:data2\" content=\"3 minuter\" \/>\n<script type=\"application\/ld+json\" class=\"yoast-schema-graph\">{\"@context\":\"https:\\\/\\\/schema.org\",\"@graph\":[{\"@type\":\"Article\",\"@id\":\"https:\\\/\\\/www.interflora.se\\\/inspiration\\\/florist-heidi-mikkonen\\\/#article\",\"isPartOf\":{\"@id\":\"https:\\\/\\\/www.interflora.se\\\/inspiration\\\/florist-heidi-mikkonen\\\/\"},\"author\":{\"name\":\"admin\",\"@id\":\"https:\\\/\\\/www.interflora.se\\\/inspiration\\\/#\\\/schema\\\/person\\\/dbbd1ad45e05409c356dc639597669f2\"},\"headline\":\"Heidi Mikkonen: \u201dJag \u00e4lskar att inspirera&#8221;\",\"datePublished\":\"2024-06-13T03:34:57+00:00\",\"dateModified\":\"2025-03-26T09:46:45+00:00\",\"mainEntityOfPage\":{\"@id\":\"https:\\\/\\\/www.interflora.se\\\/inspiration\\\/florist-heidi-mikkonen\\\/\"},\"wordCount\":607,\"commentCount\":0,\"publisher\":{\"@id\":\"https:\\\/\\\/www.interflora.se\\\/inspiration\\\/#organization\"},\"image\":{\"@id\":\"https:\\\/\\\/www.interflora.se\\\/inspiration\\\/florist-heidi-mikkonen\\\/#primaryimage\"},\"thumbnailUrl\":\"https:\\\/\\\/www.interflora.se\\\/inspiration\\\/wp-content\\\/uploads\\\/2025\\\/03\\\/heidi-3.jpg\",\"articleSection\":[\"M\u00f6t v\u00e5ra florister\"],\"inLanguage\":\"sv-SE\",\"potentialAction\":[{\"@type\":\"CommentAction\",\"name\":\"Comment\",\"target\":[\"https:\\\/\\\/www.interflora.se\\\/inspiration\\\/florist-heidi-mikkonen\\\/#respond\"]}]},{\"@type\":\"WebPage\",\"@id\":\"https:\\\/\\\/www.interflora.se\\\/inspiration\\\/florist-heidi-mikkonen\\\/\",\"url\":\"https:\\\/\\\/www.interflora.se\\\/inspiration\\\/florist-heidi-mikkonen\\\/\",\"name\":\"Heidi Mikkonen: \u201dJag \u00e4lskar att inspirera\\\" | Interflora\",\"isPartOf\":{\"@id\":\"https:\\\/\\\/www.interflora.se\\\/inspiration\\\/#website\"},\"primaryImageOfPage\":{\"@id\":\"https:\\\/\\\/www.interflora.se\\\/inspiration\\\/florist-heidi-mikkonen\\\/#primaryimage\"},\"image\":{\"@id\":\"https:\\\/\\\/www.interflora.se\\\/inspiration\\\/florist-heidi-mikkonen\\\/#primaryimage\"},\"thumbnailUrl\":\"https:\\\/\\\/www.interflora.se\\\/inspiration\\\/wp-content\\\/uploads\\\/2025\\\/03\\\/heidi-3.jpg\",\"datePublished\":\"2024-06-13T03:34:57+00:00\",\"dateModified\":\"2025-03-26T09:46:45+00:00\",\"breadcrumb\":{\"@id\":\"https:\\\/\\\/www.interflora.se\\\/inspiration\\\/florist-heidi-mikkonen\\\/#breadcrumb\"},\"inLanguage\":\"sv-SE\",\"potentialAction\":[{\"@type\":\"ReadAction\",\"target\":[\"https:\\\/\\\/www.interflora.se\\\/inspiration\\\/florist-heidi-mikkonen\\\/\"]}]},{\"@type\":\"ImageObject\",\"inLanguage\":\"sv-SE\",\"@id\":\"https:\\\/\\\/www.interflora.se\\\/inspiration\\\/florist-heidi-mikkonen\\\/#primaryimage\",\"url\":\"https:\\\/\\\/www.interflora.se\\\/inspiration\\\/wp-content\\\/uploads\\\/2025\\\/03\\\/heidi-3.jpg\",\"contentUrl\":\"https:\\\/\\\/www.interflora.se\\\/inspiration\\\/wp-content\\\/uploads\\\/2025\\\/03\\\/heidi-3.jpg\",\"width\":750,\"height\":938},{\"@type\":\"BreadcrumbList\",\"@id\":\"https:\\\/\\\/www.interflora.se\\\/inspiration\\\/florist-heidi-mikkonen\\\/#breadcrumb\",\"itemListElement\":[{\"@type\":\"ListItem\",\"position\":1,\"name\":\"Home\",\"item\":\"https:\\\/\\\/www.interflora.se\\\/inspiration\\\/\"},{\"@type\":\"ListItem\",\"position\":2,\"name\":\"Heidi Mikkonen: \u201dJag \u00e4lskar att inspirera&#8221;\"}]},{\"@type\":\"WebSite\",\"@id\":\"https:\\\/\\\/www.interflora.se\\\/inspiration\\\/#website\",\"url\":\"https:\\\/\\\/www.interflora.se\\\/inspiration\\\/\",\"name\":\"Interflora\",\"description\":\"\",\"publisher\":{\"@id\":\"https:\\\/\\\/www.interflora.se\\\/inspiration\\\/#organization\"},\"potentialAction\":[{\"@type\":\"SearchAction\",\"target\":{\"@type\":\"EntryPoint\",\"urlTemplate\":\"https:\\\/\\\/www.interflora.se\\\/inspiration\\\/?s={search_term_string}\"},\"query-input\":{\"@type\":\"PropertyValueSpecification\",\"valueRequired\":true,\"valueName\":\"search_term_string\"}}],\"inLanguage\":\"sv-SE\"},{\"@type\":\"Organization\",\"@id\":\"https:\\\/\\\/www.interflora.se\\\/inspiration\\\/#organization\",\"name\":\"Interflora\",\"url\":\"https:\\\/\\\/www.interflora.se\\\/inspiration\\\/\",\"logo\":{\"@type\":\"ImageObject\",\"inLanguage\":\"sv-SE\",\"@id\":\"https:\\\/\\\/www.interflora.se\\\/inspiration\\\/#\\\/schema\\\/logo\\\/image\\\/\",\"url\":\"https:\\\/\\\/www.interflora.se\\\/inspiration\\\/wp-content\\\/uploads\\\/2025\\\/09\\\/cropped-220422_INTERFLORA_Logo_rgb_Half_Top_Circle_Main_Color.avif\",\"contentUrl\":\"https:\\\/\\\/www.interflora.se\\\/inspiration\\\/wp-content\\\/uploads\\\/2025\\\/09\\\/cropped-220422_INTERFLORA_Logo_rgb_Half_Top_Circle_Main_Color.avif\",\"width\":1418,\"height\":662,\"caption\":\"Interflora\"},\"image\":{\"@id\":\"https:\\\/\\\/www.interflora.se\\\/inspiration\\\/#\\\/schema\\\/logo\\\/image\\\/\"},\"sameAs\":[\"https:\\\/\\\/www.facebook.com\\\/InterfloraAB\",\"https:\\\/\\\/www.instagram.com\\\/interflora_ab\\\/\",\"https:\\\/\\\/www.linkedin.com\\\/company\\\/1494362\",\"https:\\\/\\\/www.youtube.com\\\/channel\\\/UCZgDzGWB2VRxaoWFUmXnk1w\"]},{\"@type\":\"Person\",\"@id\":\"https:\\\/\\\/www.interflora.se\\\/inspiration\\\/#\\\/schema\\\/person\\\/dbbd1ad45e05409c356dc639597669f2\",\"name\":\"admin\",\"image\":{\"@type\":\"ImageObject\",\"inLanguage\":\"sv-SE\",\"@id\":\"https:\\\/\\\/www.interflora.se\\\/inspiration\\\/wp-content\\\/litespeed\\\/avatar\\\/1fe3cced9e67df62d0a6f995d75823a5.jpg?ver=1777362393\",\"url\":\"https:\\\/\\\/www.interflora.se\\\/inspiration\\\/wp-content\\\/litespeed\\\/avatar\\\/1fe3cced9e67df62d0a6f995d75823a5.jpg?ver=1777362393\",\"contentUrl\":\"https:\\\/\\\/www.interflora.se\\\/inspiration\\\/wp-content\\\/litespeed\\\/avatar\\\/1fe3cced9e67df62d0a6f995d75823a5.jpg?ver=1777362393\",\"caption\":\"admin\"},\"sameAs\":[\"https:\\\/\\\/www.interflora.se\\\/inspiration\"],\"url\":\"https:\\\/\\\/www.interflora.se\\\/inspiration\\\/author\\\/admin\\\/\"}]}<\/script>\n<!-- \/ Yoast SEO plugin. -->","yoast_head_json":{"title":"Heidi Mikkonen: \u201dJag \u00e4lskar att inspirera\" | Interflora","robots":{"index":"index","follow":"follow","max-snippet":"max-snippet:-1","max-image-preview":"max-image-preview:large","max-video-preview":"max-video-preview:-1"},"canonical":"https:\/\/www.interflora.se\/inspiration\/florist-heidi-mikkonen\/","og_locale":"sv_SE","og_type":"article","og_title":"Heidi Mikkonen: \u201dJag \u00e4lskar att inspirera\" | Interflora","og_description":"Att skapa med s\u00e4songens blommor \u00e4r ett sj\u00e4lvklart val f\u00f6r Heidi Mikkonen. L\u00e4ngtan efter h\u00f6stens hortensior eller v\u00e5rens f\u00f6rsta tulpaner [&hellip;]","og_url":"https:\/\/www.interflora.se\/inspiration\/florist-heidi-mikkonen\/","og_site_name":"Inspiration om blommor, krukv\u00e4xter &amp; trender | Interflora","article_publisher":"https:\/\/www.facebook.com\/InterfloraAB","article_published_time":"2024-06-13T03:34:57+00:00","article_modified_time":"2025-03-26T09:46:45+00:00","og_image":[{"width":750,"height":938,"url":"https:\/\/www.interflora.se\/inspiration\/wp-content\/uploads\/2025\/03\/heidi-3.jpg","type":"image\/jpeg"}],"author":"admin","twitter_card":"summary_large_image","twitter_misc":{"Skriven av":"admin","Ber\u00e4knad l\u00e4stid":"3 minuter"},"schema":{"@context":"https:\/\/schema.org","@graph":[{"@type":"Article","@id":"https:\/\/www.interflora.se\/inspiration\/florist-heidi-mikkonen\/#article","isPartOf":{"@id":"https:\/\/www.interflora.se\/inspiration\/florist-heidi-mikkonen\/"},"author":{"name":"admin","@id":"https:\/\/www.interflora.se\/inspiration\/#\/schema\/person\/dbbd1ad45e05409c356dc639597669f2"},"headline":"Heidi Mikkonen: \u201dJag \u00e4lskar att inspirera&#8221;","datePublished":"2024-06-13T03:34:57+00:00","dateModified":"2025-03-26T09:46:45+00:00","mainEntityOfPage":{"@id":"https:\/\/www.interflora.se\/inspiration\/florist-heidi-mikkonen\/"},"wordCount":607,"commentCount":0,"publisher":{"@id":"https:\/\/www.interflora.se\/inspiration\/#organization"},"image":{"@id":"https:\/\/www.interflora.se\/inspiration\/florist-heidi-mikkonen\/#primaryimage"},"thumbnailUrl":"https:\/\/www.interflora.se\/inspiration\/wp-content\/uploads\/2025\/03\/heidi-3.jpg","articleSection":["M\u00f6t v\u00e5ra florister"],"inLanguage":"sv-SE","potentialAction":[{"@type":"CommentAction","name":"Comment","target":["https:\/\/www.interflora.se\/inspiration\/florist-heidi-mikkonen\/#respond"]}]},{"@type":"WebPage","@id":"https:\/\/www.interflora.se\/inspiration\/florist-heidi-mikkonen\/","url":"https:\/\/www.interflora.se\/inspiration\/florist-heidi-mikkonen\/","name":"Heidi Mikkonen: \u201dJag \u00e4lskar att inspirera\" | Interflora","isPartOf":{"@id":"https:\/\/www.interflora.se\/inspiration\/#website"},"primaryImageOfPage":{"@id":"https:\/\/www.interflora.se\/inspiration\/florist-heidi-mikkonen\/#primaryimage"},"image":{"@id":"https:\/\/www.interflora.se\/inspiration\/florist-heidi-mikkonen\/#primaryimage"},"thumbnailUrl":"https:\/\/www.interflora.se\/inspiration\/wp-content\/uploads\/2025\/03\/heidi-3.jpg","datePublished":"2024-06-13T03:34:57+00:00","dateModified":"2025-03-26T09:46:45+00:00","breadcrumb":{"@id":"https:\/\/www.interflora.se\/inspiration\/florist-heidi-mikkonen\/#breadcrumb"},"inLanguage":"sv-SE","potentialAction":[{"@type":"ReadAction","target":["https:\/\/www.interflora.se\/inspiration\/florist-heidi-mikkonen\/"]}]},{"@type":"ImageObject","inLanguage":"sv-SE","@id":"https:\/\/www.interflora.se\/inspiration\/florist-heidi-mikkonen\/#primaryimage","url":"https:\/\/www.interflora.se\/inspiration\/wp-content\/uploads\/2025\/03\/heidi-3.jpg","contentUrl":"https:\/\/www.interflora.se\/inspiration\/wp-content\/uploads\/2025\/03\/heidi-3.jpg","width":750,"height":938},{"@type":"BreadcrumbList","@id":"https:\/\/www.interflora.se\/inspiration\/florist-heidi-mikkonen\/#breadcrumb","itemListElement":[{"@type":"ListItem","position":1,"name":"Home","item":"https:\/\/www.interflora.se\/inspiration\/"},{"@type":"ListItem","position":2,"name":"Heidi Mikkonen: \u201dJag \u00e4lskar att inspirera&#8221;"}]},{"@type":"WebSite","@id":"https:\/\/www.interflora.se\/inspiration\/#website","url":"https:\/\/www.interflora.se\/inspiration\/","name":"Interflora","description":"","publisher":{"@id":"https:\/\/www.interflora.se\/inspiration\/#organization"},"potentialAction":[{"@type":"SearchAction","target":{"@type":"EntryPoint","urlTemplate":"https:\/\/www.interflora.se\/inspiration\/?s={search_term_string}"},"query-input":{"@type":"PropertyValueSpecification","valueRequired":true,"valueName":"search_term_string"}}],"inLanguage":"sv-SE"},{"@type":"Organization","@id":"https:\/\/www.interflora.se\/inspiration\/#organization","name":"Interflora","url":"https:\/\/www.interflora.se\/inspiration\/","logo":{"@type":"ImageObject","inLanguage":"sv-SE","@id":"https:\/\/www.interflora.se\/inspiration\/#\/schema\/logo\/image\/","url":"https:\/\/www.interflora.se\/inspiration\/wp-content\/uploads\/2025\/09\/cropped-220422_INTERFLORA_Logo_rgb_Half_Top_Circle_Main_Color.avif","contentUrl":"https:\/\/www.interflora.se\/inspiration\/wp-content\/uploads\/2025\/09\/cropped-220422_INTERFLORA_Logo_rgb_Half_Top_Circle_Main_Color.avif","width":1418,"height":662,"caption":"Interflora"},"image":{"@id":"https:\/\/www.interflora.se\/inspiration\/#\/schema\/logo\/image\/"},"sameAs":["https:\/\/www.facebook.com\/InterfloraAB","https:\/\/www.instagram.com\/interflora_ab\/","https:\/\/www.linkedin.com\/company\/1494362","https:\/\/www.youtube.com\/channel\/UCZgDzGWB2VRxaoWFUmXnk1w"]},{"@type":"Person","@id":"https:\/\/www.interflora.se\/inspiration\/#\/schema\/person\/dbbd1ad45e05409c356dc639597669f2","name":"admin","image":{"@type":"ImageObject","inLanguage":"sv-SE","@id":"https:\/\/www.interflora.se\/inspiration\/wp-content\/litespeed\/avatar\/1fe3cced9e67df62d0a6f995d75823a5.jpg?ver=1777362393","url":"https:\/\/www.interflora.se\/inspiration\/wp-content\/litespeed\/avatar\/1fe3cced9e67df62d0a6f995d75823a5.jpg?ver=1777362393","contentUrl":"https:\/\/www.interflora.se\/inspiration\/wp-content\/litespeed\/avatar\/1fe3cced9e67df62d0a6f995d75823a5.jpg?ver=1777362393","caption":"admin"},"sameAs":["https:\/\/www.interflora.se\/inspiration"],"url":"https:\/\/www.interflora.se\/inspiration\/author\/admin\/"}]}},"uagb_featured_image_src":{"full":["https:\/\/www.interflora.se\/inspiration\/wp-content\/uploads\/2025\/03\/heidi-3.jpg",750,938,false],"thumbnail":["https:\/\/www.interflora.se\/inspiration\/wp-content\/uploads\/2025\/03\/heidi-3-150x150.jpg",150,150,true],"medium":["https:\/\/www.interflora.se\/inspiration\/wp-content\/uploads\/2025\/03\/heidi-3-240x300.jpg",240,300,true],"medium_large":["https:\/\/www.interflora.se\/inspiration\/wp-content\/uploads\/2025\/03\/heidi-3.jpg",750,938,false],"large":["https:\/\/www.interflora.se\/inspiration\/wp-content\/uploads\/2025\/03\/heidi-3.jpg",750,938,false],"1536x1536":["https:\/\/www.interflora.se\/inspiration\/wp-content\/uploads\/2025\/03\/heidi-3.jpg",750,938,false],"2048x2048":["https:\/\/www.interflora.se\/inspiration\/wp-content\/uploads\/2025\/03\/heidi-3.jpg",750,938,false]},"uagb_author_info":{"display_name":"admin","author_link":"https:\/\/www.interflora.se\/inspiration\/author\/admin\/"},"uagb_comment_info":0,"uagb_excerpt":"Att skapa med s\u00e4songens blommor \u00e4r ett sj\u00e4lvklart val f\u00f6r Heidi Mikkonen. L\u00e4ngtan efter h\u00f6stens hortensior eller v\u00e5rens f\u00f6rsta tulpaner [&hellip;]","_links":{"self":[{"href":"https:\/\/www.interflora.se\/inspiration\/wp-json\/wp\/v2\/posts\/232","targetHints":{"allow":["GET"]}}],"collection":[{"href":"https:\/\/www.interflora.se\/inspiration\/wp-json\/wp\/v2\/posts"}],"about":[{"href":"https:\/\/www.interflora.se\/inspiration\/wp-json\/wp\/v2\/types\/post"}],"author":[{"embeddable":true,"href":"https:\/\/www.interflora.se\/inspiration\/wp-json\/wp\/v2\/users\/1"}],"replies":[{"embeddable":true,"href":"https:\/\/www.interflora.se\/inspiration\/wp-json\/wp\/v2\/comments?post=232"}],"version-history":[{"count":1,"href":"https:\/\/www.interflora.se\/inspiration\/wp-json\/wp\/v2\/posts\/232\/revisions"}],"predecessor-version":[{"id":1673,"href":"https:\/\/www.interflora.se\/inspiration\/wp-json\/wp\/v2\/posts\/232\/revisions\/1673"}],"wp:featuredmedia":[{"embeddable":true,"href":"https:\/\/www.interflora.se\/inspiration\/wp-json\/wp\/v2\/media\/1671"}],"wp:attachment":[{"href":"https:\/\/www.interflora.se\/inspiration\/wp-json\/wp\/v2\/media?parent=232"}],"wp:term":[{"taxonomy":"category","embeddable":true,"href":"https:\/\/www.interflora.se\/inspiration\/wp-json\/wp\/v2\/categories?post=232"},{"taxonomy":"post_tag","embeddable":true,"href":"https:\/\/www.interflora.se\/inspiration\/wp-json\/wp\/v2\/tags?post=232"}],"curies":[{"name":"wp","href":"https:\/\/api.w.org\/{rel}","templated":true}]}}