{"id":225,"date":"2024-12-01T13:01:00","date_gmt":"2024-12-01T12:01:00","guid":{"rendered":"http:\/\/preprodblog.interflora.se\/blog\/?p=225"},"modified":"2025-11-14T16:11:49","modified_gmt":"2025-11-14T15:11:49","slug":"fint-festligt-till-nyar","status":"publish","type":"post","link":"https:\/\/www.interflora.se\/inspiration\/fint-festligt-till-nyar\/","title":{"rendered":"Fint &#038; festligt till ny\u00e5r"},"content":{"rendered":"\n<p>Det gamla \u00e5ret tackar f\u00f6r sig och det \u00e4r dags att blicka fram\u00e5t. Bjud in familj och v\u00e4nner eller sk\u00e4m bort dig sj\u00e4lv till ny\u00e5r \u2013 duka vackert med blommor, pyssel och goda tilltugg.<\/p>\n\n\n\n<p>Om julen \u00e4r full av traditioner kan ny\u00e5r bjuda p\u00e5 raka motsatsen. Nu finns det utrymme f\u00f6r p\u00e5hittiga recept, l\u00e4ttsamt mingel och storslagna ny\u00e5rsl\u00f6ften.&nbsp;Lys upp kv\u00e4llen med massor av ljus! Den gener\u00f6sa blomsterkransen p\u00e5 k\u00f6ksb\u00e4nken h\u00e4r intill \u00e4r ett vackert floristiskt hantverk, fyllt av&nbsp;<a href=\"https:\/\/www.interflora.se\/home\/snittblommor\/Skapa-sjalv\/\">s\u00e4songens krispiga blommor,<\/a>&nbsp;f\u00f6nsterlav och barrv\u00e4xter.&nbsp;<a href=\"https:\/\/www.interflora.se\/hitta-butik\/\">Kontakta din lokala florist<\/a>&nbsp;om du \u00f6nskar en liknande bordskrans inf\u00f6r ny\u00e5r.<\/p>\n\n\n\n<figure class=\"wp-block-image aligncenter\"><img decoding=\"async\" src=\"https:\/\/www.interflora.se\/inspiration\/wp-content\/uploads\/2025\/03\/newyear_2023.jpg\" alt=\"NewYear_2023.jpg\"\/><\/figure>\n\n\n\n<p>Om du gillar att pyssla finns det ett enkelt&nbsp;alternativ till kransen.<\/p>\n\n\n\n<p>\u2013 Samla p\u00e5 dig sm\u00e5 glasburkar som du tar bort etiketten p\u00e5, till exempel barnmats- eller syltburkar, och st\u00e4ll dem i en cirkel p\u00e5 det dukade bordet. Fyll dem med vatten och kort snittade blommor. I mitten kan du st\u00e4lla m\u00e4ssingsljusstakar med h\u00f6ga stearinljus, tipsar Interfloras florist Heidi Mikkonen.<\/p>\n\n\n\n<p>H\u00e5ll ihop f\u00e4rgskalan med till exempel&nbsp;<a href=\"https:\/\/www.interflora.se\/home\/snittblommor\/Skapa-sjalv\/nejlika-aprikos-home\/\">cremef\u00e4rgad nejlika<\/a>&nbsp;och&nbsp;<a href=\"https:\/\/www.interflora.se\/home\/snittblommor\/Skapa-sjalv\/amaryllis-vit-home\/\">vit snittamaryllis,<\/a>&nbsp;l\u00e4gg till skimmia, limonium och korall\u00adranka. Gr\u00f6na&nbsp;<a href=\"https:\/\/www.interflora.se\/home\/snittblommor\/Skapa-sjalv\/eukalyptus-3fb91a10\/\">kvistar<\/a>&nbsp;h\u00f6r ocks\u00e5 till.&nbsp;Vinterkrispigt och vackert, som januarinatten.&nbsp;<\/p>\n\n\n\n<p>Det finns ocks\u00e5&nbsp;<a href=\"https:\/\/www.interflora.se\/home\/snittblommor\/dekorationskransar\/\">st\u00e4mningsfulla kransar&nbsp;<\/a>att k\u00f6pa f\u00e4rdiga. Du kan h\u00e4nga dem p\u00e5 d\u00f6rren, i f\u00f6nstret eller l\u00e4gga dem p\u00e5 bordet. St\u00e4ll ljus inuti! Och kom ih\u00e5g att aldrig l\u00e4mna t\u00e4nda ljus obevakade.<\/p>\n\n\n\n<h2 class=\"wp-block-heading\">Pizzasnittar med p\u00e4ron &amp; ost<\/h2>\n\n\n\n<h3 class=\"wp-block-heading\">Du beh\u00f6ver<\/h3>\n\n\n\n<p>Pizzadeg (f\u00e4rdig p\u00e5 rulle \u00e4r enklast)<\/p>\n\n\n\n<p>Fyllning:<\/p>\n\n\n\n<ul class=\"wp-block-list\">\n<li>Olivolja<\/li>\n\n\n\n<li>Parmesanost, riven<\/li>\n\n\n\n<li>200 g gorgonzola<\/li>\n\n\n\n<li>2 fasta p\u00e4ron<\/li>\n\n\n\n<li>Valn\u00f6tter<\/li>\n\n\n\n<li>Ros\u00e9peppar<\/li>\n<\/ul>\n\n\n\n<p>Topping:<\/p>\n\n\n\n<ul class=\"wp-block-list\">\n<li>Flytande honung<\/li>\n\n\n\n<li>Ruccola<\/li>\n<\/ul>\n\n\n\n<h3 class=\"wp-block-heading\">G\u00f6r s\u00e5 h\u00e4r<\/h3>\n\n\n\n<ol class=\"wp-block-list\">\n<li>S\u00e4tt ugnen p\u00e5 250 grader. St\u00e4ll in en pl\u00e5t.<\/li>\n\n\n\n<li>Kavla ut pizzadegen p\u00e5 bakpl\u00e5tspapper, pensla med olja och str\u00f6 riven parmesan \u00f6ver.<\/li>\n\n\n\n<li>Smula gorgonzolan \u00f6ver parmesanen.<\/li>\n\n\n\n<li>Dela p\u00e4ronen och skiva dem tunt. L\u00e4gg dem omlott p\u00e5 pizzan.<\/li>\n\n\n\n<li>Grovhacka valn\u00f6tter och f\u00f6rdela dem \u00f6verst ihop med lite krossad ros\u00e9peppar.<\/li>\n\n\n\n<li>Gr\u00e4dda i 15 minuter eller tills f\u00e4rgen \u00e4r fin.<\/li>\n\n\n\n<li>Ringla p\u00e5 lite honung. Toppa med ruccola.<\/li>\n\n\n\n<li>Sk\u00e4r upp lagom stora snittar.<\/li>\n<\/ol>\n\n\n\n<figure class=\"wp-block-image aligncenter\"><img decoding=\"async\" src=\"https:\/\/www.interflora.se\/inspiration\/wp-content\/uploads\/2025\/03\/newyear_pizza.jpg\" alt=\"NewYear_pizza.jpg\"\/><\/figure>\n\n\n\n<h2 class=\"wp-block-heading\">S\u00e5 g\u00f6r du stj\u00e4rnan<\/h2>\n\n\n\n<h3 class=\"wp-block-heading\">Du beh\u00f6ver<\/h3>\n\n\n\n<ul class=\"wp-block-list\">\n<li>Julstj\u00e4rna av papper<\/li>\n\n\n\n<li>Limpistol<\/li>\n\n\n\n<li>Olika sorters kottar, kvistar av barrtr\u00e4d, kanelst\u00e4nger och annat torkat material.<\/li>\n<\/ul>\n\n\n\n<h3 class=\"wp-block-heading\">G\u00f6r s\u00e5 h\u00e4r<\/h3>\n\n\n\n<ol class=\"wp-block-list\">\n<li>Klistra fast hela kanelst\u00e4nger s\u00e5 att de str\u00e5lar ut fr\u00e5n mitten.<\/li>\n\n\n\n<li>Limma fast kottar t\u00e4tt. L\u00e5t dem f\u00f6lja spetsarnas riktning.<\/li>\n\n\n\n<li>Stick in n\u00e5gra barriga kvistar d\u00e4r det passar.<\/li>\n\n\n\n<li>Om du ska h\u00e4nga stj\u00e4rnan i f\u00f6nstret beh\u00f6ver du limma material \u00e4ven p\u00e5 baksidan. Ska den luta mot en v\u00e4gg r\u00e4cker det att fokusera p\u00e5 framsida och kanter.<\/li>\n<\/ol>\n\n\n\n<p>TIPS!&nbsp;L\u00e4gg stj\u00e4rnan ovanp\u00e5 en kruka medan du jobbar, d\u00e5 skaver den inte mot bordet.<\/p>\n\n\n\n<figure class=\"wp-block-image aligncenter\"><img decoding=\"async\" src=\"https:\/\/www.interflora.se\/inspiration\/wp-content\/uploads\/2025\/03\/newyear_star.jpg\" alt=\"NewYear_star.jpg\"\/><\/figure>\n","protected":false},"excerpt":{"rendered":"<p>Det gamla \u00e5ret tackar f\u00f6r sig och det \u00e4r dags att blicka fram\u00e5t. Bjud in familj och v\u00e4nner eller sk\u00e4m [&hellip;]<\/p>\n","protected":false},"author":1,"featured_media":2949,"comment_status":"open","ping_status":"open","sticky":false,"template":"","format":"standard","meta":{"_uag_custom_page_level_css":"","site-sidebar-layout":"default","site-content-layout":"","ast-site-content-layout":"default","site-content-style":"default","site-sidebar-style":"default","ast-global-header-display":"","ast-banner-title-visibility":"","ast-main-header-display":"","ast-hfb-above-header-display":"","ast-hfb-below-header-display":"","ast-hfb-mobile-header-display":"","site-post-title":"","ast-breadcrumbs-content":"","ast-featured-img":"","footer-sml-layout":"","ast-disable-related-posts":"","theme-transparent-header-meta":"","adv-header-id-meta":"","stick-header-meta":"","header-above-stick-meta":"","header-main-stick-meta":"","header-below-stick-meta":"","astra-migrate-meta-layouts":"default","ast-page-background-enabled":"default","ast-page-background-meta":{"desktop":{"background-color":"var(--ast-global-color-5)","background-image":"","background-repeat":"repeat","background-position":"center center","background-size":"auto","background-attachment":"scroll","background-type":"","background-media":"","overlay-type":"","overlay-color":"","overlay-opacity":"","overlay-gradient":""},"tablet":{"background-color":"","background-image":"","background-repeat":"repeat","background-position":"center center","background-size":"auto","background-attachment":"scroll","background-type":"","background-media":"","overlay-type":"","overlay-color":"","overlay-opacity":"","overlay-gradient":""},"mobile":{"background-color":"","background-image":"","background-repeat":"repeat","background-position":"center center","background-size":"auto","background-attachment":"scroll","background-type":"","background-media":"","overlay-type":"","overlay-color":"","overlay-opacity":"","overlay-gradient":""}},"ast-content-background-meta":{"desktop":{"background-color":"var(--ast-global-color-4)","background-image":"","background-repeat":"repeat","background-position":"center center","background-size":"auto","background-attachment":"scroll","background-type":"","background-media":"","overlay-type":"","overlay-color":"","overlay-opacity":"","overlay-gradient":""},"tablet":{"background-color":"var(--ast-global-color-4)","background-image":"","background-repeat":"repeat","background-position":"center center","background-size":"auto","background-attachment":"scroll","background-type":"","background-media":"","overlay-type":"","overlay-color":"","overlay-opacity":"","overlay-gradient":""},"mobile":{"background-color":"var(--ast-global-color-4)","background-image":"","background-repeat":"repeat","background-position":"center center","background-size":"auto","background-attachment":"scroll","background-type":"","background-media":"","overlay-type":"","overlay-color":"","overlay-opacity":"","overlay-gradient":""}},"footnotes":""},"categories":[5,28],"tags":[],"class_list":["post-225","post","type-post","status-publish","format-standard","has-post-thumbnail","hentry","category-diy","category-jul"],"yoast_head":"<!-- This site is optimized with the Yoast SEO plugin v27.4 - https:\/\/yoast.com\/product\/yoast-seo-wordpress\/ -->\n<title>Fint &amp; festligt till ny\u00e5r | Interflora<\/title>\n<meta name=\"robots\" content=\"index, follow, max-snippet:-1, max-image-preview:large, max-video-preview:-1\" \/>\n<link rel=\"canonical\" href=\"https:\/\/www.interflora.se\/inspiration\/fint-festligt-till-nyar\/\" \/>\n<meta property=\"og:locale\" content=\"sv_SE\" \/>\n<meta property=\"og:type\" content=\"article\" \/>\n<meta property=\"og:title\" content=\"Fint &amp; festligt till ny\u00e5r | Interflora\" \/>\n<meta property=\"og:description\" content=\"Det gamla \u00e5ret tackar f\u00f6r sig och det \u00e4r dags att blicka fram\u00e5t. Bjud in familj och v\u00e4nner eller sk\u00e4m [&hellip;]\" \/>\n<meta property=\"og:url\" content=\"https:\/\/www.interflora.se\/inspiration\/fint-festligt-till-nyar\/\" \/>\n<meta property=\"og:site_name\" content=\"Inspiration om blommor, krukv\u00e4xter &amp; trender | Interflora\" \/>\n<meta property=\"article:publisher\" content=\"https:\/\/www.facebook.com\/InterfloraAB\" \/>\n<meta property=\"article:published_time\" content=\"2024-12-01T12:01:00+00:00\" \/>\n<meta property=\"article:modified_time\" content=\"2025-11-14T15:11:49+00:00\" \/>\n<meta property=\"og:image\" content=\"https:\/\/www.interflora.se\/inspiration\/wp-content\/uploads\/2025\/03\/newyear_star.jpg\" \/>\n\t<meta property=\"og:image:width\" content=\"1200\" \/>\n\t<meta property=\"og:image:height\" content=\"960\" \/>\n\t<meta property=\"og:image:type\" content=\"image\/jpeg\" \/>\n<meta name=\"author\" content=\"admin\" \/>\n<meta name=\"twitter:card\" content=\"summary_large_image\" \/>\n<meta name=\"twitter:label1\" content=\"Skriven av\" \/>\n\t<meta name=\"twitter:data1\" content=\"admin\" \/>\n\t<meta name=\"twitter:label2\" content=\"Ber\u00e4knad l\u00e4stid\" \/>\n\t<meta name=\"twitter:data2\" content=\"3 minuter\" \/>\n<script type=\"application\/ld+json\" class=\"yoast-schema-graph\">{\"@context\":\"https:\\\/\\\/schema.org\",\"@graph\":[{\"@type\":\"Article\",\"@id\":\"https:\\\/\\\/www.interflora.se\\\/inspiration\\\/fint-festligt-till-nyar\\\/#article\",\"isPartOf\":{\"@id\":\"https:\\\/\\\/www.interflora.se\\\/inspiration\\\/fint-festligt-till-nyar\\\/\"},\"author\":{\"name\":\"admin\",\"@id\":\"https:\\\/\\\/www.interflora.se\\\/inspiration\\\/#\\\/schema\\\/person\\\/dbbd1ad45e05409c356dc639597669f2\"},\"headline\":\"Fint &#038; festligt till ny\u00e5r\",\"datePublished\":\"2024-12-01T12:01:00+00:00\",\"dateModified\":\"2025-11-14T15:11:49+00:00\",\"mainEntityOfPage\":{\"@id\":\"https:\\\/\\\/www.interflora.se\\\/inspiration\\\/fint-festligt-till-nyar\\\/\"},\"wordCount\":518,\"commentCount\":0,\"publisher\":{\"@id\":\"https:\\\/\\\/www.interflora.se\\\/inspiration\\\/#organization\"},\"image\":{\"@id\":\"https:\\\/\\\/www.interflora.se\\\/inspiration\\\/fint-festligt-till-nyar\\\/#primaryimage\"},\"thumbnailUrl\":\"https:\\\/\\\/www.interflora.se\\\/inspiration\\\/wp-content\\\/uploads\\\/2025\\\/03\\\/newyear_star.jpg\",\"articleSection\":[\"DIY\",\"Jul: Inspiration f\u00f6r en magisk vinter\"],\"inLanguage\":\"sv-SE\",\"potentialAction\":[{\"@type\":\"CommentAction\",\"name\":\"Comment\",\"target\":[\"https:\\\/\\\/www.interflora.se\\\/inspiration\\\/fint-festligt-till-nyar\\\/#respond\"]}]},{\"@type\":\"WebPage\",\"@id\":\"https:\\\/\\\/www.interflora.se\\\/inspiration\\\/fint-festligt-till-nyar\\\/\",\"url\":\"https:\\\/\\\/www.interflora.se\\\/inspiration\\\/fint-festligt-till-nyar\\\/\",\"name\":\"Fint & festligt till ny\u00e5r | Interflora\",\"isPartOf\":{\"@id\":\"https:\\\/\\\/www.interflora.se\\\/inspiration\\\/#website\"},\"primaryImageOfPage\":{\"@id\":\"https:\\\/\\\/www.interflora.se\\\/inspiration\\\/fint-festligt-till-nyar\\\/#primaryimage\"},\"image\":{\"@id\":\"https:\\\/\\\/www.interflora.se\\\/inspiration\\\/fint-festligt-till-nyar\\\/#primaryimage\"},\"thumbnailUrl\":\"https:\\\/\\\/www.interflora.se\\\/inspiration\\\/wp-content\\\/uploads\\\/2025\\\/03\\\/newyear_star.jpg\",\"datePublished\":\"2024-12-01T12:01:00+00:00\",\"dateModified\":\"2025-11-14T15:11:49+00:00\",\"breadcrumb\":{\"@id\":\"https:\\\/\\\/www.interflora.se\\\/inspiration\\\/fint-festligt-till-nyar\\\/#breadcrumb\"},\"inLanguage\":\"sv-SE\",\"potentialAction\":[{\"@type\":\"ReadAction\",\"target\":[\"https:\\\/\\\/www.interflora.se\\\/inspiration\\\/fint-festligt-till-nyar\\\/\"]}]},{\"@type\":\"ImageObject\",\"inLanguage\":\"sv-SE\",\"@id\":\"https:\\\/\\\/www.interflora.se\\\/inspiration\\\/fint-festligt-till-nyar\\\/#primaryimage\",\"url\":\"https:\\\/\\\/www.interflora.se\\\/inspiration\\\/wp-content\\\/uploads\\\/2025\\\/03\\\/newyear_star.jpg\",\"contentUrl\":\"https:\\\/\\\/www.interflora.se\\\/inspiration\\\/wp-content\\\/uploads\\\/2025\\\/03\\\/newyear_star.jpg\",\"width\":1200,\"height\":960},{\"@type\":\"BreadcrumbList\",\"@id\":\"https:\\\/\\\/www.interflora.se\\\/inspiration\\\/fint-festligt-till-nyar\\\/#breadcrumb\",\"itemListElement\":[{\"@type\":\"ListItem\",\"position\":1,\"name\":\"Home\",\"item\":\"https:\\\/\\\/www.interflora.se\\\/inspiration\\\/\"},{\"@type\":\"ListItem\",\"position\":2,\"name\":\"Fint &#038; festligt till ny\u00e5r\"}]},{\"@type\":\"WebSite\",\"@id\":\"https:\\\/\\\/www.interflora.se\\\/inspiration\\\/#website\",\"url\":\"https:\\\/\\\/www.interflora.se\\\/inspiration\\\/\",\"name\":\"Interflora\",\"description\":\"\",\"publisher\":{\"@id\":\"https:\\\/\\\/www.interflora.se\\\/inspiration\\\/#organization\"},\"potentialAction\":[{\"@type\":\"SearchAction\",\"target\":{\"@type\":\"EntryPoint\",\"urlTemplate\":\"https:\\\/\\\/www.interflora.se\\\/inspiration\\\/?s={search_term_string}\"},\"query-input\":{\"@type\":\"PropertyValueSpecification\",\"valueRequired\":true,\"valueName\":\"search_term_string\"}}],\"inLanguage\":\"sv-SE\"},{\"@type\":\"Organization\",\"@id\":\"https:\\\/\\\/www.interflora.se\\\/inspiration\\\/#organization\",\"name\":\"Interflora\",\"url\":\"https:\\\/\\\/www.interflora.se\\\/inspiration\\\/\",\"logo\":{\"@type\":\"ImageObject\",\"inLanguage\":\"sv-SE\",\"@id\":\"https:\\\/\\\/www.interflora.se\\\/inspiration\\\/#\\\/schema\\\/logo\\\/image\\\/\",\"url\":\"https:\\\/\\\/www.interflora.se\\\/inspiration\\\/wp-content\\\/uploads\\\/2025\\\/09\\\/cropped-220422_INTERFLORA_Logo_rgb_Half_Top_Circle_Main_Color.avif\",\"contentUrl\":\"https:\\\/\\\/www.interflora.se\\\/inspiration\\\/wp-content\\\/uploads\\\/2025\\\/09\\\/cropped-220422_INTERFLORA_Logo_rgb_Half_Top_Circle_Main_Color.avif\",\"width\":1418,\"height\":662,\"caption\":\"Interflora\"},\"image\":{\"@id\":\"https:\\\/\\\/www.interflora.se\\\/inspiration\\\/#\\\/schema\\\/logo\\\/image\\\/\"},\"sameAs\":[\"https:\\\/\\\/www.facebook.com\\\/InterfloraAB\",\"https:\\\/\\\/www.instagram.com\\\/interflora_ab\\\/\",\"https:\\\/\\\/www.linkedin.com\\\/company\\\/1494362\",\"https:\\\/\\\/www.youtube.com\\\/channel\\\/UCZgDzGWB2VRxaoWFUmXnk1w\"]},{\"@type\":\"Person\",\"@id\":\"https:\\\/\\\/www.interflora.se\\\/inspiration\\\/#\\\/schema\\\/person\\\/dbbd1ad45e05409c356dc639597669f2\",\"name\":\"admin\",\"image\":{\"@type\":\"ImageObject\",\"inLanguage\":\"sv-SE\",\"@id\":\"https:\\\/\\\/www.interflora.se\\\/inspiration\\\/wp-content\\\/litespeed\\\/avatar\\\/1fe3cced9e67df62d0a6f995d75823a5.jpg?ver=1777362393\",\"url\":\"https:\\\/\\\/www.interflora.se\\\/inspiration\\\/wp-content\\\/litespeed\\\/avatar\\\/1fe3cced9e67df62d0a6f995d75823a5.jpg?ver=1777362393\",\"contentUrl\":\"https:\\\/\\\/www.interflora.se\\\/inspiration\\\/wp-content\\\/litespeed\\\/avatar\\\/1fe3cced9e67df62d0a6f995d75823a5.jpg?ver=1777362393\",\"caption\":\"admin\"},\"sameAs\":[\"https:\\\/\\\/www.interflora.se\\\/inspiration\"],\"url\":\"https:\\\/\\\/www.interflora.se\\\/inspiration\\\/author\\\/admin\\\/\"}]}<\/script>\n<!-- \/ Yoast SEO plugin. -->","yoast_head_json":{"title":"Fint & festligt till ny\u00e5r | Interflora","robots":{"index":"index","follow":"follow","max-snippet":"max-snippet:-1","max-image-preview":"max-image-preview:large","max-video-preview":"max-video-preview:-1"},"canonical":"https:\/\/www.interflora.se\/inspiration\/fint-festligt-till-nyar\/","og_locale":"sv_SE","og_type":"article","og_title":"Fint & festligt till ny\u00e5r | Interflora","og_description":"Det gamla \u00e5ret tackar f\u00f6r sig och det \u00e4r dags att blicka fram\u00e5t. Bjud in familj och v\u00e4nner eller sk\u00e4m [&hellip;]","og_url":"https:\/\/www.interflora.se\/inspiration\/fint-festligt-till-nyar\/","og_site_name":"Inspiration om blommor, krukv\u00e4xter &amp; trender | Interflora","article_publisher":"https:\/\/www.facebook.com\/InterfloraAB","article_published_time":"2024-12-01T12:01:00+00:00","article_modified_time":"2025-11-14T15:11:49+00:00","og_image":[{"width":1200,"height":960,"url":"https:\/\/www.interflora.se\/inspiration\/wp-content\/uploads\/2025\/03\/newyear_star.jpg","type":"image\/jpeg"}],"author":"admin","twitter_card":"summary_large_image","twitter_misc":{"Skriven av":"admin","Ber\u00e4knad l\u00e4stid":"3 minuter"},"schema":{"@context":"https:\/\/schema.org","@graph":[{"@type":"Article","@id":"https:\/\/www.interflora.se\/inspiration\/fint-festligt-till-nyar\/#article","isPartOf":{"@id":"https:\/\/www.interflora.se\/inspiration\/fint-festligt-till-nyar\/"},"author":{"name":"admin","@id":"https:\/\/www.interflora.se\/inspiration\/#\/schema\/person\/dbbd1ad45e05409c356dc639597669f2"},"headline":"Fint &#038; festligt till ny\u00e5r","datePublished":"2024-12-01T12:01:00+00:00","dateModified":"2025-11-14T15:11:49+00:00","mainEntityOfPage":{"@id":"https:\/\/www.interflora.se\/inspiration\/fint-festligt-till-nyar\/"},"wordCount":518,"commentCount":0,"publisher":{"@id":"https:\/\/www.interflora.se\/inspiration\/#organization"},"image":{"@id":"https:\/\/www.interflora.se\/inspiration\/fint-festligt-till-nyar\/#primaryimage"},"thumbnailUrl":"https:\/\/www.interflora.se\/inspiration\/wp-content\/uploads\/2025\/03\/newyear_star.jpg","articleSection":["DIY","Jul: Inspiration f\u00f6r en magisk vinter"],"inLanguage":"sv-SE","potentialAction":[{"@type":"CommentAction","name":"Comment","target":["https:\/\/www.interflora.se\/inspiration\/fint-festligt-till-nyar\/#respond"]}]},{"@type":"WebPage","@id":"https:\/\/www.interflora.se\/inspiration\/fint-festligt-till-nyar\/","url":"https:\/\/www.interflora.se\/inspiration\/fint-festligt-till-nyar\/","name":"Fint & festligt till ny\u00e5r | Interflora","isPartOf":{"@id":"https:\/\/www.interflora.se\/inspiration\/#website"},"primaryImageOfPage":{"@id":"https:\/\/www.interflora.se\/inspiration\/fint-festligt-till-nyar\/#primaryimage"},"image":{"@id":"https:\/\/www.interflora.se\/inspiration\/fint-festligt-till-nyar\/#primaryimage"},"thumbnailUrl":"https:\/\/www.interflora.se\/inspiration\/wp-content\/uploads\/2025\/03\/newyear_star.jpg","datePublished":"2024-12-01T12:01:00+00:00","dateModified":"2025-11-14T15:11:49+00:00","breadcrumb":{"@id":"https:\/\/www.interflora.se\/inspiration\/fint-festligt-till-nyar\/#breadcrumb"},"inLanguage":"sv-SE","potentialAction":[{"@type":"ReadAction","target":["https:\/\/www.interflora.se\/inspiration\/fint-festligt-till-nyar\/"]}]},{"@type":"ImageObject","inLanguage":"sv-SE","@id":"https:\/\/www.interflora.se\/inspiration\/fint-festligt-till-nyar\/#primaryimage","url":"https:\/\/www.interflora.se\/inspiration\/wp-content\/uploads\/2025\/03\/newyear_star.jpg","contentUrl":"https:\/\/www.interflora.se\/inspiration\/wp-content\/uploads\/2025\/03\/newyear_star.jpg","width":1200,"height":960},{"@type":"BreadcrumbList","@id":"https:\/\/www.interflora.se\/inspiration\/fint-festligt-till-nyar\/#breadcrumb","itemListElement":[{"@type":"ListItem","position":1,"name":"Home","item":"https:\/\/www.interflora.se\/inspiration\/"},{"@type":"ListItem","position":2,"name":"Fint &#038; festligt till ny\u00e5r"}]},{"@type":"WebSite","@id":"https:\/\/www.interflora.se\/inspiration\/#website","url":"https:\/\/www.interflora.se\/inspiration\/","name":"Interflora","description":"","publisher":{"@id":"https:\/\/www.interflora.se\/inspiration\/#organization"},"potentialAction":[{"@type":"SearchAction","target":{"@type":"EntryPoint","urlTemplate":"https:\/\/www.interflora.se\/inspiration\/?s={search_term_string}"},"query-input":{"@type":"PropertyValueSpecification","valueRequired":true,"valueName":"search_term_string"}}],"inLanguage":"sv-SE"},{"@type":"Organization","@id":"https:\/\/www.interflora.se\/inspiration\/#organization","name":"Interflora","url":"https:\/\/www.interflora.se\/inspiration\/","logo":{"@type":"ImageObject","inLanguage":"sv-SE","@id":"https:\/\/www.interflora.se\/inspiration\/#\/schema\/logo\/image\/","url":"https:\/\/www.interflora.se\/inspiration\/wp-content\/uploads\/2025\/09\/cropped-220422_INTERFLORA_Logo_rgb_Half_Top_Circle_Main_Color.avif","contentUrl":"https:\/\/www.interflora.se\/inspiration\/wp-content\/uploads\/2025\/09\/cropped-220422_INTERFLORA_Logo_rgb_Half_Top_Circle_Main_Color.avif","width":1418,"height":662,"caption":"Interflora"},"image":{"@id":"https:\/\/www.interflora.se\/inspiration\/#\/schema\/logo\/image\/"},"sameAs":["https:\/\/www.facebook.com\/InterfloraAB","https:\/\/www.instagram.com\/interflora_ab\/","https:\/\/www.linkedin.com\/company\/1494362","https:\/\/www.youtube.com\/channel\/UCZgDzGWB2VRxaoWFUmXnk1w"]},{"@type":"Person","@id":"https:\/\/www.interflora.se\/inspiration\/#\/schema\/person\/dbbd1ad45e05409c356dc639597669f2","name":"admin","image":{"@type":"ImageObject","inLanguage":"sv-SE","@id":"https:\/\/www.interflora.se\/inspiration\/wp-content\/litespeed\/avatar\/1fe3cced9e67df62d0a6f995d75823a5.jpg?ver=1777362393","url":"https:\/\/www.interflora.se\/inspiration\/wp-content\/litespeed\/avatar\/1fe3cced9e67df62d0a6f995d75823a5.jpg?ver=1777362393","contentUrl":"https:\/\/www.interflora.se\/inspiration\/wp-content\/litespeed\/avatar\/1fe3cced9e67df62d0a6f995d75823a5.jpg?ver=1777362393","caption":"admin"},"sameAs":["https:\/\/www.interflora.se\/inspiration"],"url":"https:\/\/www.interflora.se\/inspiration\/author\/admin\/"}]}},"uagb_featured_image_src":{"full":["https:\/\/www.interflora.se\/inspiration\/wp-content\/uploads\/2025\/03\/newyear_star.jpg",1200,960,false],"thumbnail":["https:\/\/www.interflora.se\/inspiration\/wp-content\/uploads\/2025\/03\/newyear_star-150x150.jpg",150,150,true],"medium":["https:\/\/www.interflora.se\/inspiration\/wp-content\/uploads\/2025\/03\/newyear_star-300x240.jpg",300,240,true],"medium_large":["https:\/\/www.interflora.se\/inspiration\/wp-content\/uploads\/2025\/03\/newyear_star-768x614.jpg",768,614,true],"large":["https:\/\/www.interflora.se\/inspiration\/wp-content\/uploads\/2025\/03\/newyear_star-1024x819.jpg",1024,819,true],"1536x1536":["https:\/\/www.interflora.se\/inspiration\/wp-content\/uploads\/2025\/03\/newyear_star.jpg",1200,960,false],"2048x2048":["https:\/\/www.interflora.se\/inspiration\/wp-content\/uploads\/2025\/03\/newyear_star.jpg",1200,960,false]},"uagb_author_info":{"display_name":"admin","author_link":"https:\/\/www.interflora.se\/inspiration\/author\/admin\/"},"uagb_comment_info":0,"uagb_excerpt":"Det gamla \u00e5ret tackar f\u00f6r sig och det \u00e4r dags att blicka fram\u00e5t. Bjud in familj och v\u00e4nner eller sk\u00e4m [&hellip;]","_links":{"self":[{"href":"https:\/\/www.interflora.se\/inspiration\/wp-json\/wp\/v2\/posts\/225","targetHints":{"allow":["GET"]}}],"collection":[{"href":"https:\/\/www.interflora.se\/inspiration\/wp-json\/wp\/v2\/posts"}],"about":[{"href":"https:\/\/www.interflora.se\/inspiration\/wp-json\/wp\/v2\/types\/post"}],"author":[{"embeddable":true,"href":"https:\/\/www.interflora.se\/inspiration\/wp-json\/wp\/v2\/users\/1"}],"replies":[{"embeddable":true,"href":"https:\/\/www.interflora.se\/inspiration\/wp-json\/wp\/v2\/comments?post=225"}],"version-history":[{"count":1,"href":"https:\/\/www.interflora.se\/inspiration\/wp-json\/wp\/v2\/posts\/225\/revisions"}],"predecessor-version":[{"id":2950,"href":"https:\/\/www.interflora.se\/inspiration\/wp-json\/wp\/v2\/posts\/225\/revisions\/2950"}],"wp:featuredmedia":[{"embeddable":true,"href":"https:\/\/www.interflora.se\/inspiration\/wp-json\/wp\/v2\/media\/2949"}],"wp:attachment":[{"href":"https:\/\/www.interflora.se\/inspiration\/wp-json\/wp\/v2\/media?parent=225"}],"wp:term":[{"taxonomy":"category","embeddable":true,"href":"https:\/\/www.interflora.se\/inspiration\/wp-json\/wp\/v2\/categories?post=225"},{"taxonomy":"post_tag","embeddable":true,"href":"https:\/\/www.interflora.se\/inspiration\/wp-json\/wp\/v2\/tags?post=225"}],"curies":[{"name":"wp","href":"https:\/\/api.w.org\/{rel}","templated":true}]}}