{"id":218,"date":"2024-03-11T21:28:56","date_gmt":"2024-03-11T20:28:56","guid":{"rendered":"http:\/\/preprodblog.interflora.se\/blog\/?p=218"},"modified":"2025-03-24T14:54:10","modified_gmt":"2025-03-24T13:54:10","slug":"fargskola-gron","status":"publish","type":"post","link":"https:\/\/www.interflora.se\/inspiration\/fargskola-gron\/","title":{"rendered":"F\u00e4rgskola &#8211; Gr\u00f6na v\u00e4xter"},"content":{"rendered":"\n<p>V\u00e4xternas gr\u00f6na f\u00e4rg kommer fr\u00e5n klorofyll, ett \u00e4mne som tar upp ljuset och hj\u00e4lper&nbsp;<a href=\"https:\/\/www.interflora.se\/interflora\/produktkategorier\/krukvaxter\/\">v\u00e4xten<\/a>&nbsp;att genom fotosyntes omvandla koldioxid till syre. Det \u00e4r den biologiska f\u00f6rklaringen till hur viktig den gr\u00f6na f\u00e4rgen \u00e4r.<\/p>\n\n\n\n<figure class=\"wp-block-gallery has-nested-images columns-default is-cropped wp-block-gallery-1 is-layout-flex wp-block-gallery-is-layout-flex\">\n<figure class=\"wp-block-image size-large\"><img loading=\"lazy\" decoding=\"async\" width=\"800\" height=\"1000\" data-id=\"1206\" src=\"https:\/\/www.interflora.se\/inspiration\/wp-content\/uploads\/2025\/03\/blomfakta_fikusumbellata5.jpg\" alt=\"\" class=\"wp-image-1206\" srcset=\"https:\/\/www.interflora.se\/inspiration\/wp-content\/uploads\/2025\/03\/blomfakta_fikusumbellata5.jpg 800w, https:\/\/www.interflora.se\/inspiration\/wp-content\/uploads\/2025\/03\/blomfakta_fikusumbellata5-240x300.jpg 240w, https:\/\/www.interflora.se\/inspiration\/wp-content\/uploads\/2025\/03\/blomfakta_fikusumbellata5-768x960.jpg 768w\" sizes=\"auto, (max-width: 800px) 100vw, 800px\" \/><\/figure>\n\n\n\n<figure class=\"wp-block-image size-large\"><img loading=\"lazy\" decoding=\"async\" width=\"800\" height=\"1000\" data-id=\"1205\" src=\"https:\/\/www.interflora.se\/inspiration\/wp-content\/uploads\/2025\/03\/blomfakta_aglonemakeylime.jpg\" alt=\"\" class=\"wp-image-1205\" srcset=\"https:\/\/www.interflora.se\/inspiration\/wp-content\/uploads\/2025\/03\/blomfakta_aglonemakeylime.jpg 800w, https:\/\/www.interflora.se\/inspiration\/wp-content\/uploads\/2025\/03\/blomfakta_aglonemakeylime-240x300.jpg 240w, https:\/\/www.interflora.se\/inspiration\/wp-content\/uploads\/2025\/03\/blomfakta_aglonemakeylime-768x960.jpg 768w\" sizes=\"auto, (max-width: 800px) 100vw, 800px\" \/><\/figure>\n<\/figure>\n\n\n\n<h2 class=\"wp-block-heading\">Gr\u00f6na v\u00e4xter g\u00f6r dig glad<\/h2>\n\n\n\n<p>Har du t\u00e4nkt p\u00e5 hur lugn du blir n\u00e4r du kommer in i en blomsteraff\u00e4r och helt pl\u00f6tsligt \u00e4r omgiven av massor av gr\u00f6na v\u00e4xter? Det \u00e4r allts\u00e5 ingen tillf\u00e4llighet att gr\u00f6na blad utg\u00f6r basen i s\u00e5 gott som varenda bukett. Faktum \u00e4r att en enda liten gr\u00f6n planta kan g\u00f6ra dig p\u00e5 riktigt gott hum\u00f6r. F\u00f6rmodligen eftersom vi associerar gr\u00f6nt till natur och harmoni. T\u00e4nk bara p\u00e5 hur glad du blir n\u00e4r naturen byter skepnad och g\u00e5r fr\u00e5n karg och tr\u00e5kig, till gr\u00f6n, lummig och helt underbart vacker.<\/p>\n\n\n\n<h2 class=\"wp-block-heading\">Gr\u00f6nt inom blomsterhandeln<\/h2>\n\n\n\n<p>Gr\u00f6nt \u00e4r en stabil bas i s\u00e5 gott som alla binderier och \u00e4r utan tvekan blomsterhandelns mest anv\u00e4nda, och viktigaste f\u00e4rg. Gr\u00f6nt har \u00e4ven under de senaste \u00e5ren b\u00f6rjat synas allt mer i inredningsdetaljer. Kanske \u00e4r det f\u00e4rgens f\u00f6rm\u00e5ga att v\u00e4cka uppm\u00e4rksamhet, utan att sticka ut allt f\u00f6r mycket, i kombination med att den ger energi och en k\u00e4nsla av balans, som tilltalar oss. Gr\u00f6nt anv\u00e4nds ocks\u00e5 som signalf\u00e4rg och betyder i de sammanhangen att det \u00e4r fritt fram att g\u00f6ra allt man ska, m\u00e5ste och vill g\u00f6ra.<\/p>\n\n\n\n<h2 class=\"wp-block-heading\">Gr\u00f6nt symboliserar hopp<\/h2>\n\n\n\n<p>Inom Svenska kyrkan delar man upp kyrko\u00e5ret i fem liturgiska f\u00e4rger: vitt, violett, gr\u00f6nt, r\u00f6tt och svart som p\u00e5 olika s\u00e4tt syns i dekorationer, p\u00e5 textilier, blommor och p\u00e5 pr\u00e4stens kl\u00e4der. Gr\u00f6nt \u00e4r vanligast och \u00e4r den f\u00e4rg som symboliserar hopp, v\u00e4xande och mognad. Framf\u00f6rallt anv\u00e4nds den mellan trettondagen och askonsdagen (som intr\u00e4ffar vid olika datum i februari) och mellan annandag pingst och sista s\u00f6ndagen i november. \u00c4ven inom katolska kyrkan \u00e4r gr\u00f6nt vanligt f\u00f6rekommande. Gr\u00f6nt \u00e4r ocks\u00e5 Islams f\u00e4rg, vilket bland annat syns p\u00e5 m\u00e5nga muslimska l\u00e4nders flaggor. I Kina \u00e4r gr\u00f6nt f\u00e4rgen f\u00f6r tr\u00e4, en av jordens fem grundelement. Detta s\u00e4gs grunda sig i att elementet tr\u00e4 h\u00e4nger ihop med sommaren. \u00c4ven om gr\u00f6nt \u00e4r en positiv f\u00e4rg i det nu kristna Europa, har det inte alltid varit s\u00e5. P\u00e5 medeltiden var f\u00e4rgen en symbol f\u00f6r onda andar, demoner och annat hotfullt. Som drakar till exempel!<\/p>\n\n\n\n<h2 class=\"wp-block-heading\">Politiska nyanser<\/h2>\n\n\n\n<p>Inom politiken h\u00e4r hemma i Sverige och i m\u00e5nga andra europeiska l\u00e4nder symboliserar gr\u00f6nt ett engagemang f\u00f6r natur, milj\u00f6 och jordbruksfr\u00e5gor. Det \u00e4r ett mjukt alternativ mellan det konservativa och svala bl\u00e5, och det rebelliska r\u00f6da. Nyanserna \u00e4r dock viktiga: skarpa ljusgr\u00f6na toner st\u00e5r f\u00f6r nyfikenhet, ungdom och drivkraft, medan dovare varianter \u2013 t\u00e4nk olivgr\u00f6nt \u2013 ger ett diplomatiskt och auktorit\u00e4rt intryck. I andra l\u00e4nder, som till exempel USA, f\u00f6rknippas d\u00e4remot gr\u00f6nt med pengar och finansv\u00e4rlden.<\/p>\n\n\n\n<h3 class=\"wp-block-heading\">H\u00e4r kan du l\u00e4sa mer om v\u00e5ra f\u00e4rgskolor:<\/h3>\n\n\n\n<p><a href=\"https:\/\/www.interflora.se\/inspiration\/blomsterspraket\/fargskola-gul\/\">F\u00e4rgskola &#8211; Gul<\/a><\/p>\n\n\n\n<p><a href=\"https:\/\/www.interflora.se\/inspiration\/blomsterspraket\/fargskola-violett\/\">F\u00e4rgskola &#8211; Violett<\/a><\/p>\n","protected":false},"excerpt":{"rendered":"<p>V\u00e4xternas gr\u00f6na f\u00e4rg kommer fr\u00e5n klorofyll, ett \u00e4mne som tar upp ljuset och hj\u00e4lper&nbsp;v\u00e4xten&nbsp;att genom fotosyntes omvandla koldioxid till syre. [&hellip;]<\/p>\n","protected":false},"author":1,"featured_media":1206,"comment_status":"open","ping_status":"open","sticky":false,"template":"","format":"standard","meta":{"_uag_custom_page_level_css":"","site-sidebar-layout":"default","site-content-layout":"","ast-site-content-layout":"default","site-content-style":"default","site-sidebar-style":"default","ast-global-header-display":"","ast-banner-title-visibility":"","ast-main-header-display":"","ast-hfb-above-header-display":"","ast-hfb-below-header-display":"","ast-hfb-mobile-header-display":"","site-post-title":"","ast-breadcrumbs-content":"","ast-featured-img":"","footer-sml-layout":"","ast-disable-related-posts":"","theme-transparent-header-meta":"","adv-header-id-meta":"","stick-header-meta":"","header-above-stick-meta":"","header-main-stick-meta":"","header-below-stick-meta":"","astra-migrate-meta-layouts":"default","ast-page-background-enabled":"default","ast-page-background-meta":{"desktop":{"background-color":"var(--ast-global-color-5)","background-image":"","background-repeat":"repeat","background-position":"center center","background-size":"auto","background-attachment":"scroll","background-type":"","background-media":"","overlay-type":"","overlay-color":"","overlay-opacity":"","overlay-gradient":""},"tablet":{"background-color":"","background-image":"","background-repeat":"repeat","background-position":"center center","background-size":"auto","background-attachment":"scroll","background-type":"","background-media":"","overlay-type":"","overlay-color":"","overlay-opacity":"","overlay-gradient":""},"mobile":{"background-color":"","background-image":"","background-repeat":"repeat","background-position":"center center","background-size":"auto","background-attachment":"scroll","background-type":"","background-media":"","overlay-type":"","overlay-color":"","overlay-opacity":"","overlay-gradient":""}},"ast-content-background-meta":{"desktop":{"background-color":"var(--ast-global-color-4)","background-image":"","background-repeat":"repeat","background-position":"center center","background-size":"auto","background-attachment":"scroll","background-type":"","background-media":"","overlay-type":"","overlay-color":"","overlay-opacity":"","overlay-gradient":""},"tablet":{"background-color":"var(--ast-global-color-4)","background-image":"","background-repeat":"repeat","background-position":"center center","background-size":"auto","background-attachment":"scroll","background-type":"","background-media":"","overlay-type":"","overlay-color":"","overlay-opacity":"","overlay-gradient":""},"mobile":{"background-color":"var(--ast-global-color-4)","background-image":"","background-repeat":"repeat","background-position":"center center","background-size":"auto","background-attachment":"scroll","background-type":"","background-media":"","overlay-type":"","overlay-color":"","overlay-opacity":"","overlay-gradient":""}},"footnotes":""},"categories":[8],"tags":[],"class_list":["post-218","post","type-post","status-publish","format-standard","has-post-thumbnail","hentry","category-blomsterspraket"],"yoast_head":"<!-- This site is optimized with the Yoast SEO plugin v27.4 - https:\/\/yoast.com\/product\/yoast-seo-wordpress\/ -->\n<title>F\u00e4rgskola - Gr\u00f6na v\u00e4xter | Interflora<\/title>\n<meta name=\"robots\" content=\"index, follow, max-snippet:-1, max-image-preview:large, max-video-preview:-1\" \/>\n<link rel=\"canonical\" href=\"https:\/\/www.interflora.se\/inspiration\/fargskola-gron\/\" \/>\n<meta property=\"og:locale\" content=\"sv_SE\" \/>\n<meta property=\"og:type\" content=\"article\" \/>\n<meta property=\"og:title\" content=\"F\u00e4rgskola - Gr\u00f6na v\u00e4xter | Interflora\" \/>\n<meta property=\"og:description\" content=\"V\u00e4xternas gr\u00f6na f\u00e4rg kommer fr\u00e5n klorofyll, ett \u00e4mne som tar upp ljuset och hj\u00e4lper&nbsp;v\u00e4xten&nbsp;att genom fotosyntes omvandla koldioxid till syre. [&hellip;]\" \/>\n<meta property=\"og:url\" content=\"https:\/\/www.interflora.se\/inspiration\/fargskola-gron\/\" \/>\n<meta property=\"og:site_name\" content=\"Inspiration om blommor, krukv\u00e4xter &amp; trender | Interflora\" \/>\n<meta property=\"article:publisher\" content=\"https:\/\/www.facebook.com\/InterfloraAB\" \/>\n<meta property=\"article:published_time\" content=\"2024-03-11T20:28:56+00:00\" \/>\n<meta property=\"article:modified_time\" content=\"2025-03-24T13:54:10+00:00\" \/>\n<meta property=\"og:image\" content=\"https:\/\/www.interflora.se\/inspiration\/wp-content\/uploads\/2025\/03\/blomfakta_fikusumbellata5.jpg\" \/>\n\t<meta property=\"og:image:width\" content=\"800\" \/>\n\t<meta property=\"og:image:height\" content=\"1000\" \/>\n\t<meta property=\"og:image:type\" content=\"image\/jpeg\" \/>\n<meta name=\"author\" content=\"admin\" \/>\n<meta name=\"twitter:card\" content=\"summary_large_image\" \/>\n<meta name=\"twitter:label1\" content=\"Skriven av\" \/>\n\t<meta name=\"twitter:data1\" content=\"admin\" \/>\n\t<meta name=\"twitter:label2\" content=\"Ber\u00e4knad l\u00e4stid\" \/>\n\t<meta name=\"twitter:data2\" content=\"3 minuter\" \/>\n<script type=\"application\/ld+json\" class=\"yoast-schema-graph\">{\"@context\":\"https:\\\/\\\/schema.org\",\"@graph\":[{\"@type\":\"Article\",\"@id\":\"https:\\\/\\\/www.interflora.se\\\/inspiration\\\/fargskola-gron\\\/#article\",\"isPartOf\":{\"@id\":\"https:\\\/\\\/www.interflora.se\\\/inspiration\\\/fargskola-gron\\\/\"},\"author\":{\"name\":\"admin\",\"@id\":\"https:\\\/\\\/www.interflora.se\\\/inspiration\\\/#\\\/schema\\\/person\\\/dbbd1ad45e05409c356dc639597669f2\"},\"headline\":\"F\u00e4rgskola &#8211; Gr\u00f6na v\u00e4xter\",\"datePublished\":\"2024-03-11T20:28:56+00:00\",\"dateModified\":\"2025-03-24T13:54:10+00:00\",\"mainEntityOfPage\":{\"@id\":\"https:\\\/\\\/www.interflora.se\\\/inspiration\\\/fargskola-gron\\\/\"},\"wordCount\":574,\"commentCount\":0,\"publisher\":{\"@id\":\"https:\\\/\\\/www.interflora.se\\\/inspiration\\\/#organization\"},\"image\":{\"@id\":\"https:\\\/\\\/www.interflora.se\\\/inspiration\\\/fargskola-gron\\\/#primaryimage\"},\"thumbnailUrl\":\"https:\\\/\\\/www.interflora.se\\\/inspiration\\\/wp-content\\\/uploads\\\/2025\\\/03\\\/blomfakta_fikusumbellata5.jpg\",\"articleSection\":[\"Blomsterspr\u00e5ket\"],\"inLanguage\":\"sv-SE\",\"potentialAction\":[{\"@type\":\"CommentAction\",\"name\":\"Comment\",\"target\":[\"https:\\\/\\\/www.interflora.se\\\/inspiration\\\/fargskola-gron\\\/#respond\"]}]},{\"@type\":\"WebPage\",\"@id\":\"https:\\\/\\\/www.interflora.se\\\/inspiration\\\/fargskola-gron\\\/\",\"url\":\"https:\\\/\\\/www.interflora.se\\\/inspiration\\\/fargskola-gron\\\/\",\"name\":\"F\u00e4rgskola - Gr\u00f6na v\u00e4xter | Interflora\",\"isPartOf\":{\"@id\":\"https:\\\/\\\/www.interflora.se\\\/inspiration\\\/#website\"},\"primaryImageOfPage\":{\"@id\":\"https:\\\/\\\/www.interflora.se\\\/inspiration\\\/fargskola-gron\\\/#primaryimage\"},\"image\":{\"@id\":\"https:\\\/\\\/www.interflora.se\\\/inspiration\\\/fargskola-gron\\\/#primaryimage\"},\"thumbnailUrl\":\"https:\\\/\\\/www.interflora.se\\\/inspiration\\\/wp-content\\\/uploads\\\/2025\\\/03\\\/blomfakta_fikusumbellata5.jpg\",\"datePublished\":\"2024-03-11T20:28:56+00:00\",\"dateModified\":\"2025-03-24T13:54:10+00:00\",\"breadcrumb\":{\"@id\":\"https:\\\/\\\/www.interflora.se\\\/inspiration\\\/fargskola-gron\\\/#breadcrumb\"},\"inLanguage\":\"sv-SE\",\"potentialAction\":[{\"@type\":\"ReadAction\",\"target\":[\"https:\\\/\\\/www.interflora.se\\\/inspiration\\\/fargskola-gron\\\/\"]}]},{\"@type\":\"ImageObject\",\"inLanguage\":\"sv-SE\",\"@id\":\"https:\\\/\\\/www.interflora.se\\\/inspiration\\\/fargskola-gron\\\/#primaryimage\",\"url\":\"https:\\\/\\\/www.interflora.se\\\/inspiration\\\/wp-content\\\/uploads\\\/2025\\\/03\\\/blomfakta_fikusumbellata5.jpg\",\"contentUrl\":\"https:\\\/\\\/www.interflora.se\\\/inspiration\\\/wp-content\\\/uploads\\\/2025\\\/03\\\/blomfakta_fikusumbellata5.jpg\",\"width\":800,\"height\":1000},{\"@type\":\"BreadcrumbList\",\"@id\":\"https:\\\/\\\/www.interflora.se\\\/inspiration\\\/fargskola-gron\\\/#breadcrumb\",\"itemListElement\":[{\"@type\":\"ListItem\",\"position\":1,\"name\":\"Home\",\"item\":\"https:\\\/\\\/www.interflora.se\\\/inspiration\\\/\"},{\"@type\":\"ListItem\",\"position\":2,\"name\":\"F\u00e4rgskola &#8211; Gr\u00f6na v\u00e4xter\"}]},{\"@type\":\"WebSite\",\"@id\":\"https:\\\/\\\/www.interflora.se\\\/inspiration\\\/#website\",\"url\":\"https:\\\/\\\/www.interflora.se\\\/inspiration\\\/\",\"name\":\"Interflora\",\"description\":\"\",\"publisher\":{\"@id\":\"https:\\\/\\\/www.interflora.se\\\/inspiration\\\/#organization\"},\"potentialAction\":[{\"@type\":\"SearchAction\",\"target\":{\"@type\":\"EntryPoint\",\"urlTemplate\":\"https:\\\/\\\/www.interflora.se\\\/inspiration\\\/?s={search_term_string}\"},\"query-input\":{\"@type\":\"PropertyValueSpecification\",\"valueRequired\":true,\"valueName\":\"search_term_string\"}}],\"inLanguage\":\"sv-SE\"},{\"@type\":\"Organization\",\"@id\":\"https:\\\/\\\/www.interflora.se\\\/inspiration\\\/#organization\",\"name\":\"Interflora\",\"url\":\"https:\\\/\\\/www.interflora.se\\\/inspiration\\\/\",\"logo\":{\"@type\":\"ImageObject\",\"inLanguage\":\"sv-SE\",\"@id\":\"https:\\\/\\\/www.interflora.se\\\/inspiration\\\/#\\\/schema\\\/logo\\\/image\\\/\",\"url\":\"https:\\\/\\\/www.interflora.se\\\/inspiration\\\/wp-content\\\/uploads\\\/2025\\\/09\\\/cropped-220422_INTERFLORA_Logo_rgb_Half_Top_Circle_Main_Color.avif\",\"contentUrl\":\"https:\\\/\\\/www.interflora.se\\\/inspiration\\\/wp-content\\\/uploads\\\/2025\\\/09\\\/cropped-220422_INTERFLORA_Logo_rgb_Half_Top_Circle_Main_Color.avif\",\"width\":1418,\"height\":662,\"caption\":\"Interflora\"},\"image\":{\"@id\":\"https:\\\/\\\/www.interflora.se\\\/inspiration\\\/#\\\/schema\\\/logo\\\/image\\\/\"},\"sameAs\":[\"https:\\\/\\\/www.facebook.com\\\/InterfloraAB\",\"https:\\\/\\\/www.instagram.com\\\/interflora_ab\\\/\",\"https:\\\/\\\/www.linkedin.com\\\/company\\\/1494362\",\"https:\\\/\\\/www.youtube.com\\\/channel\\\/UCZgDzGWB2VRxaoWFUmXnk1w\"]},{\"@type\":\"Person\",\"@id\":\"https:\\\/\\\/www.interflora.se\\\/inspiration\\\/#\\\/schema\\\/person\\\/dbbd1ad45e05409c356dc639597669f2\",\"name\":\"admin\",\"image\":{\"@type\":\"ImageObject\",\"inLanguage\":\"sv-SE\",\"@id\":\"https:\\\/\\\/www.interflora.se\\\/inspiration\\\/wp-content\\\/litespeed\\\/avatar\\\/1fe3cced9e67df62d0a6f995d75823a5.jpg?ver=1777362393\",\"url\":\"https:\\\/\\\/www.interflora.se\\\/inspiration\\\/wp-content\\\/litespeed\\\/avatar\\\/1fe3cced9e67df62d0a6f995d75823a5.jpg?ver=1777362393\",\"contentUrl\":\"https:\\\/\\\/www.interflora.se\\\/inspiration\\\/wp-content\\\/litespeed\\\/avatar\\\/1fe3cced9e67df62d0a6f995d75823a5.jpg?ver=1777362393\",\"caption\":\"admin\"},\"sameAs\":[\"https:\\\/\\\/www.interflora.se\\\/inspiration\"],\"url\":\"https:\\\/\\\/www.interflora.se\\\/inspiration\\\/author\\\/admin\\\/\"}]}<\/script>\n<!-- \/ Yoast SEO plugin. -->","yoast_head_json":{"title":"F\u00e4rgskola - Gr\u00f6na v\u00e4xter | Interflora","robots":{"index":"index","follow":"follow","max-snippet":"max-snippet:-1","max-image-preview":"max-image-preview:large","max-video-preview":"max-video-preview:-1"},"canonical":"https:\/\/www.interflora.se\/inspiration\/fargskola-gron\/","og_locale":"sv_SE","og_type":"article","og_title":"F\u00e4rgskola - Gr\u00f6na v\u00e4xter | Interflora","og_description":"V\u00e4xternas gr\u00f6na f\u00e4rg kommer fr\u00e5n klorofyll, ett \u00e4mne som tar upp ljuset och hj\u00e4lper&nbsp;v\u00e4xten&nbsp;att genom fotosyntes omvandla koldioxid till syre. [&hellip;]","og_url":"https:\/\/www.interflora.se\/inspiration\/fargskola-gron\/","og_site_name":"Inspiration om blommor, krukv\u00e4xter &amp; trender | Interflora","article_publisher":"https:\/\/www.facebook.com\/InterfloraAB","article_published_time":"2024-03-11T20:28:56+00:00","article_modified_time":"2025-03-24T13:54:10+00:00","og_image":[{"width":800,"height":1000,"url":"https:\/\/www.interflora.se\/inspiration\/wp-content\/uploads\/2025\/03\/blomfakta_fikusumbellata5.jpg","type":"image\/jpeg"}],"author":"admin","twitter_card":"summary_large_image","twitter_misc":{"Skriven av":"admin","Ber\u00e4knad l\u00e4stid":"3 minuter"},"schema":{"@context":"https:\/\/schema.org","@graph":[{"@type":"Article","@id":"https:\/\/www.interflora.se\/inspiration\/fargskola-gron\/#article","isPartOf":{"@id":"https:\/\/www.interflora.se\/inspiration\/fargskola-gron\/"},"author":{"name":"admin","@id":"https:\/\/www.interflora.se\/inspiration\/#\/schema\/person\/dbbd1ad45e05409c356dc639597669f2"},"headline":"F\u00e4rgskola &#8211; Gr\u00f6na v\u00e4xter","datePublished":"2024-03-11T20:28:56+00:00","dateModified":"2025-03-24T13:54:10+00:00","mainEntityOfPage":{"@id":"https:\/\/www.interflora.se\/inspiration\/fargskola-gron\/"},"wordCount":574,"commentCount":0,"publisher":{"@id":"https:\/\/www.interflora.se\/inspiration\/#organization"},"image":{"@id":"https:\/\/www.interflora.se\/inspiration\/fargskola-gron\/#primaryimage"},"thumbnailUrl":"https:\/\/www.interflora.se\/inspiration\/wp-content\/uploads\/2025\/03\/blomfakta_fikusumbellata5.jpg","articleSection":["Blomsterspr\u00e5ket"],"inLanguage":"sv-SE","potentialAction":[{"@type":"CommentAction","name":"Comment","target":["https:\/\/www.interflora.se\/inspiration\/fargskola-gron\/#respond"]}]},{"@type":"WebPage","@id":"https:\/\/www.interflora.se\/inspiration\/fargskola-gron\/","url":"https:\/\/www.interflora.se\/inspiration\/fargskola-gron\/","name":"F\u00e4rgskola - Gr\u00f6na v\u00e4xter | Interflora","isPartOf":{"@id":"https:\/\/www.interflora.se\/inspiration\/#website"},"primaryImageOfPage":{"@id":"https:\/\/www.interflora.se\/inspiration\/fargskola-gron\/#primaryimage"},"image":{"@id":"https:\/\/www.interflora.se\/inspiration\/fargskola-gron\/#primaryimage"},"thumbnailUrl":"https:\/\/www.interflora.se\/inspiration\/wp-content\/uploads\/2025\/03\/blomfakta_fikusumbellata5.jpg","datePublished":"2024-03-11T20:28:56+00:00","dateModified":"2025-03-24T13:54:10+00:00","breadcrumb":{"@id":"https:\/\/www.interflora.se\/inspiration\/fargskola-gron\/#breadcrumb"},"inLanguage":"sv-SE","potentialAction":[{"@type":"ReadAction","target":["https:\/\/www.interflora.se\/inspiration\/fargskola-gron\/"]}]},{"@type":"ImageObject","inLanguage":"sv-SE","@id":"https:\/\/www.interflora.se\/inspiration\/fargskola-gron\/#primaryimage","url":"https:\/\/www.interflora.se\/inspiration\/wp-content\/uploads\/2025\/03\/blomfakta_fikusumbellata5.jpg","contentUrl":"https:\/\/www.interflora.se\/inspiration\/wp-content\/uploads\/2025\/03\/blomfakta_fikusumbellata5.jpg","width":800,"height":1000},{"@type":"BreadcrumbList","@id":"https:\/\/www.interflora.se\/inspiration\/fargskola-gron\/#breadcrumb","itemListElement":[{"@type":"ListItem","position":1,"name":"Home","item":"https:\/\/www.interflora.se\/inspiration\/"},{"@type":"ListItem","position":2,"name":"F\u00e4rgskola &#8211; Gr\u00f6na v\u00e4xter"}]},{"@type":"WebSite","@id":"https:\/\/www.interflora.se\/inspiration\/#website","url":"https:\/\/www.interflora.se\/inspiration\/","name":"Interflora","description":"","publisher":{"@id":"https:\/\/www.interflora.se\/inspiration\/#organization"},"potentialAction":[{"@type":"SearchAction","target":{"@type":"EntryPoint","urlTemplate":"https:\/\/www.interflora.se\/inspiration\/?s={search_term_string}"},"query-input":{"@type":"PropertyValueSpecification","valueRequired":true,"valueName":"search_term_string"}}],"inLanguage":"sv-SE"},{"@type":"Organization","@id":"https:\/\/www.interflora.se\/inspiration\/#organization","name":"Interflora","url":"https:\/\/www.interflora.se\/inspiration\/","logo":{"@type":"ImageObject","inLanguage":"sv-SE","@id":"https:\/\/www.interflora.se\/inspiration\/#\/schema\/logo\/image\/","url":"https:\/\/www.interflora.se\/inspiration\/wp-content\/uploads\/2025\/09\/cropped-220422_INTERFLORA_Logo_rgb_Half_Top_Circle_Main_Color.avif","contentUrl":"https:\/\/www.interflora.se\/inspiration\/wp-content\/uploads\/2025\/09\/cropped-220422_INTERFLORA_Logo_rgb_Half_Top_Circle_Main_Color.avif","width":1418,"height":662,"caption":"Interflora"},"image":{"@id":"https:\/\/www.interflora.se\/inspiration\/#\/schema\/logo\/image\/"},"sameAs":["https:\/\/www.facebook.com\/InterfloraAB","https:\/\/www.instagram.com\/interflora_ab\/","https:\/\/www.linkedin.com\/company\/1494362","https:\/\/www.youtube.com\/channel\/UCZgDzGWB2VRxaoWFUmXnk1w"]},{"@type":"Person","@id":"https:\/\/www.interflora.se\/inspiration\/#\/schema\/person\/dbbd1ad45e05409c356dc639597669f2","name":"admin","image":{"@type":"ImageObject","inLanguage":"sv-SE","@id":"https:\/\/www.interflora.se\/inspiration\/wp-content\/litespeed\/avatar\/1fe3cced9e67df62d0a6f995d75823a5.jpg?ver=1777362393","url":"https:\/\/www.interflora.se\/inspiration\/wp-content\/litespeed\/avatar\/1fe3cced9e67df62d0a6f995d75823a5.jpg?ver=1777362393","contentUrl":"https:\/\/www.interflora.se\/inspiration\/wp-content\/litespeed\/avatar\/1fe3cced9e67df62d0a6f995d75823a5.jpg?ver=1777362393","caption":"admin"},"sameAs":["https:\/\/www.interflora.se\/inspiration"],"url":"https:\/\/www.interflora.se\/inspiration\/author\/admin\/"}]}},"uagb_featured_image_src":{"full":["https:\/\/www.interflora.se\/inspiration\/wp-content\/uploads\/2025\/03\/blomfakta_fikusumbellata5.jpg",800,1000,false],"thumbnail":["https:\/\/www.interflora.se\/inspiration\/wp-content\/uploads\/2025\/03\/blomfakta_fikusumbellata5-150x150.jpg",150,150,true],"medium":["https:\/\/www.interflora.se\/inspiration\/wp-content\/uploads\/2025\/03\/blomfakta_fikusumbellata5-240x300.jpg",240,300,true],"medium_large":["https:\/\/www.interflora.se\/inspiration\/wp-content\/uploads\/2025\/03\/blomfakta_fikusumbellata5-768x960.jpg",768,960,true],"large":["https:\/\/www.interflora.se\/inspiration\/wp-content\/uploads\/2025\/03\/blomfakta_fikusumbellata5.jpg",800,1000,false],"1536x1536":["https:\/\/www.interflora.se\/inspiration\/wp-content\/uploads\/2025\/03\/blomfakta_fikusumbellata5.jpg",800,1000,false],"2048x2048":["https:\/\/www.interflora.se\/inspiration\/wp-content\/uploads\/2025\/03\/blomfakta_fikusumbellata5.jpg",800,1000,false]},"uagb_author_info":{"display_name":"admin","author_link":"https:\/\/www.interflora.se\/inspiration\/author\/admin\/"},"uagb_comment_info":0,"uagb_excerpt":"V\u00e4xternas gr\u00f6na f\u00e4rg kommer fr\u00e5n klorofyll, ett \u00e4mne som tar upp ljuset och hj\u00e4lper&nbsp;v\u00e4xten&nbsp;att genom fotosyntes omvandla koldioxid till syre. [&hellip;]","_links":{"self":[{"href":"https:\/\/www.interflora.se\/inspiration\/wp-json\/wp\/v2\/posts\/218","targetHints":{"allow":["GET"]}}],"collection":[{"href":"https:\/\/www.interflora.se\/inspiration\/wp-json\/wp\/v2\/posts"}],"about":[{"href":"https:\/\/www.interflora.se\/inspiration\/wp-json\/wp\/v2\/types\/post"}],"author":[{"embeddable":true,"href":"https:\/\/www.interflora.se\/inspiration\/wp-json\/wp\/v2\/users\/1"}],"replies":[{"embeddable":true,"href":"https:\/\/www.interflora.se\/inspiration\/wp-json\/wp\/v2\/comments?post=218"}],"version-history":[{"count":2,"href":"https:\/\/www.interflora.se\/inspiration\/wp-json\/wp\/v2\/posts\/218\/revisions"}],"predecessor-version":[{"id":1208,"href":"https:\/\/www.interflora.se\/inspiration\/wp-json\/wp\/v2\/posts\/218\/revisions\/1208"}],"wp:featuredmedia":[{"embeddable":true,"href":"https:\/\/www.interflora.se\/inspiration\/wp-json\/wp\/v2\/media\/1206"}],"wp:attachment":[{"href":"https:\/\/www.interflora.se\/inspiration\/wp-json\/wp\/v2\/media?parent=218"}],"wp:term":[{"taxonomy":"category","embeddable":true,"href":"https:\/\/www.interflora.se\/inspiration\/wp-json\/wp\/v2\/categories?post=218"},{"taxonomy":"post_tag","embeddable":true,"href":"https:\/\/www.interflora.se\/inspiration\/wp-json\/wp\/v2\/tags?post=218"}],"curies":[{"name":"wp","href":"https:\/\/api.w.org\/{rel}","templated":true}]}}