{"id":197,"date":"2024-11-30T05:14:34","date_gmt":"2024-11-30T04:14:34","guid":{"rendered":"http:\/\/preprodblog.interflora.se\/blog\/?p=197"},"modified":"2025-03-28T09:42:52","modified_gmt":"2025-03-28T08:42:52","slug":"duka-festfint-under-himlen","status":"publish","type":"post","link":"https:\/\/www.interflora.se\/inspiration\/duka-festfint-under-himlen\/","title":{"rendered":"Duka festfint under himlen"},"content":{"rendered":"\n<p><strong>Det \u00e4r enkelt att duka vackert i naturens eget glittrande och gr\u00f6nskande uterum. S\u00e4songens skira blomsterprakt matchar f\u00f6rsommaren n\u00e4r du bjuder g\u00e4sterna till bords under bar himmel.<\/strong><\/p>\n\n\n\n<p>Ljuset har \u00e5terv\u00e4nt, kv\u00e4llarna blir l\u00e5nga och ljumma och det \u00e4r sk\u00e4l s\u00e5 gott som n\u00e5gra att duka festfint under bar himmel. H\u00e5ll det enkelt! Det \u00e4r sj\u00e4lva id\u00e9n med den h\u00e4r dukningen vars blomsterarrangemang \u00e4r lika skirt som effektfullt.<\/p>\n\n\n\n<figure class=\"wp-block-image aligncenter\"><img decoding=\"async\" src=\"https:\/\/www.interflora.se\/inspiration\/wp-content\/uploads\/2025\/03\/dukning-under-bar-himmel-1.jpg\" alt=\"Dukning-Under-Bar-Himmel-1.jpg\"\/><\/figure>\n\n\n\n<p>H\u00e4r har vi valt vaser i klarglas som \u00e4r l\u00e5gm\u00e4lda i uttrycket. Tanken \u00e4r att de inte ska g\u00f6ra s\u00e5 mycket v\u00e4sen av sig. Det \u00e4r blommorna som ska ta f\u00f6r sig.<\/p>\n\n\n\n<p>\u2013 Man beh\u00f6ver minst fem vaser s\u00e5 att man kan gruppera dem snyggt, tre och tv\u00e5 tillsammans. N\u00e5gra st\u00f6rre och n\u00e5gra mindre, s\u00e4ger Interfloras florist Charlotte Gibeck och tipsar om att v\u00e4lja ett par tre stycken exklusiva s\u00e4songsblommor att f\u00f6rdela i dem. H\u00e4r skapas wow-effekten med ganska sm\u00e5 medel.<\/p>\n\n\n\n<figure class=\"wp-block-image aligncenter\"><img decoding=\"async\" src=\"https:\/\/www.interflora.se\/inspiration\/wp-content\/uploads\/2025\/03\/dukning-under-bar-himmel-5.jpg\" alt=\"Dukning-Under-Bar-Himmel-5.jpg\"\/><\/figure>\n\n\n\n<p>\u2013 Jag valde pioner som jag \u00e4lskar. Bland annat den halvfyllda \u2019Coral Sunset\u2019 som \u00e4r m\u00e5ngas favorit eftersom den skiftar f\u00e4rg och karakt\u00e4r \u00f6ver tid, fr\u00e5n korall till ljugul. En enkel pion i ljuvt rosa kompletterar. Det som \u00e4r h\u00e4rligt med pioner \u00e4r ju ocks\u00e5 att de flesta doftar underbart. Men vackra utslagna rosor \u00e4r ocks\u00e5 oerh\u00f6rt effektfulla alternativ.<\/p>\n\n\n\n<p>F\u00f6r att ge arrangemanget det r\u00e4tta skira uttrycket har Charlotte tagit bort merparten av de gr\u00f6na bladen fr\u00e5n stj\u00e4lkarna.<\/p>\n\n\n\n<p>\u2013 Om man har dem kvar s\u00e5 tar det m\u00f6rkgr\u00f6na upp mycket plats och sj\u00e4lva blommorna f\u00f6rsvinner lite. Nu blir det en helt annan k\u00e4nsla.<\/p>\n\n\n\n<figure class=\"wp-block-image aligncenter\"><img decoding=\"async\" src=\"https:\/\/www.interflora.se\/inspiration\/wp-content\/uploads\/2025\/03\/dukning-under-bar-himmel-2.jpg\" alt=\"Dukning-Under-Bar-Himmel-2.jpg\"\/><\/figure>\n\n\n\n<p>Var inte r\u00e4dd f\u00f6r att l\u00e5ta blommorna beh\u00e5lla sin l\u00e4ngd, trots att de ska st\u00e5 p\u00e5 matbordet. Det ger ett b\u00e5de lyxigt och luftigt intryck.<\/p>\n\n\n\n<p>F\u00f6r att f\u00f6rst\u00e4rka den milda f\u00e4rgskalan i pastell \u00e4r vaserna placerade p\u00e5 matchande ljusrosa och gr\u00e5 keramikfat.<\/p>\n\n\n\n<p>Varje mattallrik har f\u00f6rsetts med en miniglasvas med en riddarsporre p\u00e5 kort stj\u00e4lk. En egen blomma \u00e4r en v\u00e4lkomnande och omt\u00e4nksam gest och kommer att uppskattas!<\/p>\n\n\n\n<p>\u2013 Det \u00e4r fint att l\u00e5ta blommorna liksom flyta ut lite p\u00e5 bordet, s\u00e4ger Charlotte, som ocks\u00e5 stuckit in sm\u00e5 blommor i alla vikta servetter.<\/p>\n\n\n\n<figure class=\"wp-block-image aligncenter\"><img decoding=\"async\" src=\"https:\/\/www.interflora.se\/inspiration\/wp-content\/uploads\/2025\/03\/dukning-under-bar-himmel-4.jpg\" alt=\"Dukning-Under-Bar-Himmel-4.jpg\"\/><\/figure>\n\n\n\n<p>\u2013 Servettblommorna f\u00e5r du peta p\u00e5 plats det sista du g\u00f6r s\u00e5 att de \u00e4r fina och fr\u00e4scha n\u00e4r g\u00e4sterna kommer.<\/p>\n\n\n\n<p>Har du inga sm\u00e5 blommor \u00f6ver s\u00e5 g\u00e5r det bra med blad. Anv\u00e4nd dem du klippte bort fr\u00e5n pionerna eller plocka n\u00e5gra vackra sorter i naturen. N\u00e4r g\u00e4sterna slagit sig ner \u00e4r det bara att lyfta ur blommor och blad, s\u00e4tta i h\u00e5ret och l\u00e5ta festen b\u00f6rja.<\/p>\n\n\n\n<figure class=\"wp-block-image aligncenter\"><img decoding=\"async\" src=\"https:\/\/www.interflora.se\/inspiration\/wp-content\/uploads\/2025\/03\/dukning-under-bar-himmel-3.jpg\" alt=\"Dukning-Under-Bar-Himmel-3.jpg\"\/><\/figure>\n","protected":false},"excerpt":{"rendered":"<p>Det \u00e4r enkelt att duka vackert i naturens eget glittrande och gr\u00f6nskande uterum. S\u00e4songens skira blomsterprakt matchar f\u00f6rsommaren n\u00e4r du [&hellip;]<\/p>\n","protected":false},"author":1,"featured_media":3207,"comment_status":"open","ping_status":"open","sticky":false,"template":"","format":"standard","meta":{"_uag_custom_page_level_css":"","site-sidebar-layout":"default","site-content-layout":"","ast-site-content-layout":"default","site-content-style":"default","site-sidebar-style":"default","ast-global-header-display":"","ast-banner-title-visibility":"","ast-main-header-display":"","ast-hfb-above-header-display":"","ast-hfb-below-header-display":"","ast-hfb-mobile-header-display":"","site-post-title":"","ast-breadcrumbs-content":"","ast-featured-img":"","footer-sml-layout":"","ast-disable-related-posts":"","theme-transparent-header-meta":"","adv-header-id-meta":"","stick-header-meta":"","header-above-stick-meta":"","header-main-stick-meta":"","header-below-stick-meta":"","astra-migrate-meta-layouts":"default","ast-page-background-enabled":"default","ast-page-background-meta":{"desktop":{"background-color":"var(--ast-global-color-5)","background-image":"","background-repeat":"repeat","background-position":"center center","background-size":"auto","background-attachment":"scroll","background-type":"","background-media":"","overlay-type":"","overlay-color":"","overlay-opacity":"","overlay-gradient":""},"tablet":{"background-color":"","background-image":"","background-repeat":"repeat","background-position":"center center","background-size":"auto","background-attachment":"scroll","background-type":"","background-media":"","overlay-type":"","overlay-color":"","overlay-opacity":"","overlay-gradient":""},"mobile":{"background-color":"","background-image":"","background-repeat":"repeat","background-position":"center center","background-size":"auto","background-attachment":"scroll","background-type":"","background-media":"","overlay-type":"","overlay-color":"","overlay-opacity":"","overlay-gradient":""}},"ast-content-background-meta":{"desktop":{"background-color":"var(--ast-global-color-4)","background-image":"","background-repeat":"repeat","background-position":"center center","background-size":"auto","background-attachment":"scroll","background-type":"","background-media":"","overlay-type":"","overlay-color":"","overlay-opacity":"","overlay-gradient":""},"tablet":{"background-color":"var(--ast-global-color-4)","background-image":"","background-repeat":"repeat","background-position":"center center","background-size":"auto","background-attachment":"scroll","background-type":"","background-media":"","overlay-type":"","overlay-color":"","overlay-opacity":"","overlay-gradient":""},"mobile":{"background-color":"var(--ast-global-color-4)","background-image":"","background-repeat":"repeat","background-position":"center center","background-size":"auto","background-attachment":"scroll","background-type":"","background-media":"","overlay-type":"","overlay-color":"","overlay-opacity":"","overlay-gradient":""}},"footnotes":""},"categories":[4],"tags":[],"class_list":["post-197","post","type-post","status-publish","format-standard","has-post-thumbnail","hentry","category-tips"],"yoast_head":"<!-- This site is optimized with the Yoast SEO plugin v27.4 - https:\/\/yoast.com\/product\/yoast-seo-wordpress\/ -->\n<title>Duka festfint under himlen | Interflora<\/title>\n<meta name=\"robots\" content=\"index, follow, max-snippet:-1, max-image-preview:large, max-video-preview:-1\" \/>\n<link rel=\"canonical\" href=\"https:\/\/www.interflora.se\/inspiration\/duka-festfint-under-himlen\/\" \/>\n<meta property=\"og:locale\" content=\"sv_SE\" \/>\n<meta property=\"og:type\" content=\"article\" \/>\n<meta property=\"og:title\" content=\"Duka festfint under himlen | Interflora\" \/>\n<meta property=\"og:description\" content=\"Det \u00e4r enkelt att duka vackert i naturens eget glittrande och gr\u00f6nskande uterum. S\u00e4songens skira blomsterprakt matchar f\u00f6rsommaren n\u00e4r du [&hellip;]\" \/>\n<meta property=\"og:url\" content=\"https:\/\/www.interflora.se\/inspiration\/duka-festfint-under-himlen\/\" \/>\n<meta property=\"og:site_name\" content=\"Inspiration om blommor, krukv\u00e4xter &amp; trender | Interflora\" \/>\n<meta property=\"article:publisher\" content=\"https:\/\/www.facebook.com\/InterfloraAB\" \/>\n<meta property=\"article:published_time\" content=\"2024-11-30T04:14:34+00:00\" \/>\n<meta property=\"article:modified_time\" content=\"2025-03-28T08:42:52+00:00\" \/>\n<meta property=\"og:image\" content=\"https:\/\/www.interflora.se\/inspiration\/wp-content\/uploads\/2025\/03\/dukning-under-bar-himmel-1.jpg\" \/>\n\t<meta property=\"og:image:width\" content=\"800\" \/>\n\t<meta property=\"og:image:height\" content=\"1000\" \/>\n\t<meta property=\"og:image:type\" content=\"image\/jpeg\" \/>\n<meta name=\"author\" content=\"admin\" \/>\n<meta name=\"twitter:card\" content=\"summary_large_image\" \/>\n<meta name=\"twitter:label1\" content=\"Skriven av\" \/>\n\t<meta name=\"twitter:data1\" content=\"admin\" \/>\n\t<meta name=\"twitter:label2\" content=\"Ber\u00e4knad l\u00e4stid\" \/>\n\t<meta name=\"twitter:data2\" content=\"2 minuter\" \/>\n<script type=\"application\/ld+json\" class=\"yoast-schema-graph\">{\"@context\":\"https:\\\/\\\/schema.org\",\"@graph\":[{\"@type\":\"Article\",\"@id\":\"https:\\\/\\\/www.interflora.se\\\/inspiration\\\/duka-festfint-under-himlen\\\/#article\",\"isPartOf\":{\"@id\":\"https:\\\/\\\/www.interflora.se\\\/inspiration\\\/duka-festfint-under-himlen\\\/\"},\"author\":{\"name\":\"admin\",\"@id\":\"https:\\\/\\\/www.interflora.se\\\/inspiration\\\/#\\\/schema\\\/person\\\/dbbd1ad45e05409c356dc639597669f2\"},\"headline\":\"Duka festfint under himlen\",\"datePublished\":\"2024-11-30T04:14:34+00:00\",\"dateModified\":\"2025-03-28T08:42:52+00:00\",\"mainEntityOfPage\":{\"@id\":\"https:\\\/\\\/www.interflora.se\\\/inspiration\\\/duka-festfint-under-himlen\\\/\"},\"wordCount\":487,\"commentCount\":0,\"publisher\":{\"@id\":\"https:\\\/\\\/www.interflora.se\\\/inspiration\\\/#organization\"},\"image\":{\"@id\":\"https:\\\/\\\/www.interflora.se\\\/inspiration\\\/duka-festfint-under-himlen\\\/#primaryimage\"},\"thumbnailUrl\":\"https:\\\/\\\/www.interflora.se\\\/inspiration\\\/wp-content\\\/uploads\\\/2025\\\/03\\\/dukning-under-bar-himmel-1.jpg\",\"articleSection\":[\"Tips\"],\"inLanguage\":\"sv-SE\",\"potentialAction\":[{\"@type\":\"CommentAction\",\"name\":\"Comment\",\"target\":[\"https:\\\/\\\/www.interflora.se\\\/inspiration\\\/duka-festfint-under-himlen\\\/#respond\"]}]},{\"@type\":\"WebPage\",\"@id\":\"https:\\\/\\\/www.interflora.se\\\/inspiration\\\/duka-festfint-under-himlen\\\/\",\"url\":\"https:\\\/\\\/www.interflora.se\\\/inspiration\\\/duka-festfint-under-himlen\\\/\",\"name\":\"Duka festfint under himlen | Interflora\",\"isPartOf\":{\"@id\":\"https:\\\/\\\/www.interflora.se\\\/inspiration\\\/#website\"},\"primaryImageOfPage\":{\"@id\":\"https:\\\/\\\/www.interflora.se\\\/inspiration\\\/duka-festfint-under-himlen\\\/#primaryimage\"},\"image\":{\"@id\":\"https:\\\/\\\/www.interflora.se\\\/inspiration\\\/duka-festfint-under-himlen\\\/#primaryimage\"},\"thumbnailUrl\":\"https:\\\/\\\/www.interflora.se\\\/inspiration\\\/wp-content\\\/uploads\\\/2025\\\/03\\\/dukning-under-bar-himmel-1.jpg\",\"datePublished\":\"2024-11-30T04:14:34+00:00\",\"dateModified\":\"2025-03-28T08:42:52+00:00\",\"breadcrumb\":{\"@id\":\"https:\\\/\\\/www.interflora.se\\\/inspiration\\\/duka-festfint-under-himlen\\\/#breadcrumb\"},\"inLanguage\":\"sv-SE\",\"potentialAction\":[{\"@type\":\"ReadAction\",\"target\":[\"https:\\\/\\\/www.interflora.se\\\/inspiration\\\/duka-festfint-under-himlen\\\/\"]}]},{\"@type\":\"ImageObject\",\"inLanguage\":\"sv-SE\",\"@id\":\"https:\\\/\\\/www.interflora.se\\\/inspiration\\\/duka-festfint-under-himlen\\\/#primaryimage\",\"url\":\"https:\\\/\\\/www.interflora.se\\\/inspiration\\\/wp-content\\\/uploads\\\/2025\\\/03\\\/dukning-under-bar-himmel-1.jpg\",\"contentUrl\":\"https:\\\/\\\/www.interflora.se\\\/inspiration\\\/wp-content\\\/uploads\\\/2025\\\/03\\\/dukning-under-bar-himmel-1.jpg\",\"width\":800,\"height\":1000},{\"@type\":\"BreadcrumbList\",\"@id\":\"https:\\\/\\\/www.interflora.se\\\/inspiration\\\/duka-festfint-under-himlen\\\/#breadcrumb\",\"itemListElement\":[{\"@type\":\"ListItem\",\"position\":1,\"name\":\"Home\",\"item\":\"https:\\\/\\\/www.interflora.se\\\/inspiration\\\/\"},{\"@type\":\"ListItem\",\"position\":2,\"name\":\"Duka festfint under himlen\"}]},{\"@type\":\"WebSite\",\"@id\":\"https:\\\/\\\/www.interflora.se\\\/inspiration\\\/#website\",\"url\":\"https:\\\/\\\/www.interflora.se\\\/inspiration\\\/\",\"name\":\"Interflora\",\"description\":\"\",\"publisher\":{\"@id\":\"https:\\\/\\\/www.interflora.se\\\/inspiration\\\/#organization\"},\"potentialAction\":[{\"@type\":\"SearchAction\",\"target\":{\"@type\":\"EntryPoint\",\"urlTemplate\":\"https:\\\/\\\/www.interflora.se\\\/inspiration\\\/?s={search_term_string}\"},\"query-input\":{\"@type\":\"PropertyValueSpecification\",\"valueRequired\":true,\"valueName\":\"search_term_string\"}}],\"inLanguage\":\"sv-SE\"},{\"@type\":\"Organization\",\"@id\":\"https:\\\/\\\/www.interflora.se\\\/inspiration\\\/#organization\",\"name\":\"Interflora\",\"url\":\"https:\\\/\\\/www.interflora.se\\\/inspiration\\\/\",\"logo\":{\"@type\":\"ImageObject\",\"inLanguage\":\"sv-SE\",\"@id\":\"https:\\\/\\\/www.interflora.se\\\/inspiration\\\/#\\\/schema\\\/logo\\\/image\\\/\",\"url\":\"https:\\\/\\\/www.interflora.se\\\/inspiration\\\/wp-content\\\/uploads\\\/2025\\\/09\\\/cropped-220422_INTERFLORA_Logo_rgb_Half_Top_Circle_Main_Color.avif\",\"contentUrl\":\"https:\\\/\\\/www.interflora.se\\\/inspiration\\\/wp-content\\\/uploads\\\/2025\\\/09\\\/cropped-220422_INTERFLORA_Logo_rgb_Half_Top_Circle_Main_Color.avif\",\"width\":1418,\"height\":662,\"caption\":\"Interflora\"},\"image\":{\"@id\":\"https:\\\/\\\/www.interflora.se\\\/inspiration\\\/#\\\/schema\\\/logo\\\/image\\\/\"},\"sameAs\":[\"https:\\\/\\\/www.facebook.com\\\/InterfloraAB\",\"https:\\\/\\\/www.instagram.com\\\/interflora_ab\\\/\",\"https:\\\/\\\/www.linkedin.com\\\/company\\\/1494362\",\"https:\\\/\\\/www.youtube.com\\\/channel\\\/UCZgDzGWB2VRxaoWFUmXnk1w\"]},{\"@type\":\"Person\",\"@id\":\"https:\\\/\\\/www.interflora.se\\\/inspiration\\\/#\\\/schema\\\/person\\\/dbbd1ad45e05409c356dc639597669f2\",\"name\":\"admin\",\"image\":{\"@type\":\"ImageObject\",\"inLanguage\":\"sv-SE\",\"@id\":\"https:\\\/\\\/www.interflora.se\\\/inspiration\\\/wp-content\\\/litespeed\\\/avatar\\\/1fe3cced9e67df62d0a6f995d75823a5.jpg?ver=1777362393\",\"url\":\"https:\\\/\\\/www.interflora.se\\\/inspiration\\\/wp-content\\\/litespeed\\\/avatar\\\/1fe3cced9e67df62d0a6f995d75823a5.jpg?ver=1777362393\",\"contentUrl\":\"https:\\\/\\\/www.interflora.se\\\/inspiration\\\/wp-content\\\/litespeed\\\/avatar\\\/1fe3cced9e67df62d0a6f995d75823a5.jpg?ver=1777362393\",\"caption\":\"admin\"},\"sameAs\":[\"https:\\\/\\\/www.interflora.se\\\/inspiration\"],\"url\":\"https:\\\/\\\/www.interflora.se\\\/inspiration\\\/author\\\/admin\\\/\"}]}<\/script>\n<!-- \/ Yoast SEO plugin. -->","yoast_head_json":{"title":"Duka festfint under himlen | Interflora","robots":{"index":"index","follow":"follow","max-snippet":"max-snippet:-1","max-image-preview":"max-image-preview:large","max-video-preview":"max-video-preview:-1"},"canonical":"https:\/\/www.interflora.se\/inspiration\/duka-festfint-under-himlen\/","og_locale":"sv_SE","og_type":"article","og_title":"Duka festfint under himlen | Interflora","og_description":"Det \u00e4r enkelt att duka vackert i naturens eget glittrande och gr\u00f6nskande uterum. S\u00e4songens skira blomsterprakt matchar f\u00f6rsommaren n\u00e4r du [&hellip;]","og_url":"https:\/\/www.interflora.se\/inspiration\/duka-festfint-under-himlen\/","og_site_name":"Inspiration om blommor, krukv\u00e4xter &amp; trender | Interflora","article_publisher":"https:\/\/www.facebook.com\/InterfloraAB","article_published_time":"2024-11-30T04:14:34+00:00","article_modified_time":"2025-03-28T08:42:52+00:00","og_image":[{"width":800,"height":1000,"url":"https:\/\/www.interflora.se\/inspiration\/wp-content\/uploads\/2025\/03\/dukning-under-bar-himmel-1.jpg","type":"image\/jpeg"}],"author":"admin","twitter_card":"summary_large_image","twitter_misc":{"Skriven av":"admin","Ber\u00e4knad l\u00e4stid":"2 minuter"},"schema":{"@context":"https:\/\/schema.org","@graph":[{"@type":"Article","@id":"https:\/\/www.interflora.se\/inspiration\/duka-festfint-under-himlen\/#article","isPartOf":{"@id":"https:\/\/www.interflora.se\/inspiration\/duka-festfint-under-himlen\/"},"author":{"name":"admin","@id":"https:\/\/www.interflora.se\/inspiration\/#\/schema\/person\/dbbd1ad45e05409c356dc639597669f2"},"headline":"Duka festfint under himlen","datePublished":"2024-11-30T04:14:34+00:00","dateModified":"2025-03-28T08:42:52+00:00","mainEntityOfPage":{"@id":"https:\/\/www.interflora.se\/inspiration\/duka-festfint-under-himlen\/"},"wordCount":487,"commentCount":0,"publisher":{"@id":"https:\/\/www.interflora.se\/inspiration\/#organization"},"image":{"@id":"https:\/\/www.interflora.se\/inspiration\/duka-festfint-under-himlen\/#primaryimage"},"thumbnailUrl":"https:\/\/www.interflora.se\/inspiration\/wp-content\/uploads\/2025\/03\/dukning-under-bar-himmel-1.jpg","articleSection":["Tips"],"inLanguage":"sv-SE","potentialAction":[{"@type":"CommentAction","name":"Comment","target":["https:\/\/www.interflora.se\/inspiration\/duka-festfint-under-himlen\/#respond"]}]},{"@type":"WebPage","@id":"https:\/\/www.interflora.se\/inspiration\/duka-festfint-under-himlen\/","url":"https:\/\/www.interflora.se\/inspiration\/duka-festfint-under-himlen\/","name":"Duka festfint under himlen | Interflora","isPartOf":{"@id":"https:\/\/www.interflora.se\/inspiration\/#website"},"primaryImageOfPage":{"@id":"https:\/\/www.interflora.se\/inspiration\/duka-festfint-under-himlen\/#primaryimage"},"image":{"@id":"https:\/\/www.interflora.se\/inspiration\/duka-festfint-under-himlen\/#primaryimage"},"thumbnailUrl":"https:\/\/www.interflora.se\/inspiration\/wp-content\/uploads\/2025\/03\/dukning-under-bar-himmel-1.jpg","datePublished":"2024-11-30T04:14:34+00:00","dateModified":"2025-03-28T08:42:52+00:00","breadcrumb":{"@id":"https:\/\/www.interflora.se\/inspiration\/duka-festfint-under-himlen\/#breadcrumb"},"inLanguage":"sv-SE","potentialAction":[{"@type":"ReadAction","target":["https:\/\/www.interflora.se\/inspiration\/duka-festfint-under-himlen\/"]}]},{"@type":"ImageObject","inLanguage":"sv-SE","@id":"https:\/\/www.interflora.se\/inspiration\/duka-festfint-under-himlen\/#primaryimage","url":"https:\/\/www.interflora.se\/inspiration\/wp-content\/uploads\/2025\/03\/dukning-under-bar-himmel-1.jpg","contentUrl":"https:\/\/www.interflora.se\/inspiration\/wp-content\/uploads\/2025\/03\/dukning-under-bar-himmel-1.jpg","width":800,"height":1000},{"@type":"BreadcrumbList","@id":"https:\/\/www.interflora.se\/inspiration\/duka-festfint-under-himlen\/#breadcrumb","itemListElement":[{"@type":"ListItem","position":1,"name":"Home","item":"https:\/\/www.interflora.se\/inspiration\/"},{"@type":"ListItem","position":2,"name":"Duka festfint under himlen"}]},{"@type":"WebSite","@id":"https:\/\/www.interflora.se\/inspiration\/#website","url":"https:\/\/www.interflora.se\/inspiration\/","name":"Interflora","description":"","publisher":{"@id":"https:\/\/www.interflora.se\/inspiration\/#organization"},"potentialAction":[{"@type":"SearchAction","target":{"@type":"EntryPoint","urlTemplate":"https:\/\/www.interflora.se\/inspiration\/?s={search_term_string}"},"query-input":{"@type":"PropertyValueSpecification","valueRequired":true,"valueName":"search_term_string"}}],"inLanguage":"sv-SE"},{"@type":"Organization","@id":"https:\/\/www.interflora.se\/inspiration\/#organization","name":"Interflora","url":"https:\/\/www.interflora.se\/inspiration\/","logo":{"@type":"ImageObject","inLanguage":"sv-SE","@id":"https:\/\/www.interflora.se\/inspiration\/#\/schema\/logo\/image\/","url":"https:\/\/www.interflora.se\/inspiration\/wp-content\/uploads\/2025\/09\/cropped-220422_INTERFLORA_Logo_rgb_Half_Top_Circle_Main_Color.avif","contentUrl":"https:\/\/www.interflora.se\/inspiration\/wp-content\/uploads\/2025\/09\/cropped-220422_INTERFLORA_Logo_rgb_Half_Top_Circle_Main_Color.avif","width":1418,"height":662,"caption":"Interflora"},"image":{"@id":"https:\/\/www.interflora.se\/inspiration\/#\/schema\/logo\/image\/"},"sameAs":["https:\/\/www.facebook.com\/InterfloraAB","https:\/\/www.instagram.com\/interflora_ab\/","https:\/\/www.linkedin.com\/company\/1494362","https:\/\/www.youtube.com\/channel\/UCZgDzGWB2VRxaoWFUmXnk1w"]},{"@type":"Person","@id":"https:\/\/www.interflora.se\/inspiration\/#\/schema\/person\/dbbd1ad45e05409c356dc639597669f2","name":"admin","image":{"@type":"ImageObject","inLanguage":"sv-SE","@id":"https:\/\/www.interflora.se\/inspiration\/wp-content\/litespeed\/avatar\/1fe3cced9e67df62d0a6f995d75823a5.jpg?ver=1777362393","url":"https:\/\/www.interflora.se\/inspiration\/wp-content\/litespeed\/avatar\/1fe3cced9e67df62d0a6f995d75823a5.jpg?ver=1777362393","contentUrl":"https:\/\/www.interflora.se\/inspiration\/wp-content\/litespeed\/avatar\/1fe3cced9e67df62d0a6f995d75823a5.jpg?ver=1777362393","caption":"admin"},"sameAs":["https:\/\/www.interflora.se\/inspiration"],"url":"https:\/\/www.interflora.se\/inspiration\/author\/admin\/"}]}},"uagb_featured_image_src":{"full":["https:\/\/www.interflora.se\/inspiration\/wp-content\/uploads\/2025\/03\/dukning-under-bar-himmel-1.jpg",800,1000,false],"thumbnail":["https:\/\/www.interflora.se\/inspiration\/wp-content\/uploads\/2025\/03\/dukning-under-bar-himmel-1-150x150.jpg",150,150,true],"medium":["https:\/\/www.interflora.se\/inspiration\/wp-content\/uploads\/2025\/03\/dukning-under-bar-himmel-1-240x300.jpg",240,300,true],"medium_large":["https:\/\/www.interflora.se\/inspiration\/wp-content\/uploads\/2025\/03\/dukning-under-bar-himmel-1-768x960.jpg",768,960,true],"large":["https:\/\/www.interflora.se\/inspiration\/wp-content\/uploads\/2025\/03\/dukning-under-bar-himmel-1.jpg",800,1000,false],"1536x1536":["https:\/\/www.interflora.se\/inspiration\/wp-content\/uploads\/2025\/03\/dukning-under-bar-himmel-1.jpg",800,1000,false],"2048x2048":["https:\/\/www.interflora.se\/inspiration\/wp-content\/uploads\/2025\/03\/dukning-under-bar-himmel-1.jpg",800,1000,false]},"uagb_author_info":{"display_name":"admin","author_link":"https:\/\/www.interflora.se\/inspiration\/author\/admin\/"},"uagb_comment_info":0,"uagb_excerpt":"Det \u00e4r enkelt att duka vackert i naturens eget glittrande och gr\u00f6nskande uterum. S\u00e4songens skira blomsterprakt matchar f\u00f6rsommaren n\u00e4r du [&hellip;]","_links":{"self":[{"href":"https:\/\/www.interflora.se\/inspiration\/wp-json\/wp\/v2\/posts\/197","targetHints":{"allow":["GET"]}}],"collection":[{"href":"https:\/\/www.interflora.se\/inspiration\/wp-json\/wp\/v2\/posts"}],"about":[{"href":"https:\/\/www.interflora.se\/inspiration\/wp-json\/wp\/v2\/types\/post"}],"author":[{"embeddable":true,"href":"https:\/\/www.interflora.se\/inspiration\/wp-json\/wp\/v2\/users\/1"}],"replies":[{"embeddable":true,"href":"https:\/\/www.interflora.se\/inspiration\/wp-json\/wp\/v2\/comments?post=197"}],"version-history":[{"count":1,"href":"https:\/\/www.interflora.se\/inspiration\/wp-json\/wp\/v2\/posts\/197\/revisions"}],"predecessor-version":[{"id":3212,"href":"https:\/\/www.interflora.se\/inspiration\/wp-json\/wp\/v2\/posts\/197\/revisions\/3212"}],"wp:featuredmedia":[{"embeddable":true,"href":"https:\/\/www.interflora.se\/inspiration\/wp-json\/wp\/v2\/media\/3207"}],"wp:attachment":[{"href":"https:\/\/www.interflora.se\/inspiration\/wp-json\/wp\/v2\/media?parent=197"}],"wp:term":[{"taxonomy":"category","embeddable":true,"href":"https:\/\/www.interflora.se\/inspiration\/wp-json\/wp\/v2\/categories?post=197"},{"taxonomy":"post_tag","embeddable":true,"href":"https:\/\/www.interflora.se\/inspiration\/wp-json\/wp\/v2\/tags?post=197"}],"curies":[{"name":"wp","href":"https:\/\/api.w.org\/{rel}","templated":true}]}}