{"id":183,"date":"2023-08-27T15:46:03","date_gmt":"2023-08-27T13:46:03","guid":{"rendered":"http:\/\/preprodblog.interflora.se\/blog\/?p=183"},"modified":"2025-03-26T14:35:28","modified_gmt":"2025-03-26T13:35:28","slug":"diy-floristisk-stjarna","status":"publish","type":"post","link":"https:\/\/www.interflora.se\/inspiration\/diy-floristisk-stjarna\/","title":{"rendered":"Floristisk stj\u00e4rna"},"content":{"rendered":"\n<p>Har&nbsp;du en gammal tr\u00f6tt pappersstj\u00e4rna i en l\u00e5da&nbsp;p\u00e5 vinden? Sl\u00e4ng den inte! Den kan bli stommen till ett floristiskt adventspyssel.&nbsp;<\/p>\n\n\n\n<p>F\u00f6nsterstj\u00e4rnor f\u00e5r ju st\u00e5 ut med en del och kanske k\u00e4nns f\u00e4rg och m\u00f6nster lite omoderna. Perfekt! Har du en egen tr\u00e4dg\u00e5rd finns botaniskt material n\u00e4ra till hands, annars kan du plocka vackra blad i naturen eller hitta vad du beh\u00f6ver i blomsterbutiken.<\/p>\n\n\n\n<figure class=\"wp-block-image\"><img decoding=\"async\" src=\"https:\/\/www.interflora.se\/inspiration\/wp-content\/uploads\/2025\/03\/diy-julstjarna-blad.jpg\" alt=\"DIY-Julstj\u00e4rna-Blad.jpg\"\/><\/figure>\n\n\n\n<p>Stj\u00e4rnan till v\u00e4nster \u00e4r kl\u00e4dd med sammetslena lamm\u00f6ron. Silverek ger intryck av att stj\u00e4rnan till h\u00f6ger \u00e4r t\u00e4ckt av spets. F\u00e4rgerna skiftar i olika ljusgr\u00f6na nyanser.<\/p>\n\n\n\n<p>\u2013&nbsp;Baksidan av hallonblad, lamm\u00f6ron och tussilagoblad \u00e4r j\u00e4ttefina&nbsp;att jobba med. Har man tur s\u00e5 kan de fortfarande vara&nbsp;vackra&nbsp;i oktober och november, s\u00e4ger floristen Sara-Lisa Ludvigsson.&nbsp;&nbsp;<\/p>\n\n\n\n<p>Silverek&nbsp;\u00e4r ett annan anv\u00e4ndbar v\u00e4xt, som kommer ge din stj\u00e4rna ett naturligt spetsm\u00f6nster i blekt gr\u00e5gr\u00f6n&nbsp;nyans.&nbsp;<\/p>\n\n\n\n<p>\u2013 Den torkar fint och blir lite krullig i strukturen. Jag brukar plantera&nbsp;silverek&nbsp;i utekrukor p\u00e5 v\u00e5ren, s\u00e5 f\u00e5r de st\u00e5 d\u00e4r och v\u00e4xa till sig f\u00f6r att till slut bli pysselmaterial&nbsp;fram\u00e5t&nbsp;jul.&nbsp;Silverek&nbsp;t\u00e5l n\u00e5gra minusgrader och g\u00e5r att sk\u00f6rda n\u00e4r det \u00e4r dags&nbsp;att pyssla, tipsar Sara-Lisa.&nbsp;<\/p>\n\n\n\n<p>Du beh\u00f6ver:&nbsp;<\/p>\n\n\n\n<ul class=\"wp-block-list\">\n<li>Julstj\u00e4rna av papper<\/li>\n\n\n\n<li>Tapetlim\/limpistol\/limstift<\/li>\n\n\n\n<li>Sax<\/li>\n\n\n\n<li>F\u00e4rska blad eller torkat material som eterneller, kanelst\u00e4nger, ros\u00e9peppar, syrenhortensia, kottar med mera<\/li>\n\n\n\n<li>Eventuellt en kruka, hobbylera, armeringsj\u00e4rn\/pinne\u00a0och kuddmossa<\/li>\n<\/ul>\n\n\n\n<p>G\u00f6r s\u00e5 h\u00e4r:&nbsp;<\/p>\n\n\n\n<ol class=\"wp-block-list\">\n<li>Limma fast blad p\u00e5 stommen. Om du anv\u00e4nder hallon-\u00a0eller\u00a0tussilagoblad\u00a0kan du l\u00e5ta dem\u00a0bli lite slappa,\u00a0d\u00e5 \u00e4r det l\u00e4ttare att f\u00f6lja stj\u00e4rnans form.\u00a0Limma dem med baksidan upp f\u00f6r att f\u00e5 en fin gr\u00e5 nyans.\u00a0<\/li>\n\n\n\n<li>T\u00e4ck stj\u00e4rnan med ett grundvarv. Bladen torkar n\u00e4r de krymper och d\u00e4rf\u00f6r \u00e4r det bra att g\u00f6ra ett finare varv sist. S\u00e4tt bladen t\u00e4tt i mitten\u00a0av stj\u00e4rnan\u00a0och anv\u00e4nd mindre blad ju n\u00e4rmre ut i spetsarna du kommer.\u00a0<\/li>\n\n\n\n<li>Tips! L\u00e4gg stj\u00e4rnan ovanp\u00e5 en kruka medan du jobbar, d\u00e5 skaver den inte mot bordet.\u00a0<\/li>\n\n\n\n<li>Lek med bladens form, limma fast dem i cirklar eller r\u00e4nder efter smak. Eller strunta helt i m\u00f6nster.<\/li>\n\n\n\n<li>Om du ska h\u00e4nga stj\u00e4rnan i f\u00f6nstret beh\u00f6ver du limma blad p\u00e5 baksidan. Ska den h\u00e4nga mot en v\u00e4gg beh\u00f6vs blad bara p\u00e5 en bit av baksidan.\u00a0<\/li>\n<\/ol>\n\n\n\n<figure class=\"wp-block-image\"><img decoding=\"async\" src=\"https:\/\/www.interflora.se\/inspiration\/wp-content\/uploads\/2025\/03\/diy-julstjarna-torkad.jpg\" alt=\"DIY-Julstj\u00e4rna-Torkad.jpg\"\/><\/figure>\n\n\n\n<p><br>Om du ska h\u00e4nga stj\u00e4rnorna mot en v\u00e4gg beh\u00f6vs bara blad p\u00e5 framsidorna och en bit in p\u00e5 baksidorna. Ska de h\u00e4nga i f\u00f6nster f\u00e5r du t\u00e4cka runtom. Anv\u00e4nd torkat material, silverek och lamm\u00f6ron.<\/p>\n\n\n\n<figure class=\"wp-block-image\"><img decoding=\"async\" src=\"https:\/\/www.interflora.se\/inspiration\/wp-content\/uploads\/2025\/03\/diy-julstjarna-torkad2.jpg\" alt=\"DIY-Julstj\u00e4rna-Torkad2.jpg\"\/><\/figure>\n\n\n\n<figure class=\"wp-block-image\"><img decoding=\"async\" src=\"https:\/\/www.interflora.se\/inspiration\/wp-content\/uploads\/2025\/03\/diy-julstjarna-kruka.jpg\" alt=\"DIY-Julstj\u00e4rna-Kruka.jpg\"\/><\/figure>\n\n\n\n<p>Tips! S\u00e4tt din stj\u00e4rna p\u00e5 pinne. Stoppa hobbylera i en kruka, men l\u00e4mna sex\u2013\u00e5tta centimeter upp till krukans kant.&nbsp;Stick&nbsp;ner&nbsp;en&nbsp;pinne&nbsp;eller&nbsp;ett&nbsp;armeringsj\u00e4rn i leran&nbsp;centrerat&nbsp;i krukans mitt&nbsp;(p\u00e5 bygghandeln kan de ofta kapa armeringsj\u00e4rnet i r\u00e4tt l\u00e4ngd&nbsp;om du ber sn\u00e4llt). Se till att det blir rakt&nbsp;innan du l\u00e5ter leran torka. S\u00e4tt din dekorerade stj\u00e4rna p\u00e5 pinnen&nbsp;som f\u00e5r g\u00e5&nbsp;rakt upp i en udd.&nbsp;T\u00e4ck leran&nbsp;med kuddmossa, n\u00f6tter eller kottar.&nbsp;<\/p>\n\n\n\n<p>G\u00f6r du flera stj\u00e4rnor och placerar i grupp kan det vara fint att b\u00f6ja pinnarna s\u00e5 de f\u00e5r \u201dsv\u00e4va\u201d lite.<\/p>\n\n\n\n<p><a href=\"https:\/\/www.interflora.se\/home\/snittblommor\/julblommor\/\">Best\u00e4ll hem julblommor<\/a><\/p>\n","protected":false},"excerpt":{"rendered":"<p>Har&nbsp;du en gammal tr\u00f6tt pappersstj\u00e4rna i en l\u00e5da&nbsp;p\u00e5 vinden? Sl\u00e4ng den inte! Den kan bli stommen till ett floristiskt adventspyssel.&nbsp; [&hellip;]<\/p>\n","protected":false},"author":1,"featured_media":2003,"comment_status":"open","ping_status":"open","sticky":false,"template":"","format":"standard","meta":{"_uag_custom_page_level_css":"","site-sidebar-layout":"default","site-content-layout":"","ast-site-content-layout":"default","site-content-style":"default","site-sidebar-style":"default","ast-global-header-display":"","ast-banner-title-visibility":"","ast-main-header-display":"","ast-hfb-above-header-display":"","ast-hfb-below-header-display":"","ast-hfb-mobile-header-display":"","site-post-title":"","ast-breadcrumbs-content":"","ast-featured-img":"","footer-sml-layout":"","ast-disable-related-posts":"","theme-transparent-header-meta":"","adv-header-id-meta":"","stick-header-meta":"","header-above-stick-meta":"","header-main-stick-meta":"","header-below-stick-meta":"","astra-migrate-meta-layouts":"default","ast-page-background-enabled":"default","ast-page-background-meta":{"desktop":{"background-color":"var(--ast-global-color-5)","background-image":"","background-repeat":"repeat","background-position":"center center","background-size":"auto","background-attachment":"scroll","background-type":"","background-media":"","overlay-type":"","overlay-color":"","overlay-opacity":"","overlay-gradient":""},"tablet":{"background-color":"","background-image":"","background-repeat":"repeat","background-position":"center center","background-size":"auto","background-attachment":"scroll","background-type":"","background-media":"","overlay-type":"","overlay-color":"","overlay-opacity":"","overlay-gradient":""},"mobile":{"background-color":"","background-image":"","background-repeat":"repeat","background-position":"center center","background-size":"auto","background-attachment":"scroll","background-type":"","background-media":"","overlay-type":"","overlay-color":"","overlay-opacity":"","overlay-gradient":""}},"ast-content-background-meta":{"desktop":{"background-color":"var(--ast-global-color-4)","background-image":"","background-repeat":"repeat","background-position":"center center","background-size":"auto","background-attachment":"scroll","background-type":"","background-media":"","overlay-type":"","overlay-color":"","overlay-opacity":"","overlay-gradient":""},"tablet":{"background-color":"var(--ast-global-color-4)","background-image":"","background-repeat":"repeat","background-position":"center center","background-size":"auto","background-attachment":"scroll","background-type":"","background-media":"","overlay-type":"","overlay-color":"","overlay-opacity":"","overlay-gradient":""},"mobile":{"background-color":"var(--ast-global-color-4)","background-image":"","background-repeat":"repeat","background-position":"center center","background-size":"auto","background-attachment":"scroll","background-type":"","background-media":"","overlay-type":"","overlay-color":"","overlay-opacity":"","overlay-gradient":""}},"footnotes":""},"categories":[5],"tags":[],"class_list":["post-183","post","type-post","status-publish","format-standard","has-post-thumbnail","hentry","category-diy"],"yoast_head":"<!-- This site is optimized with the Yoast SEO plugin v27.4 - https:\/\/yoast.com\/product\/yoast-seo-wordpress\/ -->\n<title>Floristisk stj\u00e4rna | Interflora<\/title>\n<meta name=\"robots\" content=\"index, follow, max-snippet:-1, max-image-preview:large, max-video-preview:-1\" \/>\n<link rel=\"canonical\" href=\"https:\/\/www.interflora.se\/inspiration\/diy-floristisk-stjarna\/\" \/>\n<meta property=\"og:locale\" content=\"sv_SE\" \/>\n<meta property=\"og:type\" content=\"article\" \/>\n<meta property=\"og:title\" content=\"Floristisk stj\u00e4rna | Interflora\" \/>\n<meta property=\"og:description\" content=\"Har&nbsp;du en gammal tr\u00f6tt pappersstj\u00e4rna i en l\u00e5da&nbsp;p\u00e5 vinden? Sl\u00e4ng den inte! Den kan bli stommen till ett floristiskt adventspyssel.&nbsp; [&hellip;]\" \/>\n<meta property=\"og:url\" content=\"https:\/\/www.interflora.se\/inspiration\/diy-floristisk-stjarna\/\" \/>\n<meta property=\"og:site_name\" content=\"Inspiration om blommor, krukv\u00e4xter &amp; trender | Interflora\" \/>\n<meta property=\"article:publisher\" content=\"https:\/\/www.facebook.com\/InterfloraAB\" \/>\n<meta property=\"article:published_time\" content=\"2023-08-27T13:46:03+00:00\" \/>\n<meta property=\"article:modified_time\" content=\"2025-03-26T13:35:28+00:00\" \/>\n<meta property=\"og:image\" content=\"https:\/\/www.interflora.se\/inspiration\/wp-content\/uploads\/2025\/03\/diy-julstjarna-kruka.jpg\" \/>\n\t<meta property=\"og:image:width\" content=\"800\" \/>\n\t<meta property=\"og:image:height\" content=\"1000\" \/>\n\t<meta property=\"og:image:type\" content=\"image\/jpeg\" \/>\n<meta name=\"author\" content=\"admin\" \/>\n<meta name=\"twitter:card\" content=\"summary_large_image\" \/>\n<meta name=\"twitter:label1\" content=\"Skriven av\" \/>\n\t<meta name=\"twitter:data1\" content=\"admin\" \/>\n\t<meta name=\"twitter:label2\" content=\"Ber\u00e4knad l\u00e4stid\" \/>\n\t<meta name=\"twitter:data2\" content=\"3 minuter\" \/>\n<script type=\"application\/ld+json\" class=\"yoast-schema-graph\">{\"@context\":\"https:\\\/\\\/schema.org\",\"@graph\":[{\"@type\":\"Article\",\"@id\":\"https:\\\/\\\/www.interflora.se\\\/inspiration\\\/diy-floristisk-stjarna\\\/#article\",\"isPartOf\":{\"@id\":\"https:\\\/\\\/www.interflora.se\\\/inspiration\\\/diy-floristisk-stjarna\\\/\"},\"author\":{\"name\":\"admin\",\"@id\":\"https:\\\/\\\/www.interflora.se\\\/inspiration\\\/#\\\/schema\\\/person\\\/dbbd1ad45e05409c356dc639597669f2\"},\"headline\":\"Floristisk stj\u00e4rna\",\"datePublished\":\"2023-08-27T13:46:03+00:00\",\"dateModified\":\"2025-03-26T13:35:28+00:00\",\"mainEntityOfPage\":{\"@id\":\"https:\\\/\\\/www.interflora.se\\\/inspiration\\\/diy-floristisk-stjarna\\\/\"},\"wordCount\":644,\"commentCount\":0,\"publisher\":{\"@id\":\"https:\\\/\\\/www.interflora.se\\\/inspiration\\\/#organization\"},\"image\":{\"@id\":\"https:\\\/\\\/www.interflora.se\\\/inspiration\\\/diy-floristisk-stjarna\\\/#primaryimage\"},\"thumbnailUrl\":\"https:\\\/\\\/www.interflora.se\\\/inspiration\\\/wp-content\\\/uploads\\\/2025\\\/03\\\/diy-julstjarna-kruka.jpg\",\"articleSection\":[\"DIY\"],\"inLanguage\":\"sv-SE\",\"potentialAction\":[{\"@type\":\"CommentAction\",\"name\":\"Comment\",\"target\":[\"https:\\\/\\\/www.interflora.se\\\/inspiration\\\/diy-floristisk-stjarna\\\/#respond\"]}]},{\"@type\":\"WebPage\",\"@id\":\"https:\\\/\\\/www.interflora.se\\\/inspiration\\\/diy-floristisk-stjarna\\\/\",\"url\":\"https:\\\/\\\/www.interflora.se\\\/inspiration\\\/diy-floristisk-stjarna\\\/\",\"name\":\"Floristisk stj\u00e4rna | Interflora\",\"isPartOf\":{\"@id\":\"https:\\\/\\\/www.interflora.se\\\/inspiration\\\/#website\"},\"primaryImageOfPage\":{\"@id\":\"https:\\\/\\\/www.interflora.se\\\/inspiration\\\/diy-floristisk-stjarna\\\/#primaryimage\"},\"image\":{\"@id\":\"https:\\\/\\\/www.interflora.se\\\/inspiration\\\/diy-floristisk-stjarna\\\/#primaryimage\"},\"thumbnailUrl\":\"https:\\\/\\\/www.interflora.se\\\/inspiration\\\/wp-content\\\/uploads\\\/2025\\\/03\\\/diy-julstjarna-kruka.jpg\",\"datePublished\":\"2023-08-27T13:46:03+00:00\",\"dateModified\":\"2025-03-26T13:35:28+00:00\",\"breadcrumb\":{\"@id\":\"https:\\\/\\\/www.interflora.se\\\/inspiration\\\/diy-floristisk-stjarna\\\/#breadcrumb\"},\"inLanguage\":\"sv-SE\",\"potentialAction\":[{\"@type\":\"ReadAction\",\"target\":[\"https:\\\/\\\/www.interflora.se\\\/inspiration\\\/diy-floristisk-stjarna\\\/\"]}]},{\"@type\":\"ImageObject\",\"inLanguage\":\"sv-SE\",\"@id\":\"https:\\\/\\\/www.interflora.se\\\/inspiration\\\/diy-floristisk-stjarna\\\/#primaryimage\",\"url\":\"https:\\\/\\\/www.interflora.se\\\/inspiration\\\/wp-content\\\/uploads\\\/2025\\\/03\\\/diy-julstjarna-kruka.jpg\",\"contentUrl\":\"https:\\\/\\\/www.interflora.se\\\/inspiration\\\/wp-content\\\/uploads\\\/2025\\\/03\\\/diy-julstjarna-kruka.jpg\",\"width\":800,\"height\":1000},{\"@type\":\"BreadcrumbList\",\"@id\":\"https:\\\/\\\/www.interflora.se\\\/inspiration\\\/diy-floristisk-stjarna\\\/#breadcrumb\",\"itemListElement\":[{\"@type\":\"ListItem\",\"position\":1,\"name\":\"Home\",\"item\":\"https:\\\/\\\/www.interflora.se\\\/inspiration\\\/\"},{\"@type\":\"ListItem\",\"position\":2,\"name\":\"Floristisk stj\u00e4rna\"}]},{\"@type\":\"WebSite\",\"@id\":\"https:\\\/\\\/www.interflora.se\\\/inspiration\\\/#website\",\"url\":\"https:\\\/\\\/www.interflora.se\\\/inspiration\\\/\",\"name\":\"Interflora\",\"description\":\"\",\"publisher\":{\"@id\":\"https:\\\/\\\/www.interflora.se\\\/inspiration\\\/#organization\"},\"potentialAction\":[{\"@type\":\"SearchAction\",\"target\":{\"@type\":\"EntryPoint\",\"urlTemplate\":\"https:\\\/\\\/www.interflora.se\\\/inspiration\\\/?s={search_term_string}\"},\"query-input\":{\"@type\":\"PropertyValueSpecification\",\"valueRequired\":true,\"valueName\":\"search_term_string\"}}],\"inLanguage\":\"sv-SE\"},{\"@type\":\"Organization\",\"@id\":\"https:\\\/\\\/www.interflora.se\\\/inspiration\\\/#organization\",\"name\":\"Interflora\",\"url\":\"https:\\\/\\\/www.interflora.se\\\/inspiration\\\/\",\"logo\":{\"@type\":\"ImageObject\",\"inLanguage\":\"sv-SE\",\"@id\":\"https:\\\/\\\/www.interflora.se\\\/inspiration\\\/#\\\/schema\\\/logo\\\/image\\\/\",\"url\":\"https:\\\/\\\/www.interflora.se\\\/inspiration\\\/wp-content\\\/uploads\\\/2025\\\/09\\\/cropped-220422_INTERFLORA_Logo_rgb_Half_Top_Circle_Main_Color.avif\",\"contentUrl\":\"https:\\\/\\\/www.interflora.se\\\/inspiration\\\/wp-content\\\/uploads\\\/2025\\\/09\\\/cropped-220422_INTERFLORA_Logo_rgb_Half_Top_Circle_Main_Color.avif\",\"width\":1418,\"height\":662,\"caption\":\"Interflora\"},\"image\":{\"@id\":\"https:\\\/\\\/www.interflora.se\\\/inspiration\\\/#\\\/schema\\\/logo\\\/image\\\/\"},\"sameAs\":[\"https:\\\/\\\/www.facebook.com\\\/InterfloraAB\",\"https:\\\/\\\/www.instagram.com\\\/interflora_ab\\\/\",\"https:\\\/\\\/www.linkedin.com\\\/company\\\/1494362\",\"https:\\\/\\\/www.youtube.com\\\/channel\\\/UCZgDzGWB2VRxaoWFUmXnk1w\"]},{\"@type\":\"Person\",\"@id\":\"https:\\\/\\\/www.interflora.se\\\/inspiration\\\/#\\\/schema\\\/person\\\/dbbd1ad45e05409c356dc639597669f2\",\"name\":\"admin\",\"image\":{\"@type\":\"ImageObject\",\"inLanguage\":\"sv-SE\",\"@id\":\"https:\\\/\\\/www.interflora.se\\\/inspiration\\\/wp-content\\\/litespeed\\\/avatar\\\/1fe3cced9e67df62d0a6f995d75823a5.jpg?ver=1777362393\",\"url\":\"https:\\\/\\\/www.interflora.se\\\/inspiration\\\/wp-content\\\/litespeed\\\/avatar\\\/1fe3cced9e67df62d0a6f995d75823a5.jpg?ver=1777362393\",\"contentUrl\":\"https:\\\/\\\/www.interflora.se\\\/inspiration\\\/wp-content\\\/litespeed\\\/avatar\\\/1fe3cced9e67df62d0a6f995d75823a5.jpg?ver=1777362393\",\"caption\":\"admin\"},\"sameAs\":[\"https:\\\/\\\/www.interflora.se\\\/inspiration\"],\"url\":\"https:\\\/\\\/www.interflora.se\\\/inspiration\\\/author\\\/admin\\\/\"}]}<\/script>\n<!-- \/ Yoast SEO plugin. -->","yoast_head_json":{"title":"Floristisk stj\u00e4rna | Interflora","robots":{"index":"index","follow":"follow","max-snippet":"max-snippet:-1","max-image-preview":"max-image-preview:large","max-video-preview":"max-video-preview:-1"},"canonical":"https:\/\/www.interflora.se\/inspiration\/diy-floristisk-stjarna\/","og_locale":"sv_SE","og_type":"article","og_title":"Floristisk stj\u00e4rna | Interflora","og_description":"Har&nbsp;du en gammal tr\u00f6tt pappersstj\u00e4rna i en l\u00e5da&nbsp;p\u00e5 vinden? Sl\u00e4ng den inte! Den kan bli stommen till ett floristiskt adventspyssel.&nbsp; [&hellip;]","og_url":"https:\/\/www.interflora.se\/inspiration\/diy-floristisk-stjarna\/","og_site_name":"Inspiration om blommor, krukv\u00e4xter &amp; trender | Interflora","article_publisher":"https:\/\/www.facebook.com\/InterfloraAB","article_published_time":"2023-08-27T13:46:03+00:00","article_modified_time":"2025-03-26T13:35:28+00:00","og_image":[{"width":800,"height":1000,"url":"https:\/\/www.interflora.se\/inspiration\/wp-content\/uploads\/2025\/03\/diy-julstjarna-kruka.jpg","type":"image\/jpeg"}],"author":"admin","twitter_card":"summary_large_image","twitter_misc":{"Skriven av":"admin","Ber\u00e4knad l\u00e4stid":"3 minuter"},"schema":{"@context":"https:\/\/schema.org","@graph":[{"@type":"Article","@id":"https:\/\/www.interflora.se\/inspiration\/diy-floristisk-stjarna\/#article","isPartOf":{"@id":"https:\/\/www.interflora.se\/inspiration\/diy-floristisk-stjarna\/"},"author":{"name":"admin","@id":"https:\/\/www.interflora.se\/inspiration\/#\/schema\/person\/dbbd1ad45e05409c356dc639597669f2"},"headline":"Floristisk stj\u00e4rna","datePublished":"2023-08-27T13:46:03+00:00","dateModified":"2025-03-26T13:35:28+00:00","mainEntityOfPage":{"@id":"https:\/\/www.interflora.se\/inspiration\/diy-floristisk-stjarna\/"},"wordCount":644,"commentCount":0,"publisher":{"@id":"https:\/\/www.interflora.se\/inspiration\/#organization"},"image":{"@id":"https:\/\/www.interflora.se\/inspiration\/diy-floristisk-stjarna\/#primaryimage"},"thumbnailUrl":"https:\/\/www.interflora.se\/inspiration\/wp-content\/uploads\/2025\/03\/diy-julstjarna-kruka.jpg","articleSection":["DIY"],"inLanguage":"sv-SE","potentialAction":[{"@type":"CommentAction","name":"Comment","target":["https:\/\/www.interflora.se\/inspiration\/diy-floristisk-stjarna\/#respond"]}]},{"@type":"WebPage","@id":"https:\/\/www.interflora.se\/inspiration\/diy-floristisk-stjarna\/","url":"https:\/\/www.interflora.se\/inspiration\/diy-floristisk-stjarna\/","name":"Floristisk stj\u00e4rna | Interflora","isPartOf":{"@id":"https:\/\/www.interflora.se\/inspiration\/#website"},"primaryImageOfPage":{"@id":"https:\/\/www.interflora.se\/inspiration\/diy-floristisk-stjarna\/#primaryimage"},"image":{"@id":"https:\/\/www.interflora.se\/inspiration\/diy-floristisk-stjarna\/#primaryimage"},"thumbnailUrl":"https:\/\/www.interflora.se\/inspiration\/wp-content\/uploads\/2025\/03\/diy-julstjarna-kruka.jpg","datePublished":"2023-08-27T13:46:03+00:00","dateModified":"2025-03-26T13:35:28+00:00","breadcrumb":{"@id":"https:\/\/www.interflora.se\/inspiration\/diy-floristisk-stjarna\/#breadcrumb"},"inLanguage":"sv-SE","potentialAction":[{"@type":"ReadAction","target":["https:\/\/www.interflora.se\/inspiration\/diy-floristisk-stjarna\/"]}]},{"@type":"ImageObject","inLanguage":"sv-SE","@id":"https:\/\/www.interflora.se\/inspiration\/diy-floristisk-stjarna\/#primaryimage","url":"https:\/\/www.interflora.se\/inspiration\/wp-content\/uploads\/2025\/03\/diy-julstjarna-kruka.jpg","contentUrl":"https:\/\/www.interflora.se\/inspiration\/wp-content\/uploads\/2025\/03\/diy-julstjarna-kruka.jpg","width":800,"height":1000},{"@type":"BreadcrumbList","@id":"https:\/\/www.interflora.se\/inspiration\/diy-floristisk-stjarna\/#breadcrumb","itemListElement":[{"@type":"ListItem","position":1,"name":"Home","item":"https:\/\/www.interflora.se\/inspiration\/"},{"@type":"ListItem","position":2,"name":"Floristisk stj\u00e4rna"}]},{"@type":"WebSite","@id":"https:\/\/www.interflora.se\/inspiration\/#website","url":"https:\/\/www.interflora.se\/inspiration\/","name":"Interflora","description":"","publisher":{"@id":"https:\/\/www.interflora.se\/inspiration\/#organization"},"potentialAction":[{"@type":"SearchAction","target":{"@type":"EntryPoint","urlTemplate":"https:\/\/www.interflora.se\/inspiration\/?s={search_term_string}"},"query-input":{"@type":"PropertyValueSpecification","valueRequired":true,"valueName":"search_term_string"}}],"inLanguage":"sv-SE"},{"@type":"Organization","@id":"https:\/\/www.interflora.se\/inspiration\/#organization","name":"Interflora","url":"https:\/\/www.interflora.se\/inspiration\/","logo":{"@type":"ImageObject","inLanguage":"sv-SE","@id":"https:\/\/www.interflora.se\/inspiration\/#\/schema\/logo\/image\/","url":"https:\/\/www.interflora.se\/inspiration\/wp-content\/uploads\/2025\/09\/cropped-220422_INTERFLORA_Logo_rgb_Half_Top_Circle_Main_Color.avif","contentUrl":"https:\/\/www.interflora.se\/inspiration\/wp-content\/uploads\/2025\/09\/cropped-220422_INTERFLORA_Logo_rgb_Half_Top_Circle_Main_Color.avif","width":1418,"height":662,"caption":"Interflora"},"image":{"@id":"https:\/\/www.interflora.se\/inspiration\/#\/schema\/logo\/image\/"},"sameAs":["https:\/\/www.facebook.com\/InterfloraAB","https:\/\/www.instagram.com\/interflora_ab\/","https:\/\/www.linkedin.com\/company\/1494362","https:\/\/www.youtube.com\/channel\/UCZgDzGWB2VRxaoWFUmXnk1w"]},{"@type":"Person","@id":"https:\/\/www.interflora.se\/inspiration\/#\/schema\/person\/dbbd1ad45e05409c356dc639597669f2","name":"admin","image":{"@type":"ImageObject","inLanguage":"sv-SE","@id":"https:\/\/www.interflora.se\/inspiration\/wp-content\/litespeed\/avatar\/1fe3cced9e67df62d0a6f995d75823a5.jpg?ver=1777362393","url":"https:\/\/www.interflora.se\/inspiration\/wp-content\/litespeed\/avatar\/1fe3cced9e67df62d0a6f995d75823a5.jpg?ver=1777362393","contentUrl":"https:\/\/www.interflora.se\/inspiration\/wp-content\/litespeed\/avatar\/1fe3cced9e67df62d0a6f995d75823a5.jpg?ver=1777362393","caption":"admin"},"sameAs":["https:\/\/www.interflora.se\/inspiration"],"url":"https:\/\/www.interflora.se\/inspiration\/author\/admin\/"}]}},"uagb_featured_image_src":{"full":["https:\/\/www.interflora.se\/inspiration\/wp-content\/uploads\/2025\/03\/diy-julstjarna-kruka.jpg",800,1000,false],"thumbnail":["https:\/\/www.interflora.se\/inspiration\/wp-content\/uploads\/2025\/03\/diy-julstjarna-kruka-150x150.jpg",150,150,true],"medium":["https:\/\/www.interflora.se\/inspiration\/wp-content\/uploads\/2025\/03\/diy-julstjarna-kruka-240x300.jpg",240,300,true],"medium_large":["https:\/\/www.interflora.se\/inspiration\/wp-content\/uploads\/2025\/03\/diy-julstjarna-kruka-768x960.jpg",768,960,true],"large":["https:\/\/www.interflora.se\/inspiration\/wp-content\/uploads\/2025\/03\/diy-julstjarna-kruka.jpg",800,1000,false],"1536x1536":["https:\/\/www.interflora.se\/inspiration\/wp-content\/uploads\/2025\/03\/diy-julstjarna-kruka.jpg",800,1000,false],"2048x2048":["https:\/\/www.interflora.se\/inspiration\/wp-content\/uploads\/2025\/03\/diy-julstjarna-kruka.jpg",800,1000,false]},"uagb_author_info":{"display_name":"admin","author_link":"https:\/\/www.interflora.se\/inspiration\/author\/admin\/"},"uagb_comment_info":0,"uagb_excerpt":"Har&nbsp;du en gammal tr\u00f6tt pappersstj\u00e4rna i en l\u00e5da&nbsp;p\u00e5 vinden? Sl\u00e4ng den inte! Den kan bli stommen till ett floristiskt adventspyssel.&nbsp; [&hellip;]","_links":{"self":[{"href":"https:\/\/www.interflora.se\/inspiration\/wp-json\/wp\/v2\/posts\/183","targetHints":{"allow":["GET"]}}],"collection":[{"href":"https:\/\/www.interflora.se\/inspiration\/wp-json\/wp\/v2\/posts"}],"about":[{"href":"https:\/\/www.interflora.se\/inspiration\/wp-json\/wp\/v2\/types\/post"}],"author":[{"embeddable":true,"href":"https:\/\/www.interflora.se\/inspiration\/wp-json\/wp\/v2\/users\/1"}],"replies":[{"embeddable":true,"href":"https:\/\/www.interflora.se\/inspiration\/wp-json\/wp\/v2\/comments?post=183"}],"version-history":[{"count":1,"href":"https:\/\/www.interflora.se\/inspiration\/wp-json\/wp\/v2\/posts\/183\/revisions"}],"predecessor-version":[{"id":2004,"href":"https:\/\/www.interflora.se\/inspiration\/wp-json\/wp\/v2\/posts\/183\/revisions\/2004"}],"wp:featuredmedia":[{"embeddable":true,"href":"https:\/\/www.interflora.se\/inspiration\/wp-json\/wp\/v2\/media\/2003"}],"wp:attachment":[{"href":"https:\/\/www.interflora.se\/inspiration\/wp-json\/wp\/v2\/media?parent=183"}],"wp:term":[{"taxonomy":"category","embeddable":true,"href":"https:\/\/www.interflora.se\/inspiration\/wp-json\/wp\/v2\/categories?post=183"},{"taxonomy":"post_tag","embeddable":true,"href":"https:\/\/www.interflora.se\/inspiration\/wp-json\/wp\/v2\/tags?post=183"}],"curies":[{"name":"wp","href":"https:\/\/api.w.org\/{rel}","templated":true}]}}