{"id":172,"date":"2024-03-01T08:06:08","date_gmt":"2024-03-01T07:06:08","guid":{"rendered":"http:\/\/preprodblog.interflora.se\/blog\/?p=172"},"modified":"2025-03-26T16:35:44","modified_gmt":"2025-03-26T15:35:44","slug":"bukettips-fran-floristen","status":"publish","type":"post","link":"https:\/\/www.interflora.se\/inspiration\/bukettips-fran-floristen\/","title":{"rendered":"Floristens b\u00e4sta bukettips"},"content":{"rendered":"\n<p>Vill du veta hur du f\u00e5r din blombukett att h\u00e5lla sig vacker l\u00e4ngre? Med r\u00e4tt sk\u00f6tsel och genom att v\u00e4lja en passande vas kan du maximera livsl\u00e4ngden och njuta av fr\u00e4scha blommor l\u00e4ngre. H\u00e4r delar floristen med sig sina b\u00e4sta tips och tricks.<\/p>\n\n\n\n<div class=\"wp-block-columns is-layout-flex wp-container-core-columns-is-layout-85958d59 wp-block-columns-is-layout-flex\" style=\"padding-top:var(--wp--preset--spacing--40);padding-right:var(--wp--preset--spacing--40);padding-bottom:var(--wp--preset--spacing--40);padding-left:var(--wp--preset--spacing--40)\">\n<div class=\"wp-block-column has-background is-layout-flow wp-block-column-is-layout-flow\" style=\"background-color:#f7f2e9;padding-top:var(--wp--preset--spacing--40);padding-right:var(--wp--preset--spacing--40);padding-bottom:var(--wp--preset--spacing--40);padding-left:var(--wp--preset--spacing--40)\">\n<h2 class=\"wp-block-heading\">Floristens<\/h2>\n\n\n\n<h3 class=\"wp-block-heading\">SK\u00d6TSELR\u00c5D F\u00d6R SNITTBLOMMOR<\/h3>\n\n\n\n<p><strong>L\u00c5T BINDST\u00c4LLET VARA KVAR<\/strong><\/p>\n\n\n\n<p>Din bukett st\u00e5r stabilare och beh\u00e5ller sin form om du inte klipper upp bindst\u00e4llet.&nbsp;<\/p>\n\n\n\n<p><strong>G\u00d6R NYA SNITTYTOR<\/strong><\/p>\n\n\n\n<p>Ge stj\u00e4lkarna nya snittytor med en ren och vass kniv, g\u00e4rna en snittkniv.<\/p>\n\n\n\n<p><strong>PLOCKA BLAD<\/strong><\/p>\n\n\n\n<p>Plocka bort eventuella blad som hamnar i vattnet s\u00e5 h\u00e5ller det sig fr\u00e4scht l\u00e4ngre.<\/p>\n\n\n\n<p><strong>GE V\u00c4XTN\u00c4RING\u00a0<\/strong><\/p>\n\n\n\n<p>Fick du med n\u00e4ring till din bukett? H\u00e4ll den i vattnet och r\u00f6r om s\u00e5 att pulvret l\u00f6ser sig.<\/p>\n\n\n\n<p><strong>REN VAS OCH NYTT KALLT VATTEN<\/strong><\/p>\n\n\n\n<p>Anv\u00e4nd en ren vas, fyll p\u00e5 rikligt med vatten och byt det varannan dag. Det g\u00f6r att buketten h\u00e5ller sig l\u00e4ngre.<\/p>\n<\/div>\n\n\n\n<div class=\"wp-block-column is-layout-flow wp-block-column-is-layout-flow\">\n<figure class=\"wp-block-image size-large\"><img decoding=\"async\" src=\"https:\/\/www.interflora.se\/inspiration\/wp-content\/uploads\/2025\/03\/maxa-din-bukett-toppbild-4.5.jpg\" alt=\"\"\/><\/figure>\n<\/div>\n<\/div>\n\n\n\n<div class=\"wp-block-uagb-advanced-heading uagb-block-e7dd5c54\"><h2 class=\"uagb-heading-text\">Hitta r\u00e4tt vas till buketten<\/h2><\/div>\n\n\n\n<p>Att v\u00e4lja r\u00e4tt vas f\u00f6r din blombukett \u00e4r mer \u00e4n bara en estetisk fr\u00e5ga \u2013 det handlar om att ge dina blommor de b\u00e4sta f\u00f6ruts\u00e4ttningarna f\u00f6r att h\u00e5lla sig fr\u00e4scha och vackra s\u00e5 l\u00e4nge som m\u00f6jligt. En passande vas kan g\u00f6ra underverk f\u00f6r att f\u00f6rl\u00e4nga livsl\u00e4ngden p\u00e5 dina blommor och lyfta fram bukettens fulla sk\u00f6nhet.<\/p>\n\n\n\n<p>1. Passform och st\u00f6d<br>N\u00e4r du v\u00e4ljer vas till buketten \u00e4r det viktigt att du t\u00e4nker p\u00e5 passformen. En bukett som \u00e4r f\u00f6r t\u00e4t packad i en liten vas kan leda till att stj\u00e4lkarna kl\u00e4ms ihop, vilket hindrar vattenfl\u00f6det till blommorna. \u00c5 andra sidan kan en f\u00f6r stor vas g\u00f6ra att blommorna sprids ut f\u00f6r mycket, vilket kan leda till att de faller is\u00e4r eller inte f\u00e5r tillr\u00e4ckligt med st\u00f6d.<\/p>\n\n\n\n<p>2. Luftcirkulation och vattenkvalitet<br>R\u00e4tt vas bidrar ocks\u00e5 till god luftcirkulation och vattenkvalitet. En vas som \u00e4r f\u00f6r smal kan g\u00f6ra s\u00e5 att bladen och blommorna hamnar under vattenytan, vilket kan leda till att blommorna vissnar snabbare.<\/p>\n\n\n\n<p>3. Framh\u00e4vning av bukettens design<br>En v\u00e4l vald vas framh\u00e4ver bukettens unika design och l\u00e5ter blommorna att ta plats, s\u00e5 som floristen t\u00e4nkte n\u00e4r hen band buketten. &nbsp;<\/p>\n\n\n\n<p>H\u00e4r nedan \u00e4r ett exempel p\u00e5 hur samma bukett ser ut i en f\u00f6r tr\u00e5ng vas och hur den ser ut i en vas som g\u00f6r att blommorna och stj\u00e4lkarna f\u00e5r plats ordentligt.<\/p>\n\n\n\n<figure class=\"wp-block-gallery has-nested-images columns-default is-cropped wp-block-gallery-1 is-layout-flex wp-block-gallery-is-layout-flex\">\n<figure class=\"wp-block-image\"><img decoding=\"async\" src=\"https:\/\/www.interflora.se\/inspiration\/wp-content\/uploads\/2025\/03\/maxa-din-bukett-2.jpg\" alt=\"Maxa-din-bukett-2.jpg\"\/><\/figure>\n\n\n\n<figure class=\"wp-block-image\"><img decoding=\"async\" src=\"https:\/\/www.interflora.se\/inspiration\/wp-content\/uploads\/2025\/03\/maxa-din-bukett-1.jpg\" alt=\"Maxa-din-bukett-1.jpg\"\/><\/figure>\n<\/figure>\n\n\n\n<p><a href=\"https:\/\/www.interflora.se\/inspiration\/tips\/valj-ratt-vas-for-buketten\/\">L\u00e4s mer om r\u00e4tt vas till buketten<\/a><\/p>\n\n\n\n<div class=\"wp-block-uagb-advanced-heading uagb-block-08575a93\"><h3 class=\"uagb-heading-text\">Arrangera blommorna i buketten<\/h3><\/div>\n\n\n\n<p>N\u00e4r du har valt en passande vas till din bukett kan du arrangera blommorna och l\u00e5ta stj\u00e4lkarna f\u00e5 gott om utrymme i vasen \u2013 utan att klippa upp bindst\u00e4llet.&nbsp;Ofta kan blommorna vara lite ihoptryckta om buketten har legat i blomsterpapper ett tag. S\u00e4ra f\u00f6rsiktigt p\u00e5 stj\u00e4lkarna s\u00e5 det blir mer luft mellan varje blomma. Du kan \u00e4ven kapa stj\u00e4lkarna en bit f\u00f6r att f\u00e5 mer vidd p\u00e5 buketten. Gott om plats mellan stj\u00e4lkarna g\u00f6r att blommorna kan \u00f6ppna upp sig naturligt och visa sin fulla prakt, samtidigt som de h\u00e5lls p\u00e5 plats av bindst\u00e4llet.<\/p>\n\n\n\n<figure class=\"wp-block-gallery has-nested-images columns-default is-cropped wp-block-gallery-2 is-layout-flex wp-block-gallery-is-layout-flex\">\n<figure class=\"wp-block-image\"><img decoding=\"async\" src=\"https:\/\/www.interflora.se\/inspiration\/wp-content\/uploads\/2025\/03\/maxa-din-bukett-4.jpg\" alt=\"Maxa-din-bukett-4.jpg\"\/><\/figure>\n\n\n\n<figure class=\"wp-block-image\"><img decoding=\"async\" src=\"https:\/\/www.interflora.se\/inspiration\/wp-content\/uploads\/2025\/03\/maxa-din-bukett-5.jpg\" alt=\"Maxa-din-bukett-5.jpg\"\/><\/figure>\n<\/figure>\n\n\n\n<div class=\"wp-block-uagb-advanced-heading uagb-block-5cb142e3\"><h3 class=\"uagb-heading-text\">Maxa bukettens livsl\u00e4ngd<\/h3><\/div>\n\n\n\n<p>N\u00e4r vissa blommor i din bukett b\u00f6rjar vissna, beh\u00f6ver du inte kasta hela buketten. Ett enkelt s\u00e4tt att f\u00f6rl\u00e4nga gl\u00e4djen av dina blommor \u00e4r att plocka is\u00e4r buketten och ta tillvara p\u00e5 de blommor som fortfarande \u00e4r fina. Klipp ner dem och placera dem i sm\u00e5vaser runtom i ditt hem. P\u00e5 s\u00e5 s\u00e4tt kan du njuta av blommorna l\u00e4ngre, och varje liten vas blir en fin detalj. Sm\u00e5vaser passar perfekt p\u00e5 nattduksbordet, i badrummet, eller p\u00e5 f\u00f6nsterkarmen. Det \u00e4r ett enkelt och kreativt s\u00e4tt att f\u00f6rl\u00e4nga livsl\u00e4ngden p\u00e5 dina blommor och f\u00e5 ut det mesta av varje bukett.<\/p>\n\n\n\n<figure class=\"wp-block-image\"><img decoding=\"async\" src=\"https:\/\/www.interflora.se\/inspiration\/wp-content\/uploads\/2025\/03\/maxa-din-bukett-8.jpg\" alt=\"Maxa-din-bukett-8.jpg\"\/><\/figure>\n","protected":false},"excerpt":{"rendered":"<p>Vill du veta hur du f\u00e5r din blombukett att h\u00e5lla sig vacker l\u00e4ngre? Med r\u00e4tt sk\u00f6tsel och genom att v\u00e4lja [&hellip;]<\/p>\n","protected":false},"author":1,"featured_media":2346,"comment_status":"open","ping_status":"open","sticky":false,"template":"","format":"standard","meta":{"_uag_custom_page_level_css":"","site-sidebar-layout":"default","site-content-layout":"","ast-site-content-layout":"default","site-content-style":"default","site-sidebar-style":"default","ast-global-header-display":"","ast-banner-title-visibility":"","ast-main-header-display":"","ast-hfb-above-header-display":"","ast-hfb-below-header-display":"","ast-hfb-mobile-header-display":"","site-post-title":"","ast-breadcrumbs-content":"","ast-featured-img":"","footer-sml-layout":"","ast-disable-related-posts":"","theme-transparent-header-meta":"","adv-header-id-meta":"","stick-header-meta":"","header-above-stick-meta":"","header-main-stick-meta":"","header-below-stick-meta":"","astra-migrate-meta-layouts":"default","ast-page-background-enabled":"default","ast-page-background-meta":{"desktop":{"background-color":"var(--ast-global-color-5)","background-image":"","background-repeat":"repeat","background-position":"center center","background-size":"auto","background-attachment":"scroll","background-type":"","background-media":"","overlay-type":"","overlay-color":"","overlay-opacity":"","overlay-gradient":""},"tablet":{"background-color":"","background-image":"","background-repeat":"repeat","background-position":"center center","background-size":"auto","background-attachment":"scroll","background-type":"","background-media":"","overlay-type":"","overlay-color":"","overlay-opacity":"","overlay-gradient":""},"mobile":{"background-color":"","background-image":"","background-repeat":"repeat","background-position":"center center","background-size":"auto","background-attachment":"scroll","background-type":"","background-media":"","overlay-type":"","overlay-color":"","overlay-opacity":"","overlay-gradient":""}},"ast-content-background-meta":{"desktop":{"background-color":"var(--ast-global-color-4)","background-image":"","background-repeat":"repeat","background-position":"center center","background-size":"auto","background-attachment":"scroll","background-type":"","background-media":"","overlay-type":"","overlay-color":"","overlay-opacity":"","overlay-gradient":""},"tablet":{"background-color":"var(--ast-global-color-4)","background-image":"","background-repeat":"repeat","background-position":"center center","background-size":"auto","background-attachment":"scroll","background-type":"","background-media":"","overlay-type":"","overlay-color":"","overlay-opacity":"","overlay-gradient":""},"mobile":{"background-color":"var(--ast-global-color-4)","background-image":"","background-repeat":"repeat","background-position":"center center","background-size":"auto","background-attachment":"scroll","background-type":"","background-media":"","overlay-type":"","overlay-color":"","overlay-opacity":"","overlay-gradient":""}},"footnotes":""},"categories":[4],"tags":[],"class_list":["post-172","post","type-post","status-publish","format-standard","has-post-thumbnail","hentry","category-tips"],"yoast_head":"<!-- This site is optimized with the Yoast SEO plugin v27.4 - https:\/\/yoast.com\/product\/yoast-seo-wordpress\/ -->\n<title>Floristens b\u00e4sta bukettips | Interflora<\/title>\n<meta name=\"robots\" content=\"index, follow, max-snippet:-1, max-image-preview:large, max-video-preview:-1\" \/>\n<link rel=\"canonical\" href=\"https:\/\/www.interflora.se\/inspiration\/bukettips-fran-floristen\/\" \/>\n<meta property=\"og:locale\" content=\"sv_SE\" \/>\n<meta property=\"og:type\" content=\"article\" \/>\n<meta property=\"og:title\" content=\"Floristens b\u00e4sta bukettips | Interflora\" \/>\n<meta property=\"og:description\" content=\"Vill du veta hur du f\u00e5r din blombukett att h\u00e5lla sig vacker l\u00e4ngre? Med r\u00e4tt sk\u00f6tsel och genom att v\u00e4lja [&hellip;]\" \/>\n<meta property=\"og:url\" content=\"https:\/\/www.interflora.se\/inspiration\/bukettips-fran-floristen\/\" \/>\n<meta property=\"og:site_name\" content=\"Inspiration om blommor, krukv\u00e4xter &amp; trender | Interflora\" \/>\n<meta property=\"article:publisher\" content=\"https:\/\/www.facebook.com\/InterfloraAB\" \/>\n<meta property=\"article:published_time\" content=\"2024-03-01T07:06:08+00:00\" \/>\n<meta property=\"article:modified_time\" content=\"2025-03-26T15:35:44+00:00\" \/>\n<meta property=\"og:image\" content=\"https:\/\/www.interflora.se\/inspiration\/wp-content\/uploads\/2025\/03\/maxa-din-bukett-2.jpg\" \/>\n\t<meta property=\"og:image:width\" content=\"800\" \/>\n\t<meta property=\"og:image:height\" content=\"1000\" \/>\n\t<meta property=\"og:image:type\" content=\"image\/jpeg\" \/>\n<meta name=\"author\" content=\"admin\" \/>\n<meta name=\"twitter:card\" content=\"summary_large_image\" \/>\n<meta name=\"twitter:label1\" content=\"Skriven av\" \/>\n\t<meta name=\"twitter:data1\" content=\"admin\" \/>\n\t<meta name=\"twitter:label2\" content=\"Ber\u00e4knad l\u00e4stid\" \/>\n\t<meta name=\"twitter:data2\" content=\"3 minuter\" \/>\n<script type=\"application\/ld+json\" class=\"yoast-schema-graph\">{\"@context\":\"https:\\\/\\\/schema.org\",\"@graph\":[{\"@type\":\"Article\",\"@id\":\"https:\\\/\\\/www.interflora.se\\\/inspiration\\\/bukettips-fran-floristen\\\/#article\",\"isPartOf\":{\"@id\":\"https:\\\/\\\/www.interflora.se\\\/inspiration\\\/bukettips-fran-floristen\\\/\"},\"author\":{\"name\":\"admin\",\"@id\":\"https:\\\/\\\/www.interflora.se\\\/inspiration\\\/#\\\/schema\\\/person\\\/dbbd1ad45e05409c356dc639597669f2\"},\"headline\":\"Floristens b\u00e4sta bukettips\",\"datePublished\":\"2024-03-01T07:06:08+00:00\",\"dateModified\":\"2025-03-26T15:35:44+00:00\",\"mainEntityOfPage\":{\"@id\":\"https:\\\/\\\/www.interflora.se\\\/inspiration\\\/bukettips-fran-floristen\\\/\"},\"wordCount\":695,\"commentCount\":0,\"publisher\":{\"@id\":\"https:\\\/\\\/www.interflora.se\\\/inspiration\\\/#organization\"},\"image\":{\"@id\":\"https:\\\/\\\/www.interflora.se\\\/inspiration\\\/bukettips-fran-floristen\\\/#primaryimage\"},\"thumbnailUrl\":\"https:\\\/\\\/www.interflora.se\\\/inspiration\\\/wp-content\\\/uploads\\\/2025\\\/03\\\/maxa-din-bukett-2.jpg\",\"articleSection\":[\"Tips\"],\"inLanguage\":\"sv-SE\",\"potentialAction\":[{\"@type\":\"CommentAction\",\"name\":\"Comment\",\"target\":[\"https:\\\/\\\/www.interflora.se\\\/inspiration\\\/bukettips-fran-floristen\\\/#respond\"]}]},{\"@type\":\"WebPage\",\"@id\":\"https:\\\/\\\/www.interflora.se\\\/inspiration\\\/bukettips-fran-floristen\\\/\",\"url\":\"https:\\\/\\\/www.interflora.se\\\/inspiration\\\/bukettips-fran-floristen\\\/\",\"name\":\"Floristens b\u00e4sta bukettips | Interflora\",\"isPartOf\":{\"@id\":\"https:\\\/\\\/www.interflora.se\\\/inspiration\\\/#website\"},\"primaryImageOfPage\":{\"@id\":\"https:\\\/\\\/www.interflora.se\\\/inspiration\\\/bukettips-fran-floristen\\\/#primaryimage\"},\"image\":{\"@id\":\"https:\\\/\\\/www.interflora.se\\\/inspiration\\\/bukettips-fran-floristen\\\/#primaryimage\"},\"thumbnailUrl\":\"https:\\\/\\\/www.interflora.se\\\/inspiration\\\/wp-content\\\/uploads\\\/2025\\\/03\\\/maxa-din-bukett-2.jpg\",\"datePublished\":\"2024-03-01T07:06:08+00:00\",\"dateModified\":\"2025-03-26T15:35:44+00:00\",\"breadcrumb\":{\"@id\":\"https:\\\/\\\/www.interflora.se\\\/inspiration\\\/bukettips-fran-floristen\\\/#breadcrumb\"},\"inLanguage\":\"sv-SE\",\"potentialAction\":[{\"@type\":\"ReadAction\",\"target\":[\"https:\\\/\\\/www.interflora.se\\\/inspiration\\\/bukettips-fran-floristen\\\/\"]}]},{\"@type\":\"ImageObject\",\"inLanguage\":\"sv-SE\",\"@id\":\"https:\\\/\\\/www.interflora.se\\\/inspiration\\\/bukettips-fran-floristen\\\/#primaryimage\",\"url\":\"https:\\\/\\\/www.interflora.se\\\/inspiration\\\/wp-content\\\/uploads\\\/2025\\\/03\\\/maxa-din-bukett-2.jpg\",\"contentUrl\":\"https:\\\/\\\/www.interflora.se\\\/inspiration\\\/wp-content\\\/uploads\\\/2025\\\/03\\\/maxa-din-bukett-2.jpg\",\"width\":800,\"height\":1000},{\"@type\":\"BreadcrumbList\",\"@id\":\"https:\\\/\\\/www.interflora.se\\\/inspiration\\\/bukettips-fran-floristen\\\/#breadcrumb\",\"itemListElement\":[{\"@type\":\"ListItem\",\"position\":1,\"name\":\"Home\",\"item\":\"https:\\\/\\\/www.interflora.se\\\/inspiration\\\/\"},{\"@type\":\"ListItem\",\"position\":2,\"name\":\"Floristens b\u00e4sta bukettips\"}]},{\"@type\":\"WebSite\",\"@id\":\"https:\\\/\\\/www.interflora.se\\\/inspiration\\\/#website\",\"url\":\"https:\\\/\\\/www.interflora.se\\\/inspiration\\\/\",\"name\":\"Interflora\",\"description\":\"\",\"publisher\":{\"@id\":\"https:\\\/\\\/www.interflora.se\\\/inspiration\\\/#organization\"},\"potentialAction\":[{\"@type\":\"SearchAction\",\"target\":{\"@type\":\"EntryPoint\",\"urlTemplate\":\"https:\\\/\\\/www.interflora.se\\\/inspiration\\\/?s={search_term_string}\"},\"query-input\":{\"@type\":\"PropertyValueSpecification\",\"valueRequired\":true,\"valueName\":\"search_term_string\"}}],\"inLanguage\":\"sv-SE\"},{\"@type\":\"Organization\",\"@id\":\"https:\\\/\\\/www.interflora.se\\\/inspiration\\\/#organization\",\"name\":\"Interflora\",\"url\":\"https:\\\/\\\/www.interflora.se\\\/inspiration\\\/\",\"logo\":{\"@type\":\"ImageObject\",\"inLanguage\":\"sv-SE\",\"@id\":\"https:\\\/\\\/www.interflora.se\\\/inspiration\\\/#\\\/schema\\\/logo\\\/image\\\/\",\"url\":\"https:\\\/\\\/www.interflora.se\\\/inspiration\\\/wp-content\\\/uploads\\\/2025\\\/09\\\/cropped-220422_INTERFLORA_Logo_rgb_Half_Top_Circle_Main_Color.avif\",\"contentUrl\":\"https:\\\/\\\/www.interflora.se\\\/inspiration\\\/wp-content\\\/uploads\\\/2025\\\/09\\\/cropped-220422_INTERFLORA_Logo_rgb_Half_Top_Circle_Main_Color.avif\",\"width\":1418,\"height\":662,\"caption\":\"Interflora\"},\"image\":{\"@id\":\"https:\\\/\\\/www.interflora.se\\\/inspiration\\\/#\\\/schema\\\/logo\\\/image\\\/\"},\"sameAs\":[\"https:\\\/\\\/www.facebook.com\\\/InterfloraAB\",\"https:\\\/\\\/www.instagram.com\\\/interflora_ab\\\/\",\"https:\\\/\\\/www.linkedin.com\\\/company\\\/1494362\",\"https:\\\/\\\/www.youtube.com\\\/channel\\\/UCZgDzGWB2VRxaoWFUmXnk1w\"]},{\"@type\":\"Person\",\"@id\":\"https:\\\/\\\/www.interflora.se\\\/inspiration\\\/#\\\/schema\\\/person\\\/dbbd1ad45e05409c356dc639597669f2\",\"name\":\"admin\",\"image\":{\"@type\":\"ImageObject\",\"inLanguage\":\"sv-SE\",\"@id\":\"https:\\\/\\\/www.interflora.se\\\/inspiration\\\/wp-content\\\/litespeed\\\/avatar\\\/1fe3cced9e67df62d0a6f995d75823a5.jpg?ver=1777362393\",\"url\":\"https:\\\/\\\/www.interflora.se\\\/inspiration\\\/wp-content\\\/litespeed\\\/avatar\\\/1fe3cced9e67df62d0a6f995d75823a5.jpg?ver=1777362393\",\"contentUrl\":\"https:\\\/\\\/www.interflora.se\\\/inspiration\\\/wp-content\\\/litespeed\\\/avatar\\\/1fe3cced9e67df62d0a6f995d75823a5.jpg?ver=1777362393\",\"caption\":\"admin\"},\"sameAs\":[\"https:\\\/\\\/www.interflora.se\\\/inspiration\"],\"url\":\"https:\\\/\\\/www.interflora.se\\\/inspiration\\\/author\\\/admin\\\/\"}]}<\/script>\n<!-- \/ Yoast SEO plugin. -->","yoast_head_json":{"title":"Floristens b\u00e4sta bukettips | Interflora","robots":{"index":"index","follow":"follow","max-snippet":"max-snippet:-1","max-image-preview":"max-image-preview:large","max-video-preview":"max-video-preview:-1"},"canonical":"https:\/\/www.interflora.se\/inspiration\/bukettips-fran-floristen\/","og_locale":"sv_SE","og_type":"article","og_title":"Floristens b\u00e4sta bukettips | Interflora","og_description":"Vill du veta hur du f\u00e5r din blombukett att h\u00e5lla sig vacker l\u00e4ngre? Med r\u00e4tt sk\u00f6tsel och genom att v\u00e4lja [&hellip;]","og_url":"https:\/\/www.interflora.se\/inspiration\/bukettips-fran-floristen\/","og_site_name":"Inspiration om blommor, krukv\u00e4xter &amp; trender | Interflora","article_publisher":"https:\/\/www.facebook.com\/InterfloraAB","article_published_time":"2024-03-01T07:06:08+00:00","article_modified_time":"2025-03-26T15:35:44+00:00","og_image":[{"width":800,"height":1000,"url":"https:\/\/www.interflora.se\/inspiration\/wp-content\/uploads\/2025\/03\/maxa-din-bukett-2.jpg","type":"image\/jpeg"}],"author":"admin","twitter_card":"summary_large_image","twitter_misc":{"Skriven av":"admin","Ber\u00e4knad l\u00e4stid":"3 minuter"},"schema":{"@context":"https:\/\/schema.org","@graph":[{"@type":"Article","@id":"https:\/\/www.interflora.se\/inspiration\/bukettips-fran-floristen\/#article","isPartOf":{"@id":"https:\/\/www.interflora.se\/inspiration\/bukettips-fran-floristen\/"},"author":{"name":"admin","@id":"https:\/\/www.interflora.se\/inspiration\/#\/schema\/person\/dbbd1ad45e05409c356dc639597669f2"},"headline":"Floristens b\u00e4sta bukettips","datePublished":"2024-03-01T07:06:08+00:00","dateModified":"2025-03-26T15:35:44+00:00","mainEntityOfPage":{"@id":"https:\/\/www.interflora.se\/inspiration\/bukettips-fran-floristen\/"},"wordCount":695,"commentCount":0,"publisher":{"@id":"https:\/\/www.interflora.se\/inspiration\/#organization"},"image":{"@id":"https:\/\/www.interflora.se\/inspiration\/bukettips-fran-floristen\/#primaryimage"},"thumbnailUrl":"https:\/\/www.interflora.se\/inspiration\/wp-content\/uploads\/2025\/03\/maxa-din-bukett-2.jpg","articleSection":["Tips"],"inLanguage":"sv-SE","potentialAction":[{"@type":"CommentAction","name":"Comment","target":["https:\/\/www.interflora.se\/inspiration\/bukettips-fran-floristen\/#respond"]}]},{"@type":"WebPage","@id":"https:\/\/www.interflora.se\/inspiration\/bukettips-fran-floristen\/","url":"https:\/\/www.interflora.se\/inspiration\/bukettips-fran-floristen\/","name":"Floristens b\u00e4sta bukettips | Interflora","isPartOf":{"@id":"https:\/\/www.interflora.se\/inspiration\/#website"},"primaryImageOfPage":{"@id":"https:\/\/www.interflora.se\/inspiration\/bukettips-fran-floristen\/#primaryimage"},"image":{"@id":"https:\/\/www.interflora.se\/inspiration\/bukettips-fran-floristen\/#primaryimage"},"thumbnailUrl":"https:\/\/www.interflora.se\/inspiration\/wp-content\/uploads\/2025\/03\/maxa-din-bukett-2.jpg","datePublished":"2024-03-01T07:06:08+00:00","dateModified":"2025-03-26T15:35:44+00:00","breadcrumb":{"@id":"https:\/\/www.interflora.se\/inspiration\/bukettips-fran-floristen\/#breadcrumb"},"inLanguage":"sv-SE","potentialAction":[{"@type":"ReadAction","target":["https:\/\/www.interflora.se\/inspiration\/bukettips-fran-floristen\/"]}]},{"@type":"ImageObject","inLanguage":"sv-SE","@id":"https:\/\/www.interflora.se\/inspiration\/bukettips-fran-floristen\/#primaryimage","url":"https:\/\/www.interflora.se\/inspiration\/wp-content\/uploads\/2025\/03\/maxa-din-bukett-2.jpg","contentUrl":"https:\/\/www.interflora.se\/inspiration\/wp-content\/uploads\/2025\/03\/maxa-din-bukett-2.jpg","width":800,"height":1000},{"@type":"BreadcrumbList","@id":"https:\/\/www.interflora.se\/inspiration\/bukettips-fran-floristen\/#breadcrumb","itemListElement":[{"@type":"ListItem","position":1,"name":"Home","item":"https:\/\/www.interflora.se\/inspiration\/"},{"@type":"ListItem","position":2,"name":"Floristens b\u00e4sta bukettips"}]},{"@type":"WebSite","@id":"https:\/\/www.interflora.se\/inspiration\/#website","url":"https:\/\/www.interflora.se\/inspiration\/","name":"Interflora","description":"","publisher":{"@id":"https:\/\/www.interflora.se\/inspiration\/#organization"},"potentialAction":[{"@type":"SearchAction","target":{"@type":"EntryPoint","urlTemplate":"https:\/\/www.interflora.se\/inspiration\/?s={search_term_string}"},"query-input":{"@type":"PropertyValueSpecification","valueRequired":true,"valueName":"search_term_string"}}],"inLanguage":"sv-SE"},{"@type":"Organization","@id":"https:\/\/www.interflora.se\/inspiration\/#organization","name":"Interflora","url":"https:\/\/www.interflora.se\/inspiration\/","logo":{"@type":"ImageObject","inLanguage":"sv-SE","@id":"https:\/\/www.interflora.se\/inspiration\/#\/schema\/logo\/image\/","url":"https:\/\/www.interflora.se\/inspiration\/wp-content\/uploads\/2025\/09\/cropped-220422_INTERFLORA_Logo_rgb_Half_Top_Circle_Main_Color.avif","contentUrl":"https:\/\/www.interflora.se\/inspiration\/wp-content\/uploads\/2025\/09\/cropped-220422_INTERFLORA_Logo_rgb_Half_Top_Circle_Main_Color.avif","width":1418,"height":662,"caption":"Interflora"},"image":{"@id":"https:\/\/www.interflora.se\/inspiration\/#\/schema\/logo\/image\/"},"sameAs":["https:\/\/www.facebook.com\/InterfloraAB","https:\/\/www.instagram.com\/interflora_ab\/","https:\/\/www.linkedin.com\/company\/1494362","https:\/\/www.youtube.com\/channel\/UCZgDzGWB2VRxaoWFUmXnk1w"]},{"@type":"Person","@id":"https:\/\/www.interflora.se\/inspiration\/#\/schema\/person\/dbbd1ad45e05409c356dc639597669f2","name":"admin","image":{"@type":"ImageObject","inLanguage":"sv-SE","@id":"https:\/\/www.interflora.se\/inspiration\/wp-content\/litespeed\/avatar\/1fe3cced9e67df62d0a6f995d75823a5.jpg?ver=1777362393","url":"https:\/\/www.interflora.se\/inspiration\/wp-content\/litespeed\/avatar\/1fe3cced9e67df62d0a6f995d75823a5.jpg?ver=1777362393","contentUrl":"https:\/\/www.interflora.se\/inspiration\/wp-content\/litespeed\/avatar\/1fe3cced9e67df62d0a6f995d75823a5.jpg?ver=1777362393","caption":"admin"},"sameAs":["https:\/\/www.interflora.se\/inspiration"],"url":"https:\/\/www.interflora.se\/inspiration\/author\/admin\/"}]}},"uagb_featured_image_src":{"full":["https:\/\/www.interflora.se\/inspiration\/wp-content\/uploads\/2025\/03\/maxa-din-bukett-2.jpg",800,1000,false],"thumbnail":["https:\/\/www.interflora.se\/inspiration\/wp-content\/uploads\/2025\/03\/maxa-din-bukett-2-150x150.jpg",150,150,true],"medium":["https:\/\/www.interflora.se\/inspiration\/wp-content\/uploads\/2025\/03\/maxa-din-bukett-2-240x300.jpg",240,300,true],"medium_large":["https:\/\/www.interflora.se\/inspiration\/wp-content\/uploads\/2025\/03\/maxa-din-bukett-2-768x960.jpg",768,960,true],"large":["https:\/\/www.interflora.se\/inspiration\/wp-content\/uploads\/2025\/03\/maxa-din-bukett-2.jpg",800,1000,false],"1536x1536":["https:\/\/www.interflora.se\/inspiration\/wp-content\/uploads\/2025\/03\/maxa-din-bukett-2.jpg",800,1000,false],"2048x2048":["https:\/\/www.interflora.se\/inspiration\/wp-content\/uploads\/2025\/03\/maxa-din-bukett-2.jpg",800,1000,false]},"uagb_author_info":{"display_name":"admin","author_link":"https:\/\/www.interflora.se\/inspiration\/author\/admin\/"},"uagb_comment_info":0,"uagb_excerpt":"Vill du veta hur du f\u00e5r din blombukett att h\u00e5lla sig vacker l\u00e4ngre? Med r\u00e4tt sk\u00f6tsel och genom att v\u00e4lja [&hellip;]","_links":{"self":[{"href":"https:\/\/www.interflora.se\/inspiration\/wp-json\/wp\/v2\/posts\/172","targetHints":{"allow":["GET"]}}],"collection":[{"href":"https:\/\/www.interflora.se\/inspiration\/wp-json\/wp\/v2\/posts"}],"about":[{"href":"https:\/\/www.interflora.se\/inspiration\/wp-json\/wp\/v2\/types\/post"}],"author":[{"embeddable":true,"href":"https:\/\/www.interflora.se\/inspiration\/wp-json\/wp\/v2\/users\/1"}],"replies":[{"embeddable":true,"href":"https:\/\/www.interflora.se\/inspiration\/wp-json\/wp\/v2\/comments?post=172"}],"version-history":[{"count":2,"href":"https:\/\/www.interflora.se\/inspiration\/wp-json\/wp\/v2\/posts\/172\/revisions"}],"predecessor-version":[{"id":2351,"href":"https:\/\/www.interflora.se\/inspiration\/wp-json\/wp\/v2\/posts\/172\/revisions\/2351"}],"wp:featuredmedia":[{"embeddable":true,"href":"https:\/\/www.interflora.se\/inspiration\/wp-json\/wp\/v2\/media\/2346"}],"wp:attachment":[{"href":"https:\/\/www.interflora.se\/inspiration\/wp-json\/wp\/v2\/media?parent=172"}],"wp:term":[{"taxonomy":"category","embeddable":true,"href":"https:\/\/www.interflora.se\/inspiration\/wp-json\/wp\/v2\/categories?post=172"},{"taxonomy":"post_tag","embeddable":true,"href":"https:\/\/www.interflora.se\/inspiration\/wp-json\/wp\/v2\/tags?post=172"}],"curies":[{"name":"wp","href":"https:\/\/api.w.org\/{rel}","templated":true}]}}