{"id":169,"date":"2024-01-21T00:25:16","date_gmt":"2024-01-20T23:25:16","guid":{"rendered":"http:\/\/preprodblog.interflora.se\/blog\/?p=169"},"modified":"2025-03-25T15:28:35","modified_gmt":"2025-03-25T14:28:35","slug":"brollopstrender-2024","status":"publish","type":"post","link":"https:\/\/www.interflora.se\/inspiration\/brollopstrender-2024\/","title":{"rendered":"\u00c5rets trendigaste brudbuketter 2024"},"content":{"rendered":"\n<p>H\u00e4nryckningens tid n\u00e4rmar sig och blommorna s\u00e4tter stilen f\u00f6r v\u00e5rens och sommarens br\u00f6llop. V\u00e5r florist Heidi Mikkonen bjuder p\u00e5 sina b\u00e4sta tips inf\u00f6r livets fest!<\/p>\n\n\n\n<p><strong>Vilken trend \u00e4r st\u00f6rst just nu?<\/strong><\/p>\n\n\n\n<p>\u2013 Det naturliga och frodiga! G\u00e4rna en mix av m\u00e5nga olika sorters blommor i s\u00e4song. Det ska vara mer l\u00e4ngd p\u00e5 stj\u00e4lkarna, s\u00e5 att buketten inte ser ut som en liten boll, s\u00e4ger Heidi Mikkonen.<\/p>\n\n\n\n<figure class=\"wp-block-image aligncenter size-large\"><img loading=\"lazy\" decoding=\"async\" width=\"1024\" height=\"819\" src=\"https:\/\/www.interflora.se\/inspiration\/wp-content\/uploads\/2024\/01\/image-1-1024x819.png\" alt=\"\" class=\"wp-image-1431\" srcset=\"https:\/\/www.interflora.se\/inspiration\/wp-content\/uploads\/2024\/01\/image-1-1024x819.png 1024w, https:\/\/www.interflora.se\/inspiration\/wp-content\/uploads\/2024\/01\/image-1-300x240.png 300w, https:\/\/www.interflora.se\/inspiration\/wp-content\/uploads\/2024\/01\/image-1-768x614.png 768w, https:\/\/www.interflora.se\/inspiration\/wp-content\/uploads\/2024\/01\/image-1.png 1200w\" sizes=\"auto, (max-width: 1024px) 100vw, 1024px\" \/><\/figure>\n\n\n\n<p><strong>Vilka f\u00e4rger dominerar?<\/strong><\/p>\n\n\n\n<p>\u2013 Aprikos, cr\u00e8me och ljusrosa som har varit popul\u00e4rt ers\u00e4tts av orange, gult, r\u00f6tt och bl\u00e5tt. Alla starka f\u00e4rger samtidigt f\u00f6r den v\u00e5gade! Om man \u00e4r f\u00f6rsiktigare s\u00e5 \u00e4r kombinationen cr\u00e8me, vitt, knallorange och gult v\u00e4ldigt fint.<\/p>\n\n\n\n<div class=\"wp-block-columns is-layout-flex wp-container-core-columns-is-layout-28f84493 wp-block-columns-is-layout-flex\">\n<div class=\"wp-block-column is-layout-flow wp-block-column-is-layout-flow\">\n<figure class=\"wp-block-image size-large\"><img decoding=\"async\" src=\"https:\/\/www.interflora.se\/inspiration\/wp-content\/uploads\/2025\/03\/brollop-2024-1.jpg\" alt=\"\"\/><\/figure>\n<\/div>\n\n\n\n<div class=\"wp-block-column is-layout-flow wp-block-column-is-layout-flow\">\n<figure class=\"wp-block-image size-large\"><img decoding=\"async\" src=\"https:\/\/www.interflora.se\/inspiration\/wp-content\/uploads\/2025\/03\/brollop-2024-3.jpg\" alt=\"\"\/><\/figure>\n<\/div>\n<\/div>\n\n\n\n<p><strong>Hur ser en romantisk brudbukett ut 2024?<\/strong><\/p>\n\n\n\n<p>\u2013 Den inneh\u00e5ller brudparets favoritf\u00e4rger och blommor i s\u00e4song, g\u00e4rna doftande sorter som lukt\u00e4rter, l\u00f6vkoja eller liljekonvalj. Runt stj\u00e4lkarna binds sidenband, som f\u00e5r fladdra i vinden.<\/p>\n\n\n\n<figure class=\"wp-block-image aligncenter size-large\"><img loading=\"lazy\" decoding=\"async\" width=\"1024\" height=\"682\" src=\"https:\/\/www.interflora.se\/inspiration\/wp-content\/uploads\/2024\/01\/image-2-1024x682.png\" alt=\"\" class=\"wp-image-1432\" srcset=\"https:\/\/www.interflora.se\/inspiration\/wp-content\/uploads\/2024\/01\/image-2-1024x682.png 1024w, https:\/\/www.interflora.se\/inspiration\/wp-content\/uploads\/2024\/01\/image-2-300x200.png 300w, https:\/\/www.interflora.se\/inspiration\/wp-content\/uploads\/2024\/01\/image-2-768x512.png 768w, https:\/\/www.interflora.se\/inspiration\/wp-content\/uploads\/2024\/01\/image-2-1536x1024.png 1536w, https:\/\/www.interflora.se\/inspiration\/wp-content\/uploads\/2024\/01\/image-2.png 2000w\" sizes=\"auto, (max-width: 1024px) 100vw, 1024px\" \/><\/figure>\n\n\n\n<p><strong>Dina b\u00e4sta blomstertips till br\u00f6llopsfesten?<\/strong><\/p>\n\n\n\n<p>\u2013 L\u00e5na eller k\u00f6p secondhandvaser i olika storlekar eller hyr av din lokala florist. F\u00f6r att f\u00e5 volym och frodig k\u00e4nsla kan man be v\u00e4nner och sl\u00e4ktingar plocka vackra kvistar, gr\u00f6nt eller tr\u00e4dg\u00e5rdsblommor s\u00e5 att det blir en fin bas i vaserna. Sedan k\u00f6per man godbitarna av floristen som kan hj\u00e4lpa till att v\u00e4lja ut sorter efter f\u00e4rgtema.<\/p>\n\n\n\n<p>\u2013 T\u00e4nk p\u00e5 att det ska vara dominans av blommor, inte vaser, n\u00e4r du arrangerar.<\/p>\n\n\n\n<figure class=\"wp-block-image aligncenter size-large\"><img loading=\"lazy\" decoding=\"async\" width=\"819\" height=\"1024\" src=\"https:\/\/www.interflora.se\/inspiration\/wp-content\/uploads\/2024\/01\/image-3-819x1024.png\" alt=\"\" class=\"wp-image-1433\" srcset=\"https:\/\/www.interflora.se\/inspiration\/wp-content\/uploads\/2024\/01\/image-3-819x1024.png 819w, https:\/\/www.interflora.se\/inspiration\/wp-content\/uploads\/2024\/01\/image-3-240x300.png 240w, https:\/\/www.interflora.se\/inspiration\/wp-content\/uploads\/2024\/01\/image-3-768x960.png 768w, https:\/\/www.interflora.se\/inspiration\/wp-content\/uploads\/2024\/01\/image-3.png 960w\" sizes=\"auto, (max-width: 819px) 100vw, 819px\" \/><\/figure>\n\n\n\n<p><strong>Vad \u00e4r det absolut viktigaste att t\u00e4nka p\u00e5 n\u00e4r det g\u00e4ller blommorna?<\/strong><\/p>\n\n\n\n<p>\u2013 V\u00e4lj en florist du k\u00e4nner f\u00f6rtroende f\u00f6r! Fokusera p\u00e5 det ni gillar som brudpar, inte p\u00e5 vad trenderna s\u00e4ger eller vad v\u00e4nner eller sl\u00e4ktingar tycker.<\/p>\n","protected":false},"excerpt":{"rendered":"<p>H\u00e4nryckningens tid n\u00e4rmar sig och blommorna s\u00e4tter stilen f\u00f6r v\u00e5rens och sommarens br\u00f6llop. V\u00e5r florist Heidi Mikkonen bjuder p\u00e5 sina [&hellip;]<\/p>\n","protected":false},"author":1,"featured_media":1435,"comment_status":"open","ping_status":"open","sticky":false,"template":"","format":"standard","meta":{"_uag_custom_page_level_css":"","site-sidebar-layout":"default","site-content-layout":"","ast-site-content-layout":"default","site-content-style":"default","site-sidebar-style":"default","ast-global-header-display":"","ast-banner-title-visibility":"","ast-main-header-display":"","ast-hfb-above-header-display":"","ast-hfb-below-header-display":"","ast-hfb-mobile-header-display":"","site-post-title":"","ast-breadcrumbs-content":"","ast-featured-img":"","footer-sml-layout":"","ast-disable-related-posts":"","theme-transparent-header-meta":"","adv-header-id-meta":"","stick-header-meta":"","header-above-stick-meta":"","header-main-stick-meta":"","header-below-stick-meta":"","astra-migrate-meta-layouts":"default","ast-page-background-enabled":"default","ast-page-background-meta":{"desktop":{"background-color":"var(--ast-global-color-5)","background-image":"","background-repeat":"repeat","background-position":"center center","background-size":"auto","background-attachment":"scroll","background-type":"","background-media":"","overlay-type":"","overlay-color":"","overlay-opacity":"","overlay-gradient":""},"tablet":{"background-color":"","background-image":"","background-repeat":"repeat","background-position":"center center","background-size":"auto","background-attachment":"scroll","background-type":"","background-media":"","overlay-type":"","overlay-color":"","overlay-opacity":"","overlay-gradient":""},"mobile":{"background-color":"","background-image":"","background-repeat":"repeat","background-position":"center center","background-size":"auto","background-attachment":"scroll","background-type":"","background-media":"","overlay-type":"","overlay-color":"","overlay-opacity":"","overlay-gradient":""}},"ast-content-background-meta":{"desktop":{"background-color":"var(--ast-global-color-4)","background-image":"","background-repeat":"repeat","background-position":"center center","background-size":"auto","background-attachment":"scroll","background-type":"","background-media":"","overlay-type":"","overlay-color":"","overlay-opacity":"","overlay-gradient":""},"tablet":{"background-color":"var(--ast-global-color-4)","background-image":"","background-repeat":"repeat","background-position":"center center","background-size":"auto","background-attachment":"scroll","background-type":"","background-media":"","overlay-type":"","overlay-color":"","overlay-opacity":"","overlay-gradient":""},"mobile":{"background-color":"var(--ast-global-color-4)","background-image":"","background-repeat":"repeat","background-position":"center center","background-size":"auto","background-attachment":"scroll","background-type":"","background-media":"","overlay-type":"","overlay-color":"","overlay-opacity":"","overlay-gradient":""}},"footnotes":""},"categories":[10],"tags":[],"class_list":["post-169","post","type-post","status-publish","format-standard","has-post-thumbnail","hentry","category-trender"],"yoast_head":"<!-- This site is optimized with the Yoast SEO plugin v27.4 - https:\/\/yoast.com\/product\/yoast-seo-wordpress\/ -->\n<title>\u00c5rets trendigaste brudbuketter 2024 | Interflora<\/title>\n<meta name=\"robots\" content=\"index, follow, max-snippet:-1, max-image-preview:large, max-video-preview:-1\" \/>\n<link rel=\"canonical\" href=\"https:\/\/www.interflora.se\/inspiration\/brollopstrender-2024\/\" \/>\n<meta property=\"og:locale\" content=\"sv_SE\" \/>\n<meta property=\"og:type\" content=\"article\" \/>\n<meta property=\"og:title\" content=\"\u00c5rets trendigaste brudbuketter 2024 | Interflora\" \/>\n<meta property=\"og:description\" content=\"H\u00e4nryckningens tid n\u00e4rmar sig och blommorna s\u00e4tter stilen f\u00f6r v\u00e5rens och sommarens br\u00f6llop. V\u00e5r florist Heidi Mikkonen bjuder p\u00e5 sina [&hellip;]\" \/>\n<meta property=\"og:url\" content=\"https:\/\/www.interflora.se\/inspiration\/brollopstrender-2024\/\" \/>\n<meta property=\"og:site_name\" content=\"Inspiration om blommor, krukv\u00e4xter &amp; trender | Interflora\" \/>\n<meta property=\"article:publisher\" content=\"https:\/\/www.facebook.com\/InterfloraAB\" \/>\n<meta property=\"article:published_time\" content=\"2024-01-20T23:25:16+00:00\" \/>\n<meta property=\"article:modified_time\" content=\"2025-03-25T14:28:35+00:00\" \/>\n<meta property=\"og:image\" content=\"https:\/\/www.interflora.se\/inspiration\/wp-content\/uploads\/2025\/03\/brollop-2024-3-scaled.jpg\" \/>\n\t<meta property=\"og:image:width\" content=\"2048\" \/>\n\t<meta property=\"og:image:height\" content=\"2560\" \/>\n\t<meta property=\"og:image:type\" content=\"image\/jpeg\" \/>\n<meta name=\"author\" content=\"admin\" \/>\n<meta name=\"twitter:card\" content=\"summary_large_image\" \/>\n<meta name=\"twitter:label1\" content=\"Skriven av\" \/>\n\t<meta name=\"twitter:data1\" content=\"admin\" \/>\n\t<meta name=\"twitter:label2\" content=\"Ber\u00e4knad l\u00e4stid\" \/>\n\t<meta name=\"twitter:data2\" content=\"2 minuter\" \/>\n<script type=\"application\/ld+json\" class=\"yoast-schema-graph\">{\"@context\":\"https:\\\/\\\/schema.org\",\"@graph\":[{\"@type\":\"Article\",\"@id\":\"https:\\\/\\\/www.interflora.se\\\/inspiration\\\/brollopstrender-2024\\\/#article\",\"isPartOf\":{\"@id\":\"https:\\\/\\\/www.interflora.se\\\/inspiration\\\/brollopstrender-2024\\\/\"},\"author\":{\"name\":\"admin\",\"@id\":\"https:\\\/\\\/www.interflora.se\\\/inspiration\\\/#\\\/schema\\\/person\\\/dbbd1ad45e05409c356dc639597669f2\"},\"headline\":\"\u00c5rets trendigaste brudbuketter 2024\",\"datePublished\":\"2024-01-20T23:25:16+00:00\",\"dateModified\":\"2025-03-25T14:28:35+00:00\",\"mainEntityOfPage\":{\"@id\":\"https:\\\/\\\/www.interflora.se\\\/inspiration\\\/brollopstrender-2024\\\/\"},\"wordCount\":314,\"commentCount\":0,\"publisher\":{\"@id\":\"https:\\\/\\\/www.interflora.se\\\/inspiration\\\/#organization\"},\"image\":{\"@id\":\"https:\\\/\\\/www.interflora.se\\\/inspiration\\\/brollopstrender-2024\\\/#primaryimage\"},\"thumbnailUrl\":\"https:\\\/\\\/www.interflora.se\\\/inspiration\\\/wp-content\\\/uploads\\\/2025\\\/03\\\/brollop-2024-3-scaled.jpg\",\"articleSection\":[\"Trender\"],\"inLanguage\":\"sv-SE\",\"potentialAction\":[{\"@type\":\"CommentAction\",\"name\":\"Comment\",\"target\":[\"https:\\\/\\\/www.interflora.se\\\/inspiration\\\/brollopstrender-2024\\\/#respond\"]}]},{\"@type\":\"WebPage\",\"@id\":\"https:\\\/\\\/www.interflora.se\\\/inspiration\\\/brollopstrender-2024\\\/\",\"url\":\"https:\\\/\\\/www.interflora.se\\\/inspiration\\\/brollopstrender-2024\\\/\",\"name\":\"\u00c5rets trendigaste brudbuketter 2024 | Interflora\",\"isPartOf\":{\"@id\":\"https:\\\/\\\/www.interflora.se\\\/inspiration\\\/#website\"},\"primaryImageOfPage\":{\"@id\":\"https:\\\/\\\/www.interflora.se\\\/inspiration\\\/brollopstrender-2024\\\/#primaryimage\"},\"image\":{\"@id\":\"https:\\\/\\\/www.interflora.se\\\/inspiration\\\/brollopstrender-2024\\\/#primaryimage\"},\"thumbnailUrl\":\"https:\\\/\\\/www.interflora.se\\\/inspiration\\\/wp-content\\\/uploads\\\/2025\\\/03\\\/brollop-2024-3-scaled.jpg\",\"datePublished\":\"2024-01-20T23:25:16+00:00\",\"dateModified\":\"2025-03-25T14:28:35+00:00\",\"breadcrumb\":{\"@id\":\"https:\\\/\\\/www.interflora.se\\\/inspiration\\\/brollopstrender-2024\\\/#breadcrumb\"},\"inLanguage\":\"sv-SE\",\"potentialAction\":[{\"@type\":\"ReadAction\",\"target\":[\"https:\\\/\\\/www.interflora.se\\\/inspiration\\\/brollopstrender-2024\\\/\"]}]},{\"@type\":\"ImageObject\",\"inLanguage\":\"sv-SE\",\"@id\":\"https:\\\/\\\/www.interflora.se\\\/inspiration\\\/brollopstrender-2024\\\/#primaryimage\",\"url\":\"https:\\\/\\\/www.interflora.se\\\/inspiration\\\/wp-content\\\/uploads\\\/2025\\\/03\\\/brollop-2024-3-scaled.jpg\",\"contentUrl\":\"https:\\\/\\\/www.interflora.se\\\/inspiration\\\/wp-content\\\/uploads\\\/2025\\\/03\\\/brollop-2024-3-scaled.jpg\",\"width\":2048,\"height\":2560},{\"@type\":\"BreadcrumbList\",\"@id\":\"https:\\\/\\\/www.interflora.se\\\/inspiration\\\/brollopstrender-2024\\\/#breadcrumb\",\"itemListElement\":[{\"@type\":\"ListItem\",\"position\":1,\"name\":\"Home\",\"item\":\"https:\\\/\\\/www.interflora.se\\\/inspiration\\\/\"},{\"@type\":\"ListItem\",\"position\":2,\"name\":\"\u00c5rets trendigaste brudbuketter 2024\"}]},{\"@type\":\"WebSite\",\"@id\":\"https:\\\/\\\/www.interflora.se\\\/inspiration\\\/#website\",\"url\":\"https:\\\/\\\/www.interflora.se\\\/inspiration\\\/\",\"name\":\"Interflora\",\"description\":\"\",\"publisher\":{\"@id\":\"https:\\\/\\\/www.interflora.se\\\/inspiration\\\/#organization\"},\"potentialAction\":[{\"@type\":\"SearchAction\",\"target\":{\"@type\":\"EntryPoint\",\"urlTemplate\":\"https:\\\/\\\/www.interflora.se\\\/inspiration\\\/?s={search_term_string}\"},\"query-input\":{\"@type\":\"PropertyValueSpecification\",\"valueRequired\":true,\"valueName\":\"search_term_string\"}}],\"inLanguage\":\"sv-SE\"},{\"@type\":\"Organization\",\"@id\":\"https:\\\/\\\/www.interflora.se\\\/inspiration\\\/#organization\",\"name\":\"Interflora\",\"url\":\"https:\\\/\\\/www.interflora.se\\\/inspiration\\\/\",\"logo\":{\"@type\":\"ImageObject\",\"inLanguage\":\"sv-SE\",\"@id\":\"https:\\\/\\\/www.interflora.se\\\/inspiration\\\/#\\\/schema\\\/logo\\\/image\\\/\",\"url\":\"https:\\\/\\\/www.interflora.se\\\/inspiration\\\/wp-content\\\/uploads\\\/2025\\\/09\\\/cropped-220422_INTERFLORA_Logo_rgb_Half_Top_Circle_Main_Color.avif\",\"contentUrl\":\"https:\\\/\\\/www.interflora.se\\\/inspiration\\\/wp-content\\\/uploads\\\/2025\\\/09\\\/cropped-220422_INTERFLORA_Logo_rgb_Half_Top_Circle_Main_Color.avif\",\"width\":1418,\"height\":662,\"caption\":\"Interflora\"},\"image\":{\"@id\":\"https:\\\/\\\/www.interflora.se\\\/inspiration\\\/#\\\/schema\\\/logo\\\/image\\\/\"},\"sameAs\":[\"https:\\\/\\\/www.facebook.com\\\/InterfloraAB\",\"https:\\\/\\\/www.instagram.com\\\/interflora_ab\\\/\",\"https:\\\/\\\/www.linkedin.com\\\/company\\\/1494362\",\"https:\\\/\\\/www.youtube.com\\\/channel\\\/UCZgDzGWB2VRxaoWFUmXnk1w\"]},{\"@type\":\"Person\",\"@id\":\"https:\\\/\\\/www.interflora.se\\\/inspiration\\\/#\\\/schema\\\/person\\\/dbbd1ad45e05409c356dc639597669f2\",\"name\":\"admin\",\"image\":{\"@type\":\"ImageObject\",\"inLanguage\":\"sv-SE\",\"@id\":\"https:\\\/\\\/www.interflora.se\\\/inspiration\\\/wp-content\\\/litespeed\\\/avatar\\\/1fe3cced9e67df62d0a6f995d75823a5.jpg?ver=1777362393\",\"url\":\"https:\\\/\\\/www.interflora.se\\\/inspiration\\\/wp-content\\\/litespeed\\\/avatar\\\/1fe3cced9e67df62d0a6f995d75823a5.jpg?ver=1777362393\",\"contentUrl\":\"https:\\\/\\\/www.interflora.se\\\/inspiration\\\/wp-content\\\/litespeed\\\/avatar\\\/1fe3cced9e67df62d0a6f995d75823a5.jpg?ver=1777362393\",\"caption\":\"admin\"},\"sameAs\":[\"https:\\\/\\\/www.interflora.se\\\/inspiration\"],\"url\":\"https:\\\/\\\/www.interflora.se\\\/inspiration\\\/author\\\/admin\\\/\"}]}<\/script>\n<!-- \/ Yoast SEO plugin. -->","yoast_head_json":{"title":"\u00c5rets trendigaste brudbuketter 2024 | Interflora","robots":{"index":"index","follow":"follow","max-snippet":"max-snippet:-1","max-image-preview":"max-image-preview:large","max-video-preview":"max-video-preview:-1"},"canonical":"https:\/\/www.interflora.se\/inspiration\/brollopstrender-2024\/","og_locale":"sv_SE","og_type":"article","og_title":"\u00c5rets trendigaste brudbuketter 2024 | Interflora","og_description":"H\u00e4nryckningens tid n\u00e4rmar sig och blommorna s\u00e4tter stilen f\u00f6r v\u00e5rens och sommarens br\u00f6llop. V\u00e5r florist Heidi Mikkonen bjuder p\u00e5 sina [&hellip;]","og_url":"https:\/\/www.interflora.se\/inspiration\/brollopstrender-2024\/","og_site_name":"Inspiration om blommor, krukv\u00e4xter &amp; trender | Interflora","article_publisher":"https:\/\/www.facebook.com\/InterfloraAB","article_published_time":"2024-01-20T23:25:16+00:00","article_modified_time":"2025-03-25T14:28:35+00:00","og_image":[{"width":2048,"height":2560,"url":"https:\/\/www.interflora.se\/inspiration\/wp-content\/uploads\/2025\/03\/brollop-2024-3-scaled.jpg","type":"image\/jpeg"}],"author":"admin","twitter_card":"summary_large_image","twitter_misc":{"Skriven av":"admin","Ber\u00e4knad l\u00e4stid":"2 minuter"},"schema":{"@context":"https:\/\/schema.org","@graph":[{"@type":"Article","@id":"https:\/\/www.interflora.se\/inspiration\/brollopstrender-2024\/#article","isPartOf":{"@id":"https:\/\/www.interflora.se\/inspiration\/brollopstrender-2024\/"},"author":{"name":"admin","@id":"https:\/\/www.interflora.se\/inspiration\/#\/schema\/person\/dbbd1ad45e05409c356dc639597669f2"},"headline":"\u00c5rets trendigaste brudbuketter 2024","datePublished":"2024-01-20T23:25:16+00:00","dateModified":"2025-03-25T14:28:35+00:00","mainEntityOfPage":{"@id":"https:\/\/www.interflora.se\/inspiration\/brollopstrender-2024\/"},"wordCount":314,"commentCount":0,"publisher":{"@id":"https:\/\/www.interflora.se\/inspiration\/#organization"},"image":{"@id":"https:\/\/www.interflora.se\/inspiration\/brollopstrender-2024\/#primaryimage"},"thumbnailUrl":"https:\/\/www.interflora.se\/inspiration\/wp-content\/uploads\/2025\/03\/brollop-2024-3-scaled.jpg","articleSection":["Trender"],"inLanguage":"sv-SE","potentialAction":[{"@type":"CommentAction","name":"Comment","target":["https:\/\/www.interflora.se\/inspiration\/brollopstrender-2024\/#respond"]}]},{"@type":"WebPage","@id":"https:\/\/www.interflora.se\/inspiration\/brollopstrender-2024\/","url":"https:\/\/www.interflora.se\/inspiration\/brollopstrender-2024\/","name":"\u00c5rets trendigaste brudbuketter 2024 | Interflora","isPartOf":{"@id":"https:\/\/www.interflora.se\/inspiration\/#website"},"primaryImageOfPage":{"@id":"https:\/\/www.interflora.se\/inspiration\/brollopstrender-2024\/#primaryimage"},"image":{"@id":"https:\/\/www.interflora.se\/inspiration\/brollopstrender-2024\/#primaryimage"},"thumbnailUrl":"https:\/\/www.interflora.se\/inspiration\/wp-content\/uploads\/2025\/03\/brollop-2024-3-scaled.jpg","datePublished":"2024-01-20T23:25:16+00:00","dateModified":"2025-03-25T14:28:35+00:00","breadcrumb":{"@id":"https:\/\/www.interflora.se\/inspiration\/brollopstrender-2024\/#breadcrumb"},"inLanguage":"sv-SE","potentialAction":[{"@type":"ReadAction","target":["https:\/\/www.interflora.se\/inspiration\/brollopstrender-2024\/"]}]},{"@type":"ImageObject","inLanguage":"sv-SE","@id":"https:\/\/www.interflora.se\/inspiration\/brollopstrender-2024\/#primaryimage","url":"https:\/\/www.interflora.se\/inspiration\/wp-content\/uploads\/2025\/03\/brollop-2024-3-scaled.jpg","contentUrl":"https:\/\/www.interflora.se\/inspiration\/wp-content\/uploads\/2025\/03\/brollop-2024-3-scaled.jpg","width":2048,"height":2560},{"@type":"BreadcrumbList","@id":"https:\/\/www.interflora.se\/inspiration\/brollopstrender-2024\/#breadcrumb","itemListElement":[{"@type":"ListItem","position":1,"name":"Home","item":"https:\/\/www.interflora.se\/inspiration\/"},{"@type":"ListItem","position":2,"name":"\u00c5rets trendigaste brudbuketter 2024"}]},{"@type":"WebSite","@id":"https:\/\/www.interflora.se\/inspiration\/#website","url":"https:\/\/www.interflora.se\/inspiration\/","name":"Interflora","description":"","publisher":{"@id":"https:\/\/www.interflora.se\/inspiration\/#organization"},"potentialAction":[{"@type":"SearchAction","target":{"@type":"EntryPoint","urlTemplate":"https:\/\/www.interflora.se\/inspiration\/?s={search_term_string}"},"query-input":{"@type":"PropertyValueSpecification","valueRequired":true,"valueName":"search_term_string"}}],"inLanguage":"sv-SE"},{"@type":"Organization","@id":"https:\/\/www.interflora.se\/inspiration\/#organization","name":"Interflora","url":"https:\/\/www.interflora.se\/inspiration\/","logo":{"@type":"ImageObject","inLanguage":"sv-SE","@id":"https:\/\/www.interflora.se\/inspiration\/#\/schema\/logo\/image\/","url":"https:\/\/www.interflora.se\/inspiration\/wp-content\/uploads\/2025\/09\/cropped-220422_INTERFLORA_Logo_rgb_Half_Top_Circle_Main_Color.avif","contentUrl":"https:\/\/www.interflora.se\/inspiration\/wp-content\/uploads\/2025\/09\/cropped-220422_INTERFLORA_Logo_rgb_Half_Top_Circle_Main_Color.avif","width":1418,"height":662,"caption":"Interflora"},"image":{"@id":"https:\/\/www.interflora.se\/inspiration\/#\/schema\/logo\/image\/"},"sameAs":["https:\/\/www.facebook.com\/InterfloraAB","https:\/\/www.instagram.com\/interflora_ab\/","https:\/\/www.linkedin.com\/company\/1494362","https:\/\/www.youtube.com\/channel\/UCZgDzGWB2VRxaoWFUmXnk1w"]},{"@type":"Person","@id":"https:\/\/www.interflora.se\/inspiration\/#\/schema\/person\/dbbd1ad45e05409c356dc639597669f2","name":"admin","image":{"@type":"ImageObject","inLanguage":"sv-SE","@id":"https:\/\/www.interflora.se\/inspiration\/wp-content\/litespeed\/avatar\/1fe3cced9e67df62d0a6f995d75823a5.jpg?ver=1777362393","url":"https:\/\/www.interflora.se\/inspiration\/wp-content\/litespeed\/avatar\/1fe3cced9e67df62d0a6f995d75823a5.jpg?ver=1777362393","contentUrl":"https:\/\/www.interflora.se\/inspiration\/wp-content\/litespeed\/avatar\/1fe3cced9e67df62d0a6f995d75823a5.jpg?ver=1777362393","caption":"admin"},"sameAs":["https:\/\/www.interflora.se\/inspiration"],"url":"https:\/\/www.interflora.se\/inspiration\/author\/admin\/"}]}},"uagb_featured_image_src":{"full":["https:\/\/www.interflora.se\/inspiration\/wp-content\/uploads\/2025\/03\/brollop-2024-3-scaled.jpg",2048,2560,false],"thumbnail":["https:\/\/www.interflora.se\/inspiration\/wp-content\/uploads\/2025\/03\/brollop-2024-3-150x150.jpg",150,150,true],"medium":["https:\/\/www.interflora.se\/inspiration\/wp-content\/uploads\/2025\/03\/brollop-2024-3-240x300.jpg",240,300,true],"medium_large":["https:\/\/www.interflora.se\/inspiration\/wp-content\/uploads\/2025\/03\/brollop-2024-3-768x960.jpg",768,960,true],"large":["https:\/\/www.interflora.se\/inspiration\/wp-content\/uploads\/2025\/03\/brollop-2024-3-819x1024.jpg",819,1024,true],"1536x1536":["https:\/\/www.interflora.se\/inspiration\/wp-content\/uploads\/2025\/03\/brollop-2024-3-1229x1536.jpg",1229,1536,true],"2048x2048":["https:\/\/www.interflora.se\/inspiration\/wp-content\/uploads\/2025\/03\/brollop-2024-3-1638x2048.jpg",1638,2048,true]},"uagb_author_info":{"display_name":"admin","author_link":"https:\/\/www.interflora.se\/inspiration\/author\/admin\/"},"uagb_comment_info":0,"uagb_excerpt":"H\u00e4nryckningens tid n\u00e4rmar sig och blommorna s\u00e4tter stilen f\u00f6r v\u00e5rens och sommarens br\u00f6llop. V\u00e5r florist Heidi Mikkonen bjuder p\u00e5 sina [&hellip;]","_links":{"self":[{"href":"https:\/\/www.interflora.se\/inspiration\/wp-json\/wp\/v2\/posts\/169","targetHints":{"allow":["GET"]}}],"collection":[{"href":"https:\/\/www.interflora.se\/inspiration\/wp-json\/wp\/v2\/posts"}],"about":[{"href":"https:\/\/www.interflora.se\/inspiration\/wp-json\/wp\/v2\/types\/post"}],"author":[{"embeddable":true,"href":"https:\/\/www.interflora.se\/inspiration\/wp-json\/wp\/v2\/users\/1"}],"replies":[{"embeddable":true,"href":"https:\/\/www.interflora.se\/inspiration\/wp-json\/wp\/v2\/comments?post=169"}],"version-history":[{"count":1,"href":"https:\/\/www.interflora.se\/inspiration\/wp-json\/wp\/v2\/posts\/169\/revisions"}],"predecessor-version":[{"id":1436,"href":"https:\/\/www.interflora.se\/inspiration\/wp-json\/wp\/v2\/posts\/169\/revisions\/1436"}],"wp:featuredmedia":[{"embeddable":true,"href":"https:\/\/www.interflora.se\/inspiration\/wp-json\/wp\/v2\/media\/1435"}],"wp:attachment":[{"href":"https:\/\/www.interflora.se\/inspiration\/wp-json\/wp\/v2\/media?parent=169"}],"wp:term":[{"taxonomy":"category","embeddable":true,"href":"https:\/\/www.interflora.se\/inspiration\/wp-json\/wp\/v2\/categories?post=169"},{"taxonomy":"post_tag","embeddable":true,"href":"https:\/\/www.interflora.se\/inspiration\/wp-json\/wp\/v2\/tags?post=169"}],"curies":[{"name":"wp","href":"https:\/\/api.w.org\/{rel}","templated":true}]}}