{"id":164,"date":"2023-09-01T07:21:51","date_gmt":"2023-09-01T05:21:51","guid":{"rendered":"http:\/\/preprodblog.interflora.se\/blog\/?p=164"},"modified":"2025-03-19T15:52:03","modified_gmt":"2025-03-19T14:52:03","slug":"brollop","status":"publish","type":"post","link":"https:\/\/www.interflora.se\/inspiration\/brollop\/","title":{"rendered":"Br\u00f6llop \u2013 ett minne f\u00f6r livet"},"content":{"rendered":"\n<p>Br\u00f6llopet \u00e4r ett of\u00f6rgl\u00f6mligt minne. Tiden fram till den stora dagen kantas av mycket planering och m\u00e5nga beslut ska fattas. Det \u00e4r en stressig, men ocks\u00e5 en v\u00e4ldigt rolig tid. Blommorna \u00e4r f\u00f6r de flesta en viktig del av br\u00f6llopet.<strong><\/strong><\/p>\n\n\n\n<h2 class=\"wp-block-heading\">Brudbuketter<\/h2>\n\n\n\n<p>Rundbunden och klassisk, vild och spretig eller droppformad? Trenden inom brudblommor \u00e4r gener\u00f6s eftersom det idag \u00e4r viktigt att vara personlig och v\u00e4lja br\u00f6llopsblommor som man tycker om.<\/p>\n\n\n\n<p>P\u00e5&nbsp;<a href=\"https:\/\/www.interflora.se\/home\/brollopsblommor\/\">interflora.se<\/a>&nbsp;kan du enkelt best\u00e4lla hem din brudbukett direkt till d\u00f6rren och sj\u00e4lv v\u00e4lja \u00f6nskat leveransdatum. Du kan \u00e4ven l\u00e4gga till en corsage till brudgummen som matchar brudbuketten.<\/p>\n\n\n\n<figure class=\"wp-block-image size-large\"><img decoding=\"async\" src=\"https:\/\/www.interflora.se\/inspiration\/wp-content\/uploads\/2025\/03\/brudbuketter-brollopsbuketter-brollop-blommor-topp.jpg\" alt=\"\"\/><\/figure>\n\n\n\n<h2 class=\"wp-block-heading\">S\u00e4songens blommor till br\u00f6llopsbuketten<\/h2>\n\n\n\n<p>Beroende p\u00e5 s\u00e4song kan det ibland vara sv\u00e5rt att f\u00e5 tag i vissa blommor. De flesta g\u00e5r att best\u00e4lla&nbsp; om man g\u00f6r det i god tid, d\u00e4rf\u00f6r \u00e4r det viktigt att du tar kontakt med floristen tidigt i planeringen.<\/p>\n\n\n\n<p><a href=\"https:\/\/www.interflora.se\/inspiration\/hogtid-och-ceremoni\/brollopsblommor-efter-sasong\/\">Se vilka blommor som \u00e4r i s\u00e4song n\u00e4r du ska gifta dig!<\/a><\/p>\n\n\n\n<figure class=\"wp-block-image size-large\"><img decoding=\"async\" src=\"https:\/\/www.interflora.se\/inspiration\/wp-content\/uploads\/2025\/03\/brollop-brudbuketter-sasong-liggande.jpg\" alt=\"\"\/><\/figure>\n\n\n\n<h2 class=\"wp-block-heading\"><br>L\u00e5t hela br\u00f6llopet blomma<\/h2>\n\n\n\n<h3 class=\"wp-block-heading\">Corsage &#8211; knapph\u00e5lsblomma<\/h3>\n\n\n\n<p>Corsage ska enligt traditionen vara plockad ur brudbuketten och symbolisera att brudgummen och bruden binds samman livet ut. Blomman ska vara f\u00e4st vid mannens v\u00e4nstra sida. Idag blir det ocks\u00e5 vanligare att \u00e4ven brudparets marsalkar och pappor b\u00e4r corsage.<\/p>\n\n\n\n<p>P\u00e5&nbsp;<a href=\"https:\/\/www.interflora.se\/home\/brollopsblommor\/\">interflora.se<\/a>&nbsp;kan du enkelt best\u00e4lla hem corsage till br\u00f6llopet. Alla corsage finns med matchande brudbukett.<\/p>\n\n\n\n<figure class=\"wp-block-image size-large\"><img decoding=\"async\" src=\"https:\/\/www.interflora.se\/inspiration\/wp-content\/uploads\/2025\/03\/brollop-corsage-liggande.jpg\" alt=\"\"\/><\/figure>\n\n\n\n<h3 class=\"wp-block-heading\">H\u00e5rblommor till br\u00f6llop<\/h3>\n\n\n\n<p>Det finns m\u00e5nga m\u00f6jligheter att smycka ditt h\u00e5r n\u00e4r du gifter dig. Kontakta din fris\u00f6r och florist n\u00e4r du har best\u00e4mt dig och diskutera vilka blommor som passar b\u00e4st till din frisyr.<\/p>\n\n\n\n<h3 class=\"wp-block-heading\">T\u00e4rn- och n\u00e4bbukett till br\u00f6llop<\/h3>\n\n\n\n<p>T\u00e4rnbuketten ska g\u00e4rna matcha brudbuketten. Till brudn\u00e4bben best\u00e4lls ofta miniatyrbuketter, blomsterkorgar och s\u00f6ta kransar.<\/p>\n\n\n\n<figure class=\"wp-block-image size-large\"><img decoding=\"async\" src=\"https:\/\/www.interflora.se\/inspiration\/wp-content\/uploads\/2025\/03\/brollop-brudtarna-bukett-krans-interflora.jpg\" alt=\"\"\/><\/figure>\n\n\n\n<h3 class=\"wp-block-heading\"><br>Blommor till bordsdukning och br\u00f6llopsfesten<\/h3>\n\n\n\n<p>Interfloras florister har tusen och \u00e5ter tusen id\u00e9er p\u00e5 hur man kan skapa sp\u00e4nnande och personliga blomsterdekorationer till er br\u00f6llpsfest eller mingel.<\/p>\n\n\n\n<p><a href=\"https:\/\/www.interflora.se\/inspiration\/hogtid-och-ceremoni\/brollopsdukning\/\">F\u00e5 tips och inspiration p\u00e5 br\u00f6llopsdukningar!<\/a><\/p>\n\n\n\n<figure class=\"wp-block-image size-large\"><img decoding=\"async\" src=\"https:\/\/www.interflora.se\/inspiration\/wp-content\/uploads\/2025\/03\/brollop-brollopsdukning-sommar-pioner-interflora-topp.jpg\" alt=\"\"\/><\/figure>\n\n\n\n<h3 class=\"wp-block-heading\">\u00d6vriga blomsterdekorationer till br\u00f6llop<\/h3>\n\n\n\n<p>Kyrkodekorationer, brudb\u00e5ge, festdekorationer, bildekorationer \u2013 kontakta din Interflorabutik s\u00e5 kan de guida dig r\u00e4tt i br\u00f6llopsdjungeln!<\/p>\n\n\n\n<figure class=\"wp-block-image size-large\"><img decoding=\"async\" src=\"https:\/\/www.interflora.se\/inspiration\/wp-content\/uploads\/2025\/03\/brollop-dekoration-brollopsbage-blomsterbage-interflora.jpg\" alt=\"\"\/><\/figure>\n\n\n\n<h2 class=\"wp-block-heading\"><br>Br\u00f6llopsdagar och dess betydelse<\/h2>\n\n\n\n<p>Har du n\u00e5gon g\u00e5ng undrat hur m\u00e5nga \u00e5r Diamantbr\u00f6llop \u00e4r? D\u00e5 har vi svaret till dig. H\u00e4r hittar du samtliga namn p\u00e5 de olika&nbsp;<a href=\"https:\/\/www.interflora.se\/inspiration\/hogtid-och-ceremoni\/brollopsdagar\/\">br\u00f6llopsdagarna<\/a>.<\/p>\n\n\n\n<h2 class=\"wp-block-heading\">Br\u00f6llopspresenter<\/h2>\n\n\n\n<p>\u00c4r du bjuden p\u00e5 ett br\u00f6llop eller vill du gratulera brudparet med en present? H\u00e4r kan du f\u00e5 tips p\u00e5&nbsp;<a href=\"https:\/\/www.interflora.se\/inspiration\/tips\/brollopsgavor\/\">br\u00f6llopsbuketter att skicka<\/a>.<\/p>\n","protected":false},"excerpt":{"rendered":"<p>Br\u00f6llopet \u00e4r ett of\u00f6rgl\u00f6mligt minne. Tiden fram till den stora dagen kantas av mycket planering och m\u00e5nga beslut ska fattas. [&hellip;]<\/p>\n","protected":false},"author":1,"featured_media":575,"comment_status":"open","ping_status":"open","sticky":false,"template":"","format":"standard","meta":{"_uag_custom_page_level_css":"","site-sidebar-layout":"default","site-content-layout":"","ast-site-content-layout":"default","site-content-style":"default","site-sidebar-style":"default","ast-global-header-display":"","ast-banner-title-visibility":"","ast-main-header-display":"","ast-hfb-above-header-display":"","ast-hfb-below-header-display":"","ast-hfb-mobile-header-display":"","site-post-title":"","ast-breadcrumbs-content":"","ast-featured-img":"","footer-sml-layout":"","ast-disable-related-posts":"","theme-transparent-header-meta":"","adv-header-id-meta":"","stick-header-meta":"","header-above-stick-meta":"","header-main-stick-meta":"","header-below-stick-meta":"","astra-migrate-meta-layouts":"default","ast-page-background-enabled":"default","ast-page-background-meta":{"desktop":{"background-color":"var(--ast-global-color-5)","background-image":"","background-repeat":"repeat","background-position":"center center","background-size":"auto","background-attachment":"scroll","background-type":"","background-media":"","overlay-type":"","overlay-color":"","overlay-opacity":"","overlay-gradient":""},"tablet":{"background-color":"","background-image":"","background-repeat":"repeat","background-position":"center center","background-size":"auto","background-attachment":"scroll","background-type":"","background-media":"","overlay-type":"","overlay-color":"","overlay-opacity":"","overlay-gradient":""},"mobile":{"background-color":"","background-image":"","background-repeat":"repeat","background-position":"center center","background-size":"auto","background-attachment":"scroll","background-type":"","background-media":"","overlay-type":"","overlay-color":"","overlay-opacity":"","overlay-gradient":""}},"ast-content-background-meta":{"desktop":{"background-color":"var(--ast-global-color-4)","background-image":"","background-repeat":"repeat","background-position":"center center","background-size":"auto","background-attachment":"scroll","background-type":"","background-media":"","overlay-type":"","overlay-color":"","overlay-opacity":"","overlay-gradient":""},"tablet":{"background-color":"var(--ast-global-color-4)","background-image":"","background-repeat":"repeat","background-position":"center center","background-size":"auto","background-attachment":"scroll","background-type":"","background-media":"","overlay-type":"","overlay-color":"","overlay-opacity":"","overlay-gradient":""},"mobile":{"background-color":"var(--ast-global-color-4)","background-image":"","background-repeat":"repeat","background-position":"center center","background-size":"auto","background-attachment":"scroll","background-type":"","background-media":"","overlay-type":"","overlay-color":"","overlay-opacity":"","overlay-gradient":""}},"footnotes":""},"categories":[6],"tags":[],"class_list":["post-164","post","type-post","status-publish","format-standard","has-post-thumbnail","hentry","category-hogtid-ceremoni"],"yoast_head":"<!-- This site is optimized with the Yoast SEO plugin v27.4 - https:\/\/yoast.com\/product\/yoast-seo-wordpress\/ -->\n<title>Br\u00f6llop \u2013 ett minne f\u00f6r livet | Interflora<\/title>\n<meta name=\"robots\" content=\"index, follow, max-snippet:-1, max-image-preview:large, max-video-preview:-1\" \/>\n<link rel=\"canonical\" href=\"https:\/\/www.interflora.se\/inspiration\/brollop\/\" \/>\n<meta property=\"og:locale\" content=\"sv_SE\" \/>\n<meta property=\"og:type\" content=\"article\" \/>\n<meta property=\"og:title\" content=\"Br\u00f6llop \u2013 ett minne f\u00f6r livet | Interflora\" \/>\n<meta property=\"og:description\" content=\"Br\u00f6llopet \u00e4r ett of\u00f6rgl\u00f6mligt minne. Tiden fram till den stora dagen kantas av mycket planering och m\u00e5nga beslut ska fattas. [&hellip;]\" \/>\n<meta property=\"og:url\" content=\"https:\/\/www.interflora.se\/inspiration\/brollop\/\" \/>\n<meta property=\"og:site_name\" content=\"Inspiration om blommor, krukv\u00e4xter &amp; trender | Interflora\" \/>\n<meta property=\"article:publisher\" content=\"https:\/\/www.facebook.com\/InterfloraAB\" \/>\n<meta property=\"article:published_time\" content=\"2023-09-01T05:21:51+00:00\" \/>\n<meta property=\"article:modified_time\" content=\"2025-03-19T14:52:03+00:00\" \/>\n<meta property=\"og:image\" content=\"https:\/\/www.interflora.se\/inspiration\/wp-content\/uploads\/2025\/03\/brollop-dekoration-brollopsbage-blomsterbage-interflora.jpg\" \/>\n\t<meta property=\"og:image:width\" content=\"1000\" \/>\n\t<meta property=\"og:image:height\" content=\"800\" \/>\n\t<meta property=\"og:image:type\" content=\"image\/jpeg\" \/>\n<meta name=\"author\" content=\"admin\" \/>\n<meta name=\"twitter:card\" content=\"summary_large_image\" \/>\n<meta name=\"twitter:label1\" content=\"Skriven av\" \/>\n\t<meta name=\"twitter:data1\" content=\"admin\" \/>\n\t<meta name=\"twitter:label2\" content=\"Ber\u00e4knad l\u00e4stid\" \/>\n\t<meta name=\"twitter:data2\" content=\"2 minuter\" \/>\n<script type=\"application\/ld+json\" class=\"yoast-schema-graph\">{\"@context\":\"https:\\\/\\\/schema.org\",\"@graph\":[{\"@type\":\"Article\",\"@id\":\"https:\\\/\\\/www.interflora.se\\\/inspiration\\\/brollop\\\/#article\",\"isPartOf\":{\"@id\":\"https:\\\/\\\/www.interflora.se\\\/inspiration\\\/brollop\\\/\"},\"author\":{\"name\":\"admin\",\"@id\":\"https:\\\/\\\/www.interflora.se\\\/inspiration\\\/#\\\/schema\\\/person\\\/dbbd1ad45e05409c356dc639597669f2\"},\"headline\":\"Br\u00f6llop \u2013 ett minne f\u00f6r livet\",\"datePublished\":\"2023-09-01T05:21:51+00:00\",\"dateModified\":\"2025-03-19T14:52:03+00:00\",\"mainEntityOfPage\":{\"@id\":\"https:\\\/\\\/www.interflora.se\\\/inspiration\\\/brollop\\\/\"},\"wordCount\":462,\"commentCount\":0,\"publisher\":{\"@id\":\"https:\\\/\\\/www.interflora.se\\\/inspiration\\\/#organization\"},\"image\":{\"@id\":\"https:\\\/\\\/www.interflora.se\\\/inspiration\\\/brollop\\\/#primaryimage\"},\"thumbnailUrl\":\"https:\\\/\\\/www.interflora.se\\\/inspiration\\\/wp-content\\\/uploads\\\/2025\\\/03\\\/brollop-dekoration-brollopsbage-blomsterbage-interflora.jpg\",\"articleSection\":[\"H\u00f6gtid &amp; ceremoni\"],\"inLanguage\":\"sv-SE\",\"potentialAction\":[{\"@type\":\"CommentAction\",\"name\":\"Comment\",\"target\":[\"https:\\\/\\\/www.interflora.se\\\/inspiration\\\/brollop\\\/#respond\"]}]},{\"@type\":\"WebPage\",\"@id\":\"https:\\\/\\\/www.interflora.se\\\/inspiration\\\/brollop\\\/\",\"url\":\"https:\\\/\\\/www.interflora.se\\\/inspiration\\\/brollop\\\/\",\"name\":\"Br\u00f6llop \u2013 ett minne f\u00f6r livet | Interflora\",\"isPartOf\":{\"@id\":\"https:\\\/\\\/www.interflora.se\\\/inspiration\\\/#website\"},\"primaryImageOfPage\":{\"@id\":\"https:\\\/\\\/www.interflora.se\\\/inspiration\\\/brollop\\\/#primaryimage\"},\"image\":{\"@id\":\"https:\\\/\\\/www.interflora.se\\\/inspiration\\\/brollop\\\/#primaryimage\"},\"thumbnailUrl\":\"https:\\\/\\\/www.interflora.se\\\/inspiration\\\/wp-content\\\/uploads\\\/2025\\\/03\\\/brollop-dekoration-brollopsbage-blomsterbage-interflora.jpg\",\"datePublished\":\"2023-09-01T05:21:51+00:00\",\"dateModified\":\"2025-03-19T14:52:03+00:00\",\"breadcrumb\":{\"@id\":\"https:\\\/\\\/www.interflora.se\\\/inspiration\\\/brollop\\\/#breadcrumb\"},\"inLanguage\":\"sv-SE\",\"potentialAction\":[{\"@type\":\"ReadAction\",\"target\":[\"https:\\\/\\\/www.interflora.se\\\/inspiration\\\/brollop\\\/\"]}]},{\"@type\":\"ImageObject\",\"inLanguage\":\"sv-SE\",\"@id\":\"https:\\\/\\\/www.interflora.se\\\/inspiration\\\/brollop\\\/#primaryimage\",\"url\":\"https:\\\/\\\/www.interflora.se\\\/inspiration\\\/wp-content\\\/uploads\\\/2025\\\/03\\\/brollop-dekoration-brollopsbage-blomsterbage-interflora.jpg\",\"contentUrl\":\"https:\\\/\\\/www.interflora.se\\\/inspiration\\\/wp-content\\\/uploads\\\/2025\\\/03\\\/brollop-dekoration-brollopsbage-blomsterbage-interflora.jpg\",\"width\":1000,\"height\":800},{\"@type\":\"BreadcrumbList\",\"@id\":\"https:\\\/\\\/www.interflora.se\\\/inspiration\\\/brollop\\\/#breadcrumb\",\"itemListElement\":[{\"@type\":\"ListItem\",\"position\":1,\"name\":\"Home\",\"item\":\"https:\\\/\\\/www.interflora.se\\\/inspiration\\\/\"},{\"@type\":\"ListItem\",\"position\":2,\"name\":\"Br\u00f6llop \u2013 ett minne f\u00f6r livet\"}]},{\"@type\":\"WebSite\",\"@id\":\"https:\\\/\\\/www.interflora.se\\\/inspiration\\\/#website\",\"url\":\"https:\\\/\\\/www.interflora.se\\\/inspiration\\\/\",\"name\":\"Interflora\",\"description\":\"\",\"publisher\":{\"@id\":\"https:\\\/\\\/www.interflora.se\\\/inspiration\\\/#organization\"},\"potentialAction\":[{\"@type\":\"SearchAction\",\"target\":{\"@type\":\"EntryPoint\",\"urlTemplate\":\"https:\\\/\\\/www.interflora.se\\\/inspiration\\\/?s={search_term_string}\"},\"query-input\":{\"@type\":\"PropertyValueSpecification\",\"valueRequired\":true,\"valueName\":\"search_term_string\"}}],\"inLanguage\":\"sv-SE\"},{\"@type\":\"Organization\",\"@id\":\"https:\\\/\\\/www.interflora.se\\\/inspiration\\\/#organization\",\"name\":\"Interflora\",\"url\":\"https:\\\/\\\/www.interflora.se\\\/inspiration\\\/\",\"logo\":{\"@type\":\"ImageObject\",\"inLanguage\":\"sv-SE\",\"@id\":\"https:\\\/\\\/www.interflora.se\\\/inspiration\\\/#\\\/schema\\\/logo\\\/image\\\/\",\"url\":\"https:\\\/\\\/www.interflora.se\\\/inspiration\\\/wp-content\\\/uploads\\\/2025\\\/09\\\/cropped-220422_INTERFLORA_Logo_rgb_Half_Top_Circle_Main_Color.avif\",\"contentUrl\":\"https:\\\/\\\/www.interflora.se\\\/inspiration\\\/wp-content\\\/uploads\\\/2025\\\/09\\\/cropped-220422_INTERFLORA_Logo_rgb_Half_Top_Circle_Main_Color.avif\",\"width\":1418,\"height\":662,\"caption\":\"Interflora\"},\"image\":{\"@id\":\"https:\\\/\\\/www.interflora.se\\\/inspiration\\\/#\\\/schema\\\/logo\\\/image\\\/\"},\"sameAs\":[\"https:\\\/\\\/www.facebook.com\\\/InterfloraAB\",\"https:\\\/\\\/www.instagram.com\\\/interflora_ab\\\/\",\"https:\\\/\\\/www.linkedin.com\\\/company\\\/1494362\",\"https:\\\/\\\/www.youtube.com\\\/channel\\\/UCZgDzGWB2VRxaoWFUmXnk1w\"]},{\"@type\":\"Person\",\"@id\":\"https:\\\/\\\/www.interflora.se\\\/inspiration\\\/#\\\/schema\\\/person\\\/dbbd1ad45e05409c356dc639597669f2\",\"name\":\"admin\",\"image\":{\"@type\":\"ImageObject\",\"inLanguage\":\"sv-SE\",\"@id\":\"https:\\\/\\\/www.interflora.se\\\/inspiration\\\/wp-content\\\/litespeed\\\/avatar\\\/1fe3cced9e67df62d0a6f995d75823a5.jpg?ver=1777362393\",\"url\":\"https:\\\/\\\/www.interflora.se\\\/inspiration\\\/wp-content\\\/litespeed\\\/avatar\\\/1fe3cced9e67df62d0a6f995d75823a5.jpg?ver=1777362393\",\"contentUrl\":\"https:\\\/\\\/www.interflora.se\\\/inspiration\\\/wp-content\\\/litespeed\\\/avatar\\\/1fe3cced9e67df62d0a6f995d75823a5.jpg?ver=1777362393\",\"caption\":\"admin\"},\"sameAs\":[\"https:\\\/\\\/www.interflora.se\\\/inspiration\"],\"url\":\"https:\\\/\\\/www.interflora.se\\\/inspiration\\\/author\\\/admin\\\/\"}]}<\/script>\n<!-- \/ Yoast SEO plugin. -->","yoast_head_json":{"title":"Br\u00f6llop \u2013 ett minne f\u00f6r livet | Interflora","robots":{"index":"index","follow":"follow","max-snippet":"max-snippet:-1","max-image-preview":"max-image-preview:large","max-video-preview":"max-video-preview:-1"},"canonical":"https:\/\/www.interflora.se\/inspiration\/brollop\/","og_locale":"sv_SE","og_type":"article","og_title":"Br\u00f6llop \u2013 ett minne f\u00f6r livet | Interflora","og_description":"Br\u00f6llopet \u00e4r ett of\u00f6rgl\u00f6mligt minne. Tiden fram till den stora dagen kantas av mycket planering och m\u00e5nga beslut ska fattas. [&hellip;]","og_url":"https:\/\/www.interflora.se\/inspiration\/brollop\/","og_site_name":"Inspiration om blommor, krukv\u00e4xter &amp; trender | Interflora","article_publisher":"https:\/\/www.facebook.com\/InterfloraAB","article_published_time":"2023-09-01T05:21:51+00:00","article_modified_time":"2025-03-19T14:52:03+00:00","og_image":[{"width":1000,"height":800,"url":"https:\/\/www.interflora.se\/inspiration\/wp-content\/uploads\/2025\/03\/brollop-dekoration-brollopsbage-blomsterbage-interflora.jpg","type":"image\/jpeg"}],"author":"admin","twitter_card":"summary_large_image","twitter_misc":{"Skriven av":"admin","Ber\u00e4knad l\u00e4stid":"2 minuter"},"schema":{"@context":"https:\/\/schema.org","@graph":[{"@type":"Article","@id":"https:\/\/www.interflora.se\/inspiration\/brollop\/#article","isPartOf":{"@id":"https:\/\/www.interflora.se\/inspiration\/brollop\/"},"author":{"name":"admin","@id":"https:\/\/www.interflora.se\/inspiration\/#\/schema\/person\/dbbd1ad45e05409c356dc639597669f2"},"headline":"Br\u00f6llop \u2013 ett minne f\u00f6r livet","datePublished":"2023-09-01T05:21:51+00:00","dateModified":"2025-03-19T14:52:03+00:00","mainEntityOfPage":{"@id":"https:\/\/www.interflora.se\/inspiration\/brollop\/"},"wordCount":462,"commentCount":0,"publisher":{"@id":"https:\/\/www.interflora.se\/inspiration\/#organization"},"image":{"@id":"https:\/\/www.interflora.se\/inspiration\/brollop\/#primaryimage"},"thumbnailUrl":"https:\/\/www.interflora.se\/inspiration\/wp-content\/uploads\/2025\/03\/brollop-dekoration-brollopsbage-blomsterbage-interflora.jpg","articleSection":["H\u00f6gtid &amp; ceremoni"],"inLanguage":"sv-SE","potentialAction":[{"@type":"CommentAction","name":"Comment","target":["https:\/\/www.interflora.se\/inspiration\/brollop\/#respond"]}]},{"@type":"WebPage","@id":"https:\/\/www.interflora.se\/inspiration\/brollop\/","url":"https:\/\/www.interflora.se\/inspiration\/brollop\/","name":"Br\u00f6llop \u2013 ett minne f\u00f6r livet | Interflora","isPartOf":{"@id":"https:\/\/www.interflora.se\/inspiration\/#website"},"primaryImageOfPage":{"@id":"https:\/\/www.interflora.se\/inspiration\/brollop\/#primaryimage"},"image":{"@id":"https:\/\/www.interflora.se\/inspiration\/brollop\/#primaryimage"},"thumbnailUrl":"https:\/\/www.interflora.se\/inspiration\/wp-content\/uploads\/2025\/03\/brollop-dekoration-brollopsbage-blomsterbage-interflora.jpg","datePublished":"2023-09-01T05:21:51+00:00","dateModified":"2025-03-19T14:52:03+00:00","breadcrumb":{"@id":"https:\/\/www.interflora.se\/inspiration\/brollop\/#breadcrumb"},"inLanguage":"sv-SE","potentialAction":[{"@type":"ReadAction","target":["https:\/\/www.interflora.se\/inspiration\/brollop\/"]}]},{"@type":"ImageObject","inLanguage":"sv-SE","@id":"https:\/\/www.interflora.se\/inspiration\/brollop\/#primaryimage","url":"https:\/\/www.interflora.se\/inspiration\/wp-content\/uploads\/2025\/03\/brollop-dekoration-brollopsbage-blomsterbage-interflora.jpg","contentUrl":"https:\/\/www.interflora.se\/inspiration\/wp-content\/uploads\/2025\/03\/brollop-dekoration-brollopsbage-blomsterbage-interflora.jpg","width":1000,"height":800},{"@type":"BreadcrumbList","@id":"https:\/\/www.interflora.se\/inspiration\/brollop\/#breadcrumb","itemListElement":[{"@type":"ListItem","position":1,"name":"Home","item":"https:\/\/www.interflora.se\/inspiration\/"},{"@type":"ListItem","position":2,"name":"Br\u00f6llop \u2013 ett minne f\u00f6r livet"}]},{"@type":"WebSite","@id":"https:\/\/www.interflora.se\/inspiration\/#website","url":"https:\/\/www.interflora.se\/inspiration\/","name":"Interflora","description":"","publisher":{"@id":"https:\/\/www.interflora.se\/inspiration\/#organization"},"potentialAction":[{"@type":"SearchAction","target":{"@type":"EntryPoint","urlTemplate":"https:\/\/www.interflora.se\/inspiration\/?s={search_term_string}"},"query-input":{"@type":"PropertyValueSpecification","valueRequired":true,"valueName":"search_term_string"}}],"inLanguage":"sv-SE"},{"@type":"Organization","@id":"https:\/\/www.interflora.se\/inspiration\/#organization","name":"Interflora","url":"https:\/\/www.interflora.se\/inspiration\/","logo":{"@type":"ImageObject","inLanguage":"sv-SE","@id":"https:\/\/www.interflora.se\/inspiration\/#\/schema\/logo\/image\/","url":"https:\/\/www.interflora.se\/inspiration\/wp-content\/uploads\/2025\/09\/cropped-220422_INTERFLORA_Logo_rgb_Half_Top_Circle_Main_Color.avif","contentUrl":"https:\/\/www.interflora.se\/inspiration\/wp-content\/uploads\/2025\/09\/cropped-220422_INTERFLORA_Logo_rgb_Half_Top_Circle_Main_Color.avif","width":1418,"height":662,"caption":"Interflora"},"image":{"@id":"https:\/\/www.interflora.se\/inspiration\/#\/schema\/logo\/image\/"},"sameAs":["https:\/\/www.facebook.com\/InterfloraAB","https:\/\/www.instagram.com\/interflora_ab\/","https:\/\/www.linkedin.com\/company\/1494362","https:\/\/www.youtube.com\/channel\/UCZgDzGWB2VRxaoWFUmXnk1w"]},{"@type":"Person","@id":"https:\/\/www.interflora.se\/inspiration\/#\/schema\/person\/dbbd1ad45e05409c356dc639597669f2","name":"admin","image":{"@type":"ImageObject","inLanguage":"sv-SE","@id":"https:\/\/www.interflora.se\/inspiration\/wp-content\/litespeed\/avatar\/1fe3cced9e67df62d0a6f995d75823a5.jpg?ver=1777362393","url":"https:\/\/www.interflora.se\/inspiration\/wp-content\/litespeed\/avatar\/1fe3cced9e67df62d0a6f995d75823a5.jpg?ver=1777362393","contentUrl":"https:\/\/www.interflora.se\/inspiration\/wp-content\/litespeed\/avatar\/1fe3cced9e67df62d0a6f995d75823a5.jpg?ver=1777362393","caption":"admin"},"sameAs":["https:\/\/www.interflora.se\/inspiration"],"url":"https:\/\/www.interflora.se\/inspiration\/author\/admin\/"}]}},"uagb_featured_image_src":{"full":["https:\/\/www.interflora.se\/inspiration\/wp-content\/uploads\/2025\/03\/brollop-dekoration-brollopsbage-blomsterbage-interflora.jpg",1000,800,false],"thumbnail":["https:\/\/www.interflora.se\/inspiration\/wp-content\/uploads\/2025\/03\/brollop-dekoration-brollopsbage-blomsterbage-interflora-150x150.jpg",150,150,true],"medium":["https:\/\/www.interflora.se\/inspiration\/wp-content\/uploads\/2025\/03\/brollop-dekoration-brollopsbage-blomsterbage-interflora-300x240.jpg",300,240,true],"medium_large":["https:\/\/www.interflora.se\/inspiration\/wp-content\/uploads\/2025\/03\/brollop-dekoration-brollopsbage-blomsterbage-interflora-768x614.jpg",768,614,true],"large":["https:\/\/www.interflora.se\/inspiration\/wp-content\/uploads\/2025\/03\/brollop-dekoration-brollopsbage-blomsterbage-interflora.jpg",1000,800,false],"1536x1536":["https:\/\/www.interflora.se\/inspiration\/wp-content\/uploads\/2025\/03\/brollop-dekoration-brollopsbage-blomsterbage-interflora.jpg",1000,800,false],"2048x2048":["https:\/\/www.interflora.se\/inspiration\/wp-content\/uploads\/2025\/03\/brollop-dekoration-brollopsbage-blomsterbage-interflora.jpg",1000,800,false]},"uagb_author_info":{"display_name":"admin","author_link":"https:\/\/www.interflora.se\/inspiration\/author\/admin\/"},"uagb_comment_info":0,"uagb_excerpt":"Br\u00f6llopet \u00e4r ett of\u00f6rgl\u00f6mligt minne. Tiden fram till den stora dagen kantas av mycket planering och m\u00e5nga beslut ska fattas. [&hellip;]","_links":{"self":[{"href":"https:\/\/www.interflora.se\/inspiration\/wp-json\/wp\/v2\/posts\/164","targetHints":{"allow":["GET"]}}],"collection":[{"href":"https:\/\/www.interflora.se\/inspiration\/wp-json\/wp\/v2\/posts"}],"about":[{"href":"https:\/\/www.interflora.se\/inspiration\/wp-json\/wp\/v2\/types\/post"}],"author":[{"embeddable":true,"href":"https:\/\/www.interflora.se\/inspiration\/wp-json\/wp\/v2\/users\/1"}],"replies":[{"embeddable":true,"href":"https:\/\/www.interflora.se\/inspiration\/wp-json\/wp\/v2\/comments?post=164"}],"version-history":[{"count":3,"href":"https:\/\/www.interflora.se\/inspiration\/wp-json\/wp\/v2\/posts\/164\/revisions"}],"predecessor-version":[{"id":578,"href":"https:\/\/www.interflora.se\/inspiration\/wp-json\/wp\/v2\/posts\/164\/revisions\/578"}],"wp:featuredmedia":[{"embeddable":true,"href":"https:\/\/www.interflora.se\/inspiration\/wp-json\/wp\/v2\/media\/575"}],"wp:attachment":[{"href":"https:\/\/www.interflora.se\/inspiration\/wp-json\/wp\/v2\/media?parent=164"}],"wp:term":[{"taxonomy":"category","embeddable":true,"href":"https:\/\/www.interflora.se\/inspiration\/wp-json\/wp\/v2\/categories?post=164"},{"taxonomy":"post_tag","embeddable":true,"href":"https:\/\/www.interflora.se\/inspiration\/wp-json\/wp\/v2\/tags?post=164"}],"curies":[{"name":"wp","href":"https:\/\/api.w.org\/{rel}","templated":true}]}}