{"id":156,"date":"2024-07-06T05:20:03","date_gmt":"2024-07-06T03:20:03","guid":{"rendered":"http:\/\/preprodblog.interflora.se\/blog\/?p=156"},"modified":"2025-03-19T16:37:26","modified_gmt":"2025-03-19T15:37:26","slug":"blomstersprakets-betydelse-och-historia","status":"publish","type":"post","link":"https:\/\/www.interflora.se\/inspiration\/blomstersprakets-betydelse-och-historia\/","title":{"rendered":"Blomsterspr\u00e5ket &#8211; blommors betydelse och historia"},"content":{"rendered":"\n<p>En&nbsp;<a href=\"https:\/\/www.interflora.se\/inspiration\/blomfakta-och-skotselrad\/blomfakta-rodarosor\/\">r\u00f6d ros<\/a>&nbsp;\u00e4r b\u00e4ttre \u00e4n gula&nbsp;<a href=\"https:\/\/www.interflora.se\/inspiration\/blomfakta-och-skotselrad\/blomfakta-tulpaner\/\">tulpaner<\/a>*. I alla fall om du ska uttrycka k\u00e4rlek med hj\u00e4lp av blomsterspr\u00e5ket. Men hur mycket g\u00e5r det egentligen att s\u00e4ga med blommor nuf\u00f6rtiden och finns det n\u00e5gra stora misstag du kan g\u00f6ra?<\/p>\n\n\n\n<figure class=\"wp-block-image\"><img decoding=\"async\" src=\"https:\/\/www.interflora.se\/inspiration\/wp-content\/uploads\/2025\/03\/blomsterspraket-topp.jpg\" alt=\"Blomsterspr\u00e5ket-Topp.jpg\"\/><\/figure>\n\n\n\n<p><br>Det s\u00e4gs att blomsterspr\u00e5ket b\u00f6rjade anv\u00e4ndas redan i antikens Grekland, \u00e4ven om man d\u00e5 kommunicerade med \u00f6rter i st\u00e4llet f\u00f6r blommor. Men tanken p\u00e5 att olika sorter, f\u00e4rger och antalet blommor har olika betydelser har levt vidare \u00e4nda in i modern tid.<\/p>\n\n\n\n<p>Under 1700- och 1800-talen kunde unga f\u00f6r\u00e4lskade inte alltid umg\u00e5s direkt med varandra utan n\u00e5gon form av mellanhand, s\u00e5 d\u00e4rf\u00f6r kommunicerade man med blommor. P\u00e5 den tiden var det allts\u00e5 v\u00e4ldigt noga att v\u00e4lja r\u00e4tt blomma, i r\u00e4tt&nbsp;<a href=\"https:\/\/www.interflora.se\/inspiration\/blomsterspraket\/blommors-farg\/\">f\u00e4rg<\/a>&nbsp;och r\u00e4tt&nbsp;<a href=\"https:\/\/www.interflora.se\/inspiration\/blomsterspraket\/antal-blommor\/\">antal<\/a>&nbsp;till sin \u00e4lskade. I dag \u00e4r symboliken mer kuriosa. Nu f\u00f6r tiden \u00e4r det nog viktigare att en bukett f\u00f6rmedlar r\u00e4tt k\u00e4nsla i f\u00e4rg och form och vilket syfte man har med buketten, ett k\u00e4rleksbevis, en uppmuntran eller som en h\u00e4rlig inredningsdetalj.<\/p>\n\n\n\n<p>\u2013 En klassisk bukett med bl\u00e5, r\u00f6da och vita blommor betyder frieri f\u00f6r m\u00e5nga. Kanske har ocks\u00e5 vita blommor en betydelse av renhet och jungfrulighet som lever kvar, s\u00e4ger Hanna Eriksson florist p\u00e5 Floristkompaniet i Stockholm, och flerfaldig medalj\u00f6r i nordiska m\u00e4sterskapet i blomsterbinderi.<\/p>\n\n\n\n<p>Hanna, som \u00e4r tveksam till blomsterspr\u00e5kets betydelse i dag och i framtiden, utvecklar sitt resonemang:<br>\u2013 N\u00e4stan alla f\u00f6rknippar fortfarande en&nbsp;<a href=\"https:\/\/www.interflora.se\/inspiration\/blomfakta-och-skotselrad\/blomfakta-rodarosor\/\">r\u00f6d ros<\/a>&nbsp;med k\u00e4rlek, och jag har st\u00f6tt p\u00e5 folk i butiken som tycker att&nbsp;<a href=\"https:\/\/www.interflora.se\/inspiration\/blomsterspraket\/fargskola-gul\/\">gula blommor<\/a>&nbsp;betyder otrohet. Men p\u00e5 det stora hela \u00e4r det inte lika noga med symboliken i dag \u2013 och det \u00e4r vi florister faktiskt glada f\u00f6r. Det betyder att vi kan anv\u00e4nda v\u00e5r hantverksskicklighet fullt ut, utan gr\u00e4nser, s\u00e4ger Hanna Eriksson.<\/p>\n\n\n\n<p>Alla spr\u00e5k bygger p\u00e5 en direkt eller indirekt \u00f6verenskommelse om att ett visst ljud, en f\u00e4rg eller symbol betyder en viss sak. Finns inte den \u00f6verenskommelsen kvar \u00e4r det om\u00f6jligt att kommunicera. Det \u00e4r precis detta som i allt st\u00f6rre utstr\u00e4ckning h\u00e5ller p\u00e5 att h\u00e4nda med blomsterspr\u00e5ket, det \u00e4r mer generiskt idag och du kan sj\u00e4lv v\u00e4lja vad du vill att en blomma eller bukett ska ha f\u00f6r inneb\u00f6rd.<br><br>\u2013 Jag hade en kund f\u00f6r ett tag sedan som hade f\u00e5tt en blombukett och han funderade p\u00e5 om den hade n\u00e5gon betydelse. Han hade suttit hemma och googlat p\u00e5 f\u00e4rger och sorter och hittat lite olika information p\u00e5 olika sajter, s\u00e5 den gemensamma \u00f6verenskommelsen \u00e4r inte lika tydlig l\u00e4ngre, s\u00e4ger Hanna Ericsson.<\/p>\n\n\n\n<p>Betyder det att man inte beh\u00f6ver oroa sig f\u00f6r att g\u00f6ra missar nuf\u00f6rtiden?<br>\u2013 Nej, jag tycker inte att man kan g\u00f6ra fel l\u00e4ngre. I dag blir alla glada av att f\u00e5 blommor oavsett sort eller f\u00e4rg. F\u00f6r inte s\u00e5 m\u00e5nga \u00e5r sedan f\u00f6rknippade man vita blommor med begravningar och d\u00e5 blev det r\u00e4tt konstigt att ta med sig vita&nbsp;<a href=\"https:\/\/www.interflora.se\/inspiration\/blomfakta-och-skotselrad\/blomfakta-liljor\/\">liljor<\/a>&nbsp;och ge bort p\u00e5 en fest. Nu har det f\u00f6rsvunnit och jag tycker verkligen att man fullt ut kan g\u00e5 p\u00e5 sk\u00f6nhet och k\u00e4nsla n\u00e4r man ger bort blommor.<\/p>\n\n\n\n<p><em>* En r\u00f6d ros betyder \u201dJag \u00e4lskar dig\u201d \u2013 medan gula tulpaner kan tolkas som \u201ddin k\u00e4rlek \u00e4r hoppl\u00f6s\u201d.<\/em><\/p>\n\n\n\n<h2 class=\"wp-block-heading\">En blomma s\u00e4ger mer \u00e4n tusen ord:<\/h2>\n\n\n\n<p>Egentligen talar blommor ett spr\u00e5k som alla f\u00f6rst\u00e5r. F\u00f6r oavsett f\u00e4rg, sort och antal blir de allra flesta v\u00e4ldigt glada n\u00e4r de f\u00e5r blommor. Vill du \u00e4nd\u00e5 vara p\u00e5 helt s\u00e4ker p\u00e5 att ditt budskap inte kan misstolkas \u00e4r det h\u00e4r fyra klassiker:<\/p>\n\n\n\n<p><strong>En r\u00f6d ros:<\/strong>&nbsp;Jag \u00e4lskar dig<\/p>\n\n\n\n<p><strong>En rosa blomma<\/strong>: Jag \u00e4r f\u00f6r\u00e4lskad i dig och lovar dig trohet.<\/p>\n\n\n\n<p><strong>En bukett med r\u00f6da, vita och bl\u00e5 blommor:<\/strong>&nbsp;Vill du gifta dig med mig?<\/p>\n\n\n\n<p><strong>Tre r\u00f6da rosor:<\/strong>&nbsp;Jag vill tr\u00e4ffa dig igen.<\/p>\n\n\n\n<p><\/p>\n","protected":false},"excerpt":{"rendered":"<p>En&nbsp;r\u00f6d ros&nbsp;\u00e4r b\u00e4ttre \u00e4n gula&nbsp;tulpaner*. I alla fall om du ska uttrycka k\u00e4rlek med hj\u00e4lp av blomsterspr\u00e5ket. Men hur mycket [&hellip;]<\/p>\n","protected":false},"author":1,"featured_media":616,"comment_status":"open","ping_status":"open","sticky":false,"template":"","format":"standard","meta":{"_uag_custom_page_level_css":"","site-sidebar-layout":"default","site-content-layout":"","ast-site-content-layout":"default","site-content-style":"default","site-sidebar-style":"default","ast-global-header-display":"","ast-banner-title-visibility":"","ast-main-header-display":"","ast-hfb-above-header-display":"","ast-hfb-below-header-display":"","ast-hfb-mobile-header-display":"","site-post-title":"","ast-breadcrumbs-content":"","ast-featured-img":"","footer-sml-layout":"","ast-disable-related-posts":"","theme-transparent-header-meta":"","adv-header-id-meta":"","stick-header-meta":"","header-above-stick-meta":"","header-main-stick-meta":"","header-below-stick-meta":"","astra-migrate-meta-layouts":"default","ast-page-background-enabled":"default","ast-page-background-meta":{"desktop":{"background-color":"var(--ast-global-color-5)","background-image":"","background-repeat":"repeat","background-position":"center center","background-size":"auto","background-attachment":"scroll","background-type":"","background-media":"","overlay-type":"","overlay-color":"","overlay-opacity":"","overlay-gradient":""},"tablet":{"background-color":"","background-image":"","background-repeat":"repeat","background-position":"center center","background-size":"auto","background-attachment":"scroll","background-type":"","background-media":"","overlay-type":"","overlay-color":"","overlay-opacity":"","overlay-gradient":""},"mobile":{"background-color":"","background-image":"","background-repeat":"repeat","background-position":"center center","background-size":"auto","background-attachment":"scroll","background-type":"","background-media":"","overlay-type":"","overlay-color":"","overlay-opacity":"","overlay-gradient":""}},"ast-content-background-meta":{"desktop":{"background-color":"var(--ast-global-color-4)","background-image":"","background-repeat":"repeat","background-position":"center center","background-size":"auto","background-attachment":"scroll","background-type":"","background-media":"","overlay-type":"","overlay-color":"","overlay-opacity":"","overlay-gradient":""},"tablet":{"background-color":"var(--ast-global-color-4)","background-image":"","background-repeat":"repeat","background-position":"center center","background-size":"auto","background-attachment":"scroll","background-type":"","background-media":"","overlay-type":"","overlay-color":"","overlay-opacity":"","overlay-gradient":""},"mobile":{"background-color":"var(--ast-global-color-4)","background-image":"","background-repeat":"repeat","background-position":"center center","background-size":"auto","background-attachment":"scroll","background-type":"","background-media":"","overlay-type":"","overlay-color":"","overlay-opacity":"","overlay-gradient":""}},"footnotes":""},"categories":[8],"tags":[],"class_list":["post-156","post","type-post","status-publish","format-standard","has-post-thumbnail","hentry","category-blomsterspraket"],"yoast_head":"<!-- This site is optimized with the Yoast SEO plugin v27.4 - https:\/\/yoast.com\/product\/yoast-seo-wordpress\/ -->\n<title>Blomsterspr\u00e5ket - blommors betydelse och historia | Interflora<\/title>\n<meta name=\"robots\" content=\"index, follow, max-snippet:-1, max-image-preview:large, max-video-preview:-1\" \/>\n<link rel=\"canonical\" href=\"https:\/\/www.interflora.se\/inspiration\/blomstersprakets-betydelse-och-historia\/\" \/>\n<meta property=\"og:locale\" content=\"sv_SE\" \/>\n<meta property=\"og:type\" content=\"article\" \/>\n<meta property=\"og:title\" content=\"Blomsterspr\u00e5ket - blommors betydelse och historia | Interflora\" \/>\n<meta property=\"og:description\" content=\"En&nbsp;r\u00f6d ros&nbsp;\u00e4r b\u00e4ttre \u00e4n gula&nbsp;tulpaner*. I alla fall om du ska uttrycka k\u00e4rlek med hj\u00e4lp av blomsterspr\u00e5ket. Men hur mycket [&hellip;]\" \/>\n<meta property=\"og:url\" content=\"https:\/\/www.interflora.se\/inspiration\/blomstersprakets-betydelse-och-historia\/\" \/>\n<meta property=\"og:site_name\" content=\"Inspiration om blommor, krukv\u00e4xter &amp; trender | Interflora\" \/>\n<meta property=\"article:publisher\" content=\"https:\/\/www.facebook.com\/InterfloraAB\" \/>\n<meta property=\"article:published_time\" content=\"2024-07-06T03:20:03+00:00\" \/>\n<meta property=\"article:modified_time\" content=\"2025-03-19T15:37:26+00:00\" \/>\n<meta property=\"og:image\" content=\"https:\/\/www.interflora.se\/inspiration\/wp-content\/uploads\/2025\/03\/blomsterspraket-topp.jpg\" \/>\n\t<meta property=\"og:image:width\" content=\"1200\" \/>\n\t<meta property=\"og:image:height\" content=\"800\" \/>\n\t<meta property=\"og:image:type\" content=\"image\/jpeg\" \/>\n<meta name=\"author\" content=\"admin\" \/>\n<meta name=\"twitter:card\" content=\"summary_large_image\" \/>\n<meta name=\"twitter:label1\" content=\"Skriven av\" \/>\n\t<meta name=\"twitter:data1\" content=\"admin\" \/>\n\t<meta name=\"twitter:label2\" content=\"Ber\u00e4knad l\u00e4stid\" \/>\n\t<meta name=\"twitter:data2\" content=\"4 minuter\" \/>\n<script type=\"application\/ld+json\" class=\"yoast-schema-graph\">{\"@context\":\"https:\\\/\\\/schema.org\",\"@graph\":[{\"@type\":\"Article\",\"@id\":\"https:\\\/\\\/www.interflora.se\\\/inspiration\\\/blomstersprakets-betydelse-och-historia\\\/#article\",\"isPartOf\":{\"@id\":\"https:\\\/\\\/www.interflora.se\\\/inspiration\\\/blomstersprakets-betydelse-och-historia\\\/\"},\"author\":{\"name\":\"admin\",\"@id\":\"https:\\\/\\\/www.interflora.se\\\/inspiration\\\/#\\\/schema\\\/person\\\/dbbd1ad45e05409c356dc639597669f2\"},\"headline\":\"Blomsterspr\u00e5ket &#8211; blommors betydelse och historia\",\"datePublished\":\"2024-07-06T03:20:03+00:00\",\"dateModified\":\"2025-03-19T15:37:26+00:00\",\"mainEntityOfPage\":{\"@id\":\"https:\\\/\\\/www.interflora.se\\\/inspiration\\\/blomstersprakets-betydelse-och-historia\\\/\"},\"wordCount\":731,\"commentCount\":0,\"publisher\":{\"@id\":\"https:\\\/\\\/www.interflora.se\\\/inspiration\\\/#organization\"},\"image\":{\"@id\":\"https:\\\/\\\/www.interflora.se\\\/inspiration\\\/blomstersprakets-betydelse-och-historia\\\/#primaryimage\"},\"thumbnailUrl\":\"https:\\\/\\\/www.interflora.se\\\/inspiration\\\/wp-content\\\/uploads\\\/2025\\\/03\\\/blomsterspraket-topp.jpg\",\"articleSection\":[\"Blomsterspr\u00e5ket\"],\"inLanguage\":\"sv-SE\",\"potentialAction\":[{\"@type\":\"CommentAction\",\"name\":\"Comment\",\"target\":[\"https:\\\/\\\/www.interflora.se\\\/inspiration\\\/blomstersprakets-betydelse-och-historia\\\/#respond\"]}]},{\"@type\":\"WebPage\",\"@id\":\"https:\\\/\\\/www.interflora.se\\\/inspiration\\\/blomstersprakets-betydelse-och-historia\\\/\",\"url\":\"https:\\\/\\\/www.interflora.se\\\/inspiration\\\/blomstersprakets-betydelse-och-historia\\\/\",\"name\":\"Blomsterspr\u00e5ket - blommors betydelse och historia | Interflora\",\"isPartOf\":{\"@id\":\"https:\\\/\\\/www.interflora.se\\\/inspiration\\\/#website\"},\"primaryImageOfPage\":{\"@id\":\"https:\\\/\\\/www.interflora.se\\\/inspiration\\\/blomstersprakets-betydelse-och-historia\\\/#primaryimage\"},\"image\":{\"@id\":\"https:\\\/\\\/www.interflora.se\\\/inspiration\\\/blomstersprakets-betydelse-och-historia\\\/#primaryimage\"},\"thumbnailUrl\":\"https:\\\/\\\/www.interflora.se\\\/inspiration\\\/wp-content\\\/uploads\\\/2025\\\/03\\\/blomsterspraket-topp.jpg\",\"datePublished\":\"2024-07-06T03:20:03+00:00\",\"dateModified\":\"2025-03-19T15:37:26+00:00\",\"breadcrumb\":{\"@id\":\"https:\\\/\\\/www.interflora.se\\\/inspiration\\\/blomstersprakets-betydelse-och-historia\\\/#breadcrumb\"},\"inLanguage\":\"sv-SE\",\"potentialAction\":[{\"@type\":\"ReadAction\",\"target\":[\"https:\\\/\\\/www.interflora.se\\\/inspiration\\\/blomstersprakets-betydelse-och-historia\\\/\"]}]},{\"@type\":\"ImageObject\",\"inLanguage\":\"sv-SE\",\"@id\":\"https:\\\/\\\/www.interflora.se\\\/inspiration\\\/blomstersprakets-betydelse-och-historia\\\/#primaryimage\",\"url\":\"https:\\\/\\\/www.interflora.se\\\/inspiration\\\/wp-content\\\/uploads\\\/2025\\\/03\\\/blomsterspraket-topp.jpg\",\"contentUrl\":\"https:\\\/\\\/www.interflora.se\\\/inspiration\\\/wp-content\\\/uploads\\\/2025\\\/03\\\/blomsterspraket-topp.jpg\",\"width\":1200,\"height\":800},{\"@type\":\"BreadcrumbList\",\"@id\":\"https:\\\/\\\/www.interflora.se\\\/inspiration\\\/blomstersprakets-betydelse-och-historia\\\/#breadcrumb\",\"itemListElement\":[{\"@type\":\"ListItem\",\"position\":1,\"name\":\"Home\",\"item\":\"https:\\\/\\\/www.interflora.se\\\/inspiration\\\/\"},{\"@type\":\"ListItem\",\"position\":2,\"name\":\"Blomsterspr\u00e5ket &#8211; blommors betydelse och historia\"}]},{\"@type\":\"WebSite\",\"@id\":\"https:\\\/\\\/www.interflora.se\\\/inspiration\\\/#website\",\"url\":\"https:\\\/\\\/www.interflora.se\\\/inspiration\\\/\",\"name\":\"Interflora\",\"description\":\"\",\"publisher\":{\"@id\":\"https:\\\/\\\/www.interflora.se\\\/inspiration\\\/#organization\"},\"potentialAction\":[{\"@type\":\"SearchAction\",\"target\":{\"@type\":\"EntryPoint\",\"urlTemplate\":\"https:\\\/\\\/www.interflora.se\\\/inspiration\\\/?s={search_term_string}\"},\"query-input\":{\"@type\":\"PropertyValueSpecification\",\"valueRequired\":true,\"valueName\":\"search_term_string\"}}],\"inLanguage\":\"sv-SE\"},{\"@type\":\"Organization\",\"@id\":\"https:\\\/\\\/www.interflora.se\\\/inspiration\\\/#organization\",\"name\":\"Interflora\",\"url\":\"https:\\\/\\\/www.interflora.se\\\/inspiration\\\/\",\"logo\":{\"@type\":\"ImageObject\",\"inLanguage\":\"sv-SE\",\"@id\":\"https:\\\/\\\/www.interflora.se\\\/inspiration\\\/#\\\/schema\\\/logo\\\/image\\\/\",\"url\":\"https:\\\/\\\/www.interflora.se\\\/inspiration\\\/wp-content\\\/uploads\\\/2025\\\/09\\\/cropped-220422_INTERFLORA_Logo_rgb_Half_Top_Circle_Main_Color.avif\",\"contentUrl\":\"https:\\\/\\\/www.interflora.se\\\/inspiration\\\/wp-content\\\/uploads\\\/2025\\\/09\\\/cropped-220422_INTERFLORA_Logo_rgb_Half_Top_Circle_Main_Color.avif\",\"width\":1418,\"height\":662,\"caption\":\"Interflora\"},\"image\":{\"@id\":\"https:\\\/\\\/www.interflora.se\\\/inspiration\\\/#\\\/schema\\\/logo\\\/image\\\/\"},\"sameAs\":[\"https:\\\/\\\/www.facebook.com\\\/InterfloraAB\",\"https:\\\/\\\/www.instagram.com\\\/interflora_ab\\\/\",\"https:\\\/\\\/www.linkedin.com\\\/company\\\/1494362\",\"https:\\\/\\\/www.youtube.com\\\/channel\\\/UCZgDzGWB2VRxaoWFUmXnk1w\"]},{\"@type\":\"Person\",\"@id\":\"https:\\\/\\\/www.interflora.se\\\/inspiration\\\/#\\\/schema\\\/person\\\/dbbd1ad45e05409c356dc639597669f2\",\"name\":\"admin\",\"image\":{\"@type\":\"ImageObject\",\"inLanguage\":\"sv-SE\",\"@id\":\"https:\\\/\\\/www.interflora.se\\\/inspiration\\\/wp-content\\\/litespeed\\\/avatar\\\/1fe3cced9e67df62d0a6f995d75823a5.jpg?ver=1777362393\",\"url\":\"https:\\\/\\\/www.interflora.se\\\/inspiration\\\/wp-content\\\/litespeed\\\/avatar\\\/1fe3cced9e67df62d0a6f995d75823a5.jpg?ver=1777362393\",\"contentUrl\":\"https:\\\/\\\/www.interflora.se\\\/inspiration\\\/wp-content\\\/litespeed\\\/avatar\\\/1fe3cced9e67df62d0a6f995d75823a5.jpg?ver=1777362393\",\"caption\":\"admin\"},\"sameAs\":[\"https:\\\/\\\/www.interflora.se\\\/inspiration\"],\"url\":\"https:\\\/\\\/www.interflora.se\\\/inspiration\\\/author\\\/admin\\\/\"}]}<\/script>\n<!-- \/ Yoast SEO plugin. -->","yoast_head_json":{"title":"Blomsterspr\u00e5ket - blommors betydelse och historia | Interflora","robots":{"index":"index","follow":"follow","max-snippet":"max-snippet:-1","max-image-preview":"max-image-preview:large","max-video-preview":"max-video-preview:-1"},"canonical":"https:\/\/www.interflora.se\/inspiration\/blomstersprakets-betydelse-och-historia\/","og_locale":"sv_SE","og_type":"article","og_title":"Blomsterspr\u00e5ket - blommors betydelse och historia | Interflora","og_description":"En&nbsp;r\u00f6d ros&nbsp;\u00e4r b\u00e4ttre \u00e4n gula&nbsp;tulpaner*. I alla fall om du ska uttrycka k\u00e4rlek med hj\u00e4lp av blomsterspr\u00e5ket. Men hur mycket [&hellip;]","og_url":"https:\/\/www.interflora.se\/inspiration\/blomstersprakets-betydelse-och-historia\/","og_site_name":"Inspiration om blommor, krukv\u00e4xter &amp; trender | Interflora","article_publisher":"https:\/\/www.facebook.com\/InterfloraAB","article_published_time":"2024-07-06T03:20:03+00:00","article_modified_time":"2025-03-19T15:37:26+00:00","og_image":[{"width":1200,"height":800,"url":"https:\/\/www.interflora.se\/inspiration\/wp-content\/uploads\/2025\/03\/blomsterspraket-topp.jpg","type":"image\/jpeg"}],"author":"admin","twitter_card":"summary_large_image","twitter_misc":{"Skriven av":"admin","Ber\u00e4knad l\u00e4stid":"4 minuter"},"schema":{"@context":"https:\/\/schema.org","@graph":[{"@type":"Article","@id":"https:\/\/www.interflora.se\/inspiration\/blomstersprakets-betydelse-och-historia\/#article","isPartOf":{"@id":"https:\/\/www.interflora.se\/inspiration\/blomstersprakets-betydelse-och-historia\/"},"author":{"name":"admin","@id":"https:\/\/www.interflora.se\/inspiration\/#\/schema\/person\/dbbd1ad45e05409c356dc639597669f2"},"headline":"Blomsterspr\u00e5ket &#8211; blommors betydelse och historia","datePublished":"2024-07-06T03:20:03+00:00","dateModified":"2025-03-19T15:37:26+00:00","mainEntityOfPage":{"@id":"https:\/\/www.interflora.se\/inspiration\/blomstersprakets-betydelse-och-historia\/"},"wordCount":731,"commentCount":0,"publisher":{"@id":"https:\/\/www.interflora.se\/inspiration\/#organization"},"image":{"@id":"https:\/\/www.interflora.se\/inspiration\/blomstersprakets-betydelse-och-historia\/#primaryimage"},"thumbnailUrl":"https:\/\/www.interflora.se\/inspiration\/wp-content\/uploads\/2025\/03\/blomsterspraket-topp.jpg","articleSection":["Blomsterspr\u00e5ket"],"inLanguage":"sv-SE","potentialAction":[{"@type":"CommentAction","name":"Comment","target":["https:\/\/www.interflora.se\/inspiration\/blomstersprakets-betydelse-och-historia\/#respond"]}]},{"@type":"WebPage","@id":"https:\/\/www.interflora.se\/inspiration\/blomstersprakets-betydelse-och-historia\/","url":"https:\/\/www.interflora.se\/inspiration\/blomstersprakets-betydelse-och-historia\/","name":"Blomsterspr\u00e5ket - blommors betydelse och historia | Interflora","isPartOf":{"@id":"https:\/\/www.interflora.se\/inspiration\/#website"},"primaryImageOfPage":{"@id":"https:\/\/www.interflora.se\/inspiration\/blomstersprakets-betydelse-och-historia\/#primaryimage"},"image":{"@id":"https:\/\/www.interflora.se\/inspiration\/blomstersprakets-betydelse-och-historia\/#primaryimage"},"thumbnailUrl":"https:\/\/www.interflora.se\/inspiration\/wp-content\/uploads\/2025\/03\/blomsterspraket-topp.jpg","datePublished":"2024-07-06T03:20:03+00:00","dateModified":"2025-03-19T15:37:26+00:00","breadcrumb":{"@id":"https:\/\/www.interflora.se\/inspiration\/blomstersprakets-betydelse-och-historia\/#breadcrumb"},"inLanguage":"sv-SE","potentialAction":[{"@type":"ReadAction","target":["https:\/\/www.interflora.se\/inspiration\/blomstersprakets-betydelse-och-historia\/"]}]},{"@type":"ImageObject","inLanguage":"sv-SE","@id":"https:\/\/www.interflora.se\/inspiration\/blomstersprakets-betydelse-och-historia\/#primaryimage","url":"https:\/\/www.interflora.se\/inspiration\/wp-content\/uploads\/2025\/03\/blomsterspraket-topp.jpg","contentUrl":"https:\/\/www.interflora.se\/inspiration\/wp-content\/uploads\/2025\/03\/blomsterspraket-topp.jpg","width":1200,"height":800},{"@type":"BreadcrumbList","@id":"https:\/\/www.interflora.se\/inspiration\/blomstersprakets-betydelse-och-historia\/#breadcrumb","itemListElement":[{"@type":"ListItem","position":1,"name":"Home","item":"https:\/\/www.interflora.se\/inspiration\/"},{"@type":"ListItem","position":2,"name":"Blomsterspr\u00e5ket &#8211; blommors betydelse och historia"}]},{"@type":"WebSite","@id":"https:\/\/www.interflora.se\/inspiration\/#website","url":"https:\/\/www.interflora.se\/inspiration\/","name":"Interflora","description":"","publisher":{"@id":"https:\/\/www.interflora.se\/inspiration\/#organization"},"potentialAction":[{"@type":"SearchAction","target":{"@type":"EntryPoint","urlTemplate":"https:\/\/www.interflora.se\/inspiration\/?s={search_term_string}"},"query-input":{"@type":"PropertyValueSpecification","valueRequired":true,"valueName":"search_term_string"}}],"inLanguage":"sv-SE"},{"@type":"Organization","@id":"https:\/\/www.interflora.se\/inspiration\/#organization","name":"Interflora","url":"https:\/\/www.interflora.se\/inspiration\/","logo":{"@type":"ImageObject","inLanguage":"sv-SE","@id":"https:\/\/www.interflora.se\/inspiration\/#\/schema\/logo\/image\/","url":"https:\/\/www.interflora.se\/inspiration\/wp-content\/uploads\/2025\/09\/cropped-220422_INTERFLORA_Logo_rgb_Half_Top_Circle_Main_Color.avif","contentUrl":"https:\/\/www.interflora.se\/inspiration\/wp-content\/uploads\/2025\/09\/cropped-220422_INTERFLORA_Logo_rgb_Half_Top_Circle_Main_Color.avif","width":1418,"height":662,"caption":"Interflora"},"image":{"@id":"https:\/\/www.interflora.se\/inspiration\/#\/schema\/logo\/image\/"},"sameAs":["https:\/\/www.facebook.com\/InterfloraAB","https:\/\/www.instagram.com\/interflora_ab\/","https:\/\/www.linkedin.com\/company\/1494362","https:\/\/www.youtube.com\/channel\/UCZgDzGWB2VRxaoWFUmXnk1w"]},{"@type":"Person","@id":"https:\/\/www.interflora.se\/inspiration\/#\/schema\/person\/dbbd1ad45e05409c356dc639597669f2","name":"admin","image":{"@type":"ImageObject","inLanguage":"sv-SE","@id":"https:\/\/www.interflora.se\/inspiration\/wp-content\/litespeed\/avatar\/1fe3cced9e67df62d0a6f995d75823a5.jpg?ver=1777362393","url":"https:\/\/www.interflora.se\/inspiration\/wp-content\/litespeed\/avatar\/1fe3cced9e67df62d0a6f995d75823a5.jpg?ver=1777362393","contentUrl":"https:\/\/www.interflora.se\/inspiration\/wp-content\/litespeed\/avatar\/1fe3cced9e67df62d0a6f995d75823a5.jpg?ver=1777362393","caption":"admin"},"sameAs":["https:\/\/www.interflora.se\/inspiration"],"url":"https:\/\/www.interflora.se\/inspiration\/author\/admin\/"}]}},"uagb_featured_image_src":{"full":["https:\/\/www.interflora.se\/inspiration\/wp-content\/uploads\/2025\/03\/blomsterspraket-topp.jpg",1200,800,false],"thumbnail":["https:\/\/www.interflora.se\/inspiration\/wp-content\/uploads\/2025\/03\/blomsterspraket-topp-150x150.jpg",150,150,true],"medium":["https:\/\/www.interflora.se\/inspiration\/wp-content\/uploads\/2025\/03\/blomsterspraket-topp-300x200.jpg",300,200,true],"medium_large":["https:\/\/www.interflora.se\/inspiration\/wp-content\/uploads\/2025\/03\/blomsterspraket-topp-768x512.jpg",768,512,true],"large":["https:\/\/www.interflora.se\/inspiration\/wp-content\/uploads\/2025\/03\/blomsterspraket-topp-1024x683.jpg",1024,683,true],"1536x1536":["https:\/\/www.interflora.se\/inspiration\/wp-content\/uploads\/2025\/03\/blomsterspraket-topp.jpg",1200,800,false],"2048x2048":["https:\/\/www.interflora.se\/inspiration\/wp-content\/uploads\/2025\/03\/blomsterspraket-topp.jpg",1200,800,false]},"uagb_author_info":{"display_name":"admin","author_link":"https:\/\/www.interflora.se\/inspiration\/author\/admin\/"},"uagb_comment_info":0,"uagb_excerpt":"En&nbsp;r\u00f6d ros&nbsp;\u00e4r b\u00e4ttre \u00e4n gula&nbsp;tulpaner*. I alla fall om du ska uttrycka k\u00e4rlek med hj\u00e4lp av blomsterspr\u00e5ket. Men hur mycket [&hellip;]","_links":{"self":[{"href":"https:\/\/www.interflora.se\/inspiration\/wp-json\/wp\/v2\/posts\/156","targetHints":{"allow":["GET"]}}],"collection":[{"href":"https:\/\/www.interflora.se\/inspiration\/wp-json\/wp\/v2\/posts"}],"about":[{"href":"https:\/\/www.interflora.se\/inspiration\/wp-json\/wp\/v2\/types\/post"}],"author":[{"embeddable":true,"href":"https:\/\/www.interflora.se\/inspiration\/wp-json\/wp\/v2\/users\/1"}],"replies":[{"embeddable":true,"href":"https:\/\/www.interflora.se\/inspiration\/wp-json\/wp\/v2\/comments?post=156"}],"version-history":[{"count":1,"href":"https:\/\/www.interflora.se\/inspiration\/wp-json\/wp\/v2\/posts\/156\/revisions"}],"predecessor-version":[{"id":617,"href":"https:\/\/www.interflora.se\/inspiration\/wp-json\/wp\/v2\/posts\/156\/revisions\/617"}],"wp:featuredmedia":[{"embeddable":true,"href":"https:\/\/www.interflora.se\/inspiration\/wp-json\/wp\/v2\/media\/616"}],"wp:attachment":[{"href":"https:\/\/www.interflora.se\/inspiration\/wp-json\/wp\/v2\/media?parent=156"}],"wp:term":[{"taxonomy":"category","embeddable":true,"href":"https:\/\/www.interflora.se\/inspiration\/wp-json\/wp\/v2\/categories?post=156"},{"taxonomy":"post_tag","embeddable":true,"href":"https:\/\/www.interflora.se\/inspiration\/wp-json\/wp\/v2\/tags?post=156"}],"curies":[{"name":"wp","href":"https:\/\/api.w.org\/{rel}","templated":true}]}}