{"id":153,"date":"2023-09-22T19:53:40","date_gmt":"2023-09-22T17:53:40","guid":{"rendered":"http:\/\/preprodblog.interflora.se\/blog\/?p=153"},"modified":"2025-10-06T10:10:25","modified_gmt":"2025-10-06T08:10:25","slug":"blommor-vid-sorg-och-begravning","status":"publish","type":"post","link":"https:\/\/www.interflora.se\/inspiration\/blommor-vid-sorg-och-begravning\/","title":{"rendered":"Blommor vid sorg &#038; begravning"},"content":{"rendered":"\n<p>Sorg \u00e4r en naturlig del av livet. Lika naturligt som att blommor vissnar ner och d\u00f6r, lika naturligt \u00e4r det att vi m\u00e4nniskor en g\u00e5ng m\u00e5ste l\u00e4mna det jordiska. Den kan vara bed\u00f6vande och sm\u00e4rtsam, men kan ocks\u00e5 rymma vackra minnen och varma k\u00e4nslor. Ofta \u00e4r det sv\u00e5rt att s\u00e4tta ord p\u00e5 allt som ryms i hj\u00e4rtat. Men blommor kan hj\u00e4lpa oss att uttrycka det vi k\u00e4nner.<\/p>\n\n\n\n<figure class=\"wp-block-image\"><img decoding=\"async\" src=\"https:\/\/www.interflora.se\/inspiration\/wp-content\/uploads\/2025\/03\/teaserbild-blommor-vid-begravning-och-sorg.jpg\" alt=\"Teaserbild-blommor-vid-begravning-och-sorg.jpg\"\/><\/figure>\n\n\n\n<h2 class=\"wp-block-heading\">Kondoleansblommor visar deltagande<\/h2>\n\n\n\n<p>N\u00e4r n\u00e5gon g\u00e5tt bort \u00e4r det brukligt att man skickar\u00a0<a href=\"https:\/\/www.interflora.se\/c\/begravningsblommor\/kondoleansblommor\">kondoleansblommor<\/a>\u00a0f\u00f6r att uttrycka sympati och deltagande. M\u00e5nga g\u00e5nger blir kondoleansblommorna en uppskattande kontakt mellan m\u00e4nniskor som inte tr\u00e4ffats p\u00e5 l\u00e4nge. Att ringa n\u00e5gon dag senare och framf\u00f6ra sitt deltagande f\u00f6rst\u00e4rker banden ytterligare.<\/p>\n\n\n\n<p>N\u00e4r det g\u00e4ller val av kondoleansblommor, \u00e4r friheten och variationerna st\u00f6rre idag \u00e4n f\u00f6r n\u00e5gra \u00e5r sedan. Det viktiga \u00e4r att blommorna \u00f6verl\u00e4mnas. Inte vilken f\u00e4rg eller sammans\u00e4ttning de har.<\/p>\n\n\n\n<div class=\"wp-block-buttons is-content-justification-center is-layout-flex wp-container-core-buttons-is-layout-a89b3969 wp-block-buttons-is-layout-flex\">\n<div class=\"wp-block-button\"><a class=\"wp-block-button__link wp-element-button\" href=\"https:\/\/www.interflora.se\/c\/begravningsblommor\/kondoleansblommor\">Skicka kondoleansblommor<\/a><\/div>\n<\/div>\n\n\n<div class=\"lp-produits-grid\"><div class=\"lp-produit\"><div class=\"lp-thumbnail-wrapper\"><img loading=\"lazy\" decoding=\"async\" width=\"300\" height=\"300\" src=\"https:\/\/www.interflora.se\/inspiration\/wp-content\/uploads\/2025\/06\/1220037-300x300.jpg\" class=\"attachment-medium size-medium wp-post-image\" alt=\"\" srcset=\"https:\/\/www.interflora.se\/inspiration\/wp-content\/uploads\/2025\/06\/1220037-300x300.jpg 300w, https:\/\/www.interflora.se\/inspiration\/wp-content\/uploads\/2025\/06\/1220037-150x150.jpg 150w, https:\/\/www.interflora.se\/inspiration\/wp-content\/uploads\/2025\/06\/1220037.jpg 745w\" sizes=\"auto, (max-width: 300px) 100vw, 300px\" \/><img decoding=\"async\" class=\"lp-badge\" src=\"https:\/\/www.interflora.se\/inspiration\/wp-content\/uploads\/2025\/03\/cropped-220422_INTERFLORA_Main_Logo_rgb_Main_Color-1.png\" alt=\"Blombud Interflora\"><\/div><span>Rosa Himmel, liggande bukett<\/span><p>fr\u00e5n 749 kr<\/p><span class=\"obf-link lp-cta\" role=\"link\" tabindex=\"0\" data-b64=\"aHR0cHM6Ly93d3cuaW50ZXJmbG9yYS5zZS9wLzIyNjkyLXJvc2EtaGltbWVsLWxpZ2dhbmRlLWJ1a2V0dC8xP3V0bV9tZWRpdW09b3JnYW5pYyZ1dG1fc291cmNlPWJsb2dfcHJvZHVjdHMmdXRtX2NhbXBhaWduPTEyMjAwMzc=\" data-target=\"_blank\"><svg xmlns=\"http:\/\/www.w3.org\/2000\/svg\" width=\"16\" height=\"16\" fill=\"currentColor\" class=\"bi bi-bag\" viewBox=\"0 0 16 16\"><path d=\"M8 1a2 2 0 0 1 2 2v1h2.5A1.5 1.5 0 0 1 14 5.5v8A1.5 1.5 0 0 1 12.5 15h-9A1.5 1.5 0 0 1 2 13.5v-8A1.5 1.5 0 0 1 3.5 3H6V2a2 2 0 0 1 2-1zm1 3V3a1 1 0 0 0-2 0v1h2z\"\/><\/svg>K\u00f6p h\u00e4r<\/span><p class=\"rapido\">Leverans idag<\/p><\/div><div class=\"lp-produit\"><div class=\"lp-thumbnail-wrapper\"><img loading=\"lazy\" decoding=\"async\" width=\"300\" height=\"300\" src=\"https:\/\/www.interflora.se\/inspiration\/wp-content\/uploads\/2025\/05\/1220058-2024-alskad-liggande-bukett-stor-300x300.jpg\" class=\"attachment-medium size-medium wp-post-image\" alt=\"\" srcset=\"https:\/\/www.interflora.se\/inspiration\/wp-content\/uploads\/2025\/05\/1220058-2024-alskad-liggande-bukett-stor-300x300.jpg 300w, https:\/\/www.interflora.se\/inspiration\/wp-content\/uploads\/2025\/05\/1220058-2024-alskad-liggande-bukett-stor-150x150.jpg 150w, https:\/\/www.interflora.se\/inspiration\/wp-content\/uploads\/2025\/05\/1220058-2024-alskad-liggande-bukett-stor.jpg 745w\" sizes=\"auto, (max-width: 300px) 100vw, 300px\" \/><img decoding=\"async\" class=\"lp-badge\" src=\"https:\/\/www.interflora.se\/inspiration\/wp-content\/uploads\/2025\/03\/cropped-220422_INTERFLORA_Main_Logo_rgb_Main_Color-1.png\" alt=\"Blombud Interflora\"><\/div><span>\u00c4lskad, liggande bukett<\/span><p>fr\u00e5n 499 kr<\/p><span class=\"obf-link lp-cta\" role=\"link\" tabindex=\"0\" data-b64=\"aHR0cHM6Ly93d3cuaW50ZXJmbG9yYS5zZS9wLzQzMzk1LWFsc2thZC1saWdnYW5kZS1idWtldHQvMT91dG1fbWVkaXVtPW9yZ2FuaWMmdXRtX3NvdXJjZT1ibG9nX3Byb2R1Y3RzJnV0bV9jYW1wYWlnbj0xMjIwMDU1\" data-target=\"_blank\"><svg xmlns=\"http:\/\/www.w3.org\/2000\/svg\" width=\"16\" height=\"16\" fill=\"currentColor\" class=\"bi bi-bag\" viewBox=\"0 0 16 16\"><path d=\"M8 1a2 2 0 0 1 2 2v1h2.5A1.5 1.5 0 0 1 14 5.5v8A1.5 1.5 0 0 1 12.5 15h-9A1.5 1.5 0 0 1 2 13.5v-8A1.5 1.5 0 0 1 3.5 3H6V2a2 2 0 0 1 2-1zm1 3V3a1 1 0 0 0-2 0v1h2z\"\/><\/svg>K\u00f6p h\u00e4r<\/span><p class=\"rapido\">Din personliga h\u00e4lsning<\/p><\/div><div class=\"lp-produit\"><div class=\"lp-thumbnail-wrapper\"><img loading=\"lazy\" decoding=\"async\" width=\"300\" height=\"300\" src=\"https:\/\/www.interflora.se\/inspiration\/wp-content\/uploads\/2025\/05\/1220059-2024-farval-liggande-bukett-stor-300x300.jpg\" class=\"attachment-medium size-medium wp-post-image\" alt=\"\" srcset=\"https:\/\/www.interflora.se\/inspiration\/wp-content\/uploads\/2025\/05\/1220059-2024-farval-liggande-bukett-stor-300x300.jpg 300w, https:\/\/www.interflora.se\/inspiration\/wp-content\/uploads\/2025\/05\/1220059-2024-farval-liggande-bukett-stor-150x150.jpg 150w, https:\/\/www.interflora.se\/inspiration\/wp-content\/uploads\/2025\/05\/1220059-2024-farval-liggande-bukett-stor.jpg 745w\" sizes=\"auto, (max-width: 300px) 100vw, 300px\" \/><img decoding=\"async\" class=\"lp-badge\" src=\"https:\/\/www.interflora.se\/inspiration\/wp-content\/uploads\/2025\/03\/cropped-220422_INTERFLORA_Main_Logo_rgb_Main_Color-1.png\" alt=\"Blombud Interflora\"><\/div><span>Farv\u00e4l, liggande bukett<\/span><p>fr\u00e5n 429 kr<\/p><span class=\"obf-link lp-cta\" role=\"link\" tabindex=\"0\" data-b64=\"aHR0cHM6Ly93d3cuaW50ZXJmbG9yYS5zZS9wLzQzNDIyLWZhcnZhbC1saWdnYW5kZS1idWtldHQvMT91dG1fbWVkaXVtPW9yZ2FuaWMmdXRtX3NvdXJjZT1ibG9nX3Byb2R1Y3RzJnV0bV9jYW1wYWlnbj0xMjIwMDU2\" data-target=\"_blank\"><svg xmlns=\"http:\/\/www.w3.org\/2000\/svg\" width=\"16\" height=\"16\" fill=\"currentColor\" class=\"bi bi-bag\" viewBox=\"0 0 16 16\"><path d=\"M8 1a2 2 0 0 1 2 2v1h2.5A1.5 1.5 0 0 1 14 5.5v8A1.5 1.5 0 0 1 12.5 15h-9A1.5 1.5 0 0 1 2 13.5v-8A1.5 1.5 0 0 1 3.5 3H6V2a2 2 0 0 1 2-1zm1 3V3a1 1 0 0 0-2 0v1h2z\"\/><\/svg>K\u00f6p h\u00e4r<\/span><p class=\"rapido\">Leverans i hela Sverige<\/p><\/div><div class=\"lp-produit\"><div class=\"lp-thumbnail-wrapper\"><img loading=\"lazy\" decoding=\"async\" width=\"300\" height=\"300\" src=\"https:\/\/www.interflora.se\/inspiration\/wp-content\/uploads\/2025\/05\/1220051-300x300.jpg\" class=\"attachment-medium size-medium wp-post-image\" alt=\"\" srcset=\"https:\/\/www.interflora.se\/inspiration\/wp-content\/uploads\/2025\/05\/1220051-300x300.jpg 300w, https:\/\/www.interflora.se\/inspiration\/wp-content\/uploads\/2025\/05\/1220051-150x150.jpg 150w, https:\/\/www.interflora.se\/inspiration\/wp-content\/uploads\/2025\/05\/1220051.jpg 745w\" sizes=\"auto, (max-width: 300px) 100vw, 300px\" \/><img decoding=\"async\" class=\"lp-badge\" src=\"https:\/\/www.interflora.se\/inspiration\/wp-content\/uploads\/2025\/03\/cropped-220422_INTERFLORA_Main_Logo_rgb_Main_Color-1.png\" alt=\"Blombud Interflora\"><\/div><span>Saknad, liggande bukett<\/span><p>fr\u00e5n 799 kr<\/p><span class=\"obf-link lp-cta\" role=\"link\" tabindex=\"0\" data-b64=\"aHR0cHM6Ly93d3cuaW50ZXJmbG9yYS5zZS9wLzIyOTYzLXNha25hZC1saWdnYW5kZS1idWtldHQvMT91dG1fbWVkaXVtPW9yZ2FuaWMmdXRtX3NvdXJjZT1ibG9nX3Byb2R1Y3RzJnV0bV9jYW1wYWlnbj0xMjIwMDUx\" data-target=\"_blank\"><svg xmlns=\"http:\/\/www.w3.org\/2000\/svg\" width=\"16\" height=\"16\" fill=\"currentColor\" class=\"bi bi-bag\" viewBox=\"0 0 16 16\"><path d=\"M8 1a2 2 0 0 1 2 2v1h2.5A1.5 1.5 0 0 1 14 5.5v8A1.5 1.5 0 0 1 12.5 15h-9A1.5 1.5 0 0 1 2 13.5v-8A1.5 1.5 0 0 1 3.5 3H6V2a2 2 0 0 1 2-1zm1 3V3a1 1 0 0 0-2 0v1h2z\"\/><\/svg>K\u00f6p h\u00e4r<\/span><p class=\"rapido\">Din personliga h\u00e4lsning<\/p><\/div><\/div>\n\n\n\n<h2 class=\"wp-block-heading\">Kransen \u00e4r symbolen f\u00f6r evigheten<\/h2>\n\n\n\n<p>Vid jordf\u00e4stning och urns\u00e4ttning anv\u00e4nda dekorationer av flera slag. Till de vanligaste h\u00f6r kransar, buketter och blomsterdekorationer som kan bindas p\u00e5 m\u00e5nga olika s\u00e4tt.<\/p>\n\n\n\n<p>Familj, anh\u00f6riga, arbetskamrater, organisationer och v\u00e4nner l\u00e4gger ofta ned en krans som en sista h\u00e4lsning. Kransen \u00e4r en symbol f\u00f6r evigheten och kan variera i s\u00e5v\u00e4l utseende som storlek. M\u00e5nga v\u00e4ljer att f\u00f6rse kransen med ett vackert band d\u00e4r man textat n\u00e5gra sista ord.<\/p>\n\n\n\n<h2 class=\"wp-block-heading\">Begravningsdekorationen speglar livet som flytt<\/h2>\n\n\n\n<p>Idag \u00e4r det vanligt att man l\u00e5ter en duktig florist binda en dekoration som speglar den bortg\u00e5ngnes levnad, yrkesverksamhet eller k\u00e4raste hobby. Till exempel kan en skogvaktare f\u00e5 en dekoration gjord av material fr\u00e5n skogen. En musiker en dekoration gjord som en gitarr. F\u00f6r den som vill s\u00e4tta personlig pr\u00e4gel p\u00e5 dekorationen \u00e4r det bara fantasin som s\u00e4tter gr\u00e4nser.<\/p>\n\n\n\n<h2 class=\"wp-block-heading\">Kistdekorationen ber\u00e4ttar om den bortg\u00e5ngne<\/h2>\n\n\n\n<p>Kistdekorationen \u00e4r en viktig del i arrangemanget kring en begravning. Den utg\u00f6r ett stort blickf\u00e5ng och avg\u00f6r vilket totalintryck man skall f\u00e5 av kyrkorummet. M\u00e5let \u00e4r att ceremonin ska bevaras som ett ljust minne hos de anh\u00f6riga.<\/p>\n\n\n\n<p>\u00c4ven om det finns m\u00e5nga traditioner kring kistdekorationerna s\u00e5 har de numera utvecklats p\u00e5 samma s\u00e4tt som tidiningarnas d\u00f6dsannonser och blivit mycket mer personliga och fria.<\/p>\n\n\n\n<div class=\"wp-block-buttons is-content-justification-center is-layout-flex wp-container-core-buttons-is-layout-a89b3969 wp-block-buttons-is-layout-flex\">\n<div class=\"wp-block-button\"><a class=\"wp-block-button__link wp-element-button\" href=\"https:\/\/www.interflora.se\/hitta-butik\">Kontakta butik f\u00f6r kistdekoration<\/a><\/div>\n<\/div>\n\n\n\n<h2 class=\"wp-block-heading\">Begravningsbinderi som skapar helhet<\/h2>\n\n\n\n<p>Den som en g\u00e5ng bes\u00f6kt ett rikt utsmyckat kyrkorum vet hur mycket de vackra blommorna betyder. Genom att kombinera st\u00f6rre och mindre dekorationer kan vi sk\u00e4nka f\u00e4rg, djup och sk\u00f6nhet \u00e5t ceremonin.<\/p>\n\n\n\n<p>Till oss kan ni v\u00e4nda er med f\u00f6rtroende. Med v\u00e5ra skickliga och erfarna florister och f\u00f6rstklassiga blommor kan vi medverka till att skapa ett ljust minne av det sista avskedet. Med\u00a0<a href=\"https:\/\/www.interflora.se\/utomlands\">Blommogram utomlands<\/a>\u00a0kan du dessutom skicka begravningsblommor till de flesta orter v\u00e4rlden \u00f6ver.<\/p>\n\n\n\n<div class=\"wp-block-buttons is-content-justification-center is-layout-flex wp-container-core-buttons-is-layout-a89b3969 wp-block-buttons-is-layout-flex\">\n<div class=\"wp-block-button\"><a class=\"wp-block-button__link wp-element-button\" href=\"https:\/\/www.interflora.se\/c\/begravningsblommor\">Skicka blommor till begravning<\/a><\/div>\n<\/div>\n\n\n<div class=\"lp-produits-grid\"><div class=\"lp-produit\"><div class=\"lp-thumbnail-wrapper\"><img loading=\"lazy\" decoding=\"async\" width=\"300\" height=\"300\" src=\"https:\/\/www.interflora.se\/inspiration\/wp-content\/uploads\/2025\/05\/1220052-300x300.jpg\" class=\"attachment-medium size-medium wp-post-image\" alt=\"\" srcset=\"https:\/\/www.interflora.se\/inspiration\/wp-content\/uploads\/2025\/05\/1220052-300x300.jpg 300w, https:\/\/www.interflora.se\/inspiration\/wp-content\/uploads\/2025\/05\/1220052-150x150.jpg 150w, https:\/\/www.interflora.se\/inspiration\/wp-content\/uploads\/2025\/05\/1220052.jpg 745w\" sizes=\"auto, (max-width: 300px) 100vw, 300px\" \/><img decoding=\"async\" class=\"lp-badge\" src=\"https:\/\/www.interflora.se\/inspiration\/wp-content\/uploads\/2025\/03\/cropped-220422_INTERFLORA_Main_Logo_rgb_Main_Color-1.png\" alt=\"Blombud Interflora\"><\/div><span>Saknad, stj\u00e4lkst\u00e5ende bukett<\/span><p>fr\u00e5n 999 kr<\/p><span class=\"obf-link lp-cta\" role=\"link\" tabindex=\"0\" data-b64=\"aHR0cHM6Ly93d3cuaW50ZXJmbG9yYS5zZS9wLzIyOTY1LXNha25hZC1zdGphbGtzdGFlbmRlLWJ1a2V0dC8xP3V0bV9tZWRpdW09b3JnYW5pYyZ1dG1fc291cmNlPWJsb2dfcHJvZHVjdHMmdXRtX2NhbXBhaWduPTEyMjAwNTI=\" data-target=\"_blank\"><svg xmlns=\"http:\/\/www.w3.org\/2000\/svg\" width=\"16\" height=\"16\" fill=\"currentColor\" class=\"bi bi-bag\" viewBox=\"0 0 16 16\"><path d=\"M8 1a2 2 0 0 1 2 2v1h2.5A1.5 1.5 0 0 1 14 5.5v8A1.5 1.5 0 0 1 12.5 15h-9A1.5 1.5 0 0 1 2 13.5v-8A1.5 1.5 0 0 1 3.5 3H6V2a2 2 0 0 1 2-1zm1 3V3a1 1 0 0 0-2 0v1h2z\"\/><\/svg>K\u00f6p h\u00e4r<\/span><p class=\"rapido\">Din personliga h\u00e4lsning<\/p><\/div><div class=\"lp-produit\"><div class=\"lp-thumbnail-wrapper\"><img loading=\"lazy\" decoding=\"async\" width=\"300\" height=\"300\" src=\"https:\/\/www.interflora.se\/inspiration\/wp-content\/uploads\/2025\/05\/1220059-2024-farval-liggande-bukett-stor-300x300.jpg\" class=\"attachment-medium size-medium wp-post-image\" alt=\"\" srcset=\"https:\/\/www.interflora.se\/inspiration\/wp-content\/uploads\/2025\/05\/1220059-2024-farval-liggande-bukett-stor-300x300.jpg 300w, https:\/\/www.interflora.se\/inspiration\/wp-content\/uploads\/2025\/05\/1220059-2024-farval-liggande-bukett-stor-150x150.jpg 150w, https:\/\/www.interflora.se\/inspiration\/wp-content\/uploads\/2025\/05\/1220059-2024-farval-liggande-bukett-stor.jpg 745w\" sizes=\"auto, (max-width: 300px) 100vw, 300px\" \/><img decoding=\"async\" class=\"lp-badge\" src=\"https:\/\/www.interflora.se\/inspiration\/wp-content\/uploads\/2025\/03\/cropped-220422_INTERFLORA_Main_Logo_rgb_Main_Color-1.png\" alt=\"Blombud Interflora\"><\/div><span>Farv\u00e4l, liggande bukett<\/span><p>fr\u00e5n 429 kr<\/p><span class=\"obf-link lp-cta\" role=\"link\" tabindex=\"0\" data-b64=\"aHR0cHM6Ly93d3cuaW50ZXJmbG9yYS5zZS9wLzQzNDIyLWZhcnZhbC1saWdnYW5kZS1idWtldHQvMT91dG1fbWVkaXVtPW9yZ2FuaWMmdXRtX3NvdXJjZT1ibG9nX3Byb2R1Y3RzJnV0bV9jYW1wYWlnbj0xMjIwMDU2\" data-target=\"_blank\"><svg xmlns=\"http:\/\/www.w3.org\/2000\/svg\" width=\"16\" height=\"16\" fill=\"currentColor\" class=\"bi bi-bag\" viewBox=\"0 0 16 16\"><path d=\"M8 1a2 2 0 0 1 2 2v1h2.5A1.5 1.5 0 0 1 14 5.5v8A1.5 1.5 0 0 1 12.5 15h-9A1.5 1.5 0 0 1 2 13.5v-8A1.5 1.5 0 0 1 3.5 3H6V2a2 2 0 0 1 2-1zm1 3V3a1 1 0 0 0-2 0v1h2z\"\/><\/svg>K\u00f6p h\u00e4r<\/span><p class=\"rapido\">Bunden av din lokala florist<\/p><\/div><div class=\"lp-produit\"><div class=\"lp-thumbnail-wrapper\"><img loading=\"lazy\" decoding=\"async\" width=\"300\" height=\"300\" src=\"https:\/\/www.interflora.se\/inspiration\/wp-content\/uploads\/2025\/06\/1221113-300x300.jpg\" class=\"attachment-medium size-medium wp-post-image\" alt=\"\" srcset=\"https:\/\/www.interflora.se\/inspiration\/wp-content\/uploads\/2025\/06\/1221113-300x300.jpg 300w, https:\/\/www.interflora.se\/inspiration\/wp-content\/uploads\/2025\/06\/1221113-150x150.jpg 150w, https:\/\/www.interflora.se\/inspiration\/wp-content\/uploads\/2025\/06\/1221113.jpg 745w\" sizes=\"auto, (max-width: 300px) 100vw, 300px\" \/><img decoding=\"async\" class=\"lp-badge\" src=\"https:\/\/www.interflora.se\/inspiration\/wp-content\/uploads\/2025\/03\/cropped-220422_INTERFLORA_Main_Logo_rgb_Main_Color-1.png\" alt=\"Blombud Interflora\"><\/div><span>Rosa himmel, h\u00f6g dekoration<\/span><p>fr\u00e5n 1799 kr<\/p><span class=\"obf-link lp-cta\" role=\"link\" tabindex=\"0\" data-b64=\"aHR0cHM6Ly93d3cuaW50ZXJmbG9yYS5zZS9wLzIzMjE4LXJvc2EtaGltbWVsLWhvZy1kZWtvcmF0aW9uLzE\/dXRtX21lZGl1bT1vcmdhbmljJnV0bV9zb3VyY2U9YmxvZ19wcm9kdWN0cyZ1dG1fY2FtcGFpZ249MTIyMTExMw==\" data-target=\"_blank\"><svg xmlns=\"http:\/\/www.w3.org\/2000\/svg\" width=\"16\" height=\"16\" fill=\"currentColor\" class=\"bi bi-bag\" viewBox=\"0 0 16 16\"><path d=\"M8 1a2 2 0 0 1 2 2v1h2.5A1.5 1.5 0 0 1 14 5.5v8A1.5 1.5 0 0 1 12.5 15h-9A1.5 1.5 0 0 1 2 13.5v-8A1.5 1.5 0 0 1 3.5 3H6V2a2 2 0 0 1 2-1zm1 3V3a1 1 0 0 0-2 0v1h2z\"\/><\/svg>K\u00f6p h\u00e4r<\/span><p class=\"rapido\">Leverans idag<\/p><\/div><div class=\"lp-produit\"><div class=\"lp-thumbnail-wrapper\"><img loading=\"lazy\" decoding=\"async\" width=\"300\" height=\"300\" src=\"https:\/\/www.interflora.se\/inspiration\/wp-content\/uploads\/2025\/05\/1220058-2024-alskad-liggande-bukett-stor-300x300.jpg\" class=\"attachment-medium size-medium wp-post-image\" alt=\"\" srcset=\"https:\/\/www.interflora.se\/inspiration\/wp-content\/uploads\/2025\/05\/1220058-2024-alskad-liggande-bukett-stor-300x300.jpg 300w, https:\/\/www.interflora.se\/inspiration\/wp-content\/uploads\/2025\/05\/1220058-2024-alskad-liggande-bukett-stor-150x150.jpg 150w, https:\/\/www.interflora.se\/inspiration\/wp-content\/uploads\/2025\/05\/1220058-2024-alskad-liggande-bukett-stor.jpg 745w\" sizes=\"auto, (max-width: 300px) 100vw, 300px\" \/><img decoding=\"async\" class=\"lp-badge\" src=\"https:\/\/www.interflora.se\/inspiration\/wp-content\/uploads\/2025\/03\/cropped-220422_INTERFLORA_Main_Logo_rgb_Main_Color-1.png\" alt=\"Blombud Interflora\"><\/div><span>\u00c4lskad, liggande bukett<\/span><p>fr\u00e5n 499 kr<\/p><span class=\"obf-link lp-cta\" role=\"link\" tabindex=\"0\" data-b64=\"aHR0cHM6Ly93d3cuaW50ZXJmbG9yYS5zZS9wLzQzMzk1LWFsc2thZC1saWdnYW5kZS1idWtldHQvMT91dG1fbWVkaXVtPW9yZ2FuaWMmdXRtX3NvdXJjZT1ibG9nX3Byb2R1Y3RzJnV0bV9jYW1wYWlnbj0xMjIwMDU1\" data-target=\"_blank\"><svg xmlns=\"http:\/\/www.w3.org\/2000\/svg\" width=\"16\" height=\"16\" fill=\"currentColor\" class=\"bi bi-bag\" viewBox=\"0 0 16 16\"><path d=\"M8 1a2 2 0 0 1 2 2v1h2.5A1.5 1.5 0 0 1 14 5.5v8A1.5 1.5 0 0 1 12.5 15h-9A1.5 1.5 0 0 1 2 13.5v-8A1.5 1.5 0 0 1 3.5 3H6V2a2 2 0 0 1 2-1zm1 3V3a1 1 0 0 0-2 0v1h2z\"\/><\/svg>K\u00f6p h\u00e4r<\/span><p class=\"rapido\">Leverans i hela Sverige<\/p><\/div><\/div>\n\n\n\n<h2 class=\"wp-block-heading\">Handbuketter<\/h2>\n\n\n\n<p>Mot slutet av begravningsceremonin har begravningsg\u00e4sterna m\u00f6jlighet att g\u00e5 fram till kistan eller urnan f\u00f6r att ta avsked av den d\u00f6de. Det kallas defilering och sker antingen inne i begravningslokalen eller vid graven. F\u00f6rr var det en regel att endast de n\u00e4rmast anh\u00f6riga hade en r\u00f6d ros som handbukett, men det har \u00e4ndrats p\u00e5 senare \u00e5r. Alla g\u00e4ster kan ha handbuketterna i valfria f\u00e4rger och med valfria blommor.<\/p>\n\n\n\n<p>Du l\u00e4gger till handbuketter som tillval n\u00e4r du best\u00e4ller blommor till en begravning.<\/p>\n\n\n\n<div class=\"wp-block-buttons is-content-justification-center is-layout-flex wp-container-core-buttons-is-layout-a89b3969 wp-block-buttons-is-layout-flex\">\n<div class=\"wp-block-button\"><a class=\"wp-block-button__link wp-element-button\" href=\"https:\/\/www.interflora.se\/c\/begravningsblommor\">L\u00e4gg till handbuketter som tillval<\/a><\/div>\n<\/div>\n\n\n\n<h2 class=\"wp-block-heading\">F\u00f6rslag och hj\u00e4lp med din h\u00e4lsning till begravningsblommorna<\/h2>\n\n\n\n<p>Vill du ha hj\u00e4lp och f\u00f6rslag p\u00e5 vad man skriver som en sista h\u00e4lsning? I sorgens stund kan det vara sv\u00e5rt att komma p\u00e5 vad man ska skriva f\u00f6r h\u00e4lsning p\u00e5 kortet eller bandet. Vi har d\u00e4rf\u00f6r gjort en\u00a0<a href=\"https:\/\/www.interflora.se\/inspiration\/textforslag-begravning\/\">sammanst\u00e4llning av olika f\u00f6rslag f\u00f6r att hj\u00e4lpa till.<\/a><\/p>\n\n\n<div class=\"lp-produits-grid\"><div class=\"lp-produit\"><div class=\"lp-thumbnail-wrapper\"><img loading=\"lazy\" decoding=\"async\" width=\"300\" height=\"300\" src=\"https:\/\/www.interflora.se\/inspiration\/wp-content\/uploads\/2025\/05\/1221128-300x300.jpg\" class=\"attachment-medium size-medium wp-post-image\" alt=\"\" srcset=\"https:\/\/www.interflora.se\/inspiration\/wp-content\/uploads\/2025\/05\/1221128-300x300.jpg 300w, https:\/\/www.interflora.se\/inspiration\/wp-content\/uploads\/2025\/05\/1221128-150x150.jpg 150w, https:\/\/www.interflora.se\/inspiration\/wp-content\/uploads\/2025\/05\/1221128.jpg 745w\" sizes=\"auto, (max-width: 300px) 100vw, 300px\" \/><img decoding=\"async\" class=\"lp-badge\" src=\"https:\/\/www.interflora.se\/inspiration\/wp-content\/uploads\/2025\/03\/cropped-220422_INTERFLORA_Main_Logo_rgb_Main_Color-1.png\" alt=\"Blombud Interflora\"><\/div><span>\u00c4lskad, l\u00e5g dekoration<\/span><p>fr\u00e5n 1329 kr<\/p><span class=\"obf-link lp-cta\" role=\"link\" tabindex=\"0\" data-b64=\"aHR0cHM6Ly93d3cuaW50ZXJmbG9yYS5zZS9wLzIzMjMwLWFsc2thZC1sYWctZGVrb3JhdGlvbi8xP3V0bV9tZWRpdW09b3JnYW5pYyZ1dG1fc291cmNlPWJsb2dfcHJvZHVjdHMmdXRtX2NhbXBhaWduPTEyMjExMjg=\" data-target=\"_blank\"><svg xmlns=\"http:\/\/www.w3.org\/2000\/svg\" width=\"16\" height=\"16\" fill=\"currentColor\" class=\"bi bi-bag\" viewBox=\"0 0 16 16\"><path d=\"M8 1a2 2 0 0 1 2 2v1h2.5A1.5 1.5 0 0 1 14 5.5v8A1.5 1.5 0 0 1 12.5 15h-9A1.5 1.5 0 0 1 2 13.5v-8A1.5 1.5 0 0 1 3.5 3H6V2a2 2 0 0 1 2-1zm1 3V3a1 1 0 0 0-2 0v1h2z\"\/><\/svg>K\u00f6p h\u00e4r<\/span><p class=\"rapido\">Leverans idag<\/p><\/div><div class=\"lp-produit\"><div class=\"lp-thumbnail-wrapper\"><img loading=\"lazy\" decoding=\"async\" width=\"300\" height=\"300\" src=\"https:\/\/www.interflora.se\/inspiration\/wp-content\/uploads\/2025\/05\/1220052-300x300.jpg\" class=\"attachment-medium size-medium wp-post-image\" alt=\"\" srcset=\"https:\/\/www.interflora.se\/inspiration\/wp-content\/uploads\/2025\/05\/1220052-300x300.jpg 300w, https:\/\/www.interflora.se\/inspiration\/wp-content\/uploads\/2025\/05\/1220052-150x150.jpg 150w, https:\/\/www.interflora.se\/inspiration\/wp-content\/uploads\/2025\/05\/1220052.jpg 745w\" sizes=\"auto, (max-width: 300px) 100vw, 300px\" \/><img decoding=\"async\" class=\"lp-badge\" src=\"https:\/\/www.interflora.se\/inspiration\/wp-content\/uploads\/2025\/03\/cropped-220422_INTERFLORA_Main_Logo_rgb_Main_Color-1.png\" alt=\"Blombud Interflora\"><\/div><span>Saknad, stj\u00e4lkst\u00e5ende bukett<\/span><p>fr\u00e5n 999 kr<\/p><span class=\"obf-link lp-cta\" role=\"link\" tabindex=\"0\" data-b64=\"aHR0cHM6Ly93d3cuaW50ZXJmbG9yYS5zZS9wLzIyOTY1LXNha25hZC1zdGphbGtzdGFlbmRlLWJ1a2V0dC8xP3V0bV9tZWRpdW09b3JnYW5pYyZ1dG1fc291cmNlPWJsb2dfcHJvZHVjdHMmdXRtX2NhbXBhaWduPTEyMjAwNTI=\" data-target=\"_blank\"><svg xmlns=\"http:\/\/www.w3.org\/2000\/svg\" width=\"16\" height=\"16\" fill=\"currentColor\" class=\"bi bi-bag\" viewBox=\"0 0 16 16\"><path d=\"M8 1a2 2 0 0 1 2 2v1h2.5A1.5 1.5 0 0 1 14 5.5v8A1.5 1.5 0 0 1 12.5 15h-9A1.5 1.5 0 0 1 2 13.5v-8A1.5 1.5 0 0 1 3.5 3H6V2a2 2 0 0 1 2-1zm1 3V3a1 1 0 0 0-2 0v1h2z\"\/><\/svg>K\u00f6p h\u00e4r<\/span><p class=\"rapido\">Handbundet av florister<\/p><\/div><div class=\"lp-produit\"><div class=\"lp-thumbnail-wrapper\"><img loading=\"lazy\" decoding=\"async\" width=\"300\" height=\"300\" src=\"https:\/\/www.interflora.se\/inspiration\/wp-content\/uploads\/2025\/06\/1220037-300x300.jpg\" class=\"attachment-medium size-medium wp-post-image\" alt=\"\" srcset=\"https:\/\/www.interflora.se\/inspiration\/wp-content\/uploads\/2025\/06\/1220037-300x300.jpg 300w, https:\/\/www.interflora.se\/inspiration\/wp-content\/uploads\/2025\/06\/1220037-150x150.jpg 150w, https:\/\/www.interflora.se\/inspiration\/wp-content\/uploads\/2025\/06\/1220037.jpg 745w\" sizes=\"auto, (max-width: 300px) 100vw, 300px\" \/><img decoding=\"async\" class=\"lp-badge\" src=\"https:\/\/www.interflora.se\/inspiration\/wp-content\/uploads\/2025\/03\/cropped-220422_INTERFLORA_Main_Logo_rgb_Main_Color-1.png\" alt=\"Blombud Interflora\"><\/div><span>Rosa Himmel, liggande bukett<\/span><p>fr\u00e5n 749 kr<\/p><span class=\"obf-link lp-cta\" role=\"link\" tabindex=\"0\" data-b64=\"aHR0cHM6Ly93d3cuaW50ZXJmbG9yYS5zZS9wLzIyNjkyLXJvc2EtaGltbWVsLWxpZ2dhbmRlLWJ1a2V0dC8xP3V0bV9tZWRpdW09b3JnYW5pYyZ1dG1fc291cmNlPWJsb2dfcHJvZHVjdHMmdXRtX2NhbXBhaWduPTEyMjAwMzc=\" data-target=\"_blank\"><svg xmlns=\"http:\/\/www.w3.org\/2000\/svg\" width=\"16\" height=\"16\" fill=\"currentColor\" class=\"bi bi-bag\" viewBox=\"0 0 16 16\"><path d=\"M8 1a2 2 0 0 1 2 2v1h2.5A1.5 1.5 0 0 1 14 5.5v8A1.5 1.5 0 0 1 12.5 15h-9A1.5 1.5 0 0 1 2 13.5v-8A1.5 1.5 0 0 1 3.5 3H6V2a2 2 0 0 1 2-1zm1 3V3a1 1 0 0 0-2 0v1h2z\"\/><\/svg>K\u00f6p h\u00e4r<\/span><p class=\"rapido\">Bunden av din lokala florist<\/p><\/div><div class=\"lp-produit\"><div class=\"lp-thumbnail-wrapper\"><img loading=\"lazy\" decoding=\"async\" width=\"300\" height=\"300\" src=\"https:\/\/www.interflora.se\/inspiration\/wp-content\/uploads\/2025\/05\/1220059-2024-farval-liggande-bukett-stor-300x300.jpg\" class=\"attachment-medium size-medium wp-post-image\" alt=\"\" srcset=\"https:\/\/www.interflora.se\/inspiration\/wp-content\/uploads\/2025\/05\/1220059-2024-farval-liggande-bukett-stor-300x300.jpg 300w, https:\/\/www.interflora.se\/inspiration\/wp-content\/uploads\/2025\/05\/1220059-2024-farval-liggande-bukett-stor-150x150.jpg 150w, https:\/\/www.interflora.se\/inspiration\/wp-content\/uploads\/2025\/05\/1220059-2024-farval-liggande-bukett-stor.jpg 745w\" sizes=\"auto, (max-width: 300px) 100vw, 300px\" \/><img decoding=\"async\" class=\"lp-badge\" src=\"https:\/\/www.interflora.se\/inspiration\/wp-content\/uploads\/2025\/03\/cropped-220422_INTERFLORA_Main_Logo_rgb_Main_Color-1.png\" alt=\"Blombud Interflora\"><\/div><span>Farv\u00e4l, liggande bukett<\/span><p>fr\u00e5n 429 kr<\/p><span class=\"obf-link lp-cta\" role=\"link\" tabindex=\"0\" data-b64=\"aHR0cHM6Ly93d3cuaW50ZXJmbG9yYS5zZS9wLzQzNDIyLWZhcnZhbC1saWdnYW5kZS1idWtldHQvMT91dG1fbWVkaXVtPW9yZ2FuaWMmdXRtX3NvdXJjZT1ibG9nX3Byb2R1Y3RzJnV0bV9jYW1wYWlnbj0xMjIwMDU2\" data-target=\"_blank\"><svg xmlns=\"http:\/\/www.w3.org\/2000\/svg\" width=\"16\" height=\"16\" fill=\"currentColor\" class=\"bi bi-bag\" viewBox=\"0 0 16 16\"><path d=\"M8 1a2 2 0 0 1 2 2v1h2.5A1.5 1.5 0 0 1 14 5.5v8A1.5 1.5 0 0 1 12.5 15h-9A1.5 1.5 0 0 1 2 13.5v-8A1.5 1.5 0 0 1 3.5 3H6V2a2 2 0 0 1 2-1zm1 3V3a1 1 0 0 0-2 0v1h2z\"\/><\/svg>K\u00f6p h\u00e4r<\/span><p class=\"rapido\">Bunden av din lokala florist<\/p><\/div><\/div>\n\n\n\n<h2 class=\"wp-block-heading\">H\u00e4r kan du l\u00e4sa mer om blommor och begravning:<\/h2>\n\n\n\n<ul class=\"wp-block-list\">\n<li><a href=\"https:\/\/www.interflora.se\/inspiration\/att-tanka-pa-vid-begravning\/\">Att t\u00e4nka p\u00e5 vid en begravning<\/a><\/li>\n\n\n\n<li><a href=\"https:\/\/www.interflora.se\/inspiration\/olika-typer-av-begravningar\/\">Olika typer av begravningar<\/a><\/li>\n\n\n\n<li><a href=\"https:\/\/www.interflora.se\/inspiration\/begravning-efter-tema\/\">Begravning efter tema<\/a><\/li>\n\n\n\n<li><a href=\"https:\/\/www.interflora.se\/inspiration\/textforslag-begravning\/\">Textf\u00f6rslag till begravning<\/a><\/li>\n<\/ul>\n","protected":false},"excerpt":{"rendered":"<p>Sorg \u00e4r en naturlig del av livet. Lika naturligt som att blommor vissnar ner och d\u00f6r, lika naturligt \u00e4r det [&hellip;]<\/p>\n","protected":false},"author":1,"featured_media":718,"comment_status":"open","ping_status":"open","sticky":false,"template":"","format":"standard","meta":{"_uag_custom_page_level_css":"","site-sidebar-layout":"default","site-content-layout":"","ast-site-content-layout":"default","site-content-style":"default","site-sidebar-style":"default","ast-global-header-display":"","ast-banner-title-visibility":"","ast-main-header-display":"","ast-hfb-above-header-display":"","ast-hfb-below-header-display":"","ast-hfb-mobile-header-display":"","site-post-title":"","ast-breadcrumbs-content":"","ast-featured-img":"","footer-sml-layout":"","ast-disable-related-posts":"","theme-transparent-header-meta":"","adv-header-id-meta":"","stick-header-meta":"","header-above-stick-meta":"","header-main-stick-meta":"","header-below-stick-meta":"","astra-migrate-meta-layouts":"default","ast-page-background-enabled":"default","ast-page-background-meta":{"desktop":{"background-color":"var(--ast-global-color-5)","background-image":"","background-repeat":"repeat","background-position":"center center","background-size":"auto","background-attachment":"scroll","background-type":"","background-media":"","overlay-type":"","overlay-color":"","overlay-opacity":"","overlay-gradient":""},"tablet":{"background-color":"","background-image":"","background-repeat":"repeat","background-position":"center center","background-size":"auto","background-attachment":"scroll","background-type":"","background-media":"","overlay-type":"","overlay-color":"","overlay-opacity":"","overlay-gradient":""},"mobile":{"background-color":"","background-image":"","background-repeat":"repeat","background-position":"center center","background-size":"auto","background-attachment":"scroll","background-type":"","background-media":"","overlay-type":"","overlay-color":"","overlay-opacity":"","overlay-gradient":""}},"ast-content-background-meta":{"desktop":{"background-color":"var(--ast-global-color-4)","background-image":"","background-repeat":"repeat","background-position":"center center","background-size":"auto","background-attachment":"scroll","background-type":"","background-media":"","overlay-type":"","overlay-color":"","overlay-opacity":"","overlay-gradient":""},"tablet":{"background-color":"var(--ast-global-color-4)","background-image":"","background-repeat":"repeat","background-position":"center center","background-size":"auto","background-attachment":"scroll","background-type":"","background-media":"","overlay-type":"","overlay-color":"","overlay-opacity":"","overlay-gradient":""},"mobile":{"background-color":"var(--ast-global-color-4)","background-image":"","background-repeat":"repeat","background-position":"center center","background-size":"auto","background-attachment":"scroll","background-type":"","background-media":"","overlay-type":"","overlay-color":"","overlay-opacity":"","overlay-gradient":""}},"footnotes":""},"categories":[6],"tags":[],"class_list":["post-153","post","type-post","status-publish","format-standard","has-post-thumbnail","hentry","category-hogtid-ceremoni"],"yoast_head":"<!-- This site is optimized with the Yoast SEO plugin v27.4 - https:\/\/yoast.com\/product\/yoast-seo-wordpress\/ -->\n<title>Blommor vid sorg &amp; begravning | Interflora<\/title>\n<meta name=\"robots\" content=\"index, follow, max-snippet:-1, max-image-preview:large, max-video-preview:-1\" \/>\n<link rel=\"canonical\" href=\"https:\/\/www.interflora.se\/inspiration\/blommor-vid-sorg-och-begravning\/\" \/>\n<meta property=\"og:locale\" content=\"sv_SE\" \/>\n<meta property=\"og:type\" content=\"article\" \/>\n<meta property=\"og:title\" content=\"Blommor vid sorg &amp; begravning | Interflora\" \/>\n<meta property=\"og:description\" content=\"Sorg \u00e4r en naturlig del av livet. Lika naturligt som att blommor vissnar ner och d\u00f6r, lika naturligt \u00e4r det [&hellip;]\" \/>\n<meta property=\"og:url\" content=\"https:\/\/www.interflora.se\/inspiration\/blommor-vid-sorg-och-begravning\/\" \/>\n<meta property=\"og:site_name\" content=\"Inspiration om blommor, krukv\u00e4xter &amp; trender | Interflora\" \/>\n<meta property=\"article:publisher\" content=\"https:\/\/www.facebook.com\/InterfloraAB\" \/>\n<meta property=\"article:published_time\" content=\"2023-09-22T17:53:40+00:00\" \/>\n<meta property=\"article:modified_time\" content=\"2025-10-06T08:10:25+00:00\" \/>\n<meta property=\"og:image\" content=\"https:\/\/www.interflora.se\/inspiration\/wp-content\/uploads\/2025\/03\/teaserbild-blommor-vid-begravning-och-sorg.jpg\" \/>\n\t<meta property=\"og:image:width\" content=\"1200\" \/>\n\t<meta property=\"og:image:height\" content=\"800\" \/>\n\t<meta property=\"og:image:type\" content=\"image\/jpeg\" \/>\n<meta name=\"author\" content=\"admin\" \/>\n<meta name=\"twitter:card\" content=\"summary_large_image\" \/>\n<meta name=\"twitter:label1\" content=\"Skriven av\" \/>\n\t<meta name=\"twitter:data1\" content=\"admin\" \/>\n\t<meta name=\"twitter:label2\" content=\"Ber\u00e4knad l\u00e4stid\" \/>\n\t<meta name=\"twitter:data2\" content=\"4 minuter\" \/>\n<script type=\"application\/ld+json\" class=\"yoast-schema-graph\">{\"@context\":\"https:\\\/\\\/schema.org\",\"@graph\":[{\"@type\":\"Article\",\"@id\":\"https:\\\/\\\/www.interflora.se\\\/inspiration\\\/blommor-vid-sorg-och-begravning\\\/#article\",\"isPartOf\":{\"@id\":\"https:\\\/\\\/www.interflora.se\\\/inspiration\\\/blommor-vid-sorg-och-begravning\\\/\"},\"author\":{\"name\":\"admin\",\"@id\":\"https:\\\/\\\/www.interflora.se\\\/inspiration\\\/#\\\/schema\\\/person\\\/dbbd1ad45e05409c356dc639597669f2\"},\"headline\":\"Blommor vid sorg &#038; begravning\",\"datePublished\":\"2023-09-22T17:53:40+00:00\",\"dateModified\":\"2025-10-06T08:10:25+00:00\",\"mainEntityOfPage\":{\"@id\":\"https:\\\/\\\/www.interflora.se\\\/inspiration\\\/blommor-vid-sorg-och-begravning\\\/\"},\"wordCount\":747,\"commentCount\":0,\"publisher\":{\"@id\":\"https:\\\/\\\/www.interflora.se\\\/inspiration\\\/#organization\"},\"image\":{\"@id\":\"https:\\\/\\\/www.interflora.se\\\/inspiration\\\/blommor-vid-sorg-och-begravning\\\/#primaryimage\"},\"thumbnailUrl\":\"https:\\\/\\\/www.interflora.se\\\/inspiration\\\/wp-content\\\/uploads\\\/2025\\\/03\\\/teaserbild-blommor-vid-begravning-och-sorg.jpg\",\"articleSection\":[\"H\u00f6gtid &amp; ceremoni\"],\"inLanguage\":\"sv-SE\",\"potentialAction\":[{\"@type\":\"CommentAction\",\"name\":\"Comment\",\"target\":[\"https:\\\/\\\/www.interflora.se\\\/inspiration\\\/blommor-vid-sorg-och-begravning\\\/#respond\"]}]},{\"@type\":\"WebPage\",\"@id\":\"https:\\\/\\\/www.interflora.se\\\/inspiration\\\/blommor-vid-sorg-och-begravning\\\/\",\"url\":\"https:\\\/\\\/www.interflora.se\\\/inspiration\\\/blommor-vid-sorg-och-begravning\\\/\",\"name\":\"Blommor vid sorg & begravning | Interflora\",\"isPartOf\":{\"@id\":\"https:\\\/\\\/www.interflora.se\\\/inspiration\\\/#website\"},\"primaryImageOfPage\":{\"@id\":\"https:\\\/\\\/www.interflora.se\\\/inspiration\\\/blommor-vid-sorg-och-begravning\\\/#primaryimage\"},\"image\":{\"@id\":\"https:\\\/\\\/www.interflora.se\\\/inspiration\\\/blommor-vid-sorg-och-begravning\\\/#primaryimage\"},\"thumbnailUrl\":\"https:\\\/\\\/www.interflora.se\\\/inspiration\\\/wp-content\\\/uploads\\\/2025\\\/03\\\/teaserbild-blommor-vid-begravning-och-sorg.jpg\",\"datePublished\":\"2023-09-22T17:53:40+00:00\",\"dateModified\":\"2025-10-06T08:10:25+00:00\",\"breadcrumb\":{\"@id\":\"https:\\\/\\\/www.interflora.se\\\/inspiration\\\/blommor-vid-sorg-och-begravning\\\/#breadcrumb\"},\"inLanguage\":\"sv-SE\",\"potentialAction\":[{\"@type\":\"ReadAction\",\"target\":[\"https:\\\/\\\/www.interflora.se\\\/inspiration\\\/blommor-vid-sorg-och-begravning\\\/\"]}]},{\"@type\":\"ImageObject\",\"inLanguage\":\"sv-SE\",\"@id\":\"https:\\\/\\\/www.interflora.se\\\/inspiration\\\/blommor-vid-sorg-och-begravning\\\/#primaryimage\",\"url\":\"https:\\\/\\\/www.interflora.se\\\/inspiration\\\/wp-content\\\/uploads\\\/2025\\\/03\\\/teaserbild-blommor-vid-begravning-och-sorg.jpg\",\"contentUrl\":\"https:\\\/\\\/www.interflora.se\\\/inspiration\\\/wp-content\\\/uploads\\\/2025\\\/03\\\/teaserbild-blommor-vid-begravning-och-sorg.jpg\",\"width\":1200,\"height\":800},{\"@type\":\"BreadcrumbList\",\"@id\":\"https:\\\/\\\/www.interflora.se\\\/inspiration\\\/blommor-vid-sorg-och-begravning\\\/#breadcrumb\",\"itemListElement\":[{\"@type\":\"ListItem\",\"position\":1,\"name\":\"Home\",\"item\":\"https:\\\/\\\/www.interflora.se\\\/inspiration\\\/\"},{\"@type\":\"ListItem\",\"position\":2,\"name\":\"Blommor vid sorg &#038; begravning\"}]},{\"@type\":\"WebSite\",\"@id\":\"https:\\\/\\\/www.interflora.se\\\/inspiration\\\/#website\",\"url\":\"https:\\\/\\\/www.interflora.se\\\/inspiration\\\/\",\"name\":\"Interflora\",\"description\":\"\",\"publisher\":{\"@id\":\"https:\\\/\\\/www.interflora.se\\\/inspiration\\\/#organization\"},\"potentialAction\":[{\"@type\":\"SearchAction\",\"target\":{\"@type\":\"EntryPoint\",\"urlTemplate\":\"https:\\\/\\\/www.interflora.se\\\/inspiration\\\/?s={search_term_string}\"},\"query-input\":{\"@type\":\"PropertyValueSpecification\",\"valueRequired\":true,\"valueName\":\"search_term_string\"}}],\"inLanguage\":\"sv-SE\"},{\"@type\":\"Organization\",\"@id\":\"https:\\\/\\\/www.interflora.se\\\/inspiration\\\/#organization\",\"name\":\"Interflora\",\"url\":\"https:\\\/\\\/www.interflora.se\\\/inspiration\\\/\",\"logo\":{\"@type\":\"ImageObject\",\"inLanguage\":\"sv-SE\",\"@id\":\"https:\\\/\\\/www.interflora.se\\\/inspiration\\\/#\\\/schema\\\/logo\\\/image\\\/\",\"url\":\"https:\\\/\\\/www.interflora.se\\\/inspiration\\\/wp-content\\\/uploads\\\/2025\\\/09\\\/cropped-220422_INTERFLORA_Logo_rgb_Half_Top_Circle_Main_Color.avif\",\"contentUrl\":\"https:\\\/\\\/www.interflora.se\\\/inspiration\\\/wp-content\\\/uploads\\\/2025\\\/09\\\/cropped-220422_INTERFLORA_Logo_rgb_Half_Top_Circle_Main_Color.avif\",\"width\":1418,\"height\":662,\"caption\":\"Interflora\"},\"image\":{\"@id\":\"https:\\\/\\\/www.interflora.se\\\/inspiration\\\/#\\\/schema\\\/logo\\\/image\\\/\"},\"sameAs\":[\"https:\\\/\\\/www.facebook.com\\\/InterfloraAB\",\"https:\\\/\\\/www.instagram.com\\\/interflora_ab\\\/\",\"https:\\\/\\\/www.linkedin.com\\\/company\\\/1494362\",\"https:\\\/\\\/www.youtube.com\\\/channel\\\/UCZgDzGWB2VRxaoWFUmXnk1w\"]},{\"@type\":\"Person\",\"@id\":\"https:\\\/\\\/www.interflora.se\\\/inspiration\\\/#\\\/schema\\\/person\\\/dbbd1ad45e05409c356dc639597669f2\",\"name\":\"admin\",\"image\":{\"@type\":\"ImageObject\",\"inLanguage\":\"sv-SE\",\"@id\":\"https:\\\/\\\/www.interflora.se\\\/inspiration\\\/wp-content\\\/litespeed\\\/avatar\\\/1fe3cced9e67df62d0a6f995d75823a5.jpg?ver=1777362393\",\"url\":\"https:\\\/\\\/www.interflora.se\\\/inspiration\\\/wp-content\\\/litespeed\\\/avatar\\\/1fe3cced9e67df62d0a6f995d75823a5.jpg?ver=1777362393\",\"contentUrl\":\"https:\\\/\\\/www.interflora.se\\\/inspiration\\\/wp-content\\\/litespeed\\\/avatar\\\/1fe3cced9e67df62d0a6f995d75823a5.jpg?ver=1777362393\",\"caption\":\"admin\"},\"sameAs\":[\"https:\\\/\\\/www.interflora.se\\\/inspiration\"],\"url\":\"https:\\\/\\\/www.interflora.se\\\/inspiration\\\/author\\\/admin\\\/\"}]}<\/script>\n<!-- \/ Yoast SEO plugin. -->","yoast_head_json":{"title":"Blommor vid sorg & begravning | Interflora","robots":{"index":"index","follow":"follow","max-snippet":"max-snippet:-1","max-image-preview":"max-image-preview:large","max-video-preview":"max-video-preview:-1"},"canonical":"https:\/\/www.interflora.se\/inspiration\/blommor-vid-sorg-och-begravning\/","og_locale":"sv_SE","og_type":"article","og_title":"Blommor vid sorg & begravning | Interflora","og_description":"Sorg \u00e4r en naturlig del av livet. Lika naturligt som att blommor vissnar ner och d\u00f6r, lika naturligt \u00e4r det [&hellip;]","og_url":"https:\/\/www.interflora.se\/inspiration\/blommor-vid-sorg-och-begravning\/","og_site_name":"Inspiration om blommor, krukv\u00e4xter &amp; trender | Interflora","article_publisher":"https:\/\/www.facebook.com\/InterfloraAB","article_published_time":"2023-09-22T17:53:40+00:00","article_modified_time":"2025-10-06T08:10:25+00:00","og_image":[{"width":1200,"height":800,"url":"https:\/\/www.interflora.se\/inspiration\/wp-content\/uploads\/2025\/03\/teaserbild-blommor-vid-begravning-och-sorg.jpg","type":"image\/jpeg"}],"author":"admin","twitter_card":"summary_large_image","twitter_misc":{"Skriven av":"admin","Ber\u00e4knad l\u00e4stid":"4 minuter"},"schema":{"@context":"https:\/\/schema.org","@graph":[{"@type":"Article","@id":"https:\/\/www.interflora.se\/inspiration\/blommor-vid-sorg-och-begravning\/#article","isPartOf":{"@id":"https:\/\/www.interflora.se\/inspiration\/blommor-vid-sorg-och-begravning\/"},"author":{"name":"admin","@id":"https:\/\/www.interflora.se\/inspiration\/#\/schema\/person\/dbbd1ad45e05409c356dc639597669f2"},"headline":"Blommor vid sorg &#038; begravning","datePublished":"2023-09-22T17:53:40+00:00","dateModified":"2025-10-06T08:10:25+00:00","mainEntityOfPage":{"@id":"https:\/\/www.interflora.se\/inspiration\/blommor-vid-sorg-och-begravning\/"},"wordCount":747,"commentCount":0,"publisher":{"@id":"https:\/\/www.interflora.se\/inspiration\/#organization"},"image":{"@id":"https:\/\/www.interflora.se\/inspiration\/blommor-vid-sorg-och-begravning\/#primaryimage"},"thumbnailUrl":"https:\/\/www.interflora.se\/inspiration\/wp-content\/uploads\/2025\/03\/teaserbild-blommor-vid-begravning-och-sorg.jpg","articleSection":["H\u00f6gtid &amp; ceremoni"],"inLanguage":"sv-SE","potentialAction":[{"@type":"CommentAction","name":"Comment","target":["https:\/\/www.interflora.se\/inspiration\/blommor-vid-sorg-och-begravning\/#respond"]}]},{"@type":"WebPage","@id":"https:\/\/www.interflora.se\/inspiration\/blommor-vid-sorg-och-begravning\/","url":"https:\/\/www.interflora.se\/inspiration\/blommor-vid-sorg-och-begravning\/","name":"Blommor vid sorg & begravning | Interflora","isPartOf":{"@id":"https:\/\/www.interflora.se\/inspiration\/#website"},"primaryImageOfPage":{"@id":"https:\/\/www.interflora.se\/inspiration\/blommor-vid-sorg-och-begravning\/#primaryimage"},"image":{"@id":"https:\/\/www.interflora.se\/inspiration\/blommor-vid-sorg-och-begravning\/#primaryimage"},"thumbnailUrl":"https:\/\/www.interflora.se\/inspiration\/wp-content\/uploads\/2025\/03\/teaserbild-blommor-vid-begravning-och-sorg.jpg","datePublished":"2023-09-22T17:53:40+00:00","dateModified":"2025-10-06T08:10:25+00:00","breadcrumb":{"@id":"https:\/\/www.interflora.se\/inspiration\/blommor-vid-sorg-och-begravning\/#breadcrumb"},"inLanguage":"sv-SE","potentialAction":[{"@type":"ReadAction","target":["https:\/\/www.interflora.se\/inspiration\/blommor-vid-sorg-och-begravning\/"]}]},{"@type":"ImageObject","inLanguage":"sv-SE","@id":"https:\/\/www.interflora.se\/inspiration\/blommor-vid-sorg-och-begravning\/#primaryimage","url":"https:\/\/www.interflora.se\/inspiration\/wp-content\/uploads\/2025\/03\/teaserbild-blommor-vid-begravning-och-sorg.jpg","contentUrl":"https:\/\/www.interflora.se\/inspiration\/wp-content\/uploads\/2025\/03\/teaserbild-blommor-vid-begravning-och-sorg.jpg","width":1200,"height":800},{"@type":"BreadcrumbList","@id":"https:\/\/www.interflora.se\/inspiration\/blommor-vid-sorg-och-begravning\/#breadcrumb","itemListElement":[{"@type":"ListItem","position":1,"name":"Home","item":"https:\/\/www.interflora.se\/inspiration\/"},{"@type":"ListItem","position":2,"name":"Blommor vid sorg &#038; begravning"}]},{"@type":"WebSite","@id":"https:\/\/www.interflora.se\/inspiration\/#website","url":"https:\/\/www.interflora.se\/inspiration\/","name":"Interflora","description":"","publisher":{"@id":"https:\/\/www.interflora.se\/inspiration\/#organization"},"potentialAction":[{"@type":"SearchAction","target":{"@type":"EntryPoint","urlTemplate":"https:\/\/www.interflora.se\/inspiration\/?s={search_term_string}"},"query-input":{"@type":"PropertyValueSpecification","valueRequired":true,"valueName":"search_term_string"}}],"inLanguage":"sv-SE"},{"@type":"Organization","@id":"https:\/\/www.interflora.se\/inspiration\/#organization","name":"Interflora","url":"https:\/\/www.interflora.se\/inspiration\/","logo":{"@type":"ImageObject","inLanguage":"sv-SE","@id":"https:\/\/www.interflora.se\/inspiration\/#\/schema\/logo\/image\/","url":"https:\/\/www.interflora.se\/inspiration\/wp-content\/uploads\/2025\/09\/cropped-220422_INTERFLORA_Logo_rgb_Half_Top_Circle_Main_Color.avif","contentUrl":"https:\/\/www.interflora.se\/inspiration\/wp-content\/uploads\/2025\/09\/cropped-220422_INTERFLORA_Logo_rgb_Half_Top_Circle_Main_Color.avif","width":1418,"height":662,"caption":"Interflora"},"image":{"@id":"https:\/\/www.interflora.se\/inspiration\/#\/schema\/logo\/image\/"},"sameAs":["https:\/\/www.facebook.com\/InterfloraAB","https:\/\/www.instagram.com\/interflora_ab\/","https:\/\/www.linkedin.com\/company\/1494362","https:\/\/www.youtube.com\/channel\/UCZgDzGWB2VRxaoWFUmXnk1w"]},{"@type":"Person","@id":"https:\/\/www.interflora.se\/inspiration\/#\/schema\/person\/dbbd1ad45e05409c356dc639597669f2","name":"admin","image":{"@type":"ImageObject","inLanguage":"sv-SE","@id":"https:\/\/www.interflora.se\/inspiration\/wp-content\/litespeed\/avatar\/1fe3cced9e67df62d0a6f995d75823a5.jpg?ver=1777362393","url":"https:\/\/www.interflora.se\/inspiration\/wp-content\/litespeed\/avatar\/1fe3cced9e67df62d0a6f995d75823a5.jpg?ver=1777362393","contentUrl":"https:\/\/www.interflora.se\/inspiration\/wp-content\/litespeed\/avatar\/1fe3cced9e67df62d0a6f995d75823a5.jpg?ver=1777362393","caption":"admin"},"sameAs":["https:\/\/www.interflora.se\/inspiration"],"url":"https:\/\/www.interflora.se\/inspiration\/author\/admin\/"}]}},"uagb_featured_image_src":{"full":["https:\/\/www.interflora.se\/inspiration\/wp-content\/uploads\/2025\/03\/teaserbild-blommor-vid-begravning-och-sorg.jpg",1200,800,false],"thumbnail":["https:\/\/www.interflora.se\/inspiration\/wp-content\/uploads\/2025\/03\/teaserbild-blommor-vid-begravning-och-sorg-150x150.jpg",150,150,true],"medium":["https:\/\/www.interflora.se\/inspiration\/wp-content\/uploads\/2025\/03\/teaserbild-blommor-vid-begravning-och-sorg-300x200.jpg",300,200,true],"medium_large":["https:\/\/www.interflora.se\/inspiration\/wp-content\/uploads\/2025\/03\/teaserbild-blommor-vid-begravning-och-sorg-768x512.jpg",768,512,true],"large":["https:\/\/www.interflora.se\/inspiration\/wp-content\/uploads\/2025\/03\/teaserbild-blommor-vid-begravning-och-sorg-1024x683.jpg",1024,683,true],"1536x1536":["https:\/\/www.interflora.se\/inspiration\/wp-content\/uploads\/2025\/03\/teaserbild-blommor-vid-begravning-och-sorg.jpg",1200,800,false],"2048x2048":["https:\/\/www.interflora.se\/inspiration\/wp-content\/uploads\/2025\/03\/teaserbild-blommor-vid-begravning-och-sorg.jpg",1200,800,false]},"uagb_author_info":{"display_name":"admin","author_link":"https:\/\/www.interflora.se\/inspiration\/author\/admin\/"},"uagb_comment_info":0,"uagb_excerpt":"Sorg \u00e4r en naturlig del av livet. Lika naturligt som att blommor vissnar ner och d\u00f6r, lika naturligt \u00e4r det [&hellip;]","_links":{"self":[{"href":"https:\/\/www.interflora.se\/inspiration\/wp-json\/wp\/v2\/posts\/153","targetHints":{"allow":["GET"]}}],"collection":[{"href":"https:\/\/www.interflora.se\/inspiration\/wp-json\/wp\/v2\/posts"}],"about":[{"href":"https:\/\/www.interflora.se\/inspiration\/wp-json\/wp\/v2\/types\/post"}],"author":[{"embeddable":true,"href":"https:\/\/www.interflora.se\/inspiration\/wp-json\/wp\/v2\/users\/1"}],"replies":[{"embeddable":true,"href":"https:\/\/www.interflora.se\/inspiration\/wp-json\/wp\/v2\/comments?post=153"}],"version-history":[{"count":2,"href":"https:\/\/www.interflora.se\/inspiration\/wp-json\/wp\/v2\/posts\/153\/revisions"}],"predecessor-version":[{"id":4627,"href":"https:\/\/www.interflora.se\/inspiration\/wp-json\/wp\/v2\/posts\/153\/revisions\/4627"}],"wp:featuredmedia":[{"embeddable":true,"href":"https:\/\/www.interflora.se\/inspiration\/wp-json\/wp\/v2\/media\/718"}],"wp:attachment":[{"href":"https:\/\/www.interflora.se\/inspiration\/wp-json\/wp\/v2\/media?parent=153"}],"wp:term":[{"taxonomy":"category","embeddable":true,"href":"https:\/\/www.interflora.se\/inspiration\/wp-json\/wp\/v2\/categories?post=153"},{"taxonomy":"post_tag","embeddable":true,"href":"https:\/\/www.interflora.se\/inspiration\/wp-json\/wp\/v2\/tags?post=153"}],"curies":[{"name":"wp","href":"https:\/\/api.w.org\/{rel}","templated":true}]}}