{"id":148,"date":"2024-04-04T04:51:12","date_gmt":"2024-04-04T02:51:12","guid":{"rendered":"http:\/\/preprodblog.interflora.se\/blog\/?p=148"},"modified":"2025-03-20T09:32:51","modified_gmt":"2025-03-20T08:32:51","slug":"blomfakta-vinranka","status":"publish","type":"post","link":"https:\/\/www.interflora.se\/inspiration\/blomfakta-vinranka\/","title":{"rendered":"Vinranka &#8211; Fakta &#038; sk\u00f6tselr\u00e5d"},"content":{"rendered":"\n<p>Den snirklar sig upp d\u00e4r den f\u00e5r f\u00e4ste och f\u00f6rvandlar vilket gr\u00e5tt h\u00f6rn som helst till en vildvuxen lustg\u00e5rd. Dessutom f\u00e5r du \u00e4ta av den paradisiska frukten. De bl\u00e5 klasarna \u00e4r mogna fram\u00e5t september. Vinrankan trivs b\u00e4st i v\u00e4xthus och uterum, men \u00e4ven mot en solig v\u00e4gg d\u00e4r den f\u00e5r ett st\u00f6d att kl\u00e4nga i.<strong><\/strong><\/p>\n\n\n\n<p>Latinskt namn: Vitis vinifera<br>V\u00e4xtfamilj: Vinv\u00e4xter; Vitaceae<\/p>\n\n\n\n<figure class=\"wp-block-image\"><img decoding=\"async\" src=\"https:\/\/www.interflora.se\/inspiration\/wp-content\/uploads\/2025\/03\/blomfakta-vinranka-toppbild.jpg\" alt=\"Blomfakta-vinranka-toppbild.jpg\"\/><\/figure>\n\n\n\n<div class=\"wp-block-columns has-background is-layout-flex wp-container-core-columns-is-layout-28f84493 wp-block-columns-is-layout-flex\" style=\"background-color:#f7f2e9\">\n<div class=\"wp-block-column is-layout-flow wp-block-column-is-layout-flow\">\n<h2 class=\"wp-block-heading\">Sk\u00f6tselr\u00e5d Vinranka<\/h2>\n\n\n\n<p>H\u00e4r f\u00e5r du n\u00e5gra tips som f\u00e5r din Vinranka att trivas b\u00e5de sommar som vinter.<\/p>\n\n\n\n<p><img loading=\"lazy\" decoding=\"async\" src=\"https:\/\/www.interflora.se\/inspiration\/wp-content\/uploads\/2025\/03\/sol_blomfakta.png\" alt=\"Sol_blomfakta.png\" width=\"60\" height=\"60\">&nbsp;<br><strong>L\u00e4ge:<\/strong>&nbsp;Ett optimalt l\u00e4ge f\u00f6r vinrankan \u00e4r i ett v\u00e4xthus eller uterum, men t\u00e4nk p\u00e5 att vinrankan g\u00e4rna tar upp plats och breder ut sig. I s\u00f6dra Sverige g\u00e5r det ocks\u00e5 bra att placera i gynnsamt, vindskyddat s\u00f6derl\u00e4ge med mycket sol, till exempel mot en husv\u00e4gg.<\/p>\n\n\n\n<p><img loading=\"lazy\" decoding=\"async\" src=\"https:\/\/www.interflora.se\/inspiration\/wp-content\/uploads\/2025\/03\/termometer_blomfakta.png\" alt=\"Termometer_blomfakta.png\" width=\"60\" height=\"60\">&nbsp;<br><strong>Temperatur:&nbsp;<\/strong>Vinterf\u00f6rvara g\u00e4rna din vinranka i uterum n\u00e4r l\u00f6ven ramlat av, och se till att jorden inte blir helt torr. De flesta vinrankor klarar svenska vinterar men f\u00f6r att f\u00e5 frukt beh\u00f6ver den s\u00e5 mycket sol och v\u00e4rme som m\u00f6jligt.&nbsp;<\/p>\n\n\n\n<p><img loading=\"lazy\" decoding=\"async\" src=\"https:\/\/www.interflora.se\/inspiration\/wp-content\/uploads\/2025\/03\/vattenkanna_blomfakta.png\" alt=\"Vattenkanna_blomfakta.png\" width=\"60\" height=\"60\">&nbsp;<br><strong>Vattning:<\/strong>&nbsp;Vattna lite men ofta. Varje dag om det \u00e4r varmt! &nbsp;<\/p>\n\n\n\n<p><img loading=\"lazy\" decoding=\"async\" src=\"https:\/\/www.interflora.se\/inspiration\/wp-content\/uploads\/2025\/03\/spray_blomfakta.png\" alt=\"Spray_blomfakta.png\" width=\"60\" height=\"60\">&nbsp;<br><strong>Omv\u00e5rd:<\/strong>&nbsp;Besk\u00e4r p\u00e5 h\u00f6sten, annars &#8221;bl\u00f6der&#8221; plantan. Huvudskottet sk\u00e4rs ner till tv\u00e5 meter, sidoskotten toppas.&nbsp;D\u00e5 v\u00e5ren kan bjuda p\u00e5 kyliga och frostiga n\u00e4tter kan du med f\u00f6rdel&nbsp;isolera med halm eller l\u00f6v inf\u00f6r vintern, \u00e4ven om du vinterf\u00f6rvarar plantan i uterum eller v\u00e4xthus. D\u00e5 skyddar du din vinranka mot f\u00f6r tidig v\u00e4xtperiod som riskerar att frysa under natten.&nbsp;<\/p>\n\n\n\n<p><img loading=\"lazy\" decoding=\"async\" src=\"https:\/\/www.interflora.se\/inspiration\/wp-content\/uploads\/2025\/03\/plantera_blomfakta.png\" alt=\"Plantera_blomfakta.png\" width=\"60\" height=\"60\">&nbsp;<br><strong>Plantering:&nbsp;<\/strong>Trivs i v\u00e4ldr\u00e4nerad kalkrik jord och beh\u00f6ver ett k\u00e4rl p\u00e5 minst 20 liter med h\u00e5l i botten.&nbsp;<\/p>\n<\/div>\n<\/div>\n\n\n\n<div style=\"height:47px\" aria-hidden=\"true\" class=\"wp-block-spacer\"><\/div>\n\n\n\n<h2 class=\"wp-block-heading\">Vinrankan &#8211; en tusen\u00e5rig odlad v\u00e4xt<\/h2>\n\n\n\n<p>M\u00e4nniskan har odlat vinrankor i hela 7 000 \u00e5r! Vinrankan \u00e4r en av v\u00e5ra \u00e4ldsta kulturv\u00e4xter och anses vara en av jordens viktigaste odalde v\u00e4xter. Det vetenskapliga namnet \u00e4r Vitis vinifera men \u00e4r kanske mer k\u00e4nd som Vinranka i Sverige. Vinrankan har sen l\u00e5ng tid tillbaka fr\u00f6jdat v\u00e5ra smakl\u00f6kar i form av f\u00e4rska druvor, torkade russin men fr\u00e4mst som vin.&nbsp;<\/p>\n\n\n\n<figure class=\"wp-block-image\"><img decoding=\"async\" src=\"https:\/\/www.interflora.se\/inspiration\/wp-content\/uploads\/2025\/03\/blomfakta-vinranka-artikel.jpg\" alt=\"Vinranka-plantering\"\/><\/figure>\n\n\n\n<p>F\u00f6rgyll din rabatt, balkong eller v\u00e4xthus<\/p>\n\n\n\n<p>Den kl\u00e4ttrande vinrankan trivs vid en solig och varm husv\u00e4gg, mur eller altan. V\u00e5rt nordiska klimat kan verka avskr\u00e4ckande f\u00f6r ett optimalt hem f\u00f6r vinrankan men \u00e4r du bosatt i s\u00f6dra Sverige g\u00e5r det faktiskt alldeles utm\u00e4rkt att odla i rabatten! Bor du i ett mer utsatt och kallt klimat kan du prova n\u00e5gon av de nyare, s\u00e5 kallade labrusca- sorterna, som har korsats fram de senaste \u00e5ren. De \u00e4r mer motst\u00e5ndskraftiga och klarar vintern b\u00e4st.<\/p>\n\n\n\n<p>Har du lyxen att kunna plantera i ett v\u00e4xthus eller uterum? Kanske har du en balkong i soligt s\u00f6derl\u00e4ge? Perfekt! D\u00e4r trivs en Vinranka riktigt bra. En Vinranka \u00e4r kr\u00e4sen och kr\u00e4ver en hel del k\u00e4rlek f\u00f6r att v\u00e4xa fina druvor men den \u00e4r s\u00e5 vacker och st\u00e5tlig n\u00e4r den breder ut sig, s\u00e5 \u00e4ven en liten sk\u00f6rd \u00e4r bel\u00f6ning nog.&nbsp;<\/p>\n\n\n\n<figure class=\"wp-block-image\"><img decoding=\"async\" src=\"https:\/\/www.interflora.se\/inspiration\/wp-content\/uploads\/2025\/03\/blomfakta-vinranka-uteplats-artikel.jpg\" alt=\"vinranka-uteplats\"\/><\/figure>\n","protected":false},"excerpt":{"rendered":"<p>Den snirklar sig upp d\u00e4r den f\u00e5r f\u00e4ste och f\u00f6rvandlar vilket gr\u00e5tt h\u00f6rn som helst till en vildvuxen lustg\u00e5rd. Dessutom [&hellip;]<\/p>\n","protected":false},"author":1,"featured_media":710,"comment_status":"open","ping_status":"open","sticky":false,"template":"","format":"standard","meta":{"_uag_custom_page_level_css":"","site-sidebar-layout":"default","site-content-layout":"","ast-site-content-layout":"default","site-content-style":"default","site-sidebar-style":"default","ast-global-header-display":"","ast-banner-title-visibility":"","ast-main-header-display":"","ast-hfb-above-header-display":"","ast-hfb-below-header-display":"","ast-hfb-mobile-header-display":"","site-post-title":"","ast-breadcrumbs-content":"","ast-featured-img":"","footer-sml-layout":"","ast-disable-related-posts":"","theme-transparent-header-meta":"","adv-header-id-meta":"","stick-header-meta":"","header-above-stick-meta":"","header-main-stick-meta":"","header-below-stick-meta":"","astra-migrate-meta-layouts":"default","ast-page-background-enabled":"default","ast-page-background-meta":{"desktop":{"background-color":"var(--ast-global-color-5)","background-image":"","background-repeat":"repeat","background-position":"center center","background-size":"auto","background-attachment":"scroll","background-type":"","background-media":"","overlay-type":"","overlay-color":"","overlay-opacity":"","overlay-gradient":""},"tablet":{"background-color":"","background-image":"","background-repeat":"repeat","background-position":"center center","background-size":"auto","background-attachment":"scroll","background-type":"","background-media":"","overlay-type":"","overlay-color":"","overlay-opacity":"","overlay-gradient":""},"mobile":{"background-color":"","background-image":"","background-repeat":"repeat","background-position":"center center","background-size":"auto","background-attachment":"scroll","background-type":"","background-media":"","overlay-type":"","overlay-color":"","overlay-opacity":"","overlay-gradient":""}},"ast-content-background-meta":{"desktop":{"background-color":"var(--ast-global-color-4)","background-image":"","background-repeat":"repeat","background-position":"center center","background-size":"auto","background-attachment":"scroll","background-type":"","background-media":"","overlay-type":"","overlay-color":"","overlay-opacity":"","overlay-gradient":""},"tablet":{"background-color":"var(--ast-global-color-4)","background-image":"","background-repeat":"repeat","background-position":"center center","background-size":"auto","background-attachment":"scroll","background-type":"","background-media":"","overlay-type":"","overlay-color":"","overlay-opacity":"","overlay-gradient":""},"mobile":{"background-color":"var(--ast-global-color-4)","background-image":"","background-repeat":"repeat","background-position":"center center","background-size":"auto","background-attachment":"scroll","background-type":"","background-media":"","overlay-type":"","overlay-color":"","overlay-opacity":"","overlay-gradient":""}},"footnotes":""},"categories":[7],"tags":[],"class_list":["post-148","post","type-post","status-publish","format-standard","has-post-thumbnail","hentry","category-blomfakta-skotselrad"],"yoast_head":"<!-- This site is optimized with the Yoast SEO plugin v27.4 - https:\/\/yoast.com\/product\/yoast-seo-wordpress\/ -->\n<title>Vinranka - Fakta &amp; sk\u00f6tselr\u00e5d | Interflora<\/title>\n<meta name=\"robots\" content=\"index, follow, max-snippet:-1, max-image-preview:large, max-video-preview:-1\" \/>\n<link rel=\"canonical\" href=\"https:\/\/www.interflora.se\/inspiration\/blomfakta-vinranka\/\" \/>\n<meta property=\"og:locale\" content=\"sv_SE\" \/>\n<meta property=\"og:type\" content=\"article\" \/>\n<meta property=\"og:title\" content=\"Vinranka - Fakta &amp; sk\u00f6tselr\u00e5d | Interflora\" \/>\n<meta property=\"og:description\" content=\"Den snirklar sig upp d\u00e4r den f\u00e5r f\u00e4ste och f\u00f6rvandlar vilket gr\u00e5tt h\u00f6rn som helst till en vildvuxen lustg\u00e5rd. Dessutom [&hellip;]\" \/>\n<meta property=\"og:url\" content=\"https:\/\/www.interflora.se\/inspiration\/blomfakta-vinranka\/\" \/>\n<meta property=\"og:site_name\" content=\"Inspiration om blommor, krukv\u00e4xter &amp; trender | Interflora\" \/>\n<meta property=\"article:publisher\" content=\"https:\/\/www.facebook.com\/InterfloraAB\" \/>\n<meta property=\"article:published_time\" content=\"2024-04-04T02:51:12+00:00\" \/>\n<meta property=\"article:modified_time\" content=\"2025-03-20T08:32:51+00:00\" \/>\n<meta property=\"og:image\" content=\"https:\/\/www.interflora.se\/inspiration\/wp-content\/uploads\/2025\/03\/blomfakta-vinranka-toppbild.jpg\" \/>\n\t<meta property=\"og:image:width\" content=\"1000\" \/>\n\t<meta property=\"og:image:height\" content=\"667\" \/>\n\t<meta property=\"og:image:type\" content=\"image\/jpeg\" \/>\n<meta name=\"author\" content=\"admin\" \/>\n<meta name=\"twitter:card\" content=\"summary_large_image\" \/>\n<meta name=\"twitter:label1\" content=\"Skriven av\" \/>\n\t<meta name=\"twitter:data1\" content=\"admin\" \/>\n\t<meta name=\"twitter:label2\" content=\"Ber\u00e4knad l\u00e4stid\" \/>\n\t<meta name=\"twitter:data2\" content=\"3 minuter\" \/>\n<script type=\"application\/ld+json\" class=\"yoast-schema-graph\">{\"@context\":\"https:\\\/\\\/schema.org\",\"@graph\":[{\"@type\":\"Article\",\"@id\":\"https:\\\/\\\/www.interflora.se\\\/inspiration\\\/blomfakta-vinranka\\\/#article\",\"isPartOf\":{\"@id\":\"https:\\\/\\\/www.interflora.se\\\/inspiration\\\/blomfakta-vinranka\\\/\"},\"author\":{\"name\":\"admin\",\"@id\":\"https:\\\/\\\/www.interflora.se\\\/inspiration\\\/#\\\/schema\\\/person\\\/dbbd1ad45e05409c356dc639597669f2\"},\"headline\":\"Vinranka &#8211; Fakta &#038; sk\u00f6tselr\u00e5d\",\"datePublished\":\"2024-04-04T02:51:12+00:00\",\"dateModified\":\"2025-03-20T08:32:51+00:00\",\"mainEntityOfPage\":{\"@id\":\"https:\\\/\\\/www.interflora.se\\\/inspiration\\\/blomfakta-vinranka\\\/\"},\"wordCount\":585,\"commentCount\":0,\"publisher\":{\"@id\":\"https:\\\/\\\/www.interflora.se\\\/inspiration\\\/#organization\"},\"image\":{\"@id\":\"https:\\\/\\\/www.interflora.se\\\/inspiration\\\/blomfakta-vinranka\\\/#primaryimage\"},\"thumbnailUrl\":\"https:\\\/\\\/www.interflora.se\\\/inspiration\\\/wp-content\\\/uploads\\\/2025\\\/03\\\/blomfakta-vinranka-toppbild.jpg\",\"articleSection\":[\"Blomfakta &amp; sk\u00f6tselr\u00e5d\"],\"inLanguage\":\"sv-SE\",\"potentialAction\":[{\"@type\":\"CommentAction\",\"name\":\"Comment\",\"target\":[\"https:\\\/\\\/www.interflora.se\\\/inspiration\\\/blomfakta-vinranka\\\/#respond\"]}]},{\"@type\":\"WebPage\",\"@id\":\"https:\\\/\\\/www.interflora.se\\\/inspiration\\\/blomfakta-vinranka\\\/\",\"url\":\"https:\\\/\\\/www.interflora.se\\\/inspiration\\\/blomfakta-vinranka\\\/\",\"name\":\"Vinranka - Fakta & sk\u00f6tselr\u00e5d | Interflora\",\"isPartOf\":{\"@id\":\"https:\\\/\\\/www.interflora.se\\\/inspiration\\\/#website\"},\"primaryImageOfPage\":{\"@id\":\"https:\\\/\\\/www.interflora.se\\\/inspiration\\\/blomfakta-vinranka\\\/#primaryimage\"},\"image\":{\"@id\":\"https:\\\/\\\/www.interflora.se\\\/inspiration\\\/blomfakta-vinranka\\\/#primaryimage\"},\"thumbnailUrl\":\"https:\\\/\\\/www.interflora.se\\\/inspiration\\\/wp-content\\\/uploads\\\/2025\\\/03\\\/blomfakta-vinranka-toppbild.jpg\",\"datePublished\":\"2024-04-04T02:51:12+00:00\",\"dateModified\":\"2025-03-20T08:32:51+00:00\",\"breadcrumb\":{\"@id\":\"https:\\\/\\\/www.interflora.se\\\/inspiration\\\/blomfakta-vinranka\\\/#breadcrumb\"},\"inLanguage\":\"sv-SE\",\"potentialAction\":[{\"@type\":\"ReadAction\",\"target\":[\"https:\\\/\\\/www.interflora.se\\\/inspiration\\\/blomfakta-vinranka\\\/\"]}]},{\"@type\":\"ImageObject\",\"inLanguage\":\"sv-SE\",\"@id\":\"https:\\\/\\\/www.interflora.se\\\/inspiration\\\/blomfakta-vinranka\\\/#primaryimage\",\"url\":\"https:\\\/\\\/www.interflora.se\\\/inspiration\\\/wp-content\\\/uploads\\\/2025\\\/03\\\/blomfakta-vinranka-toppbild.jpg\",\"contentUrl\":\"https:\\\/\\\/www.interflora.se\\\/inspiration\\\/wp-content\\\/uploads\\\/2025\\\/03\\\/blomfakta-vinranka-toppbild.jpg\",\"width\":1000,\"height\":667},{\"@type\":\"BreadcrumbList\",\"@id\":\"https:\\\/\\\/www.interflora.se\\\/inspiration\\\/blomfakta-vinranka\\\/#breadcrumb\",\"itemListElement\":[{\"@type\":\"ListItem\",\"position\":1,\"name\":\"Home\",\"item\":\"https:\\\/\\\/www.interflora.se\\\/inspiration\\\/\"},{\"@type\":\"ListItem\",\"position\":2,\"name\":\"Vinranka &#8211; Fakta &#038; sk\u00f6tselr\u00e5d\"}]},{\"@type\":\"WebSite\",\"@id\":\"https:\\\/\\\/www.interflora.se\\\/inspiration\\\/#website\",\"url\":\"https:\\\/\\\/www.interflora.se\\\/inspiration\\\/\",\"name\":\"Interflora\",\"description\":\"\",\"publisher\":{\"@id\":\"https:\\\/\\\/www.interflora.se\\\/inspiration\\\/#organization\"},\"potentialAction\":[{\"@type\":\"SearchAction\",\"target\":{\"@type\":\"EntryPoint\",\"urlTemplate\":\"https:\\\/\\\/www.interflora.se\\\/inspiration\\\/?s={search_term_string}\"},\"query-input\":{\"@type\":\"PropertyValueSpecification\",\"valueRequired\":true,\"valueName\":\"search_term_string\"}}],\"inLanguage\":\"sv-SE\"},{\"@type\":\"Organization\",\"@id\":\"https:\\\/\\\/www.interflora.se\\\/inspiration\\\/#organization\",\"name\":\"Interflora\",\"url\":\"https:\\\/\\\/www.interflora.se\\\/inspiration\\\/\",\"logo\":{\"@type\":\"ImageObject\",\"inLanguage\":\"sv-SE\",\"@id\":\"https:\\\/\\\/www.interflora.se\\\/inspiration\\\/#\\\/schema\\\/logo\\\/image\\\/\",\"url\":\"https:\\\/\\\/www.interflora.se\\\/inspiration\\\/wp-content\\\/uploads\\\/2025\\\/09\\\/cropped-220422_INTERFLORA_Logo_rgb_Half_Top_Circle_Main_Color.avif\",\"contentUrl\":\"https:\\\/\\\/www.interflora.se\\\/inspiration\\\/wp-content\\\/uploads\\\/2025\\\/09\\\/cropped-220422_INTERFLORA_Logo_rgb_Half_Top_Circle_Main_Color.avif\",\"width\":1418,\"height\":662,\"caption\":\"Interflora\"},\"image\":{\"@id\":\"https:\\\/\\\/www.interflora.se\\\/inspiration\\\/#\\\/schema\\\/logo\\\/image\\\/\"},\"sameAs\":[\"https:\\\/\\\/www.facebook.com\\\/InterfloraAB\",\"https:\\\/\\\/www.instagram.com\\\/interflora_ab\\\/\",\"https:\\\/\\\/www.linkedin.com\\\/company\\\/1494362\",\"https:\\\/\\\/www.youtube.com\\\/channel\\\/UCZgDzGWB2VRxaoWFUmXnk1w\"]},{\"@type\":\"Person\",\"@id\":\"https:\\\/\\\/www.interflora.se\\\/inspiration\\\/#\\\/schema\\\/person\\\/dbbd1ad45e05409c356dc639597669f2\",\"name\":\"admin\",\"image\":{\"@type\":\"ImageObject\",\"inLanguage\":\"sv-SE\",\"@id\":\"https:\\\/\\\/www.interflora.se\\\/inspiration\\\/wp-content\\\/litespeed\\\/avatar\\\/1fe3cced9e67df62d0a6f995d75823a5.jpg?ver=1777362393\",\"url\":\"https:\\\/\\\/www.interflora.se\\\/inspiration\\\/wp-content\\\/litespeed\\\/avatar\\\/1fe3cced9e67df62d0a6f995d75823a5.jpg?ver=1777362393\",\"contentUrl\":\"https:\\\/\\\/www.interflora.se\\\/inspiration\\\/wp-content\\\/litespeed\\\/avatar\\\/1fe3cced9e67df62d0a6f995d75823a5.jpg?ver=1777362393\",\"caption\":\"admin\"},\"sameAs\":[\"https:\\\/\\\/www.interflora.se\\\/inspiration\"],\"url\":\"https:\\\/\\\/www.interflora.se\\\/inspiration\\\/author\\\/admin\\\/\"}]}<\/script>\n<!-- \/ Yoast SEO plugin. -->","yoast_head_json":{"title":"Vinranka - Fakta & sk\u00f6tselr\u00e5d | Interflora","robots":{"index":"index","follow":"follow","max-snippet":"max-snippet:-1","max-image-preview":"max-image-preview:large","max-video-preview":"max-video-preview:-1"},"canonical":"https:\/\/www.interflora.se\/inspiration\/blomfakta-vinranka\/","og_locale":"sv_SE","og_type":"article","og_title":"Vinranka - Fakta & sk\u00f6tselr\u00e5d | Interflora","og_description":"Den snirklar sig upp d\u00e4r den f\u00e5r f\u00e4ste och f\u00f6rvandlar vilket gr\u00e5tt h\u00f6rn som helst till en vildvuxen lustg\u00e5rd. Dessutom [&hellip;]","og_url":"https:\/\/www.interflora.se\/inspiration\/blomfakta-vinranka\/","og_site_name":"Inspiration om blommor, krukv\u00e4xter &amp; trender | Interflora","article_publisher":"https:\/\/www.facebook.com\/InterfloraAB","article_published_time":"2024-04-04T02:51:12+00:00","article_modified_time":"2025-03-20T08:32:51+00:00","og_image":[{"width":1000,"height":667,"url":"https:\/\/www.interflora.se\/inspiration\/wp-content\/uploads\/2025\/03\/blomfakta-vinranka-toppbild.jpg","type":"image\/jpeg"}],"author":"admin","twitter_card":"summary_large_image","twitter_misc":{"Skriven av":"admin","Ber\u00e4knad l\u00e4stid":"3 minuter"},"schema":{"@context":"https:\/\/schema.org","@graph":[{"@type":"Article","@id":"https:\/\/www.interflora.se\/inspiration\/blomfakta-vinranka\/#article","isPartOf":{"@id":"https:\/\/www.interflora.se\/inspiration\/blomfakta-vinranka\/"},"author":{"name":"admin","@id":"https:\/\/www.interflora.se\/inspiration\/#\/schema\/person\/dbbd1ad45e05409c356dc639597669f2"},"headline":"Vinranka &#8211; Fakta &#038; sk\u00f6tselr\u00e5d","datePublished":"2024-04-04T02:51:12+00:00","dateModified":"2025-03-20T08:32:51+00:00","mainEntityOfPage":{"@id":"https:\/\/www.interflora.se\/inspiration\/blomfakta-vinranka\/"},"wordCount":585,"commentCount":0,"publisher":{"@id":"https:\/\/www.interflora.se\/inspiration\/#organization"},"image":{"@id":"https:\/\/www.interflora.se\/inspiration\/blomfakta-vinranka\/#primaryimage"},"thumbnailUrl":"https:\/\/www.interflora.se\/inspiration\/wp-content\/uploads\/2025\/03\/blomfakta-vinranka-toppbild.jpg","articleSection":["Blomfakta &amp; sk\u00f6tselr\u00e5d"],"inLanguage":"sv-SE","potentialAction":[{"@type":"CommentAction","name":"Comment","target":["https:\/\/www.interflora.se\/inspiration\/blomfakta-vinranka\/#respond"]}]},{"@type":"WebPage","@id":"https:\/\/www.interflora.se\/inspiration\/blomfakta-vinranka\/","url":"https:\/\/www.interflora.se\/inspiration\/blomfakta-vinranka\/","name":"Vinranka - Fakta & sk\u00f6tselr\u00e5d | Interflora","isPartOf":{"@id":"https:\/\/www.interflora.se\/inspiration\/#website"},"primaryImageOfPage":{"@id":"https:\/\/www.interflora.se\/inspiration\/blomfakta-vinranka\/#primaryimage"},"image":{"@id":"https:\/\/www.interflora.se\/inspiration\/blomfakta-vinranka\/#primaryimage"},"thumbnailUrl":"https:\/\/www.interflora.se\/inspiration\/wp-content\/uploads\/2025\/03\/blomfakta-vinranka-toppbild.jpg","datePublished":"2024-04-04T02:51:12+00:00","dateModified":"2025-03-20T08:32:51+00:00","breadcrumb":{"@id":"https:\/\/www.interflora.se\/inspiration\/blomfakta-vinranka\/#breadcrumb"},"inLanguage":"sv-SE","potentialAction":[{"@type":"ReadAction","target":["https:\/\/www.interflora.se\/inspiration\/blomfakta-vinranka\/"]}]},{"@type":"ImageObject","inLanguage":"sv-SE","@id":"https:\/\/www.interflora.se\/inspiration\/blomfakta-vinranka\/#primaryimage","url":"https:\/\/www.interflora.se\/inspiration\/wp-content\/uploads\/2025\/03\/blomfakta-vinranka-toppbild.jpg","contentUrl":"https:\/\/www.interflora.se\/inspiration\/wp-content\/uploads\/2025\/03\/blomfakta-vinranka-toppbild.jpg","width":1000,"height":667},{"@type":"BreadcrumbList","@id":"https:\/\/www.interflora.se\/inspiration\/blomfakta-vinranka\/#breadcrumb","itemListElement":[{"@type":"ListItem","position":1,"name":"Home","item":"https:\/\/www.interflora.se\/inspiration\/"},{"@type":"ListItem","position":2,"name":"Vinranka &#8211; Fakta &#038; sk\u00f6tselr\u00e5d"}]},{"@type":"WebSite","@id":"https:\/\/www.interflora.se\/inspiration\/#website","url":"https:\/\/www.interflora.se\/inspiration\/","name":"Interflora","description":"","publisher":{"@id":"https:\/\/www.interflora.se\/inspiration\/#organization"},"potentialAction":[{"@type":"SearchAction","target":{"@type":"EntryPoint","urlTemplate":"https:\/\/www.interflora.se\/inspiration\/?s={search_term_string}"},"query-input":{"@type":"PropertyValueSpecification","valueRequired":true,"valueName":"search_term_string"}}],"inLanguage":"sv-SE"},{"@type":"Organization","@id":"https:\/\/www.interflora.se\/inspiration\/#organization","name":"Interflora","url":"https:\/\/www.interflora.se\/inspiration\/","logo":{"@type":"ImageObject","inLanguage":"sv-SE","@id":"https:\/\/www.interflora.se\/inspiration\/#\/schema\/logo\/image\/","url":"https:\/\/www.interflora.se\/inspiration\/wp-content\/uploads\/2025\/09\/cropped-220422_INTERFLORA_Logo_rgb_Half_Top_Circle_Main_Color.avif","contentUrl":"https:\/\/www.interflora.se\/inspiration\/wp-content\/uploads\/2025\/09\/cropped-220422_INTERFLORA_Logo_rgb_Half_Top_Circle_Main_Color.avif","width":1418,"height":662,"caption":"Interflora"},"image":{"@id":"https:\/\/www.interflora.se\/inspiration\/#\/schema\/logo\/image\/"},"sameAs":["https:\/\/www.facebook.com\/InterfloraAB","https:\/\/www.instagram.com\/interflora_ab\/","https:\/\/www.linkedin.com\/company\/1494362","https:\/\/www.youtube.com\/channel\/UCZgDzGWB2VRxaoWFUmXnk1w"]},{"@type":"Person","@id":"https:\/\/www.interflora.se\/inspiration\/#\/schema\/person\/dbbd1ad45e05409c356dc639597669f2","name":"admin","image":{"@type":"ImageObject","inLanguage":"sv-SE","@id":"https:\/\/www.interflora.se\/inspiration\/wp-content\/litespeed\/avatar\/1fe3cced9e67df62d0a6f995d75823a5.jpg?ver=1777362393","url":"https:\/\/www.interflora.se\/inspiration\/wp-content\/litespeed\/avatar\/1fe3cced9e67df62d0a6f995d75823a5.jpg?ver=1777362393","contentUrl":"https:\/\/www.interflora.se\/inspiration\/wp-content\/litespeed\/avatar\/1fe3cced9e67df62d0a6f995d75823a5.jpg?ver=1777362393","caption":"admin"},"sameAs":["https:\/\/www.interflora.se\/inspiration"],"url":"https:\/\/www.interflora.se\/inspiration\/author\/admin\/"}]}},"uagb_featured_image_src":{"full":["https:\/\/www.interflora.se\/inspiration\/wp-content\/uploads\/2025\/03\/blomfakta-vinranka-toppbild.jpg",1000,667,false],"thumbnail":["https:\/\/www.interflora.se\/inspiration\/wp-content\/uploads\/2025\/03\/blomfakta-vinranka-toppbild-150x150.jpg",150,150,true],"medium":["https:\/\/www.interflora.se\/inspiration\/wp-content\/uploads\/2025\/03\/blomfakta-vinranka-toppbild-300x200.jpg",300,200,true],"medium_large":["https:\/\/www.interflora.se\/inspiration\/wp-content\/uploads\/2025\/03\/blomfakta-vinranka-toppbild-768x512.jpg",768,512,true],"large":["https:\/\/www.interflora.se\/inspiration\/wp-content\/uploads\/2025\/03\/blomfakta-vinranka-toppbild.jpg",1000,667,false],"1536x1536":["https:\/\/www.interflora.se\/inspiration\/wp-content\/uploads\/2025\/03\/blomfakta-vinranka-toppbild.jpg",1000,667,false],"2048x2048":["https:\/\/www.interflora.se\/inspiration\/wp-content\/uploads\/2025\/03\/blomfakta-vinranka-toppbild.jpg",1000,667,false]},"uagb_author_info":{"display_name":"admin","author_link":"https:\/\/www.interflora.se\/inspiration\/author\/admin\/"},"uagb_comment_info":0,"uagb_excerpt":"Den snirklar sig upp d\u00e4r den f\u00e5r f\u00e4ste och f\u00f6rvandlar vilket gr\u00e5tt h\u00f6rn som helst till en vildvuxen lustg\u00e5rd. Dessutom [&hellip;]","_links":{"self":[{"href":"https:\/\/www.interflora.se\/inspiration\/wp-json\/wp\/v2\/posts\/148","targetHints":{"allow":["GET"]}}],"collection":[{"href":"https:\/\/www.interflora.se\/inspiration\/wp-json\/wp\/v2\/posts"}],"about":[{"href":"https:\/\/www.interflora.se\/inspiration\/wp-json\/wp\/v2\/types\/post"}],"author":[{"embeddable":true,"href":"https:\/\/www.interflora.se\/inspiration\/wp-json\/wp\/v2\/users\/1"}],"replies":[{"embeddable":true,"href":"https:\/\/www.interflora.se\/inspiration\/wp-json\/wp\/v2\/comments?post=148"}],"version-history":[{"count":1,"href":"https:\/\/www.interflora.se\/inspiration\/wp-json\/wp\/v2\/posts\/148\/revisions"}],"predecessor-version":[{"id":713,"href":"https:\/\/www.interflora.se\/inspiration\/wp-json\/wp\/v2\/posts\/148\/revisions\/713"}],"wp:featuredmedia":[{"embeddable":true,"href":"https:\/\/www.interflora.se\/inspiration\/wp-json\/wp\/v2\/media\/710"}],"wp:attachment":[{"href":"https:\/\/www.interflora.se\/inspiration\/wp-json\/wp\/v2\/media?parent=148"}],"wp:term":[{"taxonomy":"category","embeddable":true,"href":"https:\/\/www.interflora.se\/inspiration\/wp-json\/wp\/v2\/categories?post=148"},{"taxonomy":"post_tag","embeddable":true,"href":"https:\/\/www.interflora.se\/inspiration\/wp-json\/wp\/v2\/tags?post=148"}],"curies":[{"name":"wp","href":"https:\/\/api.w.org\/{rel}","templated":true}]}}