{"id":140,"date":"2026-01-13T02:15:00","date_gmt":"2026-01-13T01:15:00","guid":{"rendered":"http:\/\/preprodblog.interflora.se\/blog\/?p=140"},"modified":"2026-01-16T10:57:03","modified_gmt":"2026-01-16T09:57:03","slug":"blomfakta-rodarosor","status":"publish","type":"post","link":"https:\/\/www.interflora.se\/inspiration\/blomfakta-rodarosor\/","title":{"rendered":"R\u00f6da rosor &#8211; Fakta &#038; Sk\u00f6tselr\u00e5d"},"content":{"rendered":"\n<p>R\u00f6da rosor anses ofta som de perfekta, de mest&nbsp;<a href=\"https:\/\/www.interflora.se\/interflora\/tillfallen\/romantiska-blommor\/\">romantiska blommor<\/a>&nbsp;man kan t\u00e4nka sig. Vi tycker att r\u00f6da rosor \u00e4r blommornas blomma, drottningen!<\/p>\n\n\n\n<div class=\"wp-block-buttons has-custom-font-size has-medium-font-size is-content-justification-center is-layout-flex wp-container-core-buttons-is-layout-a89b3969 wp-block-buttons-is-layout-flex\">\n<div class=\"wp-block-button\"><a class=\"wp-block-button__link wp-element-button\" href=\"https:\/\/www.interflora.se\/c\/rosor?utm_source=blog&amp;utm_campaign=post-cta\">Skicka rosor<\/a><\/div>\n<\/div>\n\n\n\n<p>Den r\u00f6da rosen odlas i de flesta v\u00e4rldsdelar och de flesta av de r\u00f6da rosor som s\u00e4ljs i blomsteraff\u00e4rer i Sverige kommer fr\u00e5n Holland eller Kenya. Vilt v\u00e4xande rosor finns i n\u00e4stan hela v\u00e4rlden. Rosor finns i Europa, Afrika, Nordamerika och Asien.<\/p>\n\n\n\n<p>Det finns massor av olika\u00a0r\u00f6da rosor, men det \u00e4r ett par sorter som \u00e4r mer vanliga hos din blomsteraff\u00e4r. Den vanligaste r\u00f6da rosen i v\u00e5ra\u00a0<a href=\"https:\/\/www.interflora.se\/interflora\/produktkategorier\/buketter\/\">buketter<\/a>\u00a0\u00e4r Red Naomi. Den har en klarr\u00f6d f\u00e4rg och en fin tydlig blomma.<\/p>\n\n\n\n<p>Utforska g\u00e4rna v\u00e5ra\u00a0<a href=\"https:\/\/www.interflora.se\/interflora\/alla-hjartans-dag\/buketter-med-roda-rosor\/\">buketter med r\u00f6da rosor<\/a>.<\/p>\n\n\n\n<figure class=\"wp-block-gallery has-nested-images columns-default is-cropped wp-block-gallery-1 is-layout-flex wp-block-gallery-is-layout-flex\">\n<figure class=\"wp-block-image size-large\"><img loading=\"lazy\" decoding=\"async\" width=\"683\" height=\"1024\" data-id=\"5207\" src=\"https:\/\/www.interflora.se\/inspiration\/wp-content\/uploads\/2026\/01\/annesophiebenoit-interflora-saint-valentin-28-Edit-683x1024.avif\" alt=\"\" class=\"wp-image-5207\" srcset=\"https:\/\/www.interflora.se\/inspiration\/wp-content\/uploads\/2026\/01\/annesophiebenoit-interflora-saint-valentin-28-Edit-683x1024.avif 683w, https:\/\/www.interflora.se\/inspiration\/wp-content\/uploads\/2026\/01\/annesophiebenoit-interflora-saint-valentin-28-Edit-200x300.avif 200w, https:\/\/www.interflora.se\/inspiration\/wp-content\/uploads\/2026\/01\/annesophiebenoit-interflora-saint-valentin-28-Edit-768x1152.avif 768w, https:\/\/www.interflora.se\/inspiration\/wp-content\/uploads\/2026\/01\/annesophiebenoit-interflora-saint-valentin-28-Edit-1024x1536.avif 1024w, https:\/\/www.interflora.se\/inspiration\/wp-content\/uploads\/2026\/01\/annesophiebenoit-interflora-saint-valentin-28-Edit-1365x2048.avif 1365w, https:\/\/www.interflora.se\/inspiration\/wp-content\/uploads\/2026\/01\/annesophiebenoit-interflora-saint-valentin-28-Edit-scaled.avif 1707w\" sizes=\"auto, (max-width: 683px) 100vw, 683px\" \/><\/figure>\n\n\n\n<figure class=\"wp-block-image size-large\"><img loading=\"lazy\" decoding=\"async\" width=\"683\" height=\"1024\" data-id=\"5245\" src=\"https:\/\/www.interflora.se\/inspiration\/wp-content\/uploads\/2026\/01\/annesophiebenoit-interflora-saint-valentin-30_FR-SP-IT-Dulzura-1-683x1024.avif\" alt=\"\" class=\"wp-image-5245\" srcset=\"https:\/\/www.interflora.se\/inspiration\/wp-content\/uploads\/2026\/01\/annesophiebenoit-interflora-saint-valentin-30_FR-SP-IT-Dulzura-1-683x1024.avif 683w, https:\/\/www.interflora.se\/inspiration\/wp-content\/uploads\/2026\/01\/annesophiebenoit-interflora-saint-valentin-30_FR-SP-IT-Dulzura-1-200x300.avif 200w, https:\/\/www.interflora.se\/inspiration\/wp-content\/uploads\/2026\/01\/annesophiebenoit-interflora-saint-valentin-30_FR-SP-IT-Dulzura-1-768x1152.avif 768w, https:\/\/www.interflora.se\/inspiration\/wp-content\/uploads\/2026\/01\/annesophiebenoit-interflora-saint-valentin-30_FR-SP-IT-Dulzura-1-1024x1536.avif 1024w, https:\/\/www.interflora.se\/inspiration\/wp-content\/uploads\/2026\/01\/annesophiebenoit-interflora-saint-valentin-30_FR-SP-IT-Dulzura-1-1365x2048.avif 1365w, https:\/\/www.interflora.se\/inspiration\/wp-content\/uploads\/2026\/01\/annesophiebenoit-interflora-saint-valentin-30_FR-SP-IT-Dulzura-1-scaled.avif 1707w\" sizes=\"auto, (max-width: 683px) 100vw, 683px\" \/><\/figure>\n\n\n\n<figure class=\"wp-block-image size-large\"><img loading=\"lazy\" decoding=\"async\" width=\"683\" height=\"1024\" data-id=\"5208\" src=\"https:\/\/www.interflora.se\/inspiration\/wp-content\/uploads\/2026\/01\/annesophiebenoit-interflora-saint-valentin-29-Edit-683x1024.avif\" alt=\"\" class=\"wp-image-5208\" srcset=\"https:\/\/www.interflora.se\/inspiration\/wp-content\/uploads\/2026\/01\/annesophiebenoit-interflora-saint-valentin-29-Edit-683x1024.avif 683w, https:\/\/www.interflora.se\/inspiration\/wp-content\/uploads\/2026\/01\/annesophiebenoit-interflora-saint-valentin-29-Edit-200x300.avif 200w, https:\/\/www.interflora.se\/inspiration\/wp-content\/uploads\/2026\/01\/annesophiebenoit-interflora-saint-valentin-29-Edit-768x1152.avif 768w, https:\/\/www.interflora.se\/inspiration\/wp-content\/uploads\/2026\/01\/annesophiebenoit-interflora-saint-valentin-29-Edit-1024x1536.avif 1024w, https:\/\/www.interflora.se\/inspiration\/wp-content\/uploads\/2026\/01\/annesophiebenoit-interflora-saint-valentin-29-Edit-1365x2048.avif 1365w, https:\/\/www.interflora.se\/inspiration\/wp-content\/uploads\/2026\/01\/annesophiebenoit-interflora-saint-valentin-29-Edit-scaled.avif 1707w\" sizes=\"auto, (max-width: 683px) 100vw, 683px\" \/><\/figure>\n<\/figure>\n\n\n\n<h2 class=\"wp-block-heading\">Sk\u00f6tselr\u00e5d r\u00f6da rosor:<\/h2>\n\n\n\n<p>En ros av h\u00f6g kvalitet kan st\u00e5 och sprida sin sk\u00f6nhet l\u00e4nge om den v\u00e5rdas r\u00e4tt.<br>S\u00e5 h\u00e4r tar du hand om dina rosor p\u00e5 b\u00e4sta s\u00e4tt:<\/p>\n\n\n\n<ul class=\"wp-block-list\">\n<li>Snitta om rosorna med en ren och vass kniv. G\u00f6r ett diagonalt snitt utan att kl\u00e4mma ihop stj\u00e4lken.<\/li>\n\n\n\n<li>Anv\u00e4nd en ren vas &#8211; rosor \u00e4r k\u00e4nsliga f\u00f6r bakterier.<\/li>\n\n\n\n<li>S\u00e4tt rosorna i mycket och kallt vatten. Se till att inga blad eller bladdelar hamnar i vattnet. Har du f\u00e5tt snittblomsn\u00e4ring av din florist h\u00e4ller du i den.<\/li>\n\n\n\n<li>Fyll p\u00e5 med nytt kallt vattet en g\u00e5ng om dagen d\u00e5 rosor \u00e4r t\u00f6rstiga blommor.<\/li>\n<\/ul>\n\n\n<div class=\"lp-produits-grid\"><div class=\"lp-produit\"><div class=\"lp-thumbnail-wrapper\"><img loading=\"lazy\" decoding=\"async\" width=\"240\" height=\"300\" src=\"https:\/\/www.interflora.se\/inspiration\/wp-content\/uploads\/2025\/05\/1201665-4.5-240x300.jpg\" class=\"attachment-medium size-medium wp-post-image\" alt=\"\" srcset=\"https:\/\/www.interflora.se\/inspiration\/wp-content\/uploads\/2025\/05\/1201665-4.5-240x300.jpg 240w, https:\/\/www.interflora.se\/inspiration\/wp-content\/uploads\/2025\/05\/1201665-4.5.jpg 745w\" sizes=\"auto, (max-width: 240px) 100vw, 240px\" \/><img decoding=\"async\" class=\"lp-badge\" src=\"https:\/\/www.interflora.se\/inspiration\/wp-content\/uploads\/2025\/03\/cropped-220422_INTERFLORA_Main_Logo_rgb_Main_Color-1.png\" alt=\"Blombud Interflora\"><\/div><span>Rosdr\u00f6m<\/span><p>fr\u00e5n 549 kr<\/p><span class=\"obf-link lp-cta\" role=\"link\" tabindex=\"0\" data-b64=\"aHR0cHM6Ly93d3cuaW50ZXJmbG9yYS5zZS9wLzYzNi1yb3Nkcm9tLzI\/dXRtX21lZGl1bT1vcmdhbmljJnV0bV9zb3VyY2U9YmxvZ19wcm9kdWN0cyZ1dG1fY2FtcGFpZ249MTIwMTU0MA==\" data-target=\"_blank\"><svg xmlns=\"http:\/\/www.w3.org\/2000\/svg\" width=\"16\" height=\"16\" fill=\"currentColor\" class=\"bi bi-bag\" viewBox=\"0 0 16 16\"><path d=\"M8 1a2 2 0 0 1 2 2v1h2.5A1.5 1.5 0 0 1 14 5.5v8A1.5 1.5 0 0 1 12.5 15h-9A1.5 1.5 0 0 1 2 13.5v-8A1.5 1.5 0 0 1 3.5 3H6V2a2 2 0 0 1 2-1zm1 3V3a1 1 0 0 0-2 0v1h2z\"\/><\/svg>K\u00f6p h\u00e4r<\/span><p class=\"rapido\">F\u00e4rska blommor<\/p><\/div><div class=\"lp-produit\"><div class=\"lp-thumbnail-wrapper\"><img loading=\"lazy\" decoding=\"async\" width=\"240\" height=\"300\" src=\"https:\/\/www.interflora.se\/inspiration\/wp-content\/uploads\/2025\/05\/1201067-4.5-2025-240x300.jpg\" class=\"attachment-medium size-medium wp-post-image\" alt=\"\" srcset=\"https:\/\/www.interflora.se\/inspiration\/wp-content\/uploads\/2025\/05\/1201067-4.5-2025-240x300.jpg 240w, https:\/\/www.interflora.se\/inspiration\/wp-content\/uploads\/2025\/05\/1201067-4.5-2025.jpg 745w\" sizes=\"auto, (max-width: 240px) 100vw, 240px\" \/><img decoding=\"async\" class=\"lp-badge\" src=\"https:\/\/www.interflora.se\/inspiration\/wp-content\/uploads\/2025\/03\/cropped-220422_INTERFLORA_Main_Logo_rgb_Main_Color-1.png\" alt=\"Blombud Interflora\"><\/div><span>7 r\u00f6da rosor<\/span><p>fr\u00e5n 419 kr<\/p><span class=\"obf-link lp-cta\" role=\"link\" tabindex=\"0\" data-b64=\"aHR0cHM6Ly93d3cuaW50ZXJmbG9yYS5zZS9wLzE1MS03LXJvZGEtcm9zb3IvMT91dG1fbWVkaXVtPW9yZ2FuaWMmdXRtX3NvdXJjZT1ibG9nX3Byb2R1Y3RzJnV0bV9jYW1wYWlnbj0xMjAxMDY3\" data-target=\"_blank\"><svg xmlns=\"http:\/\/www.w3.org\/2000\/svg\" width=\"16\" height=\"16\" fill=\"currentColor\" class=\"bi bi-bag\" viewBox=\"0 0 16 16\"><path d=\"M8 1a2 2 0 0 1 2 2v1h2.5A1.5 1.5 0 0 1 14 5.5v8A1.5 1.5 0 0 1 12.5 15h-9A1.5 1.5 0 0 1 2 13.5v-8A1.5 1.5 0 0 1 3.5 3H6V2a2 2 0 0 1 2-1zm1 3V3a1 1 0 0 0-2 0v1h2z\"\/><\/svg>K\u00f6p h\u00e4r<\/span><p class=\"rapido\">Handbundet av florister<\/p><\/div><div class=\"lp-produit\"><div class=\"lp-thumbnail-wrapper\"><img loading=\"lazy\" decoding=\"async\" width=\"240\" height=\"300\" src=\"https:\/\/www.interflora.se\/inspiration\/wp-content\/uploads\/2025\/05\/1201638-4.5-240x300.jpg\" class=\"attachment-medium size-medium wp-post-image\" alt=\"\" srcset=\"https:\/\/www.interflora.se\/inspiration\/wp-content\/uploads\/2025\/05\/1201638-4.5-240x300.jpg 240w, https:\/\/www.interflora.se\/inspiration\/wp-content\/uploads\/2025\/05\/1201638-4.5.jpg 745w\" sizes=\"auto, (max-width: 240px) 100vw, 240px\" \/><img decoding=\"async\" class=\"lp-badge\" src=\"https:\/\/www.interflora.se\/inspiration\/wp-content\/uploads\/2025\/03\/cropped-220422_INTERFLORA_Main_Logo_rgb_Main_Color-1.png\" alt=\"Blombud Interflora\"><\/div><span>40 r\u00f6da rosor<\/span><p>fr\u00e5n 2399 kr<\/p><span class=\"obf-link lp-cta\" role=\"link\" tabindex=\"0\" data-b64=\"aHR0cHM6Ly93d3cuaW50ZXJmbG9yYS5zZS9wLzEyOTQtNDAtcm9kYS1yb3Nvci8xP3V0bV9tZWRpdW09b3JnYW5pYyZ1dG1fc291cmNlPWJsb2dfcHJvZHVjdHMmdXRtX2NhbXBhaWduPTEyMDE2Mzg=\" data-target=\"_blank\"><svg xmlns=\"http:\/\/www.w3.org\/2000\/svg\" width=\"16\" height=\"16\" fill=\"currentColor\" class=\"bi bi-bag\" viewBox=\"0 0 16 16\"><path d=\"M8 1a2 2 0 0 1 2 2v1h2.5A1.5 1.5 0 0 1 14 5.5v8A1.5 1.5 0 0 1 12.5 15h-9A1.5 1.5 0 0 1 2 13.5v-8A1.5 1.5 0 0 1 3.5 3H6V2a2 2 0 0 1 2-1zm1 3V3a1 1 0 0 0-2 0v1h2z\"\/><\/svg>K\u00f6p h\u00e4r<\/span><p class=\"rapido\">Leverans i hela Sverige<\/p><\/div><div class=\"lp-produit\"><div class=\"lp-thumbnail-wrapper\"><img loading=\"lazy\" decoding=\"async\" width=\"240\" height=\"300\" src=\"https:\/\/www.interflora.se\/inspiration\/wp-content\/uploads\/2025\/09\/1203075-karleksbrev-mellan-240x300.jpg\" class=\"attachment-medium size-medium wp-post-image\" alt=\"\" srcset=\"https:\/\/www.interflora.se\/inspiration\/wp-content\/uploads\/2025\/09\/1203075-karleksbrev-mellan-240x300.jpg 240w, https:\/\/www.interflora.se\/inspiration\/wp-content\/uploads\/2025\/09\/1203075-karleksbrev-mellan.jpg 745w\" sizes=\"auto, (max-width: 240px) 100vw, 240px\" \/><img decoding=\"async\" class=\"lp-badge\" src=\"https:\/\/www.interflora.se\/inspiration\/wp-content\/uploads\/2025\/03\/cropped-220422_INTERFLORA_Main_Logo_rgb_Main_Color-1.png\" alt=\"Blombud Interflora\"><\/div><span>K\u00e4rleksbrev<\/span><p>fr\u00e5n 439 kr<\/p><span class=\"obf-link lp-cta\" role=\"link\" tabindex=\"0\" data-b64=\"aHR0cHM6Ly93d3cuaW50ZXJmbG9yYS5zZS9wLzgzNjEwLWthcmxla3NicmV2LzI\/dXRtX21lZGl1bT1vcmdhbmljJnV0bV9zb3VyY2U9YmxvZ19wcm9kdWN0cyZ1dG1fY2FtcGFpZ249MTIwMzA3NA==\" data-target=\"_blank\"><svg xmlns=\"http:\/\/www.w3.org\/2000\/svg\" width=\"16\" height=\"16\" fill=\"currentColor\" class=\"bi bi-bag\" viewBox=\"0 0 16 16\"><path d=\"M8 1a2 2 0 0 1 2 2v1h2.5A1.5 1.5 0 0 1 14 5.5v8A1.5 1.5 0 0 1 12.5 15h-9A1.5 1.5 0 0 1 2 13.5v-8A1.5 1.5 0 0 1 3.5 3H6V2a2 2 0 0 1 2-1zm1 3V3a1 1 0 0 0-2 0v1h2z\"\/><\/svg>K\u00f6p h\u00e4r<\/span><p class=\"rapido\">Leverans idag<\/p><\/div><\/div>\n\n\n\n<p><\/p>\n","protected":false},"excerpt":{"rendered":"<p>R\u00f6da rosor anses ofta som de perfekta, de mest&nbsp;romantiska blommor&nbsp;man kan t\u00e4nka sig. Vi tycker att r\u00f6da rosor \u00e4r blommornas [&hellip;]<\/p>\n","protected":false},"author":1,"featured_media":1366,"comment_status":"open","ping_status":"open","sticky":false,"template":"","format":"standard","meta":{"_uag_custom_page_level_css":"","site-sidebar-layout":"default","site-content-layout":"","ast-site-content-layout":"default","site-content-style":"default","site-sidebar-style":"default","ast-global-header-display":"","ast-banner-title-visibility":"","ast-main-header-display":"","ast-hfb-above-header-display":"","ast-hfb-below-header-display":"","ast-hfb-mobile-header-display":"","site-post-title":"","ast-breadcrumbs-content":"","ast-featured-img":"","footer-sml-layout":"","ast-disable-related-posts":"","theme-transparent-header-meta":"","adv-header-id-meta":"","stick-header-meta":"","header-above-stick-meta":"","header-main-stick-meta":"","header-below-stick-meta":"","astra-migrate-meta-layouts":"default","ast-page-background-enabled":"default","ast-page-background-meta":{"desktop":{"background-color":"var(--ast-global-color-5)","background-image":"","background-repeat":"repeat","background-position":"center center","background-size":"auto","background-attachment":"scroll","background-type":"","background-media":"","overlay-type":"","overlay-color":"","overlay-opacity":"","overlay-gradient":""},"tablet":{"background-color":"","background-image":"","background-repeat":"repeat","background-position":"center center","background-size":"auto","background-attachment":"scroll","background-type":"","background-media":"","overlay-type":"","overlay-color":"","overlay-opacity":"","overlay-gradient":""},"mobile":{"background-color":"","background-image":"","background-repeat":"repeat","background-position":"center center","background-size":"auto","background-attachment":"scroll","background-type":"","background-media":"","overlay-type":"","overlay-color":"","overlay-opacity":"","overlay-gradient":""}},"ast-content-background-meta":{"desktop":{"background-color":"var(--ast-global-color-4)","background-image":"","background-repeat":"repeat","background-position":"center center","background-size":"auto","background-attachment":"scroll","background-type":"","background-media":"","overlay-type":"","overlay-color":"","overlay-opacity":"","overlay-gradient":""},"tablet":{"background-color":"var(--ast-global-color-4)","background-image":"","background-repeat":"repeat","background-position":"center center","background-size":"auto","background-attachment":"scroll","background-type":"","background-media":"","overlay-type":"","overlay-color":"","overlay-opacity":"","overlay-gradient":""},"mobile":{"background-color":"var(--ast-global-color-4)","background-image":"","background-repeat":"repeat","background-position":"center center","background-size":"auto","background-attachment":"scroll","background-type":"","background-media":"","overlay-type":"","overlay-color":"","overlay-opacity":"","overlay-gradient":""}},"footnotes":""},"categories":[7],"tags":[],"class_list":["post-140","post","type-post","status-publish","format-standard","has-post-thumbnail","hentry","category-blomfakta-skotselrad"],"yoast_head":"<!-- This site is optimized with the Yoast SEO plugin v27.4 - https:\/\/yoast.com\/product\/yoast-seo-wordpress\/ -->\n<title>R\u00f6da rosor - Fakta &amp; Sk\u00f6tselr\u00e5d | Interflora<\/title>\n<meta name=\"robots\" content=\"index, follow, max-snippet:-1, max-image-preview:large, max-video-preview:-1\" \/>\n<link rel=\"canonical\" href=\"https:\/\/www.interflora.se\/inspiration\/blomfakta-rodarosor\/\" \/>\n<meta property=\"og:locale\" content=\"sv_SE\" \/>\n<meta property=\"og:type\" content=\"article\" \/>\n<meta property=\"og:title\" content=\"R\u00f6da rosor - Fakta &amp; Sk\u00f6tselr\u00e5d | Interflora\" \/>\n<meta property=\"og:description\" content=\"R\u00f6da rosor anses ofta som de perfekta, de mest&nbsp;romantiska blommor&nbsp;man kan t\u00e4nka sig. Vi tycker att r\u00f6da rosor \u00e4r blommornas [&hellip;]\" \/>\n<meta property=\"og:url\" content=\"https:\/\/www.interflora.se\/inspiration\/blomfakta-rodarosor\/\" \/>\n<meta property=\"og:site_name\" content=\"Inspiration om blommor, krukv\u00e4xter &amp; trender | Interflora\" \/>\n<meta property=\"article:publisher\" content=\"https:\/\/www.facebook.com\/InterfloraAB\" \/>\n<meta property=\"article:published_time\" content=\"2026-01-13T01:15:00+00:00\" \/>\n<meta property=\"article:modified_time\" content=\"2026-01-16T09:57:03+00:00\" \/>\n<meta property=\"og:image\" content=\"https:\/\/www.interflora.se\/inspiration\/wp-content\/uploads\/2025\/03\/skotselrad-rosor.jpg\" \/>\n\t<meta property=\"og:image:width\" content=\"1200\" \/>\n\t<meta property=\"og:image:height\" content=\"1500\" \/>\n\t<meta property=\"og:image:type\" content=\"image\/jpeg\" \/>\n<meta name=\"author\" content=\"admin\" \/>\n<meta name=\"twitter:card\" content=\"summary_large_image\" \/>\n<meta name=\"twitter:label1\" content=\"Skriven av\" \/>\n\t<meta name=\"twitter:data1\" content=\"admin\" \/>\n\t<meta name=\"twitter:label2\" content=\"Ber\u00e4knad l\u00e4stid\" \/>\n\t<meta name=\"twitter:data2\" content=\"2 minuter\" \/>\n<script type=\"application\/ld+json\" class=\"yoast-schema-graph\">{\"@context\":\"https:\\\/\\\/schema.org\",\"@graph\":[{\"@type\":\"Article\",\"@id\":\"https:\\\/\\\/www.interflora.se\\\/inspiration\\\/blomfakta-rodarosor\\\/#article\",\"isPartOf\":{\"@id\":\"https:\\\/\\\/www.interflora.se\\\/inspiration\\\/blomfakta-rodarosor\\\/\"},\"author\":{\"name\":\"admin\",\"@id\":\"https:\\\/\\\/www.interflora.se\\\/inspiration\\\/#\\\/schema\\\/person\\\/dbbd1ad45e05409c356dc639597669f2\"},\"headline\":\"R\u00f6da rosor &#8211; Fakta &#038; Sk\u00f6tselr\u00e5d\",\"datePublished\":\"2026-01-13T01:15:00+00:00\",\"dateModified\":\"2026-01-16T09:57:03+00:00\",\"mainEntityOfPage\":{\"@id\":\"https:\\\/\\\/www.interflora.se\\\/inspiration\\\/blomfakta-rodarosor\\\/\"},\"wordCount\":277,\"commentCount\":0,\"publisher\":{\"@id\":\"https:\\\/\\\/www.interflora.se\\\/inspiration\\\/#organization\"},\"image\":{\"@id\":\"https:\\\/\\\/www.interflora.se\\\/inspiration\\\/blomfakta-rodarosor\\\/#primaryimage\"},\"thumbnailUrl\":\"https:\\\/\\\/www.interflora.se\\\/inspiration\\\/wp-content\\\/uploads\\\/2025\\\/03\\\/skotselrad-rosor.jpg\",\"articleSection\":[\"Blomfakta &amp; sk\u00f6tselr\u00e5d\"],\"inLanguage\":\"sv-SE\",\"potentialAction\":[{\"@type\":\"CommentAction\",\"name\":\"Comment\",\"target\":[\"https:\\\/\\\/www.interflora.se\\\/inspiration\\\/blomfakta-rodarosor\\\/#respond\"]}]},{\"@type\":\"WebPage\",\"@id\":\"https:\\\/\\\/www.interflora.se\\\/inspiration\\\/blomfakta-rodarosor\\\/\",\"url\":\"https:\\\/\\\/www.interflora.se\\\/inspiration\\\/blomfakta-rodarosor\\\/\",\"name\":\"R\u00f6da rosor - Fakta & Sk\u00f6tselr\u00e5d | Interflora\",\"isPartOf\":{\"@id\":\"https:\\\/\\\/www.interflora.se\\\/inspiration\\\/#website\"},\"primaryImageOfPage\":{\"@id\":\"https:\\\/\\\/www.interflora.se\\\/inspiration\\\/blomfakta-rodarosor\\\/#primaryimage\"},\"image\":{\"@id\":\"https:\\\/\\\/www.interflora.se\\\/inspiration\\\/blomfakta-rodarosor\\\/#primaryimage\"},\"thumbnailUrl\":\"https:\\\/\\\/www.interflora.se\\\/inspiration\\\/wp-content\\\/uploads\\\/2025\\\/03\\\/skotselrad-rosor.jpg\",\"datePublished\":\"2026-01-13T01:15:00+00:00\",\"dateModified\":\"2026-01-16T09:57:03+00:00\",\"breadcrumb\":{\"@id\":\"https:\\\/\\\/www.interflora.se\\\/inspiration\\\/blomfakta-rodarosor\\\/#breadcrumb\"},\"inLanguage\":\"sv-SE\",\"potentialAction\":[{\"@type\":\"ReadAction\",\"target\":[\"https:\\\/\\\/www.interflora.se\\\/inspiration\\\/blomfakta-rodarosor\\\/\"]}]},{\"@type\":\"ImageObject\",\"inLanguage\":\"sv-SE\",\"@id\":\"https:\\\/\\\/www.interflora.se\\\/inspiration\\\/blomfakta-rodarosor\\\/#primaryimage\",\"url\":\"https:\\\/\\\/www.interflora.se\\\/inspiration\\\/wp-content\\\/uploads\\\/2025\\\/03\\\/skotselrad-rosor.jpg\",\"contentUrl\":\"https:\\\/\\\/www.interflora.se\\\/inspiration\\\/wp-content\\\/uploads\\\/2025\\\/03\\\/skotselrad-rosor.jpg\",\"width\":1200,\"height\":1500},{\"@type\":\"BreadcrumbList\",\"@id\":\"https:\\\/\\\/www.interflora.se\\\/inspiration\\\/blomfakta-rodarosor\\\/#breadcrumb\",\"itemListElement\":[{\"@type\":\"ListItem\",\"position\":1,\"name\":\"Home\",\"item\":\"https:\\\/\\\/www.interflora.se\\\/inspiration\\\/\"},{\"@type\":\"ListItem\",\"position\":2,\"name\":\"R\u00f6da rosor &#8211; Fakta &#038; Sk\u00f6tselr\u00e5d\"}]},{\"@type\":\"WebSite\",\"@id\":\"https:\\\/\\\/www.interflora.se\\\/inspiration\\\/#website\",\"url\":\"https:\\\/\\\/www.interflora.se\\\/inspiration\\\/\",\"name\":\"Interflora\",\"description\":\"\",\"publisher\":{\"@id\":\"https:\\\/\\\/www.interflora.se\\\/inspiration\\\/#organization\"},\"potentialAction\":[{\"@type\":\"SearchAction\",\"target\":{\"@type\":\"EntryPoint\",\"urlTemplate\":\"https:\\\/\\\/www.interflora.se\\\/inspiration\\\/?s={search_term_string}\"},\"query-input\":{\"@type\":\"PropertyValueSpecification\",\"valueRequired\":true,\"valueName\":\"search_term_string\"}}],\"inLanguage\":\"sv-SE\"},{\"@type\":\"Organization\",\"@id\":\"https:\\\/\\\/www.interflora.se\\\/inspiration\\\/#organization\",\"name\":\"Interflora\",\"url\":\"https:\\\/\\\/www.interflora.se\\\/inspiration\\\/\",\"logo\":{\"@type\":\"ImageObject\",\"inLanguage\":\"sv-SE\",\"@id\":\"https:\\\/\\\/www.interflora.se\\\/inspiration\\\/#\\\/schema\\\/logo\\\/image\\\/\",\"url\":\"https:\\\/\\\/www.interflora.se\\\/inspiration\\\/wp-content\\\/uploads\\\/2025\\\/09\\\/cropped-220422_INTERFLORA_Logo_rgb_Half_Top_Circle_Main_Color.avif\",\"contentUrl\":\"https:\\\/\\\/www.interflora.se\\\/inspiration\\\/wp-content\\\/uploads\\\/2025\\\/09\\\/cropped-220422_INTERFLORA_Logo_rgb_Half_Top_Circle_Main_Color.avif\",\"width\":1418,\"height\":662,\"caption\":\"Interflora\"},\"image\":{\"@id\":\"https:\\\/\\\/www.interflora.se\\\/inspiration\\\/#\\\/schema\\\/logo\\\/image\\\/\"},\"sameAs\":[\"https:\\\/\\\/www.facebook.com\\\/InterfloraAB\",\"https:\\\/\\\/www.instagram.com\\\/interflora_ab\\\/\",\"https:\\\/\\\/www.linkedin.com\\\/company\\\/1494362\",\"https:\\\/\\\/www.youtube.com\\\/channel\\\/UCZgDzGWB2VRxaoWFUmXnk1w\"]},{\"@type\":\"Person\",\"@id\":\"https:\\\/\\\/www.interflora.se\\\/inspiration\\\/#\\\/schema\\\/person\\\/dbbd1ad45e05409c356dc639597669f2\",\"name\":\"admin\",\"image\":{\"@type\":\"ImageObject\",\"inLanguage\":\"sv-SE\",\"@id\":\"https:\\\/\\\/www.interflora.se\\\/inspiration\\\/wp-content\\\/litespeed\\\/avatar\\\/1fe3cced9e67df62d0a6f995d75823a5.jpg?ver=1777362393\",\"url\":\"https:\\\/\\\/www.interflora.se\\\/inspiration\\\/wp-content\\\/litespeed\\\/avatar\\\/1fe3cced9e67df62d0a6f995d75823a5.jpg?ver=1777362393\",\"contentUrl\":\"https:\\\/\\\/www.interflora.se\\\/inspiration\\\/wp-content\\\/litespeed\\\/avatar\\\/1fe3cced9e67df62d0a6f995d75823a5.jpg?ver=1777362393\",\"caption\":\"admin\"},\"sameAs\":[\"https:\\\/\\\/www.interflora.se\\\/inspiration\"],\"url\":\"https:\\\/\\\/www.interflora.se\\\/inspiration\\\/author\\\/admin\\\/\"}]}<\/script>\n<!-- \/ Yoast SEO plugin. -->","yoast_head_json":{"title":"R\u00f6da rosor - Fakta & Sk\u00f6tselr\u00e5d | Interflora","robots":{"index":"index","follow":"follow","max-snippet":"max-snippet:-1","max-image-preview":"max-image-preview:large","max-video-preview":"max-video-preview:-1"},"canonical":"https:\/\/www.interflora.se\/inspiration\/blomfakta-rodarosor\/","og_locale":"sv_SE","og_type":"article","og_title":"R\u00f6da rosor - Fakta & Sk\u00f6tselr\u00e5d | Interflora","og_description":"R\u00f6da rosor anses ofta som de perfekta, de mest&nbsp;romantiska blommor&nbsp;man kan t\u00e4nka sig. Vi tycker att r\u00f6da rosor \u00e4r blommornas [&hellip;]","og_url":"https:\/\/www.interflora.se\/inspiration\/blomfakta-rodarosor\/","og_site_name":"Inspiration om blommor, krukv\u00e4xter &amp; trender | Interflora","article_publisher":"https:\/\/www.facebook.com\/InterfloraAB","article_published_time":"2026-01-13T01:15:00+00:00","article_modified_time":"2026-01-16T09:57:03+00:00","og_image":[{"width":1200,"height":1500,"url":"https:\/\/www.interflora.se\/inspiration\/wp-content\/uploads\/2025\/03\/skotselrad-rosor.jpg","type":"image\/jpeg"}],"author":"admin","twitter_card":"summary_large_image","twitter_misc":{"Skriven av":"admin","Ber\u00e4knad l\u00e4stid":"2 minuter"},"schema":{"@context":"https:\/\/schema.org","@graph":[{"@type":"Article","@id":"https:\/\/www.interflora.se\/inspiration\/blomfakta-rodarosor\/#article","isPartOf":{"@id":"https:\/\/www.interflora.se\/inspiration\/blomfakta-rodarosor\/"},"author":{"name":"admin","@id":"https:\/\/www.interflora.se\/inspiration\/#\/schema\/person\/dbbd1ad45e05409c356dc639597669f2"},"headline":"R\u00f6da rosor &#8211; Fakta &#038; Sk\u00f6tselr\u00e5d","datePublished":"2026-01-13T01:15:00+00:00","dateModified":"2026-01-16T09:57:03+00:00","mainEntityOfPage":{"@id":"https:\/\/www.interflora.se\/inspiration\/blomfakta-rodarosor\/"},"wordCount":277,"commentCount":0,"publisher":{"@id":"https:\/\/www.interflora.se\/inspiration\/#organization"},"image":{"@id":"https:\/\/www.interflora.se\/inspiration\/blomfakta-rodarosor\/#primaryimage"},"thumbnailUrl":"https:\/\/www.interflora.se\/inspiration\/wp-content\/uploads\/2025\/03\/skotselrad-rosor.jpg","articleSection":["Blomfakta &amp; sk\u00f6tselr\u00e5d"],"inLanguage":"sv-SE","potentialAction":[{"@type":"CommentAction","name":"Comment","target":["https:\/\/www.interflora.se\/inspiration\/blomfakta-rodarosor\/#respond"]}]},{"@type":"WebPage","@id":"https:\/\/www.interflora.se\/inspiration\/blomfakta-rodarosor\/","url":"https:\/\/www.interflora.se\/inspiration\/blomfakta-rodarosor\/","name":"R\u00f6da rosor - Fakta & Sk\u00f6tselr\u00e5d | Interflora","isPartOf":{"@id":"https:\/\/www.interflora.se\/inspiration\/#website"},"primaryImageOfPage":{"@id":"https:\/\/www.interflora.se\/inspiration\/blomfakta-rodarosor\/#primaryimage"},"image":{"@id":"https:\/\/www.interflora.se\/inspiration\/blomfakta-rodarosor\/#primaryimage"},"thumbnailUrl":"https:\/\/www.interflora.se\/inspiration\/wp-content\/uploads\/2025\/03\/skotselrad-rosor.jpg","datePublished":"2026-01-13T01:15:00+00:00","dateModified":"2026-01-16T09:57:03+00:00","breadcrumb":{"@id":"https:\/\/www.interflora.se\/inspiration\/blomfakta-rodarosor\/#breadcrumb"},"inLanguage":"sv-SE","potentialAction":[{"@type":"ReadAction","target":["https:\/\/www.interflora.se\/inspiration\/blomfakta-rodarosor\/"]}]},{"@type":"ImageObject","inLanguage":"sv-SE","@id":"https:\/\/www.interflora.se\/inspiration\/blomfakta-rodarosor\/#primaryimage","url":"https:\/\/www.interflora.se\/inspiration\/wp-content\/uploads\/2025\/03\/skotselrad-rosor.jpg","contentUrl":"https:\/\/www.interflora.se\/inspiration\/wp-content\/uploads\/2025\/03\/skotselrad-rosor.jpg","width":1200,"height":1500},{"@type":"BreadcrumbList","@id":"https:\/\/www.interflora.se\/inspiration\/blomfakta-rodarosor\/#breadcrumb","itemListElement":[{"@type":"ListItem","position":1,"name":"Home","item":"https:\/\/www.interflora.se\/inspiration\/"},{"@type":"ListItem","position":2,"name":"R\u00f6da rosor &#8211; Fakta &#038; Sk\u00f6tselr\u00e5d"}]},{"@type":"WebSite","@id":"https:\/\/www.interflora.se\/inspiration\/#website","url":"https:\/\/www.interflora.se\/inspiration\/","name":"Interflora","description":"","publisher":{"@id":"https:\/\/www.interflora.se\/inspiration\/#organization"},"potentialAction":[{"@type":"SearchAction","target":{"@type":"EntryPoint","urlTemplate":"https:\/\/www.interflora.se\/inspiration\/?s={search_term_string}"},"query-input":{"@type":"PropertyValueSpecification","valueRequired":true,"valueName":"search_term_string"}}],"inLanguage":"sv-SE"},{"@type":"Organization","@id":"https:\/\/www.interflora.se\/inspiration\/#organization","name":"Interflora","url":"https:\/\/www.interflora.se\/inspiration\/","logo":{"@type":"ImageObject","inLanguage":"sv-SE","@id":"https:\/\/www.interflora.se\/inspiration\/#\/schema\/logo\/image\/","url":"https:\/\/www.interflora.se\/inspiration\/wp-content\/uploads\/2025\/09\/cropped-220422_INTERFLORA_Logo_rgb_Half_Top_Circle_Main_Color.avif","contentUrl":"https:\/\/www.interflora.se\/inspiration\/wp-content\/uploads\/2025\/09\/cropped-220422_INTERFLORA_Logo_rgb_Half_Top_Circle_Main_Color.avif","width":1418,"height":662,"caption":"Interflora"},"image":{"@id":"https:\/\/www.interflora.se\/inspiration\/#\/schema\/logo\/image\/"},"sameAs":["https:\/\/www.facebook.com\/InterfloraAB","https:\/\/www.instagram.com\/interflora_ab\/","https:\/\/www.linkedin.com\/company\/1494362","https:\/\/www.youtube.com\/channel\/UCZgDzGWB2VRxaoWFUmXnk1w"]},{"@type":"Person","@id":"https:\/\/www.interflora.se\/inspiration\/#\/schema\/person\/dbbd1ad45e05409c356dc639597669f2","name":"admin","image":{"@type":"ImageObject","inLanguage":"sv-SE","@id":"https:\/\/www.interflora.se\/inspiration\/wp-content\/litespeed\/avatar\/1fe3cced9e67df62d0a6f995d75823a5.jpg?ver=1777362393","url":"https:\/\/www.interflora.se\/inspiration\/wp-content\/litespeed\/avatar\/1fe3cced9e67df62d0a6f995d75823a5.jpg?ver=1777362393","contentUrl":"https:\/\/www.interflora.se\/inspiration\/wp-content\/litespeed\/avatar\/1fe3cced9e67df62d0a6f995d75823a5.jpg?ver=1777362393","caption":"admin"},"sameAs":["https:\/\/www.interflora.se\/inspiration"],"url":"https:\/\/www.interflora.se\/inspiration\/author\/admin\/"}]}},"uagb_featured_image_src":{"full":["https:\/\/www.interflora.se\/inspiration\/wp-content\/uploads\/2025\/03\/skotselrad-rosor.jpg",1200,1500,false],"thumbnail":["https:\/\/www.interflora.se\/inspiration\/wp-content\/uploads\/2025\/03\/skotselrad-rosor-150x150.jpg",150,150,true],"medium":["https:\/\/www.interflora.se\/inspiration\/wp-content\/uploads\/2025\/03\/skotselrad-rosor-240x300.jpg",240,300,true],"medium_large":["https:\/\/www.interflora.se\/inspiration\/wp-content\/uploads\/2025\/03\/skotselrad-rosor-768x960.jpg",768,960,true],"large":["https:\/\/www.interflora.se\/inspiration\/wp-content\/uploads\/2025\/03\/skotselrad-rosor-819x1024.jpg",819,1024,true],"1536x1536":["https:\/\/www.interflora.se\/inspiration\/wp-content\/uploads\/2025\/03\/skotselrad-rosor.jpg",1200,1500,false],"2048x2048":["https:\/\/www.interflora.se\/inspiration\/wp-content\/uploads\/2025\/03\/skotselrad-rosor.jpg",1200,1500,false]},"uagb_author_info":{"display_name":"admin","author_link":"https:\/\/www.interflora.se\/inspiration\/author\/admin\/"},"uagb_comment_info":0,"uagb_excerpt":"R\u00f6da rosor anses ofta som de perfekta, de mest&nbsp;romantiska blommor&nbsp;man kan t\u00e4nka sig. Vi tycker att r\u00f6da rosor \u00e4r blommornas [&hellip;]","_links":{"self":[{"href":"https:\/\/www.interflora.se\/inspiration\/wp-json\/wp\/v2\/posts\/140","targetHints":{"allow":["GET"]}}],"collection":[{"href":"https:\/\/www.interflora.se\/inspiration\/wp-json\/wp\/v2\/posts"}],"about":[{"href":"https:\/\/www.interflora.se\/inspiration\/wp-json\/wp\/v2\/types\/post"}],"author":[{"embeddable":true,"href":"https:\/\/www.interflora.se\/inspiration\/wp-json\/wp\/v2\/users\/1"}],"replies":[{"embeddable":true,"href":"https:\/\/www.interflora.se\/inspiration\/wp-json\/wp\/v2\/comments?post=140"}],"version-history":[{"count":4,"href":"https:\/\/www.interflora.se\/inspiration\/wp-json\/wp\/v2\/posts\/140\/revisions"}],"predecessor-version":[{"id":5298,"href":"https:\/\/www.interflora.se\/inspiration\/wp-json\/wp\/v2\/posts\/140\/revisions\/5298"}],"wp:featuredmedia":[{"embeddable":true,"href":"https:\/\/www.interflora.se\/inspiration\/wp-json\/wp\/v2\/media\/1366"}],"wp:attachment":[{"href":"https:\/\/www.interflora.se\/inspiration\/wp-json\/wp\/v2\/media?parent=140"}],"wp:term":[{"taxonomy":"category","embeddable":true,"href":"https:\/\/www.interflora.se\/inspiration\/wp-json\/wp\/v2\/categories?post=140"},{"taxonomy":"post_tag","embeddable":true,"href":"https:\/\/www.interflora.se\/inspiration\/wp-json\/wp\/v2\/tags?post=140"}],"curies":[{"name":"wp","href":"https:\/\/api.w.org\/{rel}","templated":true}]}}