{"id":117,"date":"2025-12-20T11:11:03","date_gmt":"2025-12-20T10:11:03","guid":{"rendered":"http:\/\/preprodblog.interflora.se\/blog\/?p=117"},"modified":"2026-01-05T16:02:18","modified_gmt":"2026-01-05T15:02:18","slug":"blomfakta-hyacint","status":"publish","type":"post","link":"https:\/\/www.interflora.se\/inspiration\/blomfakta-hyacint\/","title":{"rendered":"Hyacint &#8211; fakta &#038; sk\u00f6tselr\u00e5d"},"content":{"rendered":"\n<p>Vacker, v\u00e4ldoftande och st\u00e4mningsfull. Hyacint \u00e4r en blomma som de flesta f\u00f6rknippar med\u00a0<a href=\"http:\/\/interflora.se\/c\/julblommor\/blommor-till-advent\" target=\"_blank\" rel=\"noreferrer noopener\">advent<\/a>\u00a0och att det b\u00f6rjar n\u00e4rma sig jul. Dess ovanliga blomma och karakteristiska doft g\u00f6r den oerh\u00f6rt popul\u00e4r, s\u00e4rskilt eftersom den ocks\u00e5 \u00e4r mycket l\u00e4ttsk\u00f6tt. Men \u00e4ven om hyacinten l\u00e4ngtar efter soliga dagar kan den blomma inomhus p\u00e5 vintern och \u00e5terfinns till och med i m\u00e5nga v\u00e5r- och julbuketter! L\u00e4s om hyacintens egenskaper och dess historia, och f\u00e5 n\u00e5gra tips om hur du odlar den.<\/p>\n\n\n\n<figure class=\"wp-block-image\"><img decoding=\"async\" src=\"https:\/\/www.interflora.se\/inspiration\/wp-content\/uploads\/2025\/03\/hyacint-blomfakta-skotselrad-interflora-topp.jpg\" alt=\"Hyacint-Blomfakta-Sk\u00f6tselr\u00e5d-Interflora-Topp.jpg\"\/><\/figure>\n\n\n\n<h2 class=\"wp-block-heading\">Hyacint: Egenskaper<\/h2>\n\n\n\n<p>Hyacinten \u00e4r en l\u00f6kv\u00e4xt som tillh\u00f6r sl\u00e4ktet&nbsp;<em>Hyacinthus<\/em>&nbsp;och familjen Hyacinthaceae. Tidigare klassificerades hyacinter som en del av den stora liljefamiljen (Liliaceae). Hyacinter har sitt ursprung i \u00f6stra Medelhavsomr\u00e5det, inklusive Turkiet, samt Mellan\u00f6stern och Centralasien.<\/p>\n\n\n\n<p>De stj\u00e4rnformade blommorna som sitter t\u00e4tt samlade i starkt doftande klasar g\u00f6r hyacinten till en stolthet i v\u00e5ra tr\u00e4dg\u00e5rdar och hem. F\u00f6rutom sin underbara doft ger den ocks\u00e5 en ordentlig f\u00e4rgklick till tr\u00e4dg\u00e5rden, d\u00e5 den finns i m\u00e5nga olika f\u00e4rger. Den kan hittas i bl\u00e5, rosa, r\u00f6d, vit, gul och orange, som alla varierar fr\u00e5n pastellf\u00e4rger till mer intensiva nyanser.<\/p>\n\n\n\n<p>Den mest utbredda arten \u00e4r den \u00f6stliga hyacinten eller&nbsp;<em>Hyacinthus orientalis<\/em>. Ursprungligen hade den en bl\u00e5aktig f\u00e4rg, men tack vare m\u00e5nga \u00e5rs anstr\u00e4ngningar fr\u00e5n holl\u00e4ndska tr\u00e4dg\u00e5rdsm\u00e4stare odlas den nu i en m\u00e4ngd olika f\u00e4rger.<\/p>\n\n\n\n<p>Det finns \u00e4ven holl\u00e4ndska hyacinter eller tr\u00e4dg\u00e5rdshyacinter, de s\u00e5 kallade \u201cromerska\u201d hyacinterna (<em>H. albulus<\/em>) med vita blommor och Parishyacinter (<em>H. provincialis<\/em>) med en glesare blomning. Den fler\u00e5riga l\u00f6vf\u00e4llande v\u00e4xten lyser upp v\u00e5ra tr\u00e4dg\u00e5rdar fr\u00e5n mars till maj i blomsterb\u00e4ddar, stenpartier och planteringsl\u00e5dor!<\/p>\n\n\n\n<p>Hyacinten \u00e4r en fantastisk perenn och passar perfekt i v\u00e5rens blomsterbuketter. Tillsammans med tulpaner och p\u00e5skliljor \u00e4r den en av v\u00e5rens stj\u00e4rnor. S\u00e5 varf\u00f6r inte s\u00e4tta n\u00e5gra hyacinter i en vas f\u00f6r att ge en h\u00e4rlig doft och lite extra f\u00e4rg till ditt hem?&nbsp;Men det \u00e4r dock b\u00e4st att h\u00e5lla dem borta fr\u00e5n sovrummet. Hyacinter har en stark doft som kan vara ganska \u00f6verv\u00e4ldigande.<\/p>\n\n\n\n<div class=\"wp-block-columns is-layout-flex wp-container-core-columns-is-layout-28f84493 wp-block-columns-is-layout-flex\">\n<div class=\"wp-block-column is-layout-flow wp-block-column-is-layout-flow\">\n<figure class=\"wp-block-image size-large\"><img decoding=\"async\" src=\"https:\/\/www.interflora.se\/inspiration\/wp-content\/uploads\/2025\/03\/hyacint-blomfakta-skotselrad-interflora.jpg\" alt=\"\"\/><\/figure>\n<\/div>\n\n\n\n<div class=\"wp-block-column is-layout-flow wp-block-column-is-layout-flow\">\n<figure class=\"wp-block-image size-large\"><img decoding=\"async\" src=\"https:\/\/www.interflora.se\/inspiration\/wp-content\/uploads\/2025\/03\/blomfakta-skotselrad-hyacint-interflora.jpg\" alt=\"\"\/><\/figure>\n<\/div>\n<\/div>\n\n\n\n<div style=\"height:10px\" aria-hidden=\"true\" class=\"wp-block-spacer\"><\/div>\n\n\n\n<h3 class=\"wp-block-heading\">Var f\u00f6rsiktig med hyacinter om du \u00e4r allergiker<\/h3>\n\n\n\n<p>Hyacinter \u00e4r otroligt vackra och v\u00e4ldoftande blommor, men om du \u00e4r astmatiker eller allergiker b\u00f6r du vara f\u00f6rsiktig innan du planterar dem i din tr\u00e4dg\u00e5rd. Enligt Astma- och Allergif\u00f6rbundet \u00e4r hyacinter faktiskt n\u00e5gra av de mest allergiframkallande blommorna h\u00e4r i landet.<\/p>\n\n\n\n<p>Bland de olika hyacintsorterna finns det dock stor variation i doftintensiteten, vilket ocks\u00e5 p\u00e5verkar hur allergiframkallande varje enskild hyacint \u00e4r. Ofta \u00e4r det de vita och mindre f\u00e4rgstarka hyacinterna som ocks\u00e5 \u00e4r minst allergiframkallande. Prata g\u00e4rna med din lokala florist om valet av hyacinter om du \u00e4r allergiker eller astmatiker<\/p>\n\n\n\n<div style=\"height:5px\" aria-hidden=\"true\" class=\"wp-block-spacer\"><\/div>\n\n\n<div class=\"lp-produits-grid\"><div class=\"lp-produit\"><div class=\"lp-thumbnail-wrapper\"><img loading=\"lazy\" decoding=\"async\" width=\"240\" height=\"300\" src=\"https:\/\/www.interflora.se\/inspiration\/wp-content\/uploads\/2025\/05\/1202895-2024-4.5-240x300.jpg\" class=\"attachment-medium size-medium wp-post-image\" alt=\"\" srcset=\"https:\/\/www.interflora.se\/inspiration\/wp-content\/uploads\/2025\/05\/1202895-2024-4.5-240x300.jpg 240w, https:\/\/www.interflora.se\/inspiration\/wp-content\/uploads\/2025\/05\/1202895-2024-4.5.jpg 745w\" sizes=\"auto, (max-width: 240px) 100vw, 240px\" \/><img decoding=\"async\" class=\"lp-badge\" src=\"https:\/\/www.interflora.se\/inspiration\/wp-content\/uploads\/2025\/03\/cropped-220422_INTERFLORA_Main_Logo_rgb_Main_Color-1.png\" alt=\"Blombud Interflora\"><\/div><span>Liljefavorit<\/span><p>fr\u00e5n 289 kr<\/p><span class=\"obf-link lp-cta\" role=\"link\" tabindex=\"0\" data-b64=\"aHR0cHM6Ly93d3cuaW50ZXJmbG9yYS5zZS9wLzcxNTIxLWxpbGplZmF2b3JpdC8yP3V0bV9tZWRpdW09b3JnYW5pYyZ1dG1fc291cmNlPWJsb2dfcHJvZHVjdHMmdXRtX2NhbXBhaWduPTEyMDI4OTQ=\" data-target=\"_blank\"><svg xmlns=\"http:\/\/www.w3.org\/2000\/svg\" width=\"16\" height=\"16\" fill=\"currentColor\" class=\"bi bi-bag\" viewBox=\"0 0 16 16\"><path d=\"M8 1a2 2 0 0 1 2 2v1h2.5A1.5 1.5 0 0 1 14 5.5v8A1.5 1.5 0 0 1 12.5 15h-9A1.5 1.5 0 0 1 2 13.5v-8A1.5 1.5 0 0 1 3.5 3H6V2a2 2 0 0 1 2-1zm1 3V3a1 1 0 0 0-2 0v1h2z\"\/><\/svg>K\u00f6p h\u00e4r<\/span><p class=\"rapido\">Leverans i hela Sverige<\/p><\/div><div class=\"lp-produit\"><div class=\"lp-thumbnail-wrapper\"><img loading=\"lazy\" decoding=\"async\" width=\"240\" height=\"300\" src=\"https:\/\/www.interflora.se\/inspiration\/wp-content\/uploads\/2025\/05\/1202805-teaser-2024-ny-4.5-240x300.jpg\" class=\"attachment-medium size-medium wp-post-image\" alt=\"\" srcset=\"https:\/\/www.interflora.se\/inspiration\/wp-content\/uploads\/2025\/05\/1202805-teaser-2024-ny-4.5-240x300.jpg 240w, https:\/\/www.interflora.se\/inspiration\/wp-content\/uploads\/2025\/05\/1202805-teaser-2024-ny-4.5.jpg 745w\" sizes=\"auto, (max-width: 240px) 100vw, 240px\" \/><img decoding=\"async\" class=\"lp-badge\" src=\"https:\/\/www.interflora.se\/inspiration\/wp-content\/uploads\/2025\/03\/cropped-220422_INTERFLORA_Main_Logo_rgb_Main_Color-1.png\" alt=\"Blombud Interflora\"><\/div><span>Grattis<\/span><p>fr\u00e5n 359 kr<\/p><span class=\"obf-link lp-cta\" role=\"link\" tabindex=\"0\" data-b64=\"aHR0cHM6Ly93d3cuaW50ZXJmbG9yYS5zZS9wLzY1NjI0LWdyYXR0aXMvMj91dG1fbWVkaXVtPW9yZ2FuaWMmdXRtX3NvdXJjZT1ibG9nX3Byb2R1Y3RzJnV0bV9jYW1wYWlnbj0xMjAyODA0\" data-target=\"_blank\"><svg xmlns=\"http:\/\/www.w3.org\/2000\/svg\" width=\"16\" height=\"16\" fill=\"currentColor\" class=\"bi bi-bag\" viewBox=\"0 0 16 16\"><path d=\"M8 1a2 2 0 0 1 2 2v1h2.5A1.5 1.5 0 0 1 14 5.5v8A1.5 1.5 0 0 1 12.5 15h-9A1.5 1.5 0 0 1 2 13.5v-8A1.5 1.5 0 0 1 3.5 3H6V2a2 2 0 0 1 2-1zm1 3V3a1 1 0 0 0-2 0v1h2z\"\/><\/svg>K\u00f6p h\u00e4r<\/span><p class=\"rapido\">Kundernas favorit<\/p><\/div><div class=\"lp-produit\"><div class=\"lp-thumbnail-wrapper\"><img loading=\"lazy\" decoding=\"async\" width=\"240\" height=\"300\" src=\"https:\/\/www.interflora.se\/inspiration\/wp-content\/uploads\/2025\/05\/1201156-2024-ny-4.5-240x300.jpg\" class=\"attachment-medium size-medium wp-post-image\" alt=\"\" srcset=\"https:\/\/www.interflora.se\/inspiration\/wp-content\/uploads\/2025\/05\/1201156-2024-ny-4.5-240x300.jpg 240w, https:\/\/www.interflora.se\/inspiration\/wp-content\/uploads\/2025\/05\/1201156-2024-ny-4.5.jpg 745w\" sizes=\"auto, (max-width: 240px) 100vw, 240px\" \/><img decoding=\"async\" class=\"lp-badge\" src=\"https:\/\/www.interflora.se\/inspiration\/wp-content\/uploads\/2025\/03\/cropped-220422_INTERFLORA_Main_Logo_rgb_Main_Color-1.png\" alt=\"Blombud Interflora\"><\/div><span>Omtanke<\/span><p>fr\u00e5n 379 kr<\/p><span class=\"obf-link lp-cta\" role=\"link\" tabindex=\"0\" data-b64=\"aHR0cHM6Ly93d3cuaW50ZXJmbG9yYS5zZS9wLzMwOC1vbXRhbmtlLzI\/dXRtX21lZGl1bT1vcmdhbmljJnV0bV9zb3VyY2U9YmxvZ19wcm9kdWN0cyZ1dG1fY2FtcGFpZ249MTIwMTE1NQ==\" data-target=\"_blank\"><svg xmlns=\"http:\/\/www.w3.org\/2000\/svg\" width=\"16\" height=\"16\" fill=\"currentColor\" class=\"bi bi-bag\" viewBox=\"0 0 16 16\"><path d=\"M8 1a2 2 0 0 1 2 2v1h2.5A1.5 1.5 0 0 1 14 5.5v8A1.5 1.5 0 0 1 12.5 15h-9A1.5 1.5 0 0 1 2 13.5v-8A1.5 1.5 0 0 1 3.5 3H6V2a2 2 0 0 1 2-1zm1 3V3a1 1 0 0 0-2 0v1h2z\"\/><\/svg>K\u00f6p h\u00e4r<\/span><p class=\"rapido\">F\u00e4rska blommor<\/p><\/div><div class=\"lp-produit\"><div class=\"lp-thumbnail-wrapper\"><img loading=\"lazy\" decoding=\"async\" width=\"240\" height=\"300\" src=\"https:\/\/www.interflora.se\/inspiration\/wp-content\/uploads\/2025\/05\/1202975-2025-240x300.jpg\" class=\"attachment-medium size-medium wp-post-image\" alt=\"\" srcset=\"https:\/\/www.interflora.se\/inspiration\/wp-content\/uploads\/2025\/05\/1202975-2025-240x300.jpg 240w, https:\/\/www.interflora.se\/inspiration\/wp-content\/uploads\/2025\/05\/1202975-2025.jpg 745w\" sizes=\"auto, (max-width: 240px) 100vw, 240px\" \/><img decoding=\"async\" class=\"lp-badge\" src=\"https:\/\/www.interflora.se\/inspiration\/wp-content\/uploads\/2025\/03\/cropped-220422_INTERFLORA_Main_Logo_rgb_Main_Color-1.png\" alt=\"Blombud Interflora\"><\/div><span>F\u00e4rglycka<\/span><p>fr\u00e5n 269 kr<\/p><span class=\"obf-link lp-cta\" role=\"link\" tabindex=\"0\" data-b64=\"aHR0cHM6Ly93d3cuaW50ZXJmbG9yYS5zZS9wLzgxNjc5LWZhcmdseWNrYS8yP3V0bV9tZWRpdW09b3JnYW5pYyZ1dG1fc291cmNlPWJsb2dfcHJvZHVjdHMmdXRtX2NhbXBhaWduPTEyMDI5NzQ=\" data-target=\"_blank\"><svg xmlns=\"http:\/\/www.w3.org\/2000\/svg\" width=\"16\" height=\"16\" fill=\"currentColor\" class=\"bi bi-bag\" viewBox=\"0 0 16 16\"><path d=\"M8 1a2 2 0 0 1 2 2v1h2.5A1.5 1.5 0 0 1 14 5.5v8A1.5 1.5 0 0 1 12.5 15h-9A1.5 1.5 0 0 1 2 13.5v-8A1.5 1.5 0 0 1 3.5 3H6V2a2 2 0 0 1 2-1zm1 3V3a1 1 0 0 0-2 0v1h2z\"\/><\/svg>K\u00f6p h\u00e4r<\/span><p class=\"rapido\">Bunden av din lokala florist<\/p><\/div><\/div>\n\n\n\n<div style=\"height:5px\" aria-hidden=\"true\" class=\"wp-block-spacer\"><\/div>\n\n\n\n<h2 class=\"wp-block-heading\">Sk\u00f6tsel av hyacinter<\/h2>\n\n\n\n<h3 class=\"wp-block-heading\">Hyacint p\u00e5 l\u00f6k<\/h3>\n\n\n\n<ul class=\"wp-block-list\">\n<li>Vattnas sparsamt d\u00e5 l\u00f6ken inneh\u00e5ller den n\u00e4ring och fuktighet som knoppen beh\u00f6ver f\u00f6r sin utveckling<\/li>\n\n\n\n<li>F\u00f6r bra h\u00e5llbarhet och kompakta st\u00e4nglar vill hyacinten st\u00e5 svalt. L\u00e5nga st\u00e4nglar kan sk\u00e4ras av och anv\u00e4ndas som snittblomma<\/li>\n<\/ul>\n\n\n\n<h3 class=\"wp-block-heading\">Hyacint som snittblomma<\/h3>\n\n\n\n<ul class=\"wp-block-list\">\n<li>Fyll en vas med kallt vatten<\/li>\n\n\n\n<li>G\u00f6r ett kort snitt med en vass och ren kniv<\/li>\n<\/ul>\n\n\n\n<h3 class=\"wp-block-heading\">S\u00e5 planterar du hyacinter<\/h3>\n\n\n\n<p>Oavsett om de planteras i en blomsterb\u00e4dd, kantb\u00e4dd, stenparti eller kruka kommer hyacinter att fylla din tr\u00e4dg\u00e5rd eller balkong med doft och f\u00e4rg under v\u00e5ren! Dessutom \u00e4r de relativt l\u00e4ttsk\u00f6tta. Hyacintl\u00f6kar b\u00f6r planteras p\u00e5 h\u00f6sten, i halvskugga och i v\u00e4ldr\u00e4nerad jord. F\u00f6rst och fr\u00e4mst \u00e4r det viktigt att skydda dig sj\u00e4lv genom att b\u00e4ra tr\u00e4dg\u00e5rdshandskar. Hyacintl\u00f6kar \u00e4r giftiga och kan orsaka stickande k\u00e4nslor, kl\u00e5da eller till och med mag- och tarmbesv\u00e4r hos m\u00e4nniskor.<\/p>\n\n\n\n<p>Gr\u00e4v ner l\u00f6karna p\u00e5 ett djup av cirka 10 cm och h\u00e5ll ett avst\u00e5nd p\u00e5 ungef\u00e4r 15 cm mellan l\u00f6karna. De b\u00f6r planteras p\u00e5 ett djup som \u00e4r ungef\u00e4r tre g\u00e5nger deras egen h\u00f6jd. Ju st\u00f6rre l\u00f6k, desto djupare ska den planteras. Du kan ocks\u00e5 s\u00e4tta l\u00f6karna i grupper i en stor kruka eller planteringsl\u00e5da f\u00f6r att njuta av hyacinterna p\u00e5 din balkong eller terrass!<\/p>\n\n\n\n<p>L\u00e4gg ett lager sand eller grus i botten av varje planteringsh\u00e5l f\u00f6r att f\u00f6rb\u00e4ttra dr\u00e4neringen. Placera l\u00f6karna och t\u00e4ck dem med jord \u2013 helst en blandning av tr\u00e4dg\u00e5rdsjord och krukjord.<\/p>\n\n\n\n<p>Var f\u00f6rsiktig s\u00e5 att du inte packar jorden f\u00f6r h\u00e5rt; anv\u00e4nd h\u00e4nderna ist\u00e4llet f\u00f6r f\u00f6tterna. Avsluta med att vattna ordentligt, men undvik att \u00f6vervattna \u2013 jorden ska inte bli genombl\u00f6t.<\/p>\n\n\n\n<p>I slutet av vintern kan du tillf\u00f6ra lite specialg\u00f6dsel f\u00f6r blommande v\u00e4xter eller v\u00e4lbrunnen kompost f\u00f6r att ge n\u00e4ring \u00e5t hyacinterna.<\/p>\n\n\n\n<p>Se till att h\u00e5lla jorden fuktig under blomningen. N\u00e4r blomningen \u00e4r \u00f6ver, sk\u00e4r bort bladen f\u00f6rst n\u00e4r de har gulnat helt. Detta g\u00f6r att l\u00f6ken kan \u00e5terh\u00e4mta sig och samla energi inf\u00f6r framtida blomning.<br><\/p>\n\n\n\n<h3 class=\"wp-block-heading\">S\u00e5 h\u00e4r vattnar du hyacinter<\/h3>\n\n\n\n<p>Hyacinter i krukor beh\u00f6ver rikligt med vatten under blomningen. H\u00e5ll jorden fuktig fr\u00e5n det \u00f6gonblick den f\u00f6rsta skottet sticker upp ur jorden och s\u00e5 l\u00e4nge v\u00e4xten har gr\u00f6na blad.<\/p>\n\n\n\n<p>F\u00f6r hyacinter planterade direkt i marken beh\u00f6ver du bara vattna vid behov och kontrollera jordens fuktighet d\u00e5 och d\u00e5.<\/p>\n\n\n\n<p>Under hela blomningsperioden kan du tills\u00e4tta flytande g\u00f6dsel f\u00f6r blommande v\u00e4xter till vattnet f\u00f6r att ge hyacinterna extra n\u00e4ring.<br><\/p>\n\n\n\n<h3 class=\"wp-block-heading\">Kan hyacintl\u00f6karna stanna kvar i jorden?<\/h3>\n\n\n\n<p>Det \u00e4r en vanlig fr\u00e5ga bland dem som planterar l\u00f6kar f\u00f6r f\u00f6rsta g\u00e5ngen. S\u00e5 vad ska du g\u00f6ra med hyacintl\u00f6karna efter att de har blommat?<\/p>\n\n\n\n<p>Svaret \u00e4r enkelt: L\u00e5t dem vara kvar d\u00e4r de \u00e4r.<\/p>\n\n\n\n<p>Alla l\u00f6kv\u00e4xter kan f\u00f6r\u00f6ka sig p\u00e5 egen hand under flera \u00e5r och bilda nya l\u00f6kar. Varje l\u00f6k producerar en blomma, och vissa v\u00e4xter har till och med f\u00f6rgrenade blomsterstj\u00e4lkar som b\u00e4r flera blommor, till exempel vissa tulpanvarianter.<\/p>\n\n\n\n<div style=\"height:5px\" aria-hidden=\"true\" class=\"wp-block-spacer\"><\/div>\n\n\n<div class=\"lp-produits-grid\"><div class=\"lp-produit\"><div class=\"lp-thumbnail-wrapper\"><img loading=\"lazy\" decoding=\"async\" width=\"240\" height=\"300\" src=\"https:\/\/www.interflora.se\/inspiration\/wp-content\/uploads\/2025\/05\/1201156-2024-ny-4.5-240x300.jpg\" class=\"attachment-medium size-medium wp-post-image\" alt=\"\" srcset=\"https:\/\/www.interflora.se\/inspiration\/wp-content\/uploads\/2025\/05\/1201156-2024-ny-4.5-240x300.jpg 240w, https:\/\/www.interflora.se\/inspiration\/wp-content\/uploads\/2025\/05\/1201156-2024-ny-4.5.jpg 745w\" sizes=\"auto, (max-width: 240px) 100vw, 240px\" \/><img decoding=\"async\" class=\"lp-badge\" src=\"https:\/\/www.interflora.se\/inspiration\/wp-content\/uploads\/2025\/03\/cropped-220422_INTERFLORA_Main_Logo_rgb_Main_Color-1.png\" alt=\"Blombud Interflora\"><\/div><span>Omtanke<\/span><p>fr\u00e5n 379 kr<\/p><span class=\"obf-link lp-cta\" role=\"link\" tabindex=\"0\" data-b64=\"aHR0cHM6Ly93d3cuaW50ZXJmbG9yYS5zZS9wLzMwOC1vbXRhbmtlLzI\/dXRtX21lZGl1bT1vcmdhbmljJnV0bV9zb3VyY2U9YmxvZ19wcm9kdWN0cyZ1dG1fY2FtcGFpZ249MTIwMTE1NQ==\" data-target=\"_blank\"><svg xmlns=\"http:\/\/www.w3.org\/2000\/svg\" width=\"16\" height=\"16\" fill=\"currentColor\" class=\"bi bi-bag\" viewBox=\"0 0 16 16\"><path d=\"M8 1a2 2 0 0 1 2 2v1h2.5A1.5 1.5 0 0 1 14 5.5v8A1.5 1.5 0 0 1 12.5 15h-9A1.5 1.5 0 0 1 2 13.5v-8A1.5 1.5 0 0 1 3.5 3H6V2a2 2 0 0 1 2-1zm1 3V3a1 1 0 0 0-2 0v1h2z\"\/><\/svg>K\u00f6p h\u00e4r<\/span><p class=\"rapido\">Leverans i hela Sverige<\/p><\/div><div class=\"lp-produit\"><div class=\"lp-thumbnail-wrapper\"><img loading=\"lazy\" decoding=\"async\" width=\"240\" height=\"300\" src=\"https:\/\/www.interflora.se\/inspiration\/wp-content\/uploads\/2025\/05\/1202975-2025-240x300.jpg\" class=\"attachment-medium size-medium wp-post-image\" alt=\"\" srcset=\"https:\/\/www.interflora.se\/inspiration\/wp-content\/uploads\/2025\/05\/1202975-2025-240x300.jpg 240w, https:\/\/www.interflora.se\/inspiration\/wp-content\/uploads\/2025\/05\/1202975-2025.jpg 745w\" sizes=\"auto, (max-width: 240px) 100vw, 240px\" \/><img decoding=\"async\" class=\"lp-badge\" src=\"https:\/\/www.interflora.se\/inspiration\/wp-content\/uploads\/2025\/03\/cropped-220422_INTERFLORA_Main_Logo_rgb_Main_Color-1.png\" alt=\"Blombud Interflora\"><\/div><span>F\u00e4rglycka<\/span><p>fr\u00e5n 269 kr<\/p><span class=\"obf-link lp-cta\" role=\"link\" tabindex=\"0\" data-b64=\"aHR0cHM6Ly93d3cuaW50ZXJmbG9yYS5zZS9wLzgxNjc5LWZhcmdseWNrYS8yP3V0bV9tZWRpdW09b3JnYW5pYyZ1dG1fc291cmNlPWJsb2dfcHJvZHVjdHMmdXRtX2NhbXBhaWduPTEyMDI5NzQ=\" data-target=\"_blank\"><svg xmlns=\"http:\/\/www.w3.org\/2000\/svg\" width=\"16\" height=\"16\" fill=\"currentColor\" class=\"bi bi-bag\" viewBox=\"0 0 16 16\"><path d=\"M8 1a2 2 0 0 1 2 2v1h2.5A1.5 1.5 0 0 1 14 5.5v8A1.5 1.5 0 0 1 12.5 15h-9A1.5 1.5 0 0 1 2 13.5v-8A1.5 1.5 0 0 1 3.5 3H6V2a2 2 0 0 1 2-1zm1 3V3a1 1 0 0 0-2 0v1h2z\"\/><\/svg>K\u00f6p h\u00e4r<\/span><p class=\"rapido\">Leverans idag<\/p><\/div><div class=\"lp-produit\"><div class=\"lp-thumbnail-wrapper\"><img loading=\"lazy\" decoding=\"async\" width=\"240\" height=\"300\" src=\"https:\/\/www.interflora.se\/inspiration\/wp-content\/uploads\/2025\/05\/1202805-teaser-2024-ny-4.5-240x300.jpg\" class=\"attachment-medium size-medium wp-post-image\" alt=\"\" srcset=\"https:\/\/www.interflora.se\/inspiration\/wp-content\/uploads\/2025\/05\/1202805-teaser-2024-ny-4.5-240x300.jpg 240w, https:\/\/www.interflora.se\/inspiration\/wp-content\/uploads\/2025\/05\/1202805-teaser-2024-ny-4.5.jpg 745w\" sizes=\"auto, (max-width: 240px) 100vw, 240px\" \/><img decoding=\"async\" class=\"lp-badge\" src=\"https:\/\/www.interflora.se\/inspiration\/wp-content\/uploads\/2025\/03\/cropped-220422_INTERFLORA_Main_Logo_rgb_Main_Color-1.png\" alt=\"Blombud Interflora\"><\/div><span>Grattis<\/span><p>fr\u00e5n 359 kr<\/p><span class=\"obf-link lp-cta\" role=\"link\" tabindex=\"0\" data-b64=\"aHR0cHM6Ly93d3cuaW50ZXJmbG9yYS5zZS9wLzY1NjI0LWdyYXR0aXMvMj91dG1fbWVkaXVtPW9yZ2FuaWMmdXRtX3NvdXJjZT1ibG9nX3Byb2R1Y3RzJnV0bV9jYW1wYWlnbj0xMjAyODA0\" data-target=\"_blank\"><svg xmlns=\"http:\/\/www.w3.org\/2000\/svg\" width=\"16\" height=\"16\" fill=\"currentColor\" class=\"bi bi-bag\" viewBox=\"0 0 16 16\"><path d=\"M8 1a2 2 0 0 1 2 2v1h2.5A1.5 1.5 0 0 1 14 5.5v8A1.5 1.5 0 0 1 12.5 15h-9A1.5 1.5 0 0 1 2 13.5v-8A1.5 1.5 0 0 1 3.5 3H6V2a2 2 0 0 1 2-1zm1 3V3a1 1 0 0 0-2 0v1h2z\"\/><\/svg>K\u00f6p h\u00e4r<\/span><p class=\"rapido\">Leverans idag<\/p><\/div><div class=\"lp-produit\"><div class=\"lp-thumbnail-wrapper\"><img loading=\"lazy\" decoding=\"async\" width=\"240\" height=\"300\" src=\"https:\/\/www.interflora.se\/inspiration\/wp-content\/uploads\/2025\/05\/1202895-2024-4.5-240x300.jpg\" class=\"attachment-medium size-medium wp-post-image\" alt=\"\" srcset=\"https:\/\/www.interflora.se\/inspiration\/wp-content\/uploads\/2025\/05\/1202895-2024-4.5-240x300.jpg 240w, https:\/\/www.interflora.se\/inspiration\/wp-content\/uploads\/2025\/05\/1202895-2024-4.5.jpg 745w\" sizes=\"auto, (max-width: 240px) 100vw, 240px\" \/><img decoding=\"async\" class=\"lp-badge\" src=\"https:\/\/www.interflora.se\/inspiration\/wp-content\/uploads\/2025\/03\/cropped-220422_INTERFLORA_Main_Logo_rgb_Main_Color-1.png\" alt=\"Blombud Interflora\"><\/div><span>Liljefavorit<\/span><p>fr\u00e5n 289 kr<\/p><span class=\"obf-link lp-cta\" role=\"link\" tabindex=\"0\" data-b64=\"aHR0cHM6Ly93d3cuaW50ZXJmbG9yYS5zZS9wLzcxNTIxLWxpbGplZmF2b3JpdC8yP3V0bV9tZWRpdW09b3JnYW5pYyZ1dG1fc291cmNlPWJsb2dfcHJvZHVjdHMmdXRtX2NhbXBhaWduPTEyMDI4OTQ=\" data-target=\"_blank\"><svg xmlns=\"http:\/\/www.w3.org\/2000\/svg\" width=\"16\" height=\"16\" fill=\"currentColor\" class=\"bi bi-bag\" viewBox=\"0 0 16 16\"><path d=\"M8 1a2 2 0 0 1 2 2v1h2.5A1.5 1.5 0 0 1 14 5.5v8A1.5 1.5 0 0 1 12.5 15h-9A1.5 1.5 0 0 1 2 13.5v-8A1.5 1.5 0 0 1 3.5 3H6V2a2 2 0 0 1 2-1zm1 3V3a1 1 0 0 0-2 0v1h2z\"\/><\/svg>K\u00f6p h\u00e4r<\/span><p class=\"rapido\">F\u00e4rska blommor<\/p><\/div><\/div>\n\n\n\n<div style=\"height:5px\" aria-hidden=\"true\" class=\"wp-block-spacer\"><\/div>\n\n\n\n<h3 class=\"wp-block-heading\">Hur f\u00e5r du hyacinten att blomma igen<\/h3>\n\n\n\n<p>Om l\u00f6karna f\u00e5r stanna kvar i jorden och s\u00e5 l\u00e4nge de inte st\u00e5r i vatten, kommer hyacinterna att blomma om varje v\u00e5r. F\u00f6r att detta ska fungera \u00e4r det viktigt att l\u00e5ta bladen sitta kvar tills de har gulnat helt.<\/p>\n\n\n\n<p>S\u00e5 l\u00e4nge bladen \u00e4r gr\u00f6na f\u00f6rser de l\u00f6ken med n\u00e4rings\u00e4mnen som hj\u00e4lper till att bygga upp dess energireserver. Klipp d\u00e4rf\u00f6r inte bort bladen f\u00f6r tidigt, \u00e4ven om de gulnande bladen kan se mindre attraktiva ut.<br><\/p>\n\n\n\n<h3 class=\"wp-block-heading\">F\u00e5 dina hyacinter att blomma till jul<\/h3>\n\n\n\n<p>M\u00e5nga i Sverige k\u00e4nner hyacinten fr\u00e4mst som en vacker julblomma. Det \u00e4r faktiskt ganska enkelt att f\u00e5 hyacinterna att blomma och sprida f\u00e4rg och doft till jul, men det kr\u00e4ver lite planering och tajming.<\/p>\n\n\n\n<p>F\u00f6r att f\u00e5 hyacinter att blomma till jul \u00e4r det b\u00e4st att plantera l\u00f6karna ungef\u00e4r 12 veckor innan jul. Plantera dem i sm\u00e5 krukor med v\u00e4ldr\u00e4nerad jord. L\u00e5t spetsen p\u00e5 l\u00f6ken sticka upp ur jorden och placera krukorna p\u00e5 en m\u00f6rk plats \u2013 om krukorna f\u00e5r sol, kommer knopparna inte att utvecklas ordentligt ur bladen.<\/p>\n\n\n\n<p>Efter att hyacinterna har st\u00e5tt i m\u00f6rker i cirka tio veckor \u00e4r det dags att ta fram dem och placera dem p\u00e5 en ljus plats, men undvik direkt solljus. Vid det h\u00e4r laget b\u00f6r bladen ha vuxit till ungef\u00e4r fem centimeter. Forts\u00e4tt vattna dem regelbundet och placera dem g\u00e4rna p\u00e5 en sval plats under natten f\u00f6r att f\u00f6rl\u00e4nga blomningstiden.<\/p>\n\n\n\n<p>Anv\u00e4nd g\u00e4rna en blomsterpinne f\u00f6r att st\u00f6tta hyacinterna om de b\u00f6rjar luta. Om du m\u00e4rker att hyacinterna blommar f\u00f6r tidigt, kan du bromsa blomningen genom att st\u00e4lla dem i kylsk\u00e5pet. Ta fram dem igen n\u00e4r julen n\u00e4rmar sig och du vill att de ska sl\u00e5 ut i blom lagom till h\u00f6gtiden.<\/p>\n\n\n\n<h3 class=\"wp-block-heading\">S\u00e5 besk\u00e4r du hyacinter<\/h3>\n\n\n\n<p>Som du kanske redan vet kan du klippa bort hyacinterna n\u00e4r de vissnar, men alla blad b\u00f6r l\u00e4mnas kvar tills de har torkat helt. N\u00e4r v\u00e4xten \u00e4r helt torr kan du klippa stj\u00e4lken ungef\u00e4r 1 cm fr\u00e5n basen.<br><\/p>\n\n\n\n<h3 class=\"wp-block-heading\">S\u00e5 h\u00e4r f\u00f6rvarar du hyacinter<\/h3>\n\n\n\n<p>Om du har f\u00e5tt en hyacint i g\u00e5va eller vill ge bort en vacker hyacint, \u00e4r de \u00e4ven perfekta som snittblommor f\u00f6r att lysa upp hemmet. De \u00e4r mycket popul\u00e4ra eftersom de h\u00e5ller l\u00e4nge i vasen. Detta beror p\u00e5 att hyacinterna forts\u00e4tter att v\u00e4xa, \u00e4ven n\u00e4r de \u00e4r avskurna, vilket inneb\u00e4r att blommorna forts\u00e4tter att sl\u00e5 ut \u00e4ven i en vas.<\/p>\n\n\n\n<p>F\u00f6r b\u00e4sta resultat, v\u00e4lj hyacinter d\u00e4r blommorna precis har b\u00f6rjat \u00f6ppna sig. Klipp stj\u00e4lken med ett snett snitt p\u00e5 cirka 2 cm och f\u00f6rsegla snittet snabbt genom att h\u00e5lla det \u00f6ver en flamma. Byt vattnet varannan dag och klipp stj\u00e4lken p\u00e5 nytt.<\/p>\n\n\n\n<h2 class=\"wp-block-heading\">Tre olika typer av hyacinter<\/h2>\n\n\n\n<p>Det finns m\u00e5nga olika typer av hyacinter, och m\u00e5nga av dem passar bra i svenska hem och tr\u00e4dg\u00e5rdar. Nedan presenterar vi tre vackra hyacintsorter som var och en f\u00f6rsk\u00f6nar med sin egen f\u00e4rgpalett och sprider sin karakteristiska doft.<\/p>\n\n\n\n<h3 class=\"wp-block-heading\"><br>Vanlig hyacint<\/h3>\n\n\n\n<p>Den vanliga hyacinten \u00e4r s\u00e4rskilt k\u00e4nd f\u00f6r sin unika doft. Dessa l\u00f6kv\u00e4xter har en basal bladrosett och en uppr\u00e4tt stj\u00e4lk, och de h\u00e4rstammar ursprungligen fr\u00e5n omr\u00e5den som idag \u00e4r Syrien och Turkiet. V\u00e4xten f\u00f6r\u00f6kar sig b\u00e5de med l\u00f6kar och fr\u00f6n och ska inte f\u00f6rv\u00e4xlas med exempelvis p\u00e4rlhyacint eller porslinshyacint. Den vanliga hyacinten finns i m\u00e5nga f\u00e4rger, s\u00e5som bl\u00e5, lila, r\u00f6d, orange och gul.<\/p>\n\n\n\n<p>I naturen blommar de vanliga hyacinterna normalt fr\u00e5n april till maj, men med hj\u00e4lp av drivning kan man \u00e4ven f\u00e5 dem att blomma utanf\u00f6r s\u00e4songen, exempelvis till jul.<br><\/p>\n\n\n\n<h3 class=\"wp-block-heading\">P\u00e4rlhyacint<\/h3>\n\n\n\n<p>P\u00e4rlhyacinten \u00e4r en fantastisk och f\u00e4rgstark hyacint samt en klassiker i m\u00e5nga blomsterb\u00e4ddar h\u00e4r i Sverige. N\u00e4r man betraktar dessa hyacinter p\u00e5 avst\u00e5nd kan man l\u00e4tt tro att de bara b\u00e4r en enda blomma. Men n\u00e4r man tittar n\u00e4rmare ser man de m\u00e5nga sm\u00e5 blommorna i toppen av hyacintens stj\u00e4lk, som mest liknar sm\u00e5 bl\u00e5 p\u00e4rlor.<\/p>\n\n\n\n<p>Precis som vanliga hyacinter har p\u00e4rlhyacinter en stark och h\u00e4rlig doft. De trivs b\u00e5de i glasvaser, krukor och p\u00e5 \u00e4ngar och passar utm\u00e4rkt tillsammans med andra blommor i en vacker bukett. P\u00e4rlhyacinter \u00e4r l\u00e4ttodlade h\u00e4r i landet och har inga s\u00e4rskilda krav p\u00e5 jorden de planteras i. De v\u00e4xer b\u00e4st i sol eller halvskugga och blir omkring 20 cm h\u00f6ga.<\/p>\n\n\n\n<p>L\u00f6ken b\u00f6r planteras p\u00e5 ett djup av cirka 15 cm och med ett avst\u00e5nd p\u00e5 ungef\u00e4r 15 cm mellan l\u00f6karna.<\/p>\n\n\n\n<div style=\"height:5px\" aria-hidden=\"true\" class=\"wp-block-spacer\"><\/div>\n\n\n<div class=\"lp-produits-grid\"><div class=\"lp-produit\"><div class=\"lp-thumbnail-wrapper\"><img loading=\"lazy\" decoding=\"async\" width=\"240\" height=\"300\" src=\"https:\/\/www.interflora.se\/inspiration\/wp-content\/uploads\/2025\/05\/1202895-2024-4.5-240x300.jpg\" class=\"attachment-medium size-medium wp-post-image\" alt=\"\" srcset=\"https:\/\/www.interflora.se\/inspiration\/wp-content\/uploads\/2025\/05\/1202895-2024-4.5-240x300.jpg 240w, https:\/\/www.interflora.se\/inspiration\/wp-content\/uploads\/2025\/05\/1202895-2024-4.5.jpg 745w\" sizes=\"auto, (max-width: 240px) 100vw, 240px\" \/><img decoding=\"async\" class=\"lp-badge\" src=\"https:\/\/www.interflora.se\/inspiration\/wp-content\/uploads\/2025\/03\/cropped-220422_INTERFLORA_Main_Logo_rgb_Main_Color-1.png\" alt=\"Blombud Interflora\"><\/div><span>Liljefavorit<\/span><p>fr\u00e5n 289 kr<\/p><span class=\"obf-link lp-cta\" role=\"link\" tabindex=\"0\" data-b64=\"aHR0cHM6Ly93d3cuaW50ZXJmbG9yYS5zZS9wLzcxNTIxLWxpbGplZmF2b3JpdC8yP3V0bV9tZWRpdW09b3JnYW5pYyZ1dG1fc291cmNlPWJsb2dfcHJvZHVjdHMmdXRtX2NhbXBhaWduPTEyMDI4OTQ=\" data-target=\"_blank\"><svg xmlns=\"http:\/\/www.w3.org\/2000\/svg\" width=\"16\" height=\"16\" fill=\"currentColor\" class=\"bi bi-bag\" viewBox=\"0 0 16 16\"><path d=\"M8 1a2 2 0 0 1 2 2v1h2.5A1.5 1.5 0 0 1 14 5.5v8A1.5 1.5 0 0 1 12.5 15h-9A1.5 1.5 0 0 1 2 13.5v-8A1.5 1.5 0 0 1 3.5 3H6V2a2 2 0 0 1 2-1zm1 3V3a1 1 0 0 0-2 0v1h2z\"\/><\/svg>K\u00f6p h\u00e4r<\/span><p class=\"rapido\">Handbundet av florister<\/p><\/div><div class=\"lp-produit\"><div class=\"lp-thumbnail-wrapper\"><img loading=\"lazy\" decoding=\"async\" width=\"240\" height=\"300\" src=\"https:\/\/www.interflora.se\/inspiration\/wp-content\/uploads\/2025\/05\/1202805-teaser-2024-ny-4.5-240x300.jpg\" class=\"attachment-medium size-medium wp-post-image\" alt=\"\" srcset=\"https:\/\/www.interflora.se\/inspiration\/wp-content\/uploads\/2025\/05\/1202805-teaser-2024-ny-4.5-240x300.jpg 240w, https:\/\/www.interflora.se\/inspiration\/wp-content\/uploads\/2025\/05\/1202805-teaser-2024-ny-4.5.jpg 745w\" sizes=\"auto, (max-width: 240px) 100vw, 240px\" \/><img decoding=\"async\" class=\"lp-badge\" src=\"https:\/\/www.interflora.se\/inspiration\/wp-content\/uploads\/2025\/03\/cropped-220422_INTERFLORA_Main_Logo_rgb_Main_Color-1.png\" alt=\"Blombud Interflora\"><\/div><span>Grattis<\/span><p>fr\u00e5n 359 kr<\/p><span class=\"obf-link lp-cta\" role=\"link\" tabindex=\"0\" data-b64=\"aHR0cHM6Ly93d3cuaW50ZXJmbG9yYS5zZS9wLzY1NjI0LWdyYXR0aXMvMj91dG1fbWVkaXVtPW9yZ2FuaWMmdXRtX3NvdXJjZT1ibG9nX3Byb2R1Y3RzJnV0bV9jYW1wYWlnbj0xMjAyODA0\" data-target=\"_blank\"><svg xmlns=\"http:\/\/www.w3.org\/2000\/svg\" width=\"16\" height=\"16\" fill=\"currentColor\" class=\"bi bi-bag\" viewBox=\"0 0 16 16\"><path d=\"M8 1a2 2 0 0 1 2 2v1h2.5A1.5 1.5 0 0 1 14 5.5v8A1.5 1.5 0 0 1 12.5 15h-9A1.5 1.5 0 0 1 2 13.5v-8A1.5 1.5 0 0 1 3.5 3H6V2a2 2 0 0 1 2-1zm1 3V3a1 1 0 0 0-2 0v1h2z\"\/><\/svg>K\u00f6p h\u00e4r<\/span><p class=\"rapido\">Kundernas favorit<\/p><\/div><div class=\"lp-produit\"><div class=\"lp-thumbnail-wrapper\"><img loading=\"lazy\" decoding=\"async\" width=\"240\" height=\"300\" src=\"https:\/\/www.interflora.se\/inspiration\/wp-content\/uploads\/2025\/05\/1201156-2024-ny-4.5-240x300.jpg\" class=\"attachment-medium size-medium wp-post-image\" alt=\"\" srcset=\"https:\/\/www.interflora.se\/inspiration\/wp-content\/uploads\/2025\/05\/1201156-2024-ny-4.5-240x300.jpg 240w, https:\/\/www.interflora.se\/inspiration\/wp-content\/uploads\/2025\/05\/1201156-2024-ny-4.5.jpg 745w\" sizes=\"auto, (max-width: 240px) 100vw, 240px\" \/><img decoding=\"async\" class=\"lp-badge\" src=\"https:\/\/www.interflora.se\/inspiration\/wp-content\/uploads\/2025\/03\/cropped-220422_INTERFLORA_Main_Logo_rgb_Main_Color-1.png\" alt=\"Blombud Interflora\"><\/div><span>Omtanke<\/span><p>fr\u00e5n 379 kr<\/p><span class=\"obf-link lp-cta\" role=\"link\" tabindex=\"0\" data-b64=\"aHR0cHM6Ly93d3cuaW50ZXJmbG9yYS5zZS9wLzMwOC1vbXRhbmtlLzI\/dXRtX21lZGl1bT1vcmdhbmljJnV0bV9zb3VyY2U9YmxvZ19wcm9kdWN0cyZ1dG1fY2FtcGFpZ249MTIwMTE1NQ==\" data-target=\"_blank\"><svg xmlns=\"http:\/\/www.w3.org\/2000\/svg\" width=\"16\" height=\"16\" fill=\"currentColor\" class=\"bi bi-bag\" viewBox=\"0 0 16 16\"><path d=\"M8 1a2 2 0 0 1 2 2v1h2.5A1.5 1.5 0 0 1 14 5.5v8A1.5 1.5 0 0 1 12.5 15h-9A1.5 1.5 0 0 1 2 13.5v-8A1.5 1.5 0 0 1 3.5 3H6V2a2 2 0 0 1 2-1zm1 3V3a1 1 0 0 0-2 0v1h2z\"\/><\/svg>K\u00f6p h\u00e4r<\/span><p class=\"rapido\">Bunden av din lokala florist<\/p><\/div><div class=\"lp-produit\"><div class=\"lp-thumbnail-wrapper\"><img loading=\"lazy\" decoding=\"async\" width=\"240\" height=\"300\" src=\"https:\/\/www.interflora.se\/inspiration\/wp-content\/uploads\/2025\/05\/1202975-2025-240x300.jpg\" class=\"attachment-medium size-medium wp-post-image\" alt=\"\" srcset=\"https:\/\/www.interflora.se\/inspiration\/wp-content\/uploads\/2025\/05\/1202975-2025-240x300.jpg 240w, https:\/\/www.interflora.se\/inspiration\/wp-content\/uploads\/2025\/05\/1202975-2025.jpg 745w\" sizes=\"auto, (max-width: 240px) 100vw, 240px\" \/><img decoding=\"async\" class=\"lp-badge\" src=\"https:\/\/www.interflora.se\/inspiration\/wp-content\/uploads\/2025\/03\/cropped-220422_INTERFLORA_Main_Logo_rgb_Main_Color-1.png\" alt=\"Blombud Interflora\"><\/div><span>F\u00e4rglycka<\/span><p>fr\u00e5n 269 kr<\/p><span class=\"obf-link lp-cta\" role=\"link\" tabindex=\"0\" data-b64=\"aHR0cHM6Ly93d3cuaW50ZXJmbG9yYS5zZS9wLzgxNjc5LWZhcmdseWNrYS8yP3V0bV9tZWRpdW09b3JnYW5pYyZ1dG1fc291cmNlPWJsb2dfcHJvZHVjdHMmdXRtX2NhbXBhaWduPTEyMDI5NzQ=\" data-target=\"_blank\"><svg xmlns=\"http:\/\/www.w3.org\/2000\/svg\" width=\"16\" height=\"16\" fill=\"currentColor\" class=\"bi bi-bag\" viewBox=\"0 0 16 16\"><path d=\"M8 1a2 2 0 0 1 2 2v1h2.5A1.5 1.5 0 0 1 14 5.5v8A1.5 1.5 0 0 1 12.5 15h-9A1.5 1.5 0 0 1 2 13.5v-8A1.5 1.5 0 0 1 3.5 3H6V2a2 2 0 0 1 2-1zm1 3V3a1 1 0 0 0-2 0v1h2z\"\/><\/svg>K\u00f6p h\u00e4r<\/span><p class=\"rapido\">Din personliga h\u00e4lsning<\/p><\/div><\/div>\n\n\n\n<div style=\"height:5px\" aria-hidden=\"true\" class=\"wp-block-spacer\"><\/div>\n\n\n\n<h3 class=\"wp-block-heading\">Porslinshyacint<\/h3>\n\n\n\n<p>Porslinshyacinter \u00e4r oerh\u00f6rt vackra blommor som, trots sin t\u00e5lighet, \u00e4r ganska s\u00e4llsynta i Sverige. Dessa hyacinter k\u00e4nnetecknas av sina vita kronblad, var och en med en subtil bl\u00e5aktig strimma.<\/p>\n\n\n\n<p>Porslinshyacinter h\u00e4rstammar ursprungligen fr\u00e5n Mellan\u00f6stern. Det s\u00e4gs att det var den ryske kemisten och v\u00e4xtsamlaren Apollo Apollosovich som f\u00f6rde porslinshyacinten till v\u00e5ra breddgrader i b\u00f6rjan av 1800-talet. P\u00e5 h\u00e5ll kan man l\u00e4tt f\u00f6rv\u00e4xla denna hyacintsort med persisk scilla. Till skillnad fr\u00e5n p\u00e4rlhyacinten har dessa blommor st\u00f6rre kronblad, och deras st\u00e5ndare \u00e4r fria.<\/p>\n\n\n\n<p>Porslinshyacinter b\u00f6r planteras tidigt p\u00e5 h\u00f6sten p\u00e5 ett djup av cirka 10 cm och med ett avst\u00e5nd p\u00e5 ungef\u00e4r 10 cm mellan varje l\u00f6k. De trivs i de flesta typer av tr\u00e4dg\u00e5rdsjord men f\u00f6redrar en l\u00e4tt sandig och v\u00e4ldr\u00e4nerad jord. Plantera dem g\u00e4rna p\u00e5 en solig och skyddad plats f\u00f6r b\u00e4sta resultat.<br><\/p>\n\n\n\n<h2 class=\"wp-block-heading\">Hyacintens historia<\/h2>\n\n\n\n<p>I den grekiska mytologin f\u00f6rklaras hyacintens ursprung. Det s\u00e4gs att Apollon (s\u00e5ngens, musikens och poesins gud) och Zephyros (vindarnas gud) b\u00e5da \u00e4lskade den unge Hyacinthos.<\/p>\n\n\n\n<p>En dag, n\u00e4r de tv\u00e5 gudarna kastade diskus tillsammans, skickade den svartsjuke Zephyros diskusen i fel riktning och tr\u00e4ffade Hyacinthos d\u00f6dligt i tinningen. Djupt ber\u00f6rd av hans d\u00f6d f\u00f6rvandlade Apollon den unge mannen till en storslagen blomma: hyacinten. Blomman har s\u00e5ledes f\u00e5tt sitt namn direkt fr\u00e5n denna myt.<\/p>\n\n\n\n<p>Hyacinten var redan k\u00e4nd under antiken bland b\u00e5de greker och romare, och avbildningar av blomman finns \u00e4ven i persiska och turkiska miniatyrer. I slutet av 1500-talet introducerades hyacinten till Holland, d\u00e4r odlare b\u00f6rjade utveckla nya sorter som var mer blommande och varierande \u00e4n den ursprungliga \u00f6stliga hyacinten.<\/p>\n\n\n\n<p>Tack vare dessa nya sorter blev hyacinten en av tidens mest popul\u00e4ra prydnadsv\u00e4xter. Under 1600- och 1700-talen blev den, liksom tulpanen, f\u00f6rem\u00e5l f\u00f6r intensiv spekulation, och l\u00f6karna s\u00e5ldes till skyh\u00f6ga priser!<\/p>\n\n\n\n<p>I blomsterspr\u00e5ket symboliserar hyacinten trohet och gl\u00e4djen i k\u00e4rleken och \u00e4r en passande g\u00e5va vid alla m\u00f6jliga tillf\u00e4llen, b\u00e5de p\u00e5 v\u00e5ren och vintern.<\/p>\n\n\n\n<p>Hyacinter finns \u00e4ven hos florister under julperioden. Tillsammans med\u00a0<a href=\"http:\/\/interflora.se\/inspiration\/blomfakta-julstjarna\/\" target=\"_blank\" rel=\"noreferrer noopener\"><strong>julstj\u00e4rna<\/strong><\/a>, novemberkaktus och julros kan hyacinten fylla ditt hem med underbara blommor i december!<\/p>\n\n\n\n<p>Om du vill unna dig sj\u00e4lv en g\u00e5va \u00e4r hyacinten en fantastisk blomma som h\u00e5ller l\u00e4nge och dessutom \u00e4r en klassisk\u00a0<a href=\"http:\/\/interflora.se\/c\/julblommor\" target=\"_blank\" rel=\"noreferrer noopener\"><strong>julblomma<\/strong><\/a>. Tveka inte att njuta av dess vackra f\u00e4rger, b\u00e5de till jul och i en v\u00e5rbukett!<\/p>\n\n\n\n<p><\/p>\n","protected":false},"excerpt":{"rendered":"<p>Vacker, v\u00e4ldoftande och st\u00e4mningsfull. Hyacint \u00e4r en blomma som de flesta f\u00f6rknippar med\u00a0advent\u00a0och att det b\u00f6rjar n\u00e4rma sig jul. Dess [&hellip;]<\/p>\n","protected":false},"author":1,"featured_media":881,"comment_status":"open","ping_status":"open","sticky":false,"template":"","format":"standard","meta":{"_uag_custom_page_level_css":"","site-sidebar-layout":"default","site-content-layout":"","ast-site-content-layout":"default","site-content-style":"default","site-sidebar-style":"default","ast-global-header-display":"","ast-banner-title-visibility":"","ast-main-header-display":"","ast-hfb-above-header-display":"","ast-hfb-below-header-display":"","ast-hfb-mobile-header-display":"","site-post-title":"","ast-breadcrumbs-content":"","ast-featured-img":"","footer-sml-layout":"","ast-disable-related-posts":"","theme-transparent-header-meta":"","adv-header-id-meta":"","stick-header-meta":"","header-above-stick-meta":"","header-main-stick-meta":"","header-below-stick-meta":"","astra-migrate-meta-layouts":"default","ast-page-background-enabled":"default","ast-page-background-meta":{"desktop":{"background-color":"var(--ast-global-color-5)","background-image":"","background-repeat":"repeat","background-position":"center center","background-size":"auto","background-attachment":"scroll","background-type":"","background-media":"","overlay-type":"","overlay-color":"","overlay-opacity":"","overlay-gradient":""},"tablet":{"background-color":"","background-image":"","background-repeat":"repeat","background-position":"center center","background-size":"auto","background-attachment":"scroll","background-type":"","background-media":"","overlay-type":"","overlay-color":"","overlay-opacity":"","overlay-gradient":""},"mobile":{"background-color":"","background-image":"","background-repeat":"repeat","background-position":"center center","background-size":"auto","background-attachment":"scroll","background-type":"","background-media":"","overlay-type":"","overlay-color":"","overlay-opacity":"","overlay-gradient":""}},"ast-content-background-meta":{"desktop":{"background-color":"var(--ast-global-color-4)","background-image":"","background-repeat":"repeat","background-position":"center center","background-size":"auto","background-attachment":"scroll","background-type":"","background-media":"","overlay-type":"","overlay-color":"","overlay-opacity":"","overlay-gradient":""},"tablet":{"background-color":"var(--ast-global-color-4)","background-image":"","background-repeat":"repeat","background-position":"center center","background-size":"auto","background-attachment":"scroll","background-type":"","background-media":"","overlay-type":"","overlay-color":"","overlay-opacity":"","overlay-gradient":""},"mobile":{"background-color":"var(--ast-global-color-4)","background-image":"","background-repeat":"repeat","background-position":"center center","background-size":"auto","background-attachment":"scroll","background-type":"","background-media":"","overlay-type":"","overlay-color":"","overlay-opacity":"","overlay-gradient":""}},"footnotes":""},"categories":[7,27],"tags":[],"class_list":["post-117","post","type-post","status-publish","format-standard","has-post-thumbnail","hentry","category-blomfakta-skotselrad","category-vinter"],"yoast_head":"<!-- This site is optimized with the Yoast SEO plugin v27.4 - https:\/\/yoast.com\/product\/yoast-seo-wordpress\/ -->\n<title>Hyacint - fakta &amp; sk\u00f6tselr\u00e5d | Interflora<\/title>\n<meta name=\"robots\" content=\"index, follow, max-snippet:-1, max-image-preview:large, max-video-preview:-1\" \/>\n<link rel=\"canonical\" href=\"https:\/\/www.interflora.se\/inspiration\/blomfakta-hyacint\/\" \/>\n<meta property=\"og:locale\" content=\"sv_SE\" \/>\n<meta property=\"og:type\" content=\"article\" \/>\n<meta property=\"og:title\" content=\"Hyacint - fakta &amp; sk\u00f6tselr\u00e5d | Interflora\" \/>\n<meta property=\"og:description\" content=\"Vacker, v\u00e4ldoftande och st\u00e4mningsfull. Hyacint \u00e4r en blomma som de flesta f\u00f6rknippar med\u00a0advent\u00a0och att det b\u00f6rjar n\u00e4rma sig jul. Dess [&hellip;]\" \/>\n<meta property=\"og:url\" content=\"https:\/\/www.interflora.se\/inspiration\/blomfakta-hyacint\/\" \/>\n<meta property=\"og:site_name\" content=\"Inspiration om blommor, krukv\u00e4xter &amp; trender | Interflora\" \/>\n<meta property=\"article:publisher\" content=\"https:\/\/www.facebook.com\/InterfloraAB\" \/>\n<meta property=\"article:published_time\" content=\"2025-12-20T10:11:03+00:00\" \/>\n<meta property=\"article:modified_time\" content=\"2026-01-05T15:02:18+00:00\" \/>\n<meta property=\"og:image\" content=\"https:\/\/www.interflora.se\/inspiration\/wp-content\/uploads\/2025\/03\/blomfakta-skotselrad-hyacint-interflora.jpg\" \/>\n\t<meta property=\"og:image:width\" content=\"800\" \/>\n\t<meta property=\"og:image:height\" content=\"1000\" \/>\n\t<meta property=\"og:image:type\" content=\"image\/jpeg\" \/>\n<meta name=\"author\" content=\"admin\" \/>\n<meta name=\"twitter:card\" content=\"summary_large_image\" \/>\n<meta name=\"twitter:label1\" content=\"Skriven av\" \/>\n\t<meta name=\"twitter:data1\" content=\"admin\" \/>\n\t<meta name=\"twitter:label2\" content=\"Ber\u00e4knad l\u00e4stid\" \/>\n\t<meta name=\"twitter:data2\" content=\"11 minuter\" \/>\n<script type=\"application\/ld+json\" class=\"yoast-schema-graph\">{\"@context\":\"https:\\\/\\\/schema.org\",\"@graph\":[{\"@type\":\"Article\",\"@id\":\"https:\\\/\\\/www.interflora.se\\\/inspiration\\\/blomfakta-hyacint\\\/#article\",\"isPartOf\":{\"@id\":\"https:\\\/\\\/www.interflora.se\\\/inspiration\\\/blomfakta-hyacint\\\/\"},\"author\":{\"name\":\"admin\",\"@id\":\"https:\\\/\\\/www.interflora.se\\\/inspiration\\\/#\\\/schema\\\/person\\\/dbbd1ad45e05409c356dc639597669f2\"},\"headline\":\"Hyacint &#8211; fakta &#038; sk\u00f6tselr\u00e5d\",\"datePublished\":\"2025-12-20T10:11:03+00:00\",\"dateModified\":\"2026-01-05T15:02:18+00:00\",\"mainEntityOfPage\":{\"@id\":\"https:\\\/\\\/www.interflora.se\\\/inspiration\\\/blomfakta-hyacint\\\/\"},\"wordCount\":2420,\"commentCount\":0,\"publisher\":{\"@id\":\"https:\\\/\\\/www.interflora.se\\\/inspiration\\\/#organization\"},\"image\":{\"@id\":\"https:\\\/\\\/www.interflora.se\\\/inspiration\\\/blomfakta-hyacint\\\/#primaryimage\"},\"thumbnailUrl\":\"https:\\\/\\\/www.interflora.se\\\/inspiration\\\/wp-content\\\/uploads\\\/2025\\\/03\\\/blomfakta-skotselrad-hyacint-interflora.jpg\",\"articleSection\":[\"Blomfakta &amp; sk\u00f6tselr\u00e5d\",\"Vinter\"],\"inLanguage\":\"sv-SE\",\"potentialAction\":[{\"@type\":\"CommentAction\",\"name\":\"Comment\",\"target\":[\"https:\\\/\\\/www.interflora.se\\\/inspiration\\\/blomfakta-hyacint\\\/#respond\"]}]},{\"@type\":\"WebPage\",\"@id\":\"https:\\\/\\\/www.interflora.se\\\/inspiration\\\/blomfakta-hyacint\\\/\",\"url\":\"https:\\\/\\\/www.interflora.se\\\/inspiration\\\/blomfakta-hyacint\\\/\",\"name\":\"Hyacint - fakta & sk\u00f6tselr\u00e5d | Interflora\",\"isPartOf\":{\"@id\":\"https:\\\/\\\/www.interflora.se\\\/inspiration\\\/#website\"},\"primaryImageOfPage\":{\"@id\":\"https:\\\/\\\/www.interflora.se\\\/inspiration\\\/blomfakta-hyacint\\\/#primaryimage\"},\"image\":{\"@id\":\"https:\\\/\\\/www.interflora.se\\\/inspiration\\\/blomfakta-hyacint\\\/#primaryimage\"},\"thumbnailUrl\":\"https:\\\/\\\/www.interflora.se\\\/inspiration\\\/wp-content\\\/uploads\\\/2025\\\/03\\\/blomfakta-skotselrad-hyacint-interflora.jpg\",\"datePublished\":\"2025-12-20T10:11:03+00:00\",\"dateModified\":\"2026-01-05T15:02:18+00:00\",\"breadcrumb\":{\"@id\":\"https:\\\/\\\/www.interflora.se\\\/inspiration\\\/blomfakta-hyacint\\\/#breadcrumb\"},\"inLanguage\":\"sv-SE\",\"potentialAction\":[{\"@type\":\"ReadAction\",\"target\":[\"https:\\\/\\\/www.interflora.se\\\/inspiration\\\/blomfakta-hyacint\\\/\"]}]},{\"@type\":\"ImageObject\",\"inLanguage\":\"sv-SE\",\"@id\":\"https:\\\/\\\/www.interflora.se\\\/inspiration\\\/blomfakta-hyacint\\\/#primaryimage\",\"url\":\"https:\\\/\\\/www.interflora.se\\\/inspiration\\\/wp-content\\\/uploads\\\/2025\\\/03\\\/blomfakta-skotselrad-hyacint-interflora.jpg\",\"contentUrl\":\"https:\\\/\\\/www.interflora.se\\\/inspiration\\\/wp-content\\\/uploads\\\/2025\\\/03\\\/blomfakta-skotselrad-hyacint-interflora.jpg\",\"width\":800,\"height\":1000},{\"@type\":\"BreadcrumbList\",\"@id\":\"https:\\\/\\\/www.interflora.se\\\/inspiration\\\/blomfakta-hyacint\\\/#breadcrumb\",\"itemListElement\":[{\"@type\":\"ListItem\",\"position\":1,\"name\":\"Home\",\"item\":\"https:\\\/\\\/www.interflora.se\\\/inspiration\\\/\"},{\"@type\":\"ListItem\",\"position\":2,\"name\":\"Hyacint &#8211; fakta &#038; sk\u00f6tselr\u00e5d\"}]},{\"@type\":\"WebSite\",\"@id\":\"https:\\\/\\\/www.interflora.se\\\/inspiration\\\/#website\",\"url\":\"https:\\\/\\\/www.interflora.se\\\/inspiration\\\/\",\"name\":\"Interflora\",\"description\":\"\",\"publisher\":{\"@id\":\"https:\\\/\\\/www.interflora.se\\\/inspiration\\\/#organization\"},\"potentialAction\":[{\"@type\":\"SearchAction\",\"target\":{\"@type\":\"EntryPoint\",\"urlTemplate\":\"https:\\\/\\\/www.interflora.se\\\/inspiration\\\/?s={search_term_string}\"},\"query-input\":{\"@type\":\"PropertyValueSpecification\",\"valueRequired\":true,\"valueName\":\"search_term_string\"}}],\"inLanguage\":\"sv-SE\"},{\"@type\":\"Organization\",\"@id\":\"https:\\\/\\\/www.interflora.se\\\/inspiration\\\/#organization\",\"name\":\"Interflora\",\"url\":\"https:\\\/\\\/www.interflora.se\\\/inspiration\\\/\",\"logo\":{\"@type\":\"ImageObject\",\"inLanguage\":\"sv-SE\",\"@id\":\"https:\\\/\\\/www.interflora.se\\\/inspiration\\\/#\\\/schema\\\/logo\\\/image\\\/\",\"url\":\"https:\\\/\\\/www.interflora.se\\\/inspiration\\\/wp-content\\\/uploads\\\/2025\\\/09\\\/cropped-220422_INTERFLORA_Logo_rgb_Half_Top_Circle_Main_Color.avif\",\"contentUrl\":\"https:\\\/\\\/www.interflora.se\\\/inspiration\\\/wp-content\\\/uploads\\\/2025\\\/09\\\/cropped-220422_INTERFLORA_Logo_rgb_Half_Top_Circle_Main_Color.avif\",\"width\":1418,\"height\":662,\"caption\":\"Interflora\"},\"image\":{\"@id\":\"https:\\\/\\\/www.interflora.se\\\/inspiration\\\/#\\\/schema\\\/logo\\\/image\\\/\"},\"sameAs\":[\"https:\\\/\\\/www.facebook.com\\\/InterfloraAB\",\"https:\\\/\\\/www.instagram.com\\\/interflora_ab\\\/\",\"https:\\\/\\\/www.linkedin.com\\\/company\\\/1494362\",\"https:\\\/\\\/www.youtube.com\\\/channel\\\/UCZgDzGWB2VRxaoWFUmXnk1w\"]},{\"@type\":\"Person\",\"@id\":\"https:\\\/\\\/www.interflora.se\\\/inspiration\\\/#\\\/schema\\\/person\\\/dbbd1ad45e05409c356dc639597669f2\",\"name\":\"admin\",\"image\":{\"@type\":\"ImageObject\",\"inLanguage\":\"sv-SE\",\"@id\":\"https:\\\/\\\/www.interflora.se\\\/inspiration\\\/wp-content\\\/litespeed\\\/avatar\\\/1fe3cced9e67df62d0a6f995d75823a5.jpg?ver=1777362393\",\"url\":\"https:\\\/\\\/www.interflora.se\\\/inspiration\\\/wp-content\\\/litespeed\\\/avatar\\\/1fe3cced9e67df62d0a6f995d75823a5.jpg?ver=1777362393\",\"contentUrl\":\"https:\\\/\\\/www.interflora.se\\\/inspiration\\\/wp-content\\\/litespeed\\\/avatar\\\/1fe3cced9e67df62d0a6f995d75823a5.jpg?ver=1777362393\",\"caption\":\"admin\"},\"sameAs\":[\"https:\\\/\\\/www.interflora.se\\\/inspiration\"],\"url\":\"https:\\\/\\\/www.interflora.se\\\/inspiration\\\/author\\\/admin\\\/\"}]}<\/script>\n<!-- \/ Yoast SEO plugin. -->","yoast_head_json":{"title":"Hyacint - fakta & sk\u00f6tselr\u00e5d | Interflora","robots":{"index":"index","follow":"follow","max-snippet":"max-snippet:-1","max-image-preview":"max-image-preview:large","max-video-preview":"max-video-preview:-1"},"canonical":"https:\/\/www.interflora.se\/inspiration\/blomfakta-hyacint\/","og_locale":"sv_SE","og_type":"article","og_title":"Hyacint - fakta & sk\u00f6tselr\u00e5d | Interflora","og_description":"Vacker, v\u00e4ldoftande och st\u00e4mningsfull. Hyacint \u00e4r en blomma som de flesta f\u00f6rknippar med\u00a0advent\u00a0och att det b\u00f6rjar n\u00e4rma sig jul. Dess [&hellip;]","og_url":"https:\/\/www.interflora.se\/inspiration\/blomfakta-hyacint\/","og_site_name":"Inspiration om blommor, krukv\u00e4xter &amp; trender | Interflora","article_publisher":"https:\/\/www.facebook.com\/InterfloraAB","article_published_time":"2025-12-20T10:11:03+00:00","article_modified_time":"2026-01-05T15:02:18+00:00","og_image":[{"width":800,"height":1000,"url":"https:\/\/www.interflora.se\/inspiration\/wp-content\/uploads\/2025\/03\/blomfakta-skotselrad-hyacint-interflora.jpg","type":"image\/jpeg"}],"author":"admin","twitter_card":"summary_large_image","twitter_misc":{"Skriven av":"admin","Ber\u00e4knad l\u00e4stid":"11 minuter"},"schema":{"@context":"https:\/\/schema.org","@graph":[{"@type":"Article","@id":"https:\/\/www.interflora.se\/inspiration\/blomfakta-hyacint\/#article","isPartOf":{"@id":"https:\/\/www.interflora.se\/inspiration\/blomfakta-hyacint\/"},"author":{"name":"admin","@id":"https:\/\/www.interflora.se\/inspiration\/#\/schema\/person\/dbbd1ad45e05409c356dc639597669f2"},"headline":"Hyacint &#8211; fakta &#038; sk\u00f6tselr\u00e5d","datePublished":"2025-12-20T10:11:03+00:00","dateModified":"2026-01-05T15:02:18+00:00","mainEntityOfPage":{"@id":"https:\/\/www.interflora.se\/inspiration\/blomfakta-hyacint\/"},"wordCount":2420,"commentCount":0,"publisher":{"@id":"https:\/\/www.interflora.se\/inspiration\/#organization"},"image":{"@id":"https:\/\/www.interflora.se\/inspiration\/blomfakta-hyacint\/#primaryimage"},"thumbnailUrl":"https:\/\/www.interflora.se\/inspiration\/wp-content\/uploads\/2025\/03\/blomfakta-skotselrad-hyacint-interflora.jpg","articleSection":["Blomfakta &amp; sk\u00f6tselr\u00e5d","Vinter"],"inLanguage":"sv-SE","potentialAction":[{"@type":"CommentAction","name":"Comment","target":["https:\/\/www.interflora.se\/inspiration\/blomfakta-hyacint\/#respond"]}]},{"@type":"WebPage","@id":"https:\/\/www.interflora.se\/inspiration\/blomfakta-hyacint\/","url":"https:\/\/www.interflora.se\/inspiration\/blomfakta-hyacint\/","name":"Hyacint - fakta & sk\u00f6tselr\u00e5d | Interflora","isPartOf":{"@id":"https:\/\/www.interflora.se\/inspiration\/#website"},"primaryImageOfPage":{"@id":"https:\/\/www.interflora.se\/inspiration\/blomfakta-hyacint\/#primaryimage"},"image":{"@id":"https:\/\/www.interflora.se\/inspiration\/blomfakta-hyacint\/#primaryimage"},"thumbnailUrl":"https:\/\/www.interflora.se\/inspiration\/wp-content\/uploads\/2025\/03\/blomfakta-skotselrad-hyacint-interflora.jpg","datePublished":"2025-12-20T10:11:03+00:00","dateModified":"2026-01-05T15:02:18+00:00","breadcrumb":{"@id":"https:\/\/www.interflora.se\/inspiration\/blomfakta-hyacint\/#breadcrumb"},"inLanguage":"sv-SE","potentialAction":[{"@type":"ReadAction","target":["https:\/\/www.interflora.se\/inspiration\/blomfakta-hyacint\/"]}]},{"@type":"ImageObject","inLanguage":"sv-SE","@id":"https:\/\/www.interflora.se\/inspiration\/blomfakta-hyacint\/#primaryimage","url":"https:\/\/www.interflora.se\/inspiration\/wp-content\/uploads\/2025\/03\/blomfakta-skotselrad-hyacint-interflora.jpg","contentUrl":"https:\/\/www.interflora.se\/inspiration\/wp-content\/uploads\/2025\/03\/blomfakta-skotselrad-hyacint-interflora.jpg","width":800,"height":1000},{"@type":"BreadcrumbList","@id":"https:\/\/www.interflora.se\/inspiration\/blomfakta-hyacint\/#breadcrumb","itemListElement":[{"@type":"ListItem","position":1,"name":"Home","item":"https:\/\/www.interflora.se\/inspiration\/"},{"@type":"ListItem","position":2,"name":"Hyacint &#8211; fakta &#038; sk\u00f6tselr\u00e5d"}]},{"@type":"WebSite","@id":"https:\/\/www.interflora.se\/inspiration\/#website","url":"https:\/\/www.interflora.se\/inspiration\/","name":"Interflora","description":"","publisher":{"@id":"https:\/\/www.interflora.se\/inspiration\/#organization"},"potentialAction":[{"@type":"SearchAction","target":{"@type":"EntryPoint","urlTemplate":"https:\/\/www.interflora.se\/inspiration\/?s={search_term_string}"},"query-input":{"@type":"PropertyValueSpecification","valueRequired":true,"valueName":"search_term_string"}}],"inLanguage":"sv-SE"},{"@type":"Organization","@id":"https:\/\/www.interflora.se\/inspiration\/#organization","name":"Interflora","url":"https:\/\/www.interflora.se\/inspiration\/","logo":{"@type":"ImageObject","inLanguage":"sv-SE","@id":"https:\/\/www.interflora.se\/inspiration\/#\/schema\/logo\/image\/","url":"https:\/\/www.interflora.se\/inspiration\/wp-content\/uploads\/2025\/09\/cropped-220422_INTERFLORA_Logo_rgb_Half_Top_Circle_Main_Color.avif","contentUrl":"https:\/\/www.interflora.se\/inspiration\/wp-content\/uploads\/2025\/09\/cropped-220422_INTERFLORA_Logo_rgb_Half_Top_Circle_Main_Color.avif","width":1418,"height":662,"caption":"Interflora"},"image":{"@id":"https:\/\/www.interflora.se\/inspiration\/#\/schema\/logo\/image\/"},"sameAs":["https:\/\/www.facebook.com\/InterfloraAB","https:\/\/www.instagram.com\/interflora_ab\/","https:\/\/www.linkedin.com\/company\/1494362","https:\/\/www.youtube.com\/channel\/UCZgDzGWB2VRxaoWFUmXnk1w"]},{"@type":"Person","@id":"https:\/\/www.interflora.se\/inspiration\/#\/schema\/person\/dbbd1ad45e05409c356dc639597669f2","name":"admin","image":{"@type":"ImageObject","inLanguage":"sv-SE","@id":"https:\/\/www.interflora.se\/inspiration\/wp-content\/litespeed\/avatar\/1fe3cced9e67df62d0a6f995d75823a5.jpg?ver=1777362393","url":"https:\/\/www.interflora.se\/inspiration\/wp-content\/litespeed\/avatar\/1fe3cced9e67df62d0a6f995d75823a5.jpg?ver=1777362393","contentUrl":"https:\/\/www.interflora.se\/inspiration\/wp-content\/litespeed\/avatar\/1fe3cced9e67df62d0a6f995d75823a5.jpg?ver=1777362393","caption":"admin"},"sameAs":["https:\/\/www.interflora.se\/inspiration"],"url":"https:\/\/www.interflora.se\/inspiration\/author\/admin\/"}]}},"uagb_featured_image_src":{"full":["https:\/\/www.interflora.se\/inspiration\/wp-content\/uploads\/2025\/03\/blomfakta-skotselrad-hyacint-interflora.jpg",800,1000,false],"thumbnail":["https:\/\/www.interflora.se\/inspiration\/wp-content\/uploads\/2025\/03\/blomfakta-skotselrad-hyacint-interflora-150x150.jpg",150,150,true],"medium":["https:\/\/www.interflora.se\/inspiration\/wp-content\/uploads\/2025\/03\/blomfakta-skotselrad-hyacint-interflora-240x300.jpg",240,300,true],"medium_large":["https:\/\/www.interflora.se\/inspiration\/wp-content\/uploads\/2025\/03\/blomfakta-skotselrad-hyacint-interflora-768x960.jpg",768,960,true],"large":["https:\/\/www.interflora.se\/inspiration\/wp-content\/uploads\/2025\/03\/blomfakta-skotselrad-hyacint-interflora.jpg",800,1000,false],"1536x1536":["https:\/\/www.interflora.se\/inspiration\/wp-content\/uploads\/2025\/03\/blomfakta-skotselrad-hyacint-interflora.jpg",800,1000,false],"2048x2048":["https:\/\/www.interflora.se\/inspiration\/wp-content\/uploads\/2025\/03\/blomfakta-skotselrad-hyacint-interflora.jpg",800,1000,false]},"uagb_author_info":{"display_name":"admin","author_link":"https:\/\/www.interflora.se\/inspiration\/author\/admin\/"},"uagb_comment_info":0,"uagb_excerpt":"Vacker, v\u00e4ldoftande och st\u00e4mningsfull. Hyacint \u00e4r en blomma som de flesta f\u00f6rknippar med\u00a0advent\u00a0och att det b\u00f6rjar n\u00e4rma sig jul. Dess [&hellip;]","_links":{"self":[{"href":"https:\/\/www.interflora.se\/inspiration\/wp-json\/wp\/v2\/posts\/117","targetHints":{"allow":["GET"]}}],"collection":[{"href":"https:\/\/www.interflora.se\/inspiration\/wp-json\/wp\/v2\/posts"}],"about":[{"href":"https:\/\/www.interflora.se\/inspiration\/wp-json\/wp\/v2\/types\/post"}],"author":[{"embeddable":true,"href":"https:\/\/www.interflora.se\/inspiration\/wp-json\/wp\/v2\/users\/1"}],"replies":[{"embeddable":true,"href":"https:\/\/www.interflora.se\/inspiration\/wp-json\/wp\/v2\/comments?post=117"}],"version-history":[{"count":2,"href":"https:\/\/www.interflora.se\/inspiration\/wp-json\/wp\/v2\/posts\/117\/revisions"}],"predecessor-version":[{"id":4988,"href":"https:\/\/www.interflora.se\/inspiration\/wp-json\/wp\/v2\/posts\/117\/revisions\/4988"}],"wp:featuredmedia":[{"embeddable":true,"href":"https:\/\/www.interflora.se\/inspiration\/wp-json\/wp\/v2\/media\/881"}],"wp:attachment":[{"href":"https:\/\/www.interflora.se\/inspiration\/wp-json\/wp\/v2\/media?parent=117"}],"wp:term":[{"taxonomy":"category","embeddable":true,"href":"https:\/\/www.interflora.se\/inspiration\/wp-json\/wp\/v2\/categories?post=117"},{"taxonomy":"post_tag","embeddable":true,"href":"https:\/\/www.interflora.se\/inspiration\/wp-json\/wp\/v2\/tags?post=117"}],"curies":[{"name":"wp","href":"https:\/\/api.w.org\/{rel}","templated":true}]}}