{"id":116,"date":"2024-07-13T17:47:30","date_gmt":"2024-07-13T15:47:30","guid":{"rendered":"http:\/\/preprodblog.interflora.se\/blog\/?p=116"},"modified":"2026-04-01T09:58:41","modified_gmt":"2026-04-01T07:58:41","slug":"blomfakta-hortensia","status":"publish","type":"post","link":"https:\/\/www.interflora.se\/inspiration\/blomfakta-hortensia\/","title":{"rendered":"Hortensia &#8211; Fakta &#038; Sk\u00f6tselr\u00e5d"},"content":{"rendered":"\n<p>Det \u00e4r sv\u00e5rt att hitta en blomma som \u00e4r mer storslagen \u00e4n hortensian. Dess stora bollformade blomklasar \u00e4r eleganta och fantastiska att besk\u00e5da.&nbsp;Hortensia var till en b\u00f6rjan vanlig som tr\u00e4dg\u00e5rdsbuske, men numera \u00e4r vi vana att se den som&nbsp;krukv\u00e4xt, och \u00e4ven som snittblomma. Den \u00e4r lika magnifik ensam i en vas som i en blandad&nbsp;bukett. Hur du \u00e4n v\u00e4ljer din hortensia s\u00e5 kommer den garanterat sk\u00e4nka dig vardagslyx.&nbsp;Skicka ett Blommogram&nbsp;f\u00f6r att uppvakta eller \u00f6verraska n\u00e5gon idag!<\/p>\n\n\n\n<figure class=\"wp-block-image aligncenter\"><img decoding=\"async\" src=\"https:\/\/www.interflora.se\/inspiration\/wp-content\/uploads\/2025\/03\/fakta-skotselrad-hortensia-topp-5.4.jpg\" alt=\"Fakta-Sk\u00f6tselr\u00e5d-Hortensia-Topp-5.4.jpg\"\/><\/figure>\n\n\n\n<h2 class=\"wp-block-heading\">Sk\u00f6tselr\u00e5d Hortensia<\/h2>\n\n\n\n<h3 class=\"wp-block-heading\">Hortensia som snittblomma:<\/h3>\n\n\n\n<ul class=\"wp-block-list\">\n<li>Ta g\u00e4rna bort s\u00e5 m\u00e5nga blad som m\u00f6jligt d\u00e5 de dricker mycket vatten som ist\u00e4llet beh\u00f6vs till blomklasen. Ta minst bort alla&nbsp;blad som hamnar under vattenytan f\u00f6r att undvika att f\u00e5 bakterier i vasen.<\/li>\n\n\n\n<li>Snitta ett l\u00e5ngt, diagonalt snitt med en vass kniv. G\u00f6r g\u00e4rna ett nytt snitt varje dag.<\/li>\n\n\n\n<li>Anv\u00e4nd rikligt med ljummet till varmt vatten.<\/li>\n\n\n\n<li>Placera din hortensia ljust, men inte i direkt solljus. St\u00e4ll den g\u00e4rna svalare under natten s\u00e5 h\u00e5ller den sig l\u00e4ngre.<\/li>\n\n\n\n<li>G\u00f6r nytt snitt och byt vatten om blomman slokar eller n\u00e4r vattnet blivit grumligt.&nbsp;<\/li>\n\n\n\n<li>Och kom ih\u00e5g att m\u00e5nga sorter \u00e4r fina \u00e4ven n\u00e4r de torkat!<\/li>\n<\/ul>\n\n\n\n<div class=\"wp-block-buttons is-content-justification-center is-layout-flex wp-container-core-buttons-is-layout-a89b3969 wp-block-buttons-is-layout-flex\">\n<div class=\"wp-block-button\"><a class=\"wp-block-button__link has-medium-font-size has-custom-font-size wp-element-button\" href=\"https:\/\/www.interflora.se\/c\/buketter\/snittblommor-styckvis?utm_source=blog&amp;utm_campaign=post-cta\">Till snittblommor<\/a><\/div>\n<\/div>\n\n\n\n<h3 class=\"wp-block-heading\">Hortensia som krukv\u00e4xt:<\/h3>\n\n\n\n<ul class=\"wp-block-list\">\n<li>Placera din hortensia ljust, men inte i direkt solljus.<\/li>\n\n\n\n<li>Hortensian kr\u00e4ver mycket vatten, men vill inte st\u00e5 i vatten. Vattna d\u00e4rf\u00f6r krukv\u00e4xten genom att s\u00e4nka ner den i vatten och h\u00e5ll den nere tills det slutar bubbla. Upprepa minst 3 g\u00e5nger per vecka.<\/li>\n\n\n\n<li>Om du anv\u00e4nder en vattenkanna f\u00e5r du \u00f6ka till 3 g\u00e5nger per vecka.<\/li>\n\n\n\n<li>Klipp bort blomklasar n\u00e4r de blivit fula.<\/li>\n<\/ul>\n\n\n\n<div class=\"wp-block-buttons has-custom-font-size has-medium-font-size is-content-justification-center is-layout-flex wp-container-core-buttons-is-layout-a89b3969 wp-block-buttons-is-layout-flex\">\n<div class=\"wp-block-button\"><a class=\"wp-block-button__link wp-element-button\" href=\"https:\/\/www.interflora.se\/c\/krukvaxter?utm_source=blog&amp;utm_campaign=post-cta\">Till krukv\u00e4xter<\/a><\/div>\n<\/div>\n\n\n\n<h2 class=\"wp-block-heading\">Hortensia skiftar f\u00e4rg<\/h2>\n\n\n\n<p>Hortensia har rej\u00e4la stj\u00e4lkar och s\u00e5gkantade blad. De finns i vitt, r\u00f6tt, rosa och bl\u00e5tt, men kan skifta f\u00e4rg beroende p\u00e5 jordens och vattnets pH-v\u00e4rde och efter s\u00e4song. Det \u00e4r allts\u00e5 inte ovanligt att du k\u00f6per en bl\u00e5 hortensia, som sedan skiftar f\u00e4rg till exempelvis rosa. Det \u00e4r egentligen bara om du har en bl\u00e5 hortensia som du m\u00e5ste t\u00e4nka p\u00e5 att den kr\u00e4ver en sur milj\u00f6 f\u00f6r att den ska f\u00f6rbli bl\u00e5. Rosa och vita hortensior trivs n\u00e4mligen med ett normalt eller basiskt pH-v\u00e4rde.<\/p>\n\n\n\n<figure class=\"wp-block-image aligncenter\"><img decoding=\"async\" src=\"https:\/\/www.interflora.se\/inspiration\/wp-content\/uploads\/2025\/03\/blomfakta_hortensiasnitt.jpg\" alt=\"blomfakta_hortensiasnitt.jpg\"\/><\/figure>\n\n\n\n<h2 class=\"wp-block-heading\">Hortensian kommer fr\u00e5n Japan<\/h2>\n\n\n\n<p>Hortensian har funnits sedan 1784, d\u00e5 den uppt\u00e4cktes av den medicinstuderande Peter Thunberg, elev till Linn\u00e9, i Japan. Det var hans tj\u00e4nstem\u00e4n som hittade v\u00e4xten n\u00e4r de skulle leta medicinalv\u00e4xter och mat till Thunbergs get. V\u00e4xten fick senare namnet Hydrangea macrophylla, men vi k\u00e4nner den som hortensia p\u00e5 svenska. I Japan och Kina kan du se hortensian v\u00e4xa vilt.<\/p>\n\n\n\n<figure class=\"wp-block-image\"><img decoding=\"async\" src=\"https:\/\/www.interflora.se\/inspiration\/wp-content\/uploads\/2025\/03\/sociala-medier-interflorakampanj-snitthortensia-miljbild-fyrkantig.jpg\" alt=\"\"\/><\/figure>\n","protected":false},"excerpt":{"rendered":"<p>Det \u00e4r sv\u00e5rt att hitta en blomma som \u00e4r mer storslagen \u00e4n hortensian. Dess stora bollformade blomklasar \u00e4r eleganta och [&hellip;]<\/p>\n","protected":false},"author":1,"featured_media":956,"comment_status":"open","ping_status":"open","sticky":false,"template":"","format":"standard","meta":{"_uag_custom_page_level_css":"","site-sidebar-layout":"default","site-content-layout":"","ast-site-content-layout":"default","site-content-style":"default","site-sidebar-style":"default","ast-global-header-display":"","ast-banner-title-visibility":"","ast-main-header-display":"","ast-hfb-above-header-display":"","ast-hfb-below-header-display":"","ast-hfb-mobile-header-display":"","site-post-title":"","ast-breadcrumbs-content":"","ast-featured-img":"","footer-sml-layout":"","ast-disable-related-posts":"","theme-transparent-header-meta":"","adv-header-id-meta":"","stick-header-meta":"","header-above-stick-meta":"","header-main-stick-meta":"","header-below-stick-meta":"","astra-migrate-meta-layouts":"default","ast-page-background-enabled":"default","ast-page-background-meta":{"desktop":{"background-color":"var(--ast-global-color-5)","background-image":"","background-repeat":"repeat","background-position":"center center","background-size":"auto","background-attachment":"scroll","background-type":"","background-media":"","overlay-type":"","overlay-color":"","overlay-opacity":"","overlay-gradient":""},"tablet":{"background-color":"","background-image":"","background-repeat":"repeat","background-position":"center center","background-size":"auto","background-attachment":"scroll","background-type":"","background-media":"","overlay-type":"","overlay-color":"","overlay-opacity":"","overlay-gradient":""},"mobile":{"background-color":"","background-image":"","background-repeat":"repeat","background-position":"center center","background-size":"auto","background-attachment":"scroll","background-type":"","background-media":"","overlay-type":"","overlay-color":"","overlay-opacity":"","overlay-gradient":""}},"ast-content-background-meta":{"desktop":{"background-color":"var(--ast-global-color-4)","background-image":"","background-repeat":"repeat","background-position":"center center","background-size":"auto","background-attachment":"scroll","background-type":"","background-media":"","overlay-type":"","overlay-color":"","overlay-opacity":"","overlay-gradient":""},"tablet":{"background-color":"var(--ast-global-color-4)","background-image":"","background-repeat":"repeat","background-position":"center center","background-size":"auto","background-attachment":"scroll","background-type":"","background-media":"","overlay-type":"","overlay-color":"","overlay-opacity":"","overlay-gradient":""},"mobile":{"background-color":"var(--ast-global-color-4)","background-image":"","background-repeat":"repeat","background-position":"center center","background-size":"auto","background-attachment":"scroll","background-type":"","background-media":"","overlay-type":"","overlay-color":"","overlay-opacity":"","overlay-gradient":""}},"footnotes":""},"categories":[7],"tags":[],"class_list":["post-116","post","type-post","status-publish","format-standard","has-post-thumbnail","hentry","category-blomfakta-skotselrad"],"yoast_head":"<!-- This site is optimized with the Yoast SEO plugin v27.4 - https:\/\/yoast.com\/product\/yoast-seo-wordpress\/ -->\n<title>Hortensia - Fakta &amp; Sk\u00f6tselr\u00e5d | Interflora<\/title>\n<meta name=\"robots\" content=\"index, follow, max-snippet:-1, max-image-preview:large, max-video-preview:-1\" \/>\n<link rel=\"canonical\" href=\"https:\/\/www.interflora.se\/inspiration\/blomfakta-hortensia\/\" \/>\n<meta property=\"og:locale\" content=\"sv_SE\" \/>\n<meta property=\"og:type\" content=\"article\" \/>\n<meta property=\"og:title\" content=\"Hortensia - Fakta &amp; Sk\u00f6tselr\u00e5d | Interflora\" \/>\n<meta property=\"og:description\" content=\"Det \u00e4r sv\u00e5rt att hitta en blomma som \u00e4r mer storslagen \u00e4n hortensian. Dess stora bollformade blomklasar \u00e4r eleganta och [&hellip;]\" \/>\n<meta property=\"og:url\" content=\"https:\/\/www.interflora.se\/inspiration\/blomfakta-hortensia\/\" \/>\n<meta property=\"og:site_name\" content=\"Inspiration om blommor, krukv\u00e4xter &amp; trender | Interflora\" \/>\n<meta property=\"article:publisher\" content=\"https:\/\/www.facebook.com\/InterfloraAB\" \/>\n<meta property=\"article:published_time\" content=\"2024-07-13T15:47:30+00:00\" \/>\n<meta property=\"article:modified_time\" content=\"2026-04-01T07:58:41+00:00\" \/>\n<meta property=\"og:image\" content=\"https:\/\/www.interflora.se\/inspiration\/wp-content\/uploads\/2025\/03\/sociala-medier-interflorakampanj-snitthortensia-miljbild-fyrkantig.jpg\" \/>\n\t<meta property=\"og:image:width\" content=\"1500\" \/>\n\t<meta property=\"og:image:height\" content=\"1500\" \/>\n\t<meta property=\"og:image:type\" content=\"image\/jpeg\" \/>\n<meta name=\"author\" content=\"admin\" \/>\n<meta name=\"twitter:card\" content=\"summary_large_image\" \/>\n<meta name=\"twitter:label1\" content=\"Skriven av\" \/>\n\t<meta name=\"twitter:data1\" content=\"admin\" \/>\n\t<meta name=\"twitter:label2\" content=\"Ber\u00e4knad l\u00e4stid\" \/>\n\t<meta name=\"twitter:data2\" content=\"3 minuter\" \/>\n<script type=\"application\/ld+json\" class=\"yoast-schema-graph\">{\"@context\":\"https:\\\/\\\/schema.org\",\"@graph\":[{\"@type\":\"Article\",\"@id\":\"https:\\\/\\\/www.interflora.se\\\/inspiration\\\/blomfakta-hortensia\\\/#article\",\"isPartOf\":{\"@id\":\"https:\\\/\\\/www.interflora.se\\\/inspiration\\\/blomfakta-hortensia\\\/\"},\"author\":{\"name\":\"admin\",\"@id\":\"https:\\\/\\\/www.interflora.se\\\/inspiration\\\/#\\\/schema\\\/person\\\/dbbd1ad45e05409c356dc639597669f2\"},\"headline\":\"Hortensia &#8211; Fakta &#038; Sk\u00f6tselr\u00e5d\",\"datePublished\":\"2024-07-13T15:47:30+00:00\",\"dateModified\":\"2026-04-01T07:58:41+00:00\",\"mainEntityOfPage\":{\"@id\":\"https:\\\/\\\/www.interflora.se\\\/inspiration\\\/blomfakta-hortensia\\\/\"},\"wordCount\":493,\"commentCount\":0,\"publisher\":{\"@id\":\"https:\\\/\\\/www.interflora.se\\\/inspiration\\\/#organization\"},\"image\":{\"@id\":\"https:\\\/\\\/www.interflora.se\\\/inspiration\\\/blomfakta-hortensia\\\/#primaryimage\"},\"thumbnailUrl\":\"https:\\\/\\\/www.interflora.se\\\/inspiration\\\/wp-content\\\/uploads\\\/2025\\\/03\\\/sociala-medier-interflorakampanj-snitthortensia-miljbild-fyrkantig.jpg\",\"articleSection\":[\"Blomfakta &amp; sk\u00f6tselr\u00e5d\"],\"inLanguage\":\"sv-SE\",\"potentialAction\":[{\"@type\":\"CommentAction\",\"name\":\"Comment\",\"target\":[\"https:\\\/\\\/www.interflora.se\\\/inspiration\\\/blomfakta-hortensia\\\/#respond\"]}]},{\"@type\":\"WebPage\",\"@id\":\"https:\\\/\\\/www.interflora.se\\\/inspiration\\\/blomfakta-hortensia\\\/\",\"url\":\"https:\\\/\\\/www.interflora.se\\\/inspiration\\\/blomfakta-hortensia\\\/\",\"name\":\"Hortensia - Fakta & Sk\u00f6tselr\u00e5d | Interflora\",\"isPartOf\":{\"@id\":\"https:\\\/\\\/www.interflora.se\\\/inspiration\\\/#website\"},\"primaryImageOfPage\":{\"@id\":\"https:\\\/\\\/www.interflora.se\\\/inspiration\\\/blomfakta-hortensia\\\/#primaryimage\"},\"image\":{\"@id\":\"https:\\\/\\\/www.interflora.se\\\/inspiration\\\/blomfakta-hortensia\\\/#primaryimage\"},\"thumbnailUrl\":\"https:\\\/\\\/www.interflora.se\\\/inspiration\\\/wp-content\\\/uploads\\\/2025\\\/03\\\/sociala-medier-interflorakampanj-snitthortensia-miljbild-fyrkantig.jpg\",\"datePublished\":\"2024-07-13T15:47:30+00:00\",\"dateModified\":\"2026-04-01T07:58:41+00:00\",\"breadcrumb\":{\"@id\":\"https:\\\/\\\/www.interflora.se\\\/inspiration\\\/blomfakta-hortensia\\\/#breadcrumb\"},\"inLanguage\":\"sv-SE\",\"potentialAction\":[{\"@type\":\"ReadAction\",\"target\":[\"https:\\\/\\\/www.interflora.se\\\/inspiration\\\/blomfakta-hortensia\\\/\"]}]},{\"@type\":\"ImageObject\",\"inLanguage\":\"sv-SE\",\"@id\":\"https:\\\/\\\/www.interflora.se\\\/inspiration\\\/blomfakta-hortensia\\\/#primaryimage\",\"url\":\"https:\\\/\\\/www.interflora.se\\\/inspiration\\\/wp-content\\\/uploads\\\/2025\\\/03\\\/sociala-medier-interflorakampanj-snitthortensia-miljbild-fyrkantig.jpg\",\"contentUrl\":\"https:\\\/\\\/www.interflora.se\\\/inspiration\\\/wp-content\\\/uploads\\\/2025\\\/03\\\/sociala-medier-interflorakampanj-snitthortensia-miljbild-fyrkantig.jpg\",\"width\":1500,\"height\":1500},{\"@type\":\"BreadcrumbList\",\"@id\":\"https:\\\/\\\/www.interflora.se\\\/inspiration\\\/blomfakta-hortensia\\\/#breadcrumb\",\"itemListElement\":[{\"@type\":\"ListItem\",\"position\":1,\"name\":\"Home\",\"item\":\"https:\\\/\\\/www.interflora.se\\\/inspiration\\\/\"},{\"@type\":\"ListItem\",\"position\":2,\"name\":\"Hortensia &#8211; Fakta &#038; Sk\u00f6tselr\u00e5d\"}]},{\"@type\":\"WebSite\",\"@id\":\"https:\\\/\\\/www.interflora.se\\\/inspiration\\\/#website\",\"url\":\"https:\\\/\\\/www.interflora.se\\\/inspiration\\\/\",\"name\":\"Interflora\",\"description\":\"\",\"publisher\":{\"@id\":\"https:\\\/\\\/www.interflora.se\\\/inspiration\\\/#organization\"},\"potentialAction\":[{\"@type\":\"SearchAction\",\"target\":{\"@type\":\"EntryPoint\",\"urlTemplate\":\"https:\\\/\\\/www.interflora.se\\\/inspiration\\\/?s={search_term_string}\"},\"query-input\":{\"@type\":\"PropertyValueSpecification\",\"valueRequired\":true,\"valueName\":\"search_term_string\"}}],\"inLanguage\":\"sv-SE\"},{\"@type\":\"Organization\",\"@id\":\"https:\\\/\\\/www.interflora.se\\\/inspiration\\\/#organization\",\"name\":\"Interflora\",\"url\":\"https:\\\/\\\/www.interflora.se\\\/inspiration\\\/\",\"logo\":{\"@type\":\"ImageObject\",\"inLanguage\":\"sv-SE\",\"@id\":\"https:\\\/\\\/www.interflora.se\\\/inspiration\\\/#\\\/schema\\\/logo\\\/image\\\/\",\"url\":\"https:\\\/\\\/www.interflora.se\\\/inspiration\\\/wp-content\\\/uploads\\\/2025\\\/09\\\/cropped-220422_INTERFLORA_Logo_rgb_Half_Top_Circle_Main_Color.avif\",\"contentUrl\":\"https:\\\/\\\/www.interflora.se\\\/inspiration\\\/wp-content\\\/uploads\\\/2025\\\/09\\\/cropped-220422_INTERFLORA_Logo_rgb_Half_Top_Circle_Main_Color.avif\",\"width\":1418,\"height\":662,\"caption\":\"Interflora\"},\"image\":{\"@id\":\"https:\\\/\\\/www.interflora.se\\\/inspiration\\\/#\\\/schema\\\/logo\\\/image\\\/\"},\"sameAs\":[\"https:\\\/\\\/www.facebook.com\\\/InterfloraAB\",\"https:\\\/\\\/www.instagram.com\\\/interflora_ab\\\/\",\"https:\\\/\\\/www.linkedin.com\\\/company\\\/1494362\",\"https:\\\/\\\/www.youtube.com\\\/channel\\\/UCZgDzGWB2VRxaoWFUmXnk1w\"]},{\"@type\":\"Person\",\"@id\":\"https:\\\/\\\/www.interflora.se\\\/inspiration\\\/#\\\/schema\\\/person\\\/dbbd1ad45e05409c356dc639597669f2\",\"name\":\"admin\",\"image\":{\"@type\":\"ImageObject\",\"inLanguage\":\"sv-SE\",\"@id\":\"https:\\\/\\\/www.interflora.se\\\/inspiration\\\/wp-content\\\/litespeed\\\/avatar\\\/1fe3cced9e67df62d0a6f995d75823a5.jpg?ver=1777362393\",\"url\":\"https:\\\/\\\/www.interflora.se\\\/inspiration\\\/wp-content\\\/litespeed\\\/avatar\\\/1fe3cced9e67df62d0a6f995d75823a5.jpg?ver=1777362393\",\"contentUrl\":\"https:\\\/\\\/www.interflora.se\\\/inspiration\\\/wp-content\\\/litespeed\\\/avatar\\\/1fe3cced9e67df62d0a6f995d75823a5.jpg?ver=1777362393\",\"caption\":\"admin\"},\"sameAs\":[\"https:\\\/\\\/www.interflora.se\\\/inspiration\"],\"url\":\"https:\\\/\\\/www.interflora.se\\\/inspiration\\\/author\\\/admin\\\/\"}]}<\/script>\n<!-- \/ Yoast SEO plugin. -->","yoast_head_json":{"title":"Hortensia - Fakta & Sk\u00f6tselr\u00e5d | Interflora","robots":{"index":"index","follow":"follow","max-snippet":"max-snippet:-1","max-image-preview":"max-image-preview:large","max-video-preview":"max-video-preview:-1"},"canonical":"https:\/\/www.interflora.se\/inspiration\/blomfakta-hortensia\/","og_locale":"sv_SE","og_type":"article","og_title":"Hortensia - Fakta & Sk\u00f6tselr\u00e5d | Interflora","og_description":"Det \u00e4r sv\u00e5rt att hitta en blomma som \u00e4r mer storslagen \u00e4n hortensian. Dess stora bollformade blomklasar \u00e4r eleganta och [&hellip;]","og_url":"https:\/\/www.interflora.se\/inspiration\/blomfakta-hortensia\/","og_site_name":"Inspiration om blommor, krukv\u00e4xter &amp; trender | Interflora","article_publisher":"https:\/\/www.facebook.com\/InterfloraAB","article_published_time":"2024-07-13T15:47:30+00:00","article_modified_time":"2026-04-01T07:58:41+00:00","og_image":[{"width":1500,"height":1500,"url":"https:\/\/www.interflora.se\/inspiration\/wp-content\/uploads\/2025\/03\/sociala-medier-interflorakampanj-snitthortensia-miljbild-fyrkantig.jpg","type":"image\/jpeg"}],"author":"admin","twitter_card":"summary_large_image","twitter_misc":{"Skriven av":"admin","Ber\u00e4knad l\u00e4stid":"3 minuter"},"schema":{"@context":"https:\/\/schema.org","@graph":[{"@type":"Article","@id":"https:\/\/www.interflora.se\/inspiration\/blomfakta-hortensia\/#article","isPartOf":{"@id":"https:\/\/www.interflora.se\/inspiration\/blomfakta-hortensia\/"},"author":{"name":"admin","@id":"https:\/\/www.interflora.se\/inspiration\/#\/schema\/person\/dbbd1ad45e05409c356dc639597669f2"},"headline":"Hortensia &#8211; Fakta &#038; Sk\u00f6tselr\u00e5d","datePublished":"2024-07-13T15:47:30+00:00","dateModified":"2026-04-01T07:58:41+00:00","mainEntityOfPage":{"@id":"https:\/\/www.interflora.se\/inspiration\/blomfakta-hortensia\/"},"wordCount":493,"commentCount":0,"publisher":{"@id":"https:\/\/www.interflora.se\/inspiration\/#organization"},"image":{"@id":"https:\/\/www.interflora.se\/inspiration\/blomfakta-hortensia\/#primaryimage"},"thumbnailUrl":"https:\/\/www.interflora.se\/inspiration\/wp-content\/uploads\/2025\/03\/sociala-medier-interflorakampanj-snitthortensia-miljbild-fyrkantig.jpg","articleSection":["Blomfakta &amp; sk\u00f6tselr\u00e5d"],"inLanguage":"sv-SE","potentialAction":[{"@type":"CommentAction","name":"Comment","target":["https:\/\/www.interflora.se\/inspiration\/blomfakta-hortensia\/#respond"]}]},{"@type":"WebPage","@id":"https:\/\/www.interflora.se\/inspiration\/blomfakta-hortensia\/","url":"https:\/\/www.interflora.se\/inspiration\/blomfakta-hortensia\/","name":"Hortensia - Fakta & Sk\u00f6tselr\u00e5d | Interflora","isPartOf":{"@id":"https:\/\/www.interflora.se\/inspiration\/#website"},"primaryImageOfPage":{"@id":"https:\/\/www.interflora.se\/inspiration\/blomfakta-hortensia\/#primaryimage"},"image":{"@id":"https:\/\/www.interflora.se\/inspiration\/blomfakta-hortensia\/#primaryimage"},"thumbnailUrl":"https:\/\/www.interflora.se\/inspiration\/wp-content\/uploads\/2025\/03\/sociala-medier-interflorakampanj-snitthortensia-miljbild-fyrkantig.jpg","datePublished":"2024-07-13T15:47:30+00:00","dateModified":"2026-04-01T07:58:41+00:00","breadcrumb":{"@id":"https:\/\/www.interflora.se\/inspiration\/blomfakta-hortensia\/#breadcrumb"},"inLanguage":"sv-SE","potentialAction":[{"@type":"ReadAction","target":["https:\/\/www.interflora.se\/inspiration\/blomfakta-hortensia\/"]}]},{"@type":"ImageObject","inLanguage":"sv-SE","@id":"https:\/\/www.interflora.se\/inspiration\/blomfakta-hortensia\/#primaryimage","url":"https:\/\/www.interflora.se\/inspiration\/wp-content\/uploads\/2025\/03\/sociala-medier-interflorakampanj-snitthortensia-miljbild-fyrkantig.jpg","contentUrl":"https:\/\/www.interflora.se\/inspiration\/wp-content\/uploads\/2025\/03\/sociala-medier-interflorakampanj-snitthortensia-miljbild-fyrkantig.jpg","width":1500,"height":1500},{"@type":"BreadcrumbList","@id":"https:\/\/www.interflora.se\/inspiration\/blomfakta-hortensia\/#breadcrumb","itemListElement":[{"@type":"ListItem","position":1,"name":"Home","item":"https:\/\/www.interflora.se\/inspiration\/"},{"@type":"ListItem","position":2,"name":"Hortensia &#8211; Fakta &#038; Sk\u00f6tselr\u00e5d"}]},{"@type":"WebSite","@id":"https:\/\/www.interflora.se\/inspiration\/#website","url":"https:\/\/www.interflora.se\/inspiration\/","name":"Interflora","description":"","publisher":{"@id":"https:\/\/www.interflora.se\/inspiration\/#organization"},"potentialAction":[{"@type":"SearchAction","target":{"@type":"EntryPoint","urlTemplate":"https:\/\/www.interflora.se\/inspiration\/?s={search_term_string}"},"query-input":{"@type":"PropertyValueSpecification","valueRequired":true,"valueName":"search_term_string"}}],"inLanguage":"sv-SE"},{"@type":"Organization","@id":"https:\/\/www.interflora.se\/inspiration\/#organization","name":"Interflora","url":"https:\/\/www.interflora.se\/inspiration\/","logo":{"@type":"ImageObject","inLanguage":"sv-SE","@id":"https:\/\/www.interflora.se\/inspiration\/#\/schema\/logo\/image\/","url":"https:\/\/www.interflora.se\/inspiration\/wp-content\/uploads\/2025\/09\/cropped-220422_INTERFLORA_Logo_rgb_Half_Top_Circle_Main_Color.avif","contentUrl":"https:\/\/www.interflora.se\/inspiration\/wp-content\/uploads\/2025\/09\/cropped-220422_INTERFLORA_Logo_rgb_Half_Top_Circle_Main_Color.avif","width":1418,"height":662,"caption":"Interflora"},"image":{"@id":"https:\/\/www.interflora.se\/inspiration\/#\/schema\/logo\/image\/"},"sameAs":["https:\/\/www.facebook.com\/InterfloraAB","https:\/\/www.instagram.com\/interflora_ab\/","https:\/\/www.linkedin.com\/company\/1494362","https:\/\/www.youtube.com\/channel\/UCZgDzGWB2VRxaoWFUmXnk1w"]},{"@type":"Person","@id":"https:\/\/www.interflora.se\/inspiration\/#\/schema\/person\/dbbd1ad45e05409c356dc639597669f2","name":"admin","image":{"@type":"ImageObject","inLanguage":"sv-SE","@id":"https:\/\/www.interflora.se\/inspiration\/wp-content\/litespeed\/avatar\/1fe3cced9e67df62d0a6f995d75823a5.jpg?ver=1777362393","url":"https:\/\/www.interflora.se\/inspiration\/wp-content\/litespeed\/avatar\/1fe3cced9e67df62d0a6f995d75823a5.jpg?ver=1777362393","contentUrl":"https:\/\/www.interflora.se\/inspiration\/wp-content\/litespeed\/avatar\/1fe3cced9e67df62d0a6f995d75823a5.jpg?ver=1777362393","caption":"admin"},"sameAs":["https:\/\/www.interflora.se\/inspiration"],"url":"https:\/\/www.interflora.se\/inspiration\/author\/admin\/"}]}},"uagb_featured_image_src":{"full":["https:\/\/www.interflora.se\/inspiration\/wp-content\/uploads\/2025\/03\/sociala-medier-interflorakampanj-snitthortensia-miljbild-fyrkantig.jpg",1500,1500,false],"thumbnail":["https:\/\/www.interflora.se\/inspiration\/wp-content\/uploads\/2025\/03\/sociala-medier-interflorakampanj-snitthortensia-miljbild-fyrkantig-150x150.jpg",150,150,true],"medium":["https:\/\/www.interflora.se\/inspiration\/wp-content\/uploads\/2025\/03\/sociala-medier-interflorakampanj-snitthortensia-miljbild-fyrkantig-300x300.jpg",300,300,true],"medium_large":["https:\/\/www.interflora.se\/inspiration\/wp-content\/uploads\/2025\/03\/sociala-medier-interflorakampanj-snitthortensia-miljbild-fyrkantig-768x768.jpg",768,768,true],"large":["https:\/\/www.interflora.se\/inspiration\/wp-content\/uploads\/2025\/03\/sociala-medier-interflorakampanj-snitthortensia-miljbild-fyrkantig-1024x1024.jpg",1024,1024,true],"1536x1536":["https:\/\/www.interflora.se\/inspiration\/wp-content\/uploads\/2025\/03\/sociala-medier-interflorakampanj-snitthortensia-miljbild-fyrkantig.jpg",1500,1500,false],"2048x2048":["https:\/\/www.interflora.se\/inspiration\/wp-content\/uploads\/2025\/03\/sociala-medier-interflorakampanj-snitthortensia-miljbild-fyrkantig.jpg",1500,1500,false]},"uagb_author_info":{"display_name":"admin","author_link":"https:\/\/www.interflora.se\/inspiration\/author\/admin\/"},"uagb_comment_info":0,"uagb_excerpt":"Det \u00e4r sv\u00e5rt att hitta en blomma som \u00e4r mer storslagen \u00e4n hortensian. Dess stora bollformade blomklasar \u00e4r eleganta och [&hellip;]","_links":{"self":[{"href":"https:\/\/www.interflora.se\/inspiration\/wp-json\/wp\/v2\/posts\/116","targetHints":{"allow":["GET"]}}],"collection":[{"href":"https:\/\/www.interflora.se\/inspiration\/wp-json\/wp\/v2\/posts"}],"about":[{"href":"https:\/\/www.interflora.se\/inspiration\/wp-json\/wp\/v2\/types\/post"}],"author":[{"embeddable":true,"href":"https:\/\/www.interflora.se\/inspiration\/wp-json\/wp\/v2\/users\/1"}],"replies":[{"embeddable":true,"href":"https:\/\/www.interflora.se\/inspiration\/wp-json\/wp\/v2\/comments?post=116"}],"version-history":[{"count":2,"href":"https:\/\/www.interflora.se\/inspiration\/wp-json\/wp\/v2\/posts\/116\/revisions"}],"predecessor-version":[{"id":5934,"href":"https:\/\/www.interflora.se\/inspiration\/wp-json\/wp\/v2\/posts\/116\/revisions\/5934"}],"wp:featuredmedia":[{"embeddable":true,"href":"https:\/\/www.interflora.se\/inspiration\/wp-json\/wp\/v2\/media\/956"}],"wp:attachment":[{"href":"https:\/\/www.interflora.se\/inspiration\/wp-json\/wp\/v2\/media?parent=116"}],"wp:term":[{"taxonomy":"category","embeddable":true,"href":"https:\/\/www.interflora.se\/inspiration\/wp-json\/wp\/v2\/categories?post=116"},{"taxonomy":"post_tag","embeddable":true,"href":"https:\/\/www.interflora.se\/inspiration\/wp-json\/wp\/v2\/tags?post=116"}],"curies":[{"name":"wp","href":"https:\/\/api.w.org\/{rel}","templated":true}]}}