{"id":101,"date":"2023-08-30T19:12:56","date_gmt":"2023-08-30T17:12:56","guid":{"rendered":"http:\/\/preprodblog.interflora.se\/blog\/?p=101"},"modified":"2025-03-26T14:41:45","modified_gmt":"2025-03-26T13:41:45","slug":"blomfakta-astrantia","status":"publish","type":"post","link":"https:\/\/www.interflora.se\/inspiration\/blomfakta-astrantia\/","title":{"rendered":"Stj\u00e4rnflocka &#8211; Astrantia &#8211; Fakta &#038; Sk\u00f6tselr\u00e5d"},"content":{"rendered":"\n<p><strong>Astrantia \u00e4r en skir och mjuk blomma. Den skriker inte efter uppm\u00e4rksamhet utan b\u00e4r snarare p\u00e5 en dold sk\u00f6nhet. N\u00e4r du v\u00e4l uppt\u00e4ckt astrantia kommer du att \u00e4lska den. Den \u00e4r ett ljuvt inslag i m\u00e5nga av v\u00e5ra&nbsp;<a href=\"https:\/\/www.interflora.se\/interflora\/produktkategorier\/buketter\/\">buketter<\/a>&nbsp;som du kan skicka som&nbsp;<a href=\"https:\/\/www.interflora.se\/\">Blommogram<\/a>.<\/strong><\/p>\n\n\n\n<p>Astrantia, som \u00e4ven kallas stj\u00e4rnflocka, \u00e4r en omtyckt perenn. Den tillh\u00f6r ett litet sl\u00e4kte med endast 10 arter. Blommorna liknar n\u00e5lhuvuden som sitter placerade p\u00e5 en n\u00e5ldyna. Stj\u00e4lkarna \u00e4r f\u00f6rgrenade och b\u00e4r flockar med de n\u00e4tta blommorna. Deras v\u00e4xts\u00e4tt g\u00f6r att de ger en mjuk fyllighet tillsammans med andra blommor i&nbsp;<a href=\"https:\/\/www.interflora.se\/interflora\/produktkategorier\/buketter\/\">buketter<\/a>. Att den dessutom st\u00e5r vacker under en l\u00e5ng tid \u00e4r ytterligare ett plus. Vill du f\u00f6rl\u00e4nga gl\u00e4djen av din astrantia ytterligare \u00e4r den minst lika vacker som eternell.<\/p>\n\n\n\n<p>Det h\u00e4r \u00e4r en blomma som m\u00e5ste ha legat Linn\u00e9 lite extra varmt om hj\u00e4rtat. Den kallas n\u00e4mligen f\u00f6r Linn\u00e9s d\u00f6ttrar.<\/p>\n\n\n\n<h2 class=\"wp-block-heading\">Sk\u00f6tselr\u00e5d Astrantia:<\/h2>\n\n\n\n<p>&#8211; G\u00f6r en ny och ren snittyta<br>&#8211; Anv\u00e4nd ljummet vatten i vasen<br>&#8211; Byt vatten d\u00e5 och d\u00e5 s\u00e5 att det h\u00e5ller sig rent<\/p>\n\n\n\n<figure class=\"wp-block-image aligncenter size-full\"><img loading=\"lazy\" decoding=\"async\" width=\"750\" height=\"500\" src=\"https:\/\/www.interflora.se\/inspiration\/wp-content\/uploads\/2023\/08\/image-13.png\" alt=\"\" class=\"wp-image-2031\" srcset=\"https:\/\/www.interflora.se\/inspiration\/wp-content\/uploads\/2023\/08\/image-13.png 750w, https:\/\/www.interflora.se\/inspiration\/wp-content\/uploads\/2023\/08\/image-13-300x200.png 300w\" sizes=\"auto, (max-width: 750px) 100vw, 750px\" \/><\/figure>\n","protected":false},"excerpt":{"rendered":"<p>Astrantia \u00e4r en skir och mjuk blomma. Den skriker inte efter uppm\u00e4rksamhet utan b\u00e4r snarare p\u00e5 en dold sk\u00f6nhet. N\u00e4r [&hellip;]<\/p>\n","protected":false},"author":1,"featured_media":2031,"comment_status":"open","ping_status":"open","sticky":false,"template":"","format":"standard","meta":{"_uag_custom_page_level_css":"","site-sidebar-layout":"default","site-content-layout":"","ast-site-content-layout":"default","site-content-style":"default","site-sidebar-style":"default","ast-global-header-display":"","ast-banner-title-visibility":"","ast-main-header-display":"","ast-hfb-above-header-display":"","ast-hfb-below-header-display":"","ast-hfb-mobile-header-display":"","site-post-title":"","ast-breadcrumbs-content":"","ast-featured-img":"","footer-sml-layout":"","ast-disable-related-posts":"","theme-transparent-header-meta":"","adv-header-id-meta":"","stick-header-meta":"","header-above-stick-meta":"","header-main-stick-meta":"","header-below-stick-meta":"","astra-migrate-meta-layouts":"default","ast-page-background-enabled":"default","ast-page-background-meta":{"desktop":{"background-color":"var(--ast-global-color-5)","background-image":"","background-repeat":"repeat","background-position":"center center","background-size":"auto","background-attachment":"scroll","background-type":"","background-media":"","overlay-type":"","overlay-color":"","overlay-opacity":"","overlay-gradient":""},"tablet":{"background-color":"","background-image":"","background-repeat":"repeat","background-position":"center center","background-size":"auto","background-attachment":"scroll","background-type":"","background-media":"","overlay-type":"","overlay-color":"","overlay-opacity":"","overlay-gradient":""},"mobile":{"background-color":"","background-image":"","background-repeat":"repeat","background-position":"center center","background-size":"auto","background-attachment":"scroll","background-type":"","background-media":"","overlay-type":"","overlay-color":"","overlay-opacity":"","overlay-gradient":""}},"ast-content-background-meta":{"desktop":{"background-color":"var(--ast-global-color-4)","background-image":"","background-repeat":"repeat","background-position":"center center","background-size":"auto","background-attachment":"scroll","background-type":"","background-media":"","overlay-type":"","overlay-color":"","overlay-opacity":"","overlay-gradient":""},"tablet":{"background-color":"var(--ast-global-color-4)","background-image":"","background-repeat":"repeat","background-position":"center center","background-size":"auto","background-attachment":"scroll","background-type":"","background-media":"","overlay-type":"","overlay-color":"","overlay-opacity":"","overlay-gradient":""},"mobile":{"background-color":"var(--ast-global-color-4)","background-image":"","background-repeat":"repeat","background-position":"center center","background-size":"auto","background-attachment":"scroll","background-type":"","background-media":"","overlay-type":"","overlay-color":"","overlay-opacity":"","overlay-gradient":""}},"footnotes":""},"categories":[7],"tags":[],"class_list":["post-101","post","type-post","status-publish","format-standard","has-post-thumbnail","hentry","category-blomfakta-skotselrad"],"yoast_head":"<!-- This site is optimized with the Yoast SEO plugin v27.4 - https:\/\/yoast.com\/product\/yoast-seo-wordpress\/ -->\n<title>Stj\u00e4rnflocka - Astrantia - Fakta &amp; Sk\u00f6tselr\u00e5d | Interflora<\/title>\n<meta name=\"robots\" content=\"index, follow, max-snippet:-1, max-image-preview:large, max-video-preview:-1\" \/>\n<link rel=\"canonical\" href=\"https:\/\/www.interflora.se\/inspiration\/blomfakta-astrantia\/\" \/>\n<meta property=\"og:locale\" content=\"sv_SE\" \/>\n<meta property=\"og:type\" content=\"article\" \/>\n<meta property=\"og:title\" content=\"Stj\u00e4rnflocka - Astrantia - Fakta &amp; Sk\u00f6tselr\u00e5d | Interflora\" \/>\n<meta property=\"og:description\" content=\"Astrantia \u00e4r en skir och mjuk blomma. Den skriker inte efter uppm\u00e4rksamhet utan b\u00e4r snarare p\u00e5 en dold sk\u00f6nhet. N\u00e4r [&hellip;]\" \/>\n<meta property=\"og:url\" content=\"https:\/\/www.interflora.se\/inspiration\/blomfakta-astrantia\/\" \/>\n<meta property=\"og:site_name\" content=\"Inspiration om blommor, krukv\u00e4xter &amp; trender | Interflora\" \/>\n<meta property=\"article:publisher\" content=\"https:\/\/www.facebook.com\/InterfloraAB\" \/>\n<meta property=\"article:published_time\" content=\"2023-08-30T17:12:56+00:00\" \/>\n<meta property=\"article:modified_time\" content=\"2025-03-26T13:41:45+00:00\" \/>\n<meta property=\"og:image\" content=\"https:\/\/www.interflora.se\/inspiration\/wp-content\/uploads\/2023\/08\/image-13.png\" \/>\n\t<meta property=\"og:image:width\" content=\"750\" \/>\n\t<meta property=\"og:image:height\" content=\"500\" \/>\n\t<meta property=\"og:image:type\" content=\"image\/png\" \/>\n<meta name=\"author\" content=\"admin\" \/>\n<meta name=\"twitter:card\" content=\"summary_large_image\" \/>\n<meta name=\"twitter:label1\" content=\"Skriven av\" \/>\n\t<meta name=\"twitter:data1\" content=\"admin\" \/>\n\t<meta name=\"twitter:label2\" content=\"Ber\u00e4knad l\u00e4stid\" \/>\n\t<meta name=\"twitter:data2\" content=\"1 minut\" \/>\n<script type=\"application\/ld+json\" class=\"yoast-schema-graph\">{\"@context\":\"https:\\\/\\\/schema.org\",\"@graph\":[{\"@type\":\"Article\",\"@id\":\"https:\\\/\\\/www.interflora.se\\\/inspiration\\\/blomfakta-astrantia\\\/#article\",\"isPartOf\":{\"@id\":\"https:\\\/\\\/www.interflora.se\\\/inspiration\\\/blomfakta-astrantia\\\/\"},\"author\":{\"name\":\"admin\",\"@id\":\"https:\\\/\\\/www.interflora.se\\\/inspiration\\\/#\\\/schema\\\/person\\\/dbbd1ad45e05409c356dc639597669f2\"},\"headline\":\"Stj\u00e4rnflocka &#8211; Astrantia &#8211; Fakta &#038; Sk\u00f6tselr\u00e5d\",\"datePublished\":\"2023-08-30T17:12:56+00:00\",\"dateModified\":\"2025-03-26T13:41:45+00:00\",\"mainEntityOfPage\":{\"@id\":\"https:\\\/\\\/www.interflora.se\\\/inspiration\\\/blomfakta-astrantia\\\/\"},\"wordCount\":220,\"commentCount\":0,\"publisher\":{\"@id\":\"https:\\\/\\\/www.interflora.se\\\/inspiration\\\/#organization\"},\"image\":{\"@id\":\"https:\\\/\\\/www.interflora.se\\\/inspiration\\\/blomfakta-astrantia\\\/#primaryimage\"},\"thumbnailUrl\":\"https:\\\/\\\/www.interflora.se\\\/inspiration\\\/wp-content\\\/uploads\\\/2023\\\/08\\\/image-13.png\",\"articleSection\":[\"Blomfakta &amp; sk\u00f6tselr\u00e5d\"],\"inLanguage\":\"sv-SE\",\"potentialAction\":[{\"@type\":\"CommentAction\",\"name\":\"Comment\",\"target\":[\"https:\\\/\\\/www.interflora.se\\\/inspiration\\\/blomfakta-astrantia\\\/#respond\"]}]},{\"@type\":\"WebPage\",\"@id\":\"https:\\\/\\\/www.interflora.se\\\/inspiration\\\/blomfakta-astrantia\\\/\",\"url\":\"https:\\\/\\\/www.interflora.se\\\/inspiration\\\/blomfakta-astrantia\\\/\",\"name\":\"Stj\u00e4rnflocka - Astrantia - Fakta & Sk\u00f6tselr\u00e5d | Interflora\",\"isPartOf\":{\"@id\":\"https:\\\/\\\/www.interflora.se\\\/inspiration\\\/#website\"},\"primaryImageOfPage\":{\"@id\":\"https:\\\/\\\/www.interflora.se\\\/inspiration\\\/blomfakta-astrantia\\\/#primaryimage\"},\"image\":{\"@id\":\"https:\\\/\\\/www.interflora.se\\\/inspiration\\\/blomfakta-astrantia\\\/#primaryimage\"},\"thumbnailUrl\":\"https:\\\/\\\/www.interflora.se\\\/inspiration\\\/wp-content\\\/uploads\\\/2023\\\/08\\\/image-13.png\",\"datePublished\":\"2023-08-30T17:12:56+00:00\",\"dateModified\":\"2025-03-26T13:41:45+00:00\",\"breadcrumb\":{\"@id\":\"https:\\\/\\\/www.interflora.se\\\/inspiration\\\/blomfakta-astrantia\\\/#breadcrumb\"},\"inLanguage\":\"sv-SE\",\"potentialAction\":[{\"@type\":\"ReadAction\",\"target\":[\"https:\\\/\\\/www.interflora.se\\\/inspiration\\\/blomfakta-astrantia\\\/\"]}]},{\"@type\":\"ImageObject\",\"inLanguage\":\"sv-SE\",\"@id\":\"https:\\\/\\\/www.interflora.se\\\/inspiration\\\/blomfakta-astrantia\\\/#primaryimage\",\"url\":\"https:\\\/\\\/www.interflora.se\\\/inspiration\\\/wp-content\\\/uploads\\\/2023\\\/08\\\/image-13.png\",\"contentUrl\":\"https:\\\/\\\/www.interflora.se\\\/inspiration\\\/wp-content\\\/uploads\\\/2023\\\/08\\\/image-13.png\",\"width\":750,\"height\":500},{\"@type\":\"BreadcrumbList\",\"@id\":\"https:\\\/\\\/www.interflora.se\\\/inspiration\\\/blomfakta-astrantia\\\/#breadcrumb\",\"itemListElement\":[{\"@type\":\"ListItem\",\"position\":1,\"name\":\"Home\",\"item\":\"https:\\\/\\\/www.interflora.se\\\/inspiration\\\/\"},{\"@type\":\"ListItem\",\"position\":2,\"name\":\"Stj\u00e4rnflocka &#8211; Astrantia &#8211; Fakta &#038; Sk\u00f6tselr\u00e5d\"}]},{\"@type\":\"WebSite\",\"@id\":\"https:\\\/\\\/www.interflora.se\\\/inspiration\\\/#website\",\"url\":\"https:\\\/\\\/www.interflora.se\\\/inspiration\\\/\",\"name\":\"Interflora\",\"description\":\"\",\"publisher\":{\"@id\":\"https:\\\/\\\/www.interflora.se\\\/inspiration\\\/#organization\"},\"potentialAction\":[{\"@type\":\"SearchAction\",\"target\":{\"@type\":\"EntryPoint\",\"urlTemplate\":\"https:\\\/\\\/www.interflora.se\\\/inspiration\\\/?s={search_term_string}\"},\"query-input\":{\"@type\":\"PropertyValueSpecification\",\"valueRequired\":true,\"valueName\":\"search_term_string\"}}],\"inLanguage\":\"sv-SE\"},{\"@type\":\"Organization\",\"@id\":\"https:\\\/\\\/www.interflora.se\\\/inspiration\\\/#organization\",\"name\":\"Interflora\",\"url\":\"https:\\\/\\\/www.interflora.se\\\/inspiration\\\/\",\"logo\":{\"@type\":\"ImageObject\",\"inLanguage\":\"sv-SE\",\"@id\":\"https:\\\/\\\/www.interflora.se\\\/inspiration\\\/#\\\/schema\\\/logo\\\/image\\\/\",\"url\":\"https:\\\/\\\/www.interflora.se\\\/inspiration\\\/wp-content\\\/uploads\\\/2025\\\/09\\\/cropped-220422_INTERFLORA_Logo_rgb_Half_Top_Circle_Main_Color.avif\",\"contentUrl\":\"https:\\\/\\\/www.interflora.se\\\/inspiration\\\/wp-content\\\/uploads\\\/2025\\\/09\\\/cropped-220422_INTERFLORA_Logo_rgb_Half_Top_Circle_Main_Color.avif\",\"width\":1418,\"height\":662,\"caption\":\"Interflora\"},\"image\":{\"@id\":\"https:\\\/\\\/www.interflora.se\\\/inspiration\\\/#\\\/schema\\\/logo\\\/image\\\/\"},\"sameAs\":[\"https:\\\/\\\/www.facebook.com\\\/InterfloraAB\",\"https:\\\/\\\/www.instagram.com\\\/interflora_ab\\\/\",\"https:\\\/\\\/www.linkedin.com\\\/company\\\/1494362\",\"https:\\\/\\\/www.youtube.com\\\/channel\\\/UCZgDzGWB2VRxaoWFUmXnk1w\"]},{\"@type\":\"Person\",\"@id\":\"https:\\\/\\\/www.interflora.se\\\/inspiration\\\/#\\\/schema\\\/person\\\/dbbd1ad45e05409c356dc639597669f2\",\"name\":\"admin\",\"image\":{\"@type\":\"ImageObject\",\"inLanguage\":\"sv-SE\",\"@id\":\"https:\\\/\\\/www.interflora.se\\\/inspiration\\\/wp-content\\\/litespeed\\\/avatar\\\/1fe3cced9e67df62d0a6f995d75823a5.jpg?ver=1777362393\",\"url\":\"https:\\\/\\\/www.interflora.se\\\/inspiration\\\/wp-content\\\/litespeed\\\/avatar\\\/1fe3cced9e67df62d0a6f995d75823a5.jpg?ver=1777362393\",\"contentUrl\":\"https:\\\/\\\/www.interflora.se\\\/inspiration\\\/wp-content\\\/litespeed\\\/avatar\\\/1fe3cced9e67df62d0a6f995d75823a5.jpg?ver=1777362393\",\"caption\":\"admin\"},\"sameAs\":[\"https:\\\/\\\/www.interflora.se\\\/inspiration\"],\"url\":\"https:\\\/\\\/www.interflora.se\\\/inspiration\\\/author\\\/admin\\\/\"}]}<\/script>\n<!-- \/ Yoast SEO plugin. -->","yoast_head_json":{"title":"Stj\u00e4rnflocka - Astrantia - Fakta & Sk\u00f6tselr\u00e5d | Interflora","robots":{"index":"index","follow":"follow","max-snippet":"max-snippet:-1","max-image-preview":"max-image-preview:large","max-video-preview":"max-video-preview:-1"},"canonical":"https:\/\/www.interflora.se\/inspiration\/blomfakta-astrantia\/","og_locale":"sv_SE","og_type":"article","og_title":"Stj\u00e4rnflocka - Astrantia - Fakta & Sk\u00f6tselr\u00e5d | Interflora","og_description":"Astrantia \u00e4r en skir och mjuk blomma. Den skriker inte efter uppm\u00e4rksamhet utan b\u00e4r snarare p\u00e5 en dold sk\u00f6nhet. N\u00e4r [&hellip;]","og_url":"https:\/\/www.interflora.se\/inspiration\/blomfakta-astrantia\/","og_site_name":"Inspiration om blommor, krukv\u00e4xter &amp; trender | Interflora","article_publisher":"https:\/\/www.facebook.com\/InterfloraAB","article_published_time":"2023-08-30T17:12:56+00:00","article_modified_time":"2025-03-26T13:41:45+00:00","og_image":[{"width":750,"height":500,"url":"https:\/\/www.interflora.se\/inspiration\/wp-content\/uploads\/2023\/08\/image-13.png","type":"image\/png"}],"author":"admin","twitter_card":"summary_large_image","twitter_misc":{"Skriven av":"admin","Ber\u00e4knad l\u00e4stid":"1 minut"},"schema":{"@context":"https:\/\/schema.org","@graph":[{"@type":"Article","@id":"https:\/\/www.interflora.se\/inspiration\/blomfakta-astrantia\/#article","isPartOf":{"@id":"https:\/\/www.interflora.se\/inspiration\/blomfakta-astrantia\/"},"author":{"name":"admin","@id":"https:\/\/www.interflora.se\/inspiration\/#\/schema\/person\/dbbd1ad45e05409c356dc639597669f2"},"headline":"Stj\u00e4rnflocka &#8211; Astrantia &#8211; Fakta &#038; Sk\u00f6tselr\u00e5d","datePublished":"2023-08-30T17:12:56+00:00","dateModified":"2025-03-26T13:41:45+00:00","mainEntityOfPage":{"@id":"https:\/\/www.interflora.se\/inspiration\/blomfakta-astrantia\/"},"wordCount":220,"commentCount":0,"publisher":{"@id":"https:\/\/www.interflora.se\/inspiration\/#organization"},"image":{"@id":"https:\/\/www.interflora.se\/inspiration\/blomfakta-astrantia\/#primaryimage"},"thumbnailUrl":"https:\/\/www.interflora.se\/inspiration\/wp-content\/uploads\/2023\/08\/image-13.png","articleSection":["Blomfakta &amp; sk\u00f6tselr\u00e5d"],"inLanguage":"sv-SE","potentialAction":[{"@type":"CommentAction","name":"Comment","target":["https:\/\/www.interflora.se\/inspiration\/blomfakta-astrantia\/#respond"]}]},{"@type":"WebPage","@id":"https:\/\/www.interflora.se\/inspiration\/blomfakta-astrantia\/","url":"https:\/\/www.interflora.se\/inspiration\/blomfakta-astrantia\/","name":"Stj\u00e4rnflocka - Astrantia - Fakta & Sk\u00f6tselr\u00e5d | Interflora","isPartOf":{"@id":"https:\/\/www.interflora.se\/inspiration\/#website"},"primaryImageOfPage":{"@id":"https:\/\/www.interflora.se\/inspiration\/blomfakta-astrantia\/#primaryimage"},"image":{"@id":"https:\/\/www.interflora.se\/inspiration\/blomfakta-astrantia\/#primaryimage"},"thumbnailUrl":"https:\/\/www.interflora.se\/inspiration\/wp-content\/uploads\/2023\/08\/image-13.png","datePublished":"2023-08-30T17:12:56+00:00","dateModified":"2025-03-26T13:41:45+00:00","breadcrumb":{"@id":"https:\/\/www.interflora.se\/inspiration\/blomfakta-astrantia\/#breadcrumb"},"inLanguage":"sv-SE","potentialAction":[{"@type":"ReadAction","target":["https:\/\/www.interflora.se\/inspiration\/blomfakta-astrantia\/"]}]},{"@type":"ImageObject","inLanguage":"sv-SE","@id":"https:\/\/www.interflora.se\/inspiration\/blomfakta-astrantia\/#primaryimage","url":"https:\/\/www.interflora.se\/inspiration\/wp-content\/uploads\/2023\/08\/image-13.png","contentUrl":"https:\/\/www.interflora.se\/inspiration\/wp-content\/uploads\/2023\/08\/image-13.png","width":750,"height":500},{"@type":"BreadcrumbList","@id":"https:\/\/www.interflora.se\/inspiration\/blomfakta-astrantia\/#breadcrumb","itemListElement":[{"@type":"ListItem","position":1,"name":"Home","item":"https:\/\/www.interflora.se\/inspiration\/"},{"@type":"ListItem","position":2,"name":"Stj\u00e4rnflocka &#8211; Astrantia &#8211; Fakta &#038; Sk\u00f6tselr\u00e5d"}]},{"@type":"WebSite","@id":"https:\/\/www.interflora.se\/inspiration\/#website","url":"https:\/\/www.interflora.se\/inspiration\/","name":"Interflora","description":"","publisher":{"@id":"https:\/\/www.interflora.se\/inspiration\/#organization"},"potentialAction":[{"@type":"SearchAction","target":{"@type":"EntryPoint","urlTemplate":"https:\/\/www.interflora.se\/inspiration\/?s={search_term_string}"},"query-input":{"@type":"PropertyValueSpecification","valueRequired":true,"valueName":"search_term_string"}}],"inLanguage":"sv-SE"},{"@type":"Organization","@id":"https:\/\/www.interflora.se\/inspiration\/#organization","name":"Interflora","url":"https:\/\/www.interflora.se\/inspiration\/","logo":{"@type":"ImageObject","inLanguage":"sv-SE","@id":"https:\/\/www.interflora.se\/inspiration\/#\/schema\/logo\/image\/","url":"https:\/\/www.interflora.se\/inspiration\/wp-content\/uploads\/2025\/09\/cropped-220422_INTERFLORA_Logo_rgb_Half_Top_Circle_Main_Color.avif","contentUrl":"https:\/\/www.interflora.se\/inspiration\/wp-content\/uploads\/2025\/09\/cropped-220422_INTERFLORA_Logo_rgb_Half_Top_Circle_Main_Color.avif","width":1418,"height":662,"caption":"Interflora"},"image":{"@id":"https:\/\/www.interflora.se\/inspiration\/#\/schema\/logo\/image\/"},"sameAs":["https:\/\/www.facebook.com\/InterfloraAB","https:\/\/www.instagram.com\/interflora_ab\/","https:\/\/www.linkedin.com\/company\/1494362","https:\/\/www.youtube.com\/channel\/UCZgDzGWB2VRxaoWFUmXnk1w"]},{"@type":"Person","@id":"https:\/\/www.interflora.se\/inspiration\/#\/schema\/person\/dbbd1ad45e05409c356dc639597669f2","name":"admin","image":{"@type":"ImageObject","inLanguage":"sv-SE","@id":"https:\/\/www.interflora.se\/inspiration\/wp-content\/litespeed\/avatar\/1fe3cced9e67df62d0a6f995d75823a5.jpg?ver=1777362393","url":"https:\/\/www.interflora.se\/inspiration\/wp-content\/litespeed\/avatar\/1fe3cced9e67df62d0a6f995d75823a5.jpg?ver=1777362393","contentUrl":"https:\/\/www.interflora.se\/inspiration\/wp-content\/litespeed\/avatar\/1fe3cced9e67df62d0a6f995d75823a5.jpg?ver=1777362393","caption":"admin"},"sameAs":["https:\/\/www.interflora.se\/inspiration"],"url":"https:\/\/www.interflora.se\/inspiration\/author\/admin\/"}]}},"uagb_featured_image_src":{"full":["https:\/\/www.interflora.se\/inspiration\/wp-content\/uploads\/2023\/08\/image-13.png",750,500,false],"thumbnail":["https:\/\/www.interflora.se\/inspiration\/wp-content\/uploads\/2023\/08\/image-13-150x150.png",150,150,true],"medium":["https:\/\/www.interflora.se\/inspiration\/wp-content\/uploads\/2023\/08\/image-13-300x200.png",300,200,true],"medium_large":["https:\/\/www.interflora.se\/inspiration\/wp-content\/uploads\/2023\/08\/image-13.png",750,500,false],"large":["https:\/\/www.interflora.se\/inspiration\/wp-content\/uploads\/2023\/08\/image-13.png",750,500,false],"1536x1536":["https:\/\/www.interflora.se\/inspiration\/wp-content\/uploads\/2023\/08\/image-13.png",750,500,false],"2048x2048":["https:\/\/www.interflora.se\/inspiration\/wp-content\/uploads\/2023\/08\/image-13.png",750,500,false]},"uagb_author_info":{"display_name":"admin","author_link":"https:\/\/www.interflora.se\/inspiration\/author\/admin\/"},"uagb_comment_info":1,"uagb_excerpt":"Astrantia \u00e4r en skir och mjuk blomma. Den skriker inte efter uppm\u00e4rksamhet utan b\u00e4r snarare p\u00e5 en dold sk\u00f6nhet. N\u00e4r [&hellip;]","_links":{"self":[{"href":"https:\/\/www.interflora.se\/inspiration\/wp-json\/wp\/v2\/posts\/101","targetHints":{"allow":["GET"]}}],"collection":[{"href":"https:\/\/www.interflora.se\/inspiration\/wp-json\/wp\/v2\/posts"}],"about":[{"href":"https:\/\/www.interflora.se\/inspiration\/wp-json\/wp\/v2\/types\/post"}],"author":[{"embeddable":true,"href":"https:\/\/www.interflora.se\/inspiration\/wp-json\/wp\/v2\/users\/1"}],"replies":[{"embeddable":true,"href":"https:\/\/www.interflora.se\/inspiration\/wp-json\/wp\/v2\/comments?post=101"}],"version-history":[{"count":2,"href":"https:\/\/www.interflora.se\/inspiration\/wp-json\/wp\/v2\/posts\/101\/revisions"}],"predecessor-version":[{"id":2032,"href":"https:\/\/www.interflora.se\/inspiration\/wp-json\/wp\/v2\/posts\/101\/revisions\/2032"}],"wp:featuredmedia":[{"embeddable":true,"href":"https:\/\/www.interflora.se\/inspiration\/wp-json\/wp\/v2\/media\/2031"}],"wp:attachment":[{"href":"https:\/\/www.interflora.se\/inspiration\/wp-json\/wp\/v2\/media?parent=101"}],"wp:term":[{"taxonomy":"category","embeddable":true,"href":"https:\/\/www.interflora.se\/inspiration\/wp-json\/wp\/v2\/categories?post=101"},{"taxonomy":"post_tag","embeddable":true,"href":"https:\/\/www.interflora.se\/inspiration\/wp-json\/wp\/v2\/tags?post=101"}],"curies":[{"name":"wp","href":"https:\/\/api.w.org\/{rel}","templated":true}]}}